{"id":167940,"date":"2024-06-28T09:47:35","date_gmt":"2024-06-28T13:47:35","guid":{"rendered":"https:\/\/news.canadamotorjobs.com\/?p=167940"},"modified":"2024-06-28T09:59:53","modified_gmt":"2024-06-28T13:59:53","slug":"mercedes-investit-20-milliards-dans-des-moteurs-a-combustion-plus-propre","status":"publish","type":"post","link":"https:\/\/news.canadamotorjobs.com\/fr\/mercedes-investit-20-milliards-dans-des-moteurs-a-combustion-plus-propre\/","title":{"rendered":"Mercedes Investit 20 milliards dans des moteurs \u00e0 combustion plus propre"},"content":{"rendered":"<\/p>\n<p><em>Apr\u00e8s avoir admis que ses objectifs d&#8217;\u00e9lectrification \u00e9taient trop ambitieux, Mercedes investit maintenant des sommes colossales dans les moteurs \u00e0 combustion.<\/em><\/p>\n<p>Dans une interview accord\u00e9e \u00e0 la publication allemande Wirtschaftswoche, le PDG de Mercedes, Ola K\u00e4llenius, a d\u00e9clar\u00e9 que la technologie des moteurs \u00e0 combustion interne &#8220;durerait bien jusqu&#8217;aux ann\u00e9es 2030&#8221;. Afin de garantir que les moteurs \u00e0 essence respectent des r\u00e9glementations de plus en plus strictes, des investissements massifs sont n\u00e9cessaires.<\/p>\n<p>Cette ann\u00e9e seulement, l&#8217;\u00e9toile \u00e0 trois branches d\u00e9pense 14 milliards d&#8217;euros (environ 15 milliards de dollars au taux de change actuel) pour sa division de voitures particuli\u00e8res. Les fonds sont r\u00e9serv\u00e9s \u00e0 la &#8220;technologie de combustion de haute technologie&#8221;, mais aussi \u00e0 l&#8217;\u00e9lectrification et \u00e0 la num\u00e9risation. Bien que le dirigeant germano-su\u00e9dois n&#8217;ait pas pr\u00e9cis\u00e9 combien Mercedes d\u00e9pense pour les moteurs \u00e0 combustion, il a admis que c&#8217;\u00e9tait &#8220;plus d&#8217;argent que pr\u00e9vu&#8221;.<\/p>\n<h3>Investissements pour les moteurs de la Classe S<\/h3>\n<p>\nK\u00e4llenius a \u00e9voqu\u00e9 la Classe S et la mise \u00e0 jour pr\u00e9vue du mod\u00e8le pour 2026 : &#8220;Nous avons investi beaucoup plus dans la mise \u00e0 jour de la nouvelle Classe S \u00e0 moteur \u00e0 combustion que nous ne le faisons habituellement pour un lifting.&#8221; L&#8217;objectif de Mercedes est de porter ses groupes motopropulseurs conventionnels &#8220;au plus haut niveau technologique&#8221;. Sans ces investissements massifs dans les moteurs \u00e0 essence et diesel, la marque de luxe &#8220;verrait soudainement ses activit\u00e9s de moteurs \u00e0 combustion stagner en 2027 ou 2028.&#8221;<\/p>\n<p>Il faisait r\u00e9f\u00e9rence aux r\u00e9glementations Euro 7 et China 7 et \u00e0 la n\u00e9cessit\u00e9 de mettre \u00e0 jour les moteurs pour qu&#8217;ils fonctionnent de mani\u00e8re plus propre afin de r\u00e9pondre \u00e0 des normes d&#8217;\u00e9missions plus strictes. L&#8217;objectif est que Mercedes modifie tous les &#8220;moteurs \u00e0 combustion et combinaisons de transmissions pertinents&#8221; pour \u00e9viter de payer des amendes massives. K\u00e4llenius a mentionn\u00e9 que les futurs moteurs seraient en partie \u00e9lectrifi\u00e9s, donc attendez-vous \u00e0 voir encore plus d&#8217;hybrides dans la gamme.<\/p>\n<h3>La r\u00e9alit\u00e9 rattrape Mercedes<\/h3>\n<p>\nMercedes sait qu&#8217;elle doit s&#8217;adapter maintenant que la transition vers les v\u00e9hicules \u00e9lectriques ne se d\u00e9roule pas comme pr\u00e9vu. Il y a trois ans, la marque annon\u00e7ait que les voitures hybrides rechargeables et enti\u00e8rement \u00e9lectriques repr\u00e9senteraient environ 50 % des ventes annuelles d&#8217;ici 2025. Cependant, cela est d\u00e9sormais tr\u00e8s improbable. \u00c0 un moment donn\u00e9, l&#8217;entreprise a m\u00eame d\u00e9clar\u00e9 qu&#8217;elle serait enti\u00e8rement \u00e9lectrique d&#8217;ici 2030 dans certains pays &#8220;o\u00f9 les conditions de march\u00e9 le permettent.&#8221;<\/p>\n<p>Apr\u00e8s avoir \u00e9t\u00e9 confront\u00e9e \u00e0 la r\u00e9alit\u00e9, Mercedes n&#8217;a pas d&#8217;autre choix que de r\u00e9ajuster ses objectifs. Elle vise maintenant \u00e0 ce que les hybrides et les voitures \u00e9lectriques repr\u00e9sentent la moiti\u00e9 des livraisons d&#8217;ici la fin de la d\u00e9cennie. L&#8217;objectif ultime de devenir neutre en carbone d&#8217;ici 2040 n&#8217;a pas chang\u00e9, selon K\u00e4llenius.<\/p>\n<p>Il a r\u00e9fut\u00e9 les rumeurs selon lesquelles l&#8217;entreprise annulerait le d\u00e9veloppement d&#8217;une plateforme pour la prochaine g\u00e9n\u00e9ration d&#8217;EQS : &#8220;Le projet avance \u00e0 grande vitesse.&#8221; De plus, Mercedes ne renonce pas \u00e0 ses plans pour les huit gigafactories promises, qui construiront des batteries pour soutenir ses ambitions \u00e9lectriques. Cependant, les installations seront pr\u00eates &#8220;un peu plus tard&#8221; que pr\u00e9vu initialement.<\/p>\n<h3>Collaboration et D\u00e9veloppements Futurs<\/h3>\n<p>\nIl y avait \u00e9galement un rapport int\u00e9ressant plus t\u00f4t cette ann\u00e9e sur le fait que Mercedes testait sa majestueuse voiture \u00e9lectrique EQS avec un moteur \u00e0 combustion pour prolonger l&#8217;autonomie. La grande voiture \u00e9lectrique aurait \u00e9t\u00e9 \u00e9quip\u00e9e d&#8217;un petit moteur deux cylindres turbo de 1,0 litre mont\u00e9 \u00e0 l&#8217;avant. Cependant, les essais auraient \u00e9t\u00e9 arr\u00eat\u00e9s.<\/p>\n<p>Mercedes a \u00e9galement conclu un accord avec Geely pour travailler conjointement sur des moteurs hybrides qui seront int\u00e9gr\u00e9s dans les mod\u00e8les Volvo. Le g\u00e9ant automobile chinois a une expertise dans les prolongateurs d&#8217;autonomie, y compris un accord distinct avec Renault. La nouvelle division Horse se sp\u00e9cialise dans les moteurs \u00e0 combustion, y compris ceux d\u00e9velopp\u00e9s comme prolongateurs d&#8217;autonomie.<\/p>\n<p>Avec des renseignements de Motor 1<\/p>\n<p>Le texte <a rel=\"nofollow\" href=\"https:\/\/annuelauto.ca\/mercedes-investit-20-milliards-dans-des-moteurs-a-combustion-plus-propre\/\">Mercedes Investit 20 milliards dans des moteurs \u00e0 combustion plus propre<\/a> provient de <a rel=\"nofollow\" href=\"https:\/\/annuelauto.ca\">L&#8217;annuel de l&#8217;automobile &#8211; Actualit\u00e9 automobile<\/a><\/p>\n<p><\/p>\n","protected":false},"excerpt":{"rendered":"<p>Apr\u00e8s avoir admis que ses objectifs d&#8217;\u00e9lectrification \u00e9taient trop ambitieux, Mercedes investit maintenant des sommes colossales dans les moteurs \u00e0 combustion. Dans une interview accord\u00e9e \u00e0 la publication allemande Wirtschaftswoche, le PDG de Mercedes, Ola K\u00e4llenius, a d\u00e9clar\u00e9 que la technologie des moteurs \u00e0 combustion interne &#8220;durerait bien jusqu&#8217;aux ann\u00e9es 2030&#8221;. Afin de garantir que [&hellip;]<\/p>\n","protected":false},"author":8,"featured_media":167942,"comment_status":"close","ping_status":"closed","sticky":false,"template":"","format":"standard","meta":{"_monsterinsights_skip_tracking":false,"_monsterinsights_sitenote_active":false,"_monsterinsights_sitenote_note":"","_monsterinsights_sitenote_category":0,"footnotes":""},"categories":[101],"tags":[],"yoast_head":"<!-- This site is optimized with the Yoast SEO plugin v23.2 - https:\/\/yoast.com\/wordpress\/plugins\/seo\/ -->\n<title>Mercedes Investit 20 milliards dans des moteurs \u00e0 combustion plus propre - CanadaMotorJobs.com<\/title>\n<meta name=\"description\" content=\"Mercedes Investit 20 milliards dans des moteurs \u00e0 combustion plus propre - Benoit Charette - Annuel automobile - CanadaMotorJobs.com.\" \/>\n<meta name=\"robots\" content=\"index, follow, max-snippet:-1, max-image-preview:large, max-video-preview:-1\" \/>\n<meta property=\"og:locale\" content=\"fr_CA\" \/>\n<meta property=\"og:type\" content=\"article\" \/>\n<meta property=\"og:title\" content=\"Mercedes Investit 20 milliards dans des moteurs \u00e0 combustion plus propre - CanadaMotorJobs.com\" \/>\n<meta property=\"og:description\" content=\"Mercedes Investit 20 milliards dans des moteurs \u00e0 combustion plus propre - Benoit Charette - Annuel automobile - CanadaMotorJobs.com.\" \/>\n<meta property=\"og:url\" content=\"https:\/\/news.canadamotorjobs.com\/fr\/mercedes-investit-20-milliards-dans-des-moteurs-a-combustion-plus-propre\/\" \/>\n<meta property=\"og:site_name\" content=\"CanadaMotorJobs.com\" \/>\n<meta property=\"article:publisher\" content=\"https:\/\/www.facebook.com\/canadamotorjobs\/\" \/>\n<meta property=\"article:published_time\" content=\"2024-06-28T13:47:35+00:00\" \/>\n<meta property=\"article:modified_time\" content=\"2024-06-28T13:59:53+00:00\" \/>\n<meta property=\"og:image\" content=\"https:\/\/news.canadamotorjobs.com\/wp-content\/uploads\/2024\/06\/IMG_6638-1-1024x768-1.jpg\" \/>\n\t<meta property=\"og:image:width\" content=\"1024\" \/>\n\t<meta property=\"og:image:height\" content=\"768\" \/>\n\t<meta property=\"og:image:type\" content=\"image\/jpeg\" \/>\n<meta name=\"author\" content=\"Benoit Charette\" \/>\n<meta name=\"twitter:card\" content=\"summary_large_image\" \/>\n<meta name=\"twitter:creator\" content=\"@canadamotorjobs\" \/>\n<meta name=\"twitter:site\" content=\"@canadamotorjobs\" \/>\n<meta name=\"twitter:label1\" content=\"\u00c9crit par\" \/>\n\t<meta name=\"twitter:data1\" content=\"Benoit Charette\" \/>\n\t<meta name=\"twitter:label2\" content=\"Estimation du temps de lecture\" \/>\n\t<meta name=\"twitter:data2\" content=\"3 minutes\" \/>\n<!-- \/ Yoast SEO plugin. -->","yoast_head_json":{"title":"Mercedes Investit 20 milliards dans des moteurs \u00e0 combustion plus propre - CanadaMotorJobs.com","description":"Mercedes Investit 20 milliards dans des moteurs \u00e0 combustion plus propre - Benoit Charette - Annuel automobile - CanadaMotorJobs.com.","robots":{"index":"index","follow":"follow","max-snippet":"max-snippet:-1","max-image-preview":"max-image-preview:large","max-video-preview":"max-video-preview:-1"},"og_locale":"fr_CA","og_type":"article","og_title":"Mercedes Investit 20 milliards dans des moteurs \u00e0 combustion plus propre - CanadaMotorJobs.com","og_description":"Mercedes Investit 20 milliards dans des moteurs \u00e0 combustion plus propre - Benoit Charette - Annuel automobile - CanadaMotorJobs.com.","og_url":"https:\/\/news.canadamotorjobs.com\/fr\/mercedes-investit-20-milliards-dans-des-moteurs-a-combustion-plus-propre\/","og_site_name":"CanadaMotorJobs.com","article_publisher":"https:\/\/www.facebook.com\/canadamotorjobs\/","article_published_time":"2024-06-28T13:47:35+00:00","article_modified_time":"2024-06-28T13:59:53+00:00","og_image":[{"width":1024,"height":768,"url":"https:\/\/news.canadamotorjobs.com\/wp-content\/uploads\/2024\/06\/IMG_6638-1-1024x768-1.jpg","type":"image\/jpeg"}],"author":"Benoit Charette","twitter_card":"summary_large_image","twitter_creator":"@canadamotorjobs","twitter_site":"@canadamotorjobs","twitter_misc":{"\u00c9crit par":"Benoit Charette","Estimation du temps de lecture":"3 minutes"},"schema":{"@context":"https:\/\/schema.org","@graph":[{"@type":"Article","@id":"https:\/\/news.canadamotorjobs.com\/fr\/mercedes-investit-20-milliards-dans-des-moteurs-a-combustion-plus-propre\/#article","isPartOf":{"@id":"https:\/\/news.canadamotorjobs.com\/fr\/mercedes-investit-20-milliards-dans-des-moteurs-a-combustion-plus-propre\/"},"author":{"name":"Benoit Charette","@id":"https:\/\/news.canadamotorjobs.com\/#\/schema\/person\/51793d1f87d44011d7bcc2ed99269a90"},"headline":"Mercedes Investit 20 milliards dans des moteurs \u00e0 combustion plus propre","datePublished":"2024-06-28T13:47:35+00:00","dateModified":"2024-06-28T13:59:53+00:00","mainEntityOfPage":{"@id":"https:\/\/news.canadamotorjobs.com\/fr\/mercedes-investit-20-milliards-dans-des-moteurs-a-combustion-plus-propre\/"},"wordCount":720,"publisher":{"@id":"https:\/\/news.canadamotorjobs.com\/#organization"},"image":{"@id":"https:\/\/news.canadamotorjobs.com\/fr\/mercedes-investit-20-milliards-dans-des-moteurs-a-combustion-plus-propre\/#primaryimage"},"thumbnailUrl":"https:\/\/news.canadamotorjobs.com\/wp-content\/uploads\/2024\/06\/IMG_6638-1-1024x768-1.jpg","articleSection":["Annuel automobile"],"inLanguage":"fr-CA"},{"@type":"WebPage","@id":"https:\/\/news.canadamotorjobs.com\/fr\/mercedes-investit-20-milliards-dans-des-moteurs-a-combustion-plus-propre\/","url":"https:\/\/news.canadamotorjobs.com\/fr\/mercedes-investit-20-milliards-dans-des-moteurs-a-combustion-plus-propre\/","name":"Mercedes Investit 20 milliards dans des moteurs \u00e0 combustion plus propre - CanadaMotorJobs.com","isPartOf":{"@id":"https:\/\/news.canadamotorjobs.com\/#website"},"primaryImageOfPage":{"@id":"https:\/\/news.canadamotorjobs.com\/fr\/mercedes-investit-20-milliards-dans-des-moteurs-a-combustion-plus-propre\/#primaryimage"},"image":{"@id":"https:\/\/news.canadamotorjobs.com\/fr\/mercedes-investit-20-milliards-dans-des-moteurs-a-combustion-plus-propre\/#primaryimage"},"thumbnailUrl":"https:\/\/news.canadamotorjobs.com\/wp-content\/uploads\/2024\/06\/IMG_6638-1-1024x768-1.jpg","datePublished":"2024-06-28T13:47:35+00:00","dateModified":"2024-06-28T13:59:53+00:00","description":"Mercedes Investit 20 milliards dans des moteurs \u00e0 combustion plus propre - Benoit Charette - Annuel automobile - CanadaMotorJobs.com.","breadcrumb":{"@id":"https:\/\/news.canadamotorjobs.com\/fr\/mercedes-investit-20-milliards-dans-des-moteurs-a-combustion-plus-propre\/#breadcrumb"},"inLanguage":"fr-CA","potentialAction":[{"@type":"ReadAction","target":["https:\/\/news.canadamotorjobs.com\/fr\/mercedes-investit-20-milliards-dans-des-moteurs-a-combustion-plus-propre\/"]}]},{"@type":"ImageObject","inLanguage":"fr-CA","@id":"https:\/\/news.canadamotorjobs.com\/fr\/mercedes-investit-20-milliards-dans-des-moteurs-a-combustion-plus-propre\/#primaryimage","url":"https:\/\/news.canadamotorjobs.com\/wp-content\/uploads\/2024\/06\/IMG_6638-1-1024x768-1.jpg","contentUrl":"https:\/\/news.canadamotorjobs.com\/wp-content\/uploads\/2024\/06\/IMG_6638-1-1024x768-1.jpg","width":1024,"height":768},{"@type":"BreadcrumbList","@id":"https:\/\/news.canadamotorjobs.com\/fr\/mercedes-investit-20-milliards-dans-des-moteurs-a-combustion-plus-propre\/#breadcrumb","itemListElement":[{"@type":"ListItem","position":1,"name":"Home","item":"https:\/\/news.canadamotorjobs.com\/fr\/blog\/"},{"@type":"ListItem","position":2,"name":"Mercedes Investit 20 milliards dans des moteurs \u00e0 combustion plus propre"}]},{"@type":"WebSite","@id":"https:\/\/news.canadamotorjobs.com\/#website","url":"https:\/\/news.canadamotorjobs.com\/","name":"CanadaMotorJobs.com","description":"Automotive Jobs","publisher":{"@id":"https:\/\/news.canadamotorjobs.com\/#organization"},"potentialAction":[{"@type":"SearchAction","target":{"@type":"EntryPoint","urlTemplate":"https:\/\/news.canadamotorjobs.com\/?s={search_term_string}"},"query-input":"required name=search_term_string"}],"inLanguage":"fr-CA"},{"@type":"Organization","@id":"https:\/\/news.canadamotorjobs.com\/#organization","name":"Canada Motor Jobs","url":"https:\/\/news.canadamotorjobs.com\/","logo":{"@type":"ImageObject","inLanguage":"fr-CA","@id":"https:\/\/news.canadamotorjobs.com\/#\/schema\/logo\/image\/","url":"https:\/\/news.canadamotorjobs.com\/wp-content\/uploads\/2022\/10\/logo-canada-motor-jobs-1.png","contentUrl":"https:\/\/news.canadamotorjobs.com\/wp-content\/uploads\/2022\/10\/logo-canada-motor-jobs-1.png","width":800,"height":400,"caption":"Canada Motor Jobs"},"image":{"@id":"https:\/\/news.canadamotorjobs.com\/#\/schema\/logo\/image\/"},"sameAs":["https:\/\/www.facebook.com\/canadamotorjobs\/","https:\/\/x.com\/canadamotorjobs","https:\/\/www.instagram.com\/canadamotorjobs\/","https:\/\/www.linkedin.com\/company\/canadamotorjobs"]},{"@type":"Person","@id":"https:\/\/news.canadamotorjobs.com\/#\/schema\/person\/51793d1f87d44011d7bcc2ed99269a90","name":"Benoit Charette","image":{"@type":"ImageObject","inLanguage":"fr-CA","@id":"https:\/\/news.canadamotorjobs.com\/#\/schema\/person\/image\/","url":"https:\/\/secure.gravatar.com\/avatar\/45f3d2eebcccd909668d7ce7ea7267b6?s=96&d=mm&r=g","contentUrl":"https:\/\/secure.gravatar.com\/avatar\/45f3d2eebcccd909668d7ce7ea7267b6?s=96&d=mm&r=g","caption":"Benoit Charette"},"description":"Benoit Charette \/ Propri\u00e9taire et r\u00e9dacteur en chef Benoit Charette pratique le journalisme automobile depuis bient\u00f4t 30 ans. Il a fait ses classes au c\u00f4t\u00e9 de Daniel H\u00e9raud et au Carnet de route de 1992 \u00e0 2001. Il est fondateur, copropri\u00e9taire et r\u00e9dacteur en chef de L\u2019Annuel de l\u2019automobile, qu\u2019il publie depuis 2001. Il a anim\u00e9 les \u00e9missions RPM et RPM+ sur V et les L\u00e9gendes de la route sur Historia. \u00c0 la radio depuis 1986, il reprend l\u2019antenne cette ann\u00e9e sur les ondes de Cogeco et participe pour la deuxi\u00e8me ann\u00e9e \u00e0 l\u2019\u00e9mission Passion Auto sur RDS en plus de mettre en ligne le site Web officiel de L\u2019Annuel de l\u2019automobile sur annuelauto.ca.","sameAs":["https:\/\/annuelauto.ca\/"],"url":"https:\/\/news.canadamotorjobs.com\/fr\/author\/benoit-charette\/"}]}},"_links":{"self":[{"href":"https:\/\/news.canadamotorjobs.com\/fr\/wp-json\/wp\/v2\/posts\/167940"}],"collection":[{"href":"https:\/\/news.canadamotorjobs.com\/fr\/wp-json\/wp\/v2\/posts"}],"about":[{"href":"https:\/\/news.canadamotorjobs.com\/fr\/wp-json\/wp\/v2\/types\/post"}],"author":[{"embeddable":true,"href":"https:\/\/news.canadamotorjobs.com\/fr\/wp-json\/wp\/v2\/users\/8"}],"replies":[{"embeddable":true,"href":"https:\/\/news.canadamotorjobs.com\/fr\/wp-json\/wp\/v2\/comments?post=167940"}],"version-history":[{"count":2,"href":"https:\/\/news.canadamotorjobs.com\/fr\/wp-json\/wp\/v2\/posts\/167940\/revisions"}],"predecessor-version":[{"id":167944,"href":"https:\/\/news.canadamotorjobs.com\/fr\/wp-json\/wp\/v2\/posts\/167940\/revisions\/167944"}],"wp:featuredmedia":[{"embeddable":true,"href":"https:\/\/news.canadamotorjobs.com\/fr\/wp-json\/wp\/v2\/media\/167942"}],"wp:attachment":[{"href":"https:\/\/news.canadamotorjobs.com\/fr\/wp-json\/wp\/v2\/media?parent=167940"}],"wp:term":[{"taxonomy":"category","embeddable":true,"href":"https:\/\/news.canadamotorjobs.com\/fr\/wp-json\/wp\/v2\/categories?post=167940"},{"taxonomy":"post_tag","embeddable":true,"href":"https:\/\/news.canadamotorjobs.com\/fr\/wp-json\/wp\/v2\/tags?post=167940"}],"curies":[{"name":"wp","href":"https:\/\/api.w.org\/{rel}","templated":true}]}}