{"id":167921,"date":"2024-06-28T09:28:07","date_gmt":"2024-06-28T13:28:07","guid":{"rendered":"https:\/\/news.canadamotorjobs.com\/?p=167921"},"modified":"2024-06-28T09:28:51","modified_gmt":"2024-06-28T13:28:51","slug":"les-vehicules-electriques-performent-mal-dans-lenquete-de-qualite-de-j-d-power","status":"publish","type":"post","link":"https:\/\/news.canadamotorjobs.com\/fr\/les-vehicules-electriques-performent-mal-dans-lenquete-de-qualite-de-j-d-power\/","title":{"rendered":"Les v\u00e9hicules \u00e9lectriques performent mal dans l\u2019enqu\u00eate de qualit\u00e9 de J.D. Power"},"content":{"rendered":"<\/p>\n<p>Une des affirmations populaires parmi les partisans des v\u00e9hicules \u00e9lectriques (VES) est qu&#8217;ils n\u00e9cessitent moins d&#8217;entretien et sont moins chers \u00e0 utiliser que les v\u00e9hicules \u00e0 essence. Cependant, l&#8217;\u00e9tude de qualit\u00e9 initiale 2024 de J.D. Power sugg\u00e8re que ce n&#8217;est peut-\u00eatre pas le cas, car les propri\u00e9taires de VES signalent bien plus de probl\u00e8mes que leurs homologues poss\u00e9dant des v\u00e9hicules \u00e0 essence.<\/p>\n<h3><strong>Comparaison des probl\u00e8mes signal\u00e9s <\/strong><\/h3>\n<p>\nL&#8217;organisation \u00e9value les v\u00e9hicules en fonction du nombre de probl\u00e8mes par 100 unit\u00e9s (PP100). Cette ann\u00e9e, la 38e ann\u00e9e de l&#8217;\u00e9tude, les v\u00e9hicules \u00e0 essence et diesel ont enregistr\u00e9 en moyenne 180 PP100, contre 266 PP100 pour les VE et les v\u00e9hicules hybrides rechargeables (PHEV). J.D. Power a not\u00e9 que m\u00eame Tesla, le g\u00e9ant des VE, n&#8217;a pas bien perform\u00e9 cette ann\u00e9e, ses clients signalant des probl\u00e8mes avec des commandes de clignotants et d&#8217;essuie-glaces peu conventionnelles.<\/p>\n<h3><strong>Les marques en t\u00eate du classement <\/strong><\/h3>\n<p>\nRam a \u00e9t\u00e9 la meilleure marque globale en termes de qualit\u00e9 initiale, tandis que Porsche a \u00e9t\u00e9 la meilleure marque de luxe.<\/p>\n<h3><strong>Technologies avanc\u00e9es et probl\u00e8mes de possession <\/strong><\/h3>\n<p>\nLes v\u00e9hicules \u00e9lectriques poss\u00e8dent souvent plus de fonctionnalit\u00e9s technologiques avanc\u00e9es que les mod\u00e8les \u00e0 essence, ce qui peut compliquer l&#8217;exp\u00e9rience de possession initiale. Les VE ont signal\u00e9 beaucoup plus de probl\u00e8mes li\u00e9s aux technologies embarqu\u00e9es que les v\u00e9hicules \u00e0 essence comparables, avec 30 % de probl\u00e8mes suppl\u00e9mentaires pour des \u00e9l\u00e9ments tels que les commandes, les syst\u00e8mes d&#8217;infodivertissement, et plus encore.<\/p>\n<h3><strong>Probl\u00e8mes communs aux v\u00e9hicules \u00e0 essence et \u00e9lectriques <\/strong><\/h3>\n<p>\nD&#8217;autres probl\u00e8mes ont affect\u00e9 \u00e0 la fois les propri\u00e9taires de v\u00e9hicules \u00e0 essence et \u00e9lectriques. Les syst\u00e8mes avanc\u00e9s d&#8217;assistance \u00e0 la conduite (ADAS) peuvent d\u00e9clencher de fausses alertes, irritant les conducteurs et provoquant un stress inutile. Les rappels pour v\u00e9rifier les si\u00e8ges arri\u00e8re, qui \u00e9mettent une alerte pour v\u00e9rifier la pr\u00e9sence d&#8217;animaux, d&#8217;enfants ou d&#8217;autres objets, ont ajout\u00e9 1,7 PP100 aux scores des v\u00e9hicules dans l&#8217;ensemble de l&#8217;enqu\u00eate, certains propri\u00e9taires ayant signal\u00e9 qu&#8217;ils pensaient que les rappels \u00e9taient li\u00e9s aux ceintures de s\u00e9curit\u00e9, et non aux passagers arri\u00e8re oubli\u00e9s.<\/p>\n<p>De plus, Apple CarPlay et Android Auto, deux des fonctionnalit\u00e9s les plus populaires des nouveaux v\u00e9hicules, figuraient parmi les 10 principaux probl\u00e8mes pour les nouveaux propri\u00e9taires de v\u00e9hicules. Les acheteurs ont d\u00e9clar\u00e9 avoir eu des difficult\u00e9s \u00e0 connecter leurs t\u00e9l\u00e9phones ou \u00e0 les maintenir connect\u00e9s, un probl\u00e8me significatif quand plus de la moiti\u00e9 des utilisateurs d&#8217;Apple et 42 % des utilisateurs de Samsung ont indiqu\u00e9 qu&#8217;ils utilisaient ces technologies.<\/p>\n<h3>Des r\u00e9sultats \u00e0 relativiser pour les v\u00e9hicules \u00e9lectriques<\/h3>\n<p>\nBien que l&#8217;enqu\u00eate montre que les VE ne sont pas exempts de probl\u00e8mes, elle ne doit pas \u00eatre interpr\u00e9t\u00e9e comme une indication que la motorisation \u00e9lectrique est la cause des r\u00e9ponses quelque peu n\u00e9gatives. Les constructeurs bourrent les mod\u00e8les \u00e9lectriques de technologies dernier cri et exag\u00e8rent le design et l&#8217;ergonomie pour les rendre plus futuristes et attrayants, ce qui peut compliquer l&#8217;exp\u00e9rience de possession. La tendance ne montre aucun signe de ralentissement, mais l&#8217;\u00e9tude de J.D. Power indique qu&#8217;il serait peut-\u00eatre sage pour les constructeurs de ralentir un peu.<\/p>\n<p>\u00a0<\/p>\n<p>Avec des renseignements d\u2019Autoblog<\/p>\n<p>Le texte <a rel=\"nofollow\" href=\"https:\/\/annuelauto.ca\/les-vehicules-electriques-performent-mal-dans-lenquete-de-qualite-de-j-d-power\/\">Les v\u00e9hicules \u00e9lectriques performent mal dans l\u2019enqu\u00eate de qualit\u00e9 de J.D. Power<\/a> provient de <a rel=\"nofollow\" href=\"https:\/\/annuelauto.ca\">L&#8217;annuel de l&#8217;automobile &#8211; Actualit\u00e9 automobile<\/a><\/p>\n<p><\/p>\n","protected":false},"excerpt":{"rendered":"<p>Une des affirmations populaires parmi les partisans des v\u00e9hicules \u00e9lectriques (VES) est qu&#8217;ils n\u00e9cessitent moins d&#8217;entretien et sont moins chers \u00e0 utiliser que les v\u00e9hicules \u00e0 essence. Cependant, l&#8217;\u00e9tude de qualit\u00e9 initiale 2024 de J.D. Power sugg\u00e8re que ce n&#8217;est peut-\u00eatre pas le cas, car les propri\u00e9taires de VES signalent bien plus de probl\u00e8mes que [&hellip;]<\/p>\n","protected":false},"author":8,"featured_media":167923,"comment_status":"close","ping_status":"closed","sticky":false,"template":"","format":"standard","meta":{"_monsterinsights_skip_tracking":false,"_monsterinsights_sitenote_active":false,"_monsterinsights_sitenote_note":"","_monsterinsights_sitenote_category":0,"footnotes":""},"categories":[101],"tags":[],"yoast_head":"<!-- This site is optimized with the Yoast SEO plugin v23.2 - https:\/\/yoast.com\/wordpress\/plugins\/seo\/ -->\n<title>Les v\u00e9hicules \u00e9lectriques performent mal dans l\u2019enqu\u00eate de qualit\u00e9 de J.D. Power - CanadaMotorJobs.com<\/title>\n<meta name=\"description\" content=\"Les v\u00e9hicules \u00e9lectriques performent mal dans l\u2019enqu\u00eate de qualit\u00e9 de J.D. Power - Benoit Charette - Annuel automobile - CanadaMotorJobs.com.\" \/>\n<meta name=\"robots\" content=\"index, follow, max-snippet:-1, max-image-preview:large, max-video-preview:-1\" \/>\n<meta property=\"og:locale\" content=\"fr_CA\" \/>\n<meta property=\"og:type\" content=\"article\" \/>\n<meta property=\"og:title\" content=\"Les v\u00e9hicules \u00e9lectriques performent mal dans l\u2019enqu\u00eate de qualit\u00e9 de J.D. Power - CanadaMotorJobs.com\" \/>\n<meta property=\"og:description\" content=\"Les v\u00e9hicules \u00e9lectriques performent mal dans l\u2019enqu\u00eate de qualit\u00e9 de J.D. Power - Benoit Charette - Annuel automobile - CanadaMotorJobs.com.\" \/>\n<meta property=\"og:url\" content=\"https:\/\/news.canadamotorjobs.com\/fr\/les-vehicules-electriques-performent-mal-dans-lenquete-de-qualite-de-j-d-power\/\" \/>\n<meta property=\"og:site_name\" content=\"CanadaMotorJobs.com\" \/>\n<meta property=\"article:publisher\" content=\"https:\/\/www.facebook.com\/canadamotorjobs\/\" \/>\n<meta property=\"article:published_time\" content=\"2024-06-28T13:28:07+00:00\" \/>\n<meta property=\"article:modified_time\" content=\"2024-06-28T13:28:51+00:00\" \/>\n<meta property=\"og:image\" content=\"https:\/\/news.canadamotorjobs.com\/wp-content\/uploads\/2024\/06\/gallery_img4.jpg\" \/>\n\t<meta property=\"og:image:width\" content=\"860\" \/>\n\t<meta property=\"og:image:height\" content=\"430\" \/>\n\t<meta property=\"og:image:type\" content=\"image\/jpeg\" \/>\n<meta name=\"author\" content=\"Benoit Charette\" \/>\n<meta name=\"twitter:card\" content=\"summary_large_image\" \/>\n<meta name=\"twitter:creator\" content=\"@canadamotorjobs\" \/>\n<meta name=\"twitter:site\" content=\"@canadamotorjobs\" \/>\n<meta name=\"twitter:label1\" content=\"\u00c9crit par\" \/>\n\t<meta name=\"twitter:data1\" content=\"Benoit Charette\" \/>\n\t<meta name=\"twitter:label2\" content=\"Estimation du temps de lecture\" \/>\n\t<meta name=\"twitter:data2\" content=\"3 minutes\" \/>\n<!-- \/ Yoast SEO plugin. -->","yoast_head_json":{"title":"Les v\u00e9hicules \u00e9lectriques performent mal dans l\u2019enqu\u00eate de qualit\u00e9 de J.D. Power - CanadaMotorJobs.com","description":"Les v\u00e9hicules \u00e9lectriques performent mal dans l\u2019enqu\u00eate de qualit\u00e9 de J.D. Power - Benoit Charette - Annuel automobile - CanadaMotorJobs.com.","robots":{"index":"index","follow":"follow","max-snippet":"max-snippet:-1","max-image-preview":"max-image-preview:large","max-video-preview":"max-video-preview:-1"},"og_locale":"fr_CA","og_type":"article","og_title":"Les v\u00e9hicules \u00e9lectriques performent mal dans l\u2019enqu\u00eate de qualit\u00e9 de J.D. Power - CanadaMotorJobs.com","og_description":"Les v\u00e9hicules \u00e9lectriques performent mal dans l\u2019enqu\u00eate de qualit\u00e9 de J.D. Power - Benoit Charette - Annuel automobile - CanadaMotorJobs.com.","og_url":"https:\/\/news.canadamotorjobs.com\/fr\/les-vehicules-electriques-performent-mal-dans-lenquete-de-qualite-de-j-d-power\/","og_site_name":"CanadaMotorJobs.com","article_publisher":"https:\/\/www.facebook.com\/canadamotorjobs\/","article_published_time":"2024-06-28T13:28:07+00:00","article_modified_time":"2024-06-28T13:28:51+00:00","og_image":[{"width":860,"height":430,"url":"https:\/\/news.canadamotorjobs.com\/wp-content\/uploads\/2024\/06\/gallery_img4.jpg","type":"image\/jpeg"}],"author":"Benoit Charette","twitter_card":"summary_large_image","twitter_creator":"@canadamotorjobs","twitter_site":"@canadamotorjobs","twitter_misc":{"\u00c9crit par":"Benoit Charette","Estimation du temps de lecture":"3 minutes"},"schema":{"@context":"https:\/\/schema.org","@graph":[{"@type":"Article","@id":"https:\/\/news.canadamotorjobs.com\/fr\/les-vehicules-electriques-performent-mal-dans-lenquete-de-qualite-de-j-d-power\/#article","isPartOf":{"@id":"https:\/\/news.canadamotorjobs.com\/fr\/les-vehicules-electriques-performent-mal-dans-lenquete-de-qualite-de-j-d-power\/"},"author":{"name":"Benoit Charette","@id":"https:\/\/news.canadamotorjobs.com\/#\/schema\/person\/51793d1f87d44011d7bcc2ed99269a90"},"headline":"Les v\u00e9hicules \u00e9lectriques performent mal dans l\u2019enqu\u00eate de qualit\u00e9 de J.D. Power","datePublished":"2024-06-28T13:28:07+00:00","dateModified":"2024-06-28T13:28:51+00:00","mainEntityOfPage":{"@id":"https:\/\/news.canadamotorjobs.com\/fr\/les-vehicules-electriques-performent-mal-dans-lenquete-de-qualite-de-j-d-power\/"},"wordCount":634,"publisher":{"@id":"https:\/\/news.canadamotorjobs.com\/#organization"},"image":{"@id":"https:\/\/news.canadamotorjobs.com\/fr\/les-vehicules-electriques-performent-mal-dans-lenquete-de-qualite-de-j-d-power\/#primaryimage"},"thumbnailUrl":"https:\/\/news.canadamotorjobs.com\/wp-content\/uploads\/2024\/06\/gallery_img4.jpg","articleSection":["Annuel automobile"],"inLanguage":"fr-CA"},{"@type":"WebPage","@id":"https:\/\/news.canadamotorjobs.com\/fr\/les-vehicules-electriques-performent-mal-dans-lenquete-de-qualite-de-j-d-power\/","url":"https:\/\/news.canadamotorjobs.com\/fr\/les-vehicules-electriques-performent-mal-dans-lenquete-de-qualite-de-j-d-power\/","name":"Les v\u00e9hicules \u00e9lectriques performent mal dans l\u2019enqu\u00eate de qualit\u00e9 de J.D. Power - CanadaMotorJobs.com","isPartOf":{"@id":"https:\/\/news.canadamotorjobs.com\/#website"},"primaryImageOfPage":{"@id":"https:\/\/news.canadamotorjobs.com\/fr\/les-vehicules-electriques-performent-mal-dans-lenquete-de-qualite-de-j-d-power\/#primaryimage"},"image":{"@id":"https:\/\/news.canadamotorjobs.com\/fr\/les-vehicules-electriques-performent-mal-dans-lenquete-de-qualite-de-j-d-power\/#primaryimage"},"thumbnailUrl":"https:\/\/news.canadamotorjobs.com\/wp-content\/uploads\/2024\/06\/gallery_img4.jpg","datePublished":"2024-06-28T13:28:07+00:00","dateModified":"2024-06-28T13:28:51+00:00","description":"Les v\u00e9hicules \u00e9lectriques performent mal dans l\u2019enqu\u00eate de qualit\u00e9 de J.D. Power - Benoit Charette - Annuel automobile - CanadaMotorJobs.com.","breadcrumb":{"@id":"https:\/\/news.canadamotorjobs.com\/fr\/les-vehicules-electriques-performent-mal-dans-lenquete-de-qualite-de-j-d-power\/#breadcrumb"},"inLanguage":"fr-CA","potentialAction":[{"@type":"ReadAction","target":["https:\/\/news.canadamotorjobs.com\/fr\/les-vehicules-electriques-performent-mal-dans-lenquete-de-qualite-de-j-d-power\/"]}]},{"@type":"ImageObject","inLanguage":"fr-CA","@id":"https:\/\/news.canadamotorjobs.com\/fr\/les-vehicules-electriques-performent-mal-dans-lenquete-de-qualite-de-j-d-power\/#primaryimage","url":"https:\/\/news.canadamotorjobs.com\/wp-content\/uploads\/2024\/06\/gallery_img4.jpg","contentUrl":"https:\/\/news.canadamotorjobs.com\/wp-content\/uploads\/2024\/06\/gallery_img4.jpg","width":860,"height":430},{"@type":"BreadcrumbList","@id":"https:\/\/news.canadamotorjobs.com\/fr\/les-vehicules-electriques-performent-mal-dans-lenquete-de-qualite-de-j-d-power\/#breadcrumb","itemListElement":[{"@type":"ListItem","position":1,"name":"Home","item":"https:\/\/news.canadamotorjobs.com\/fr\/blog\/"},{"@type":"ListItem","position":2,"name":"Les v\u00e9hicules \u00e9lectriques performent mal dans l\u2019enqu\u00eate de qualit\u00e9 de J.D. Power"}]},{"@type":"WebSite","@id":"https:\/\/news.canadamotorjobs.com\/#website","url":"https:\/\/news.canadamotorjobs.com\/","name":"CanadaMotorJobs.com","description":"Automotive Jobs","publisher":{"@id":"https:\/\/news.canadamotorjobs.com\/#organization"},"potentialAction":[{"@type":"SearchAction","target":{"@type":"EntryPoint","urlTemplate":"https:\/\/news.canadamotorjobs.com\/?s={search_term_string}"},"query-input":"required name=search_term_string"}],"inLanguage":"fr-CA"},{"@type":"Organization","@id":"https:\/\/news.canadamotorjobs.com\/#organization","name":"Canada Motor Jobs","url":"https:\/\/news.canadamotorjobs.com\/","logo":{"@type":"ImageObject","inLanguage":"fr-CA","@id":"https:\/\/news.canadamotorjobs.com\/#\/schema\/logo\/image\/","url":"https:\/\/news.canadamotorjobs.com\/wp-content\/uploads\/2022\/10\/logo-canada-motor-jobs-1.png","contentUrl":"https:\/\/news.canadamotorjobs.com\/wp-content\/uploads\/2022\/10\/logo-canada-motor-jobs-1.png","width":800,"height":400,"caption":"Canada Motor Jobs"},"image":{"@id":"https:\/\/news.canadamotorjobs.com\/#\/schema\/logo\/image\/"},"sameAs":["https:\/\/www.facebook.com\/canadamotorjobs\/","https:\/\/x.com\/canadamotorjobs","https:\/\/www.instagram.com\/canadamotorjobs\/","https:\/\/www.linkedin.com\/company\/canadamotorjobs"]},{"@type":"Person","@id":"https:\/\/news.canadamotorjobs.com\/#\/schema\/person\/51793d1f87d44011d7bcc2ed99269a90","name":"Benoit Charette","image":{"@type":"ImageObject","inLanguage":"fr-CA","@id":"https:\/\/news.canadamotorjobs.com\/#\/schema\/person\/image\/","url":"https:\/\/secure.gravatar.com\/avatar\/45f3d2eebcccd909668d7ce7ea7267b6?s=96&d=mm&r=g","contentUrl":"https:\/\/secure.gravatar.com\/avatar\/45f3d2eebcccd909668d7ce7ea7267b6?s=96&d=mm&r=g","caption":"Benoit Charette"},"description":"Benoit Charette \/ Propri\u00e9taire et r\u00e9dacteur en chef Benoit Charette pratique le journalisme automobile depuis bient\u00f4t 30 ans. Il a fait ses classes au c\u00f4t\u00e9 de Daniel H\u00e9raud et au Carnet de route de 1992 \u00e0 2001. Il est fondateur, copropri\u00e9taire et r\u00e9dacteur en chef de L\u2019Annuel de l\u2019automobile, qu\u2019il publie depuis 2001. Il a anim\u00e9 les \u00e9missions RPM et RPM+ sur V et les L\u00e9gendes de la route sur Historia. \u00c0 la radio depuis 1986, il reprend l\u2019antenne cette ann\u00e9e sur les ondes de Cogeco et participe pour la deuxi\u00e8me ann\u00e9e \u00e0 l\u2019\u00e9mission Passion Auto sur RDS en plus de mettre en ligne le site Web officiel de L\u2019Annuel de l\u2019automobile sur annuelauto.ca.","sameAs":["https:\/\/annuelauto.ca\/"],"url":"https:\/\/news.canadamotorjobs.com\/fr\/author\/benoit-charette\/"}]}},"_links":{"self":[{"href":"https:\/\/news.canadamotorjobs.com\/fr\/wp-json\/wp\/v2\/posts\/167921"}],"collection":[{"href":"https:\/\/news.canadamotorjobs.com\/fr\/wp-json\/wp\/v2\/posts"}],"about":[{"href":"https:\/\/news.canadamotorjobs.com\/fr\/wp-json\/wp\/v2\/types\/post"}],"author":[{"embeddable":true,"href":"https:\/\/news.canadamotorjobs.com\/fr\/wp-json\/wp\/v2\/users\/8"}],"replies":[{"embeddable":true,"href":"https:\/\/news.canadamotorjobs.com\/fr\/wp-json\/wp\/v2\/comments?post=167921"}],"version-history":[{"count":2,"href":"https:\/\/news.canadamotorjobs.com\/fr\/wp-json\/wp\/v2\/posts\/167921\/revisions"}],"predecessor-version":[{"id":167925,"href":"https:\/\/news.canadamotorjobs.com\/fr\/wp-json\/wp\/v2\/posts\/167921\/revisions\/167925"}],"wp:featuredmedia":[{"embeddable":true,"href":"https:\/\/news.canadamotorjobs.com\/fr\/wp-json\/wp\/v2\/media\/167923"}],"wp:attachment":[{"href":"https:\/\/news.canadamotorjobs.com\/fr\/wp-json\/wp\/v2\/media?parent=167921"}],"wp:term":[{"taxonomy":"category","embeddable":true,"href":"https:\/\/news.canadamotorjobs.com\/fr\/wp-json\/wp\/v2\/categories?post=167921"},{"taxonomy":"post_tag","embeddable":true,"href":"https:\/\/news.canadamotorjobs.com\/fr\/wp-json\/wp\/v2\/tags?post=167921"}],"curies":[{"name":"wp","href":"https:\/\/api.w.org\/{rel}","templated":true}]}}