{"id":167840,"date":"2024-06-27T05:43:24","date_gmt":"2024-06-27T09:43:24","guid":{"rendered":"https:\/\/news.canadamotorjobs.com\/?p=167840"},"modified":"2024-06-27T05:44:28","modified_gmt":"2024-06-27T09:44:28","slug":"honda-lance-la-production-de-la-civic-hybride-2025-en-ontario","status":"publish","type":"post","link":"https:\/\/news.canadamotorjobs.com\/fr\/honda-lance-la-production-de-la-civic-hybride-2025-en-ontario\/","title":{"rendered":"Honda lance la production de la Civic Hybride 2025 en Ontario"},"content":{"rendered":"<\/p>\n<h3><strong>Un nouveau chapitre pour Honda au Canada<\/strong><\/h3>\n<p><\/p>\n<h3><strong>Un investissement strat\u00e9gique de 1,38 milliard de dollars<\/strong><\/h3>\n<p><\/p>\n<h3><strong>Objectif : 100 % de v\u00e9hicules \u00e9lectrifi\u00e9s d\u2019ici 2040<\/strong><\/h3>\n<p>\nHonda a officiellement lanc\u00e9 la production de la Civic Hybride 2025 au Canada. C\u2019est la premi\u00e8re fois que ce mod\u00e8le embl\u00e9matique est fabriqu\u00e9 sur le sol canadien, un tournant majeur qui a lieu dans l\u2019usine de Honda situ\u00e9e \u00e0 Alliston, en Ontario.<\/p>\n<p>Cette \u00e9tape importante d\u00e9coule d\u2019un investissement substantiel de 1,38 milliard de dollars, entam\u00e9 par Honda en 2022 pour renforcer ses capacit\u00e9s de production au Canada. D\u00e9sormais, l\u2019usine d\u2019Alliston est devenue le principal site de production en Am\u00e9rique du Nord pour les mod\u00e8les CR-V et Civic Hybride.<\/p>\n<p>Jean Marc Leclerc, pr\u00e9sident et chef de la direction de Honda Canada Inc., a d\u00e9clar\u00e9 : \u00ab Honda of Canada Manufacturing est une belle histoire d&#8217;innovation canadienne qui investit strat\u00e9giquement dans la technologie et ses collaborateurs en vue de l\u2019\u00e9lectrification. Les entreprises comme Honda font face \u00e0 une grande complexit\u00e9 et \u00e0 de nombreux d\u00e9fis alors que nous \u00e9voluons et transformons notre activit\u00e9 vers un avenir \u00e9lectrifi\u00e9. Nous avons d\u00e9j\u00e0 accompli beaucoup, mais il nous reste encore du chemin \u00e0 parcourir pour que les v\u00e9hicules \u00e9lectriques \u00e0 batterie et \u00e0 pile \u00e0 combustible repr\u00e9sentent 100 % de nos ventes de v\u00e9hicules en Am\u00e9rique du Nord d\u2019ici 2040. \u00bb<\/p>\n<p>Les deux lignes de production de Honda Canada Manufacturing \u00e0 Alliston sont d\u00e9sormais capables de fabriquer des v\u00e9hicules hybrides. Honda pr\u00e9voit que la Civic Hybride repr\u00e9sentera 60 % des ventes de la Civic au Canada. Par ailleurs, Honda envisage \u00e9galement la construction d\u2019une usine de batteries pour v\u00e9hicules \u00e9lectriques \u00e0 Alliston, en vue de produire les cellules pour ses futurs v\u00e9hicules \u00e9lectriques.<\/p>\n<p>Avec des renseignements de Motor Illustrated<\/p>\n<p>Le texte <a rel=\"nofollow\" href=\"https:\/\/annuelauto.ca\/honda-lance-la-production-de-la-civic-hybride-2025-en-ontario\/\">Honda lance la production de la Civic Hybride 2025 en Ontario<\/a> provient de <a rel=\"nofollow\" href=\"https:\/\/annuelauto.ca\">L&#8217;annuel de l&#8217;automobile &#8211; Actualit\u00e9 automobile<\/a><\/p>\n<p><\/p>\n","protected":false},"excerpt":{"rendered":"<p>Un nouveau chapitre pour Honda au Canada Un investissement strat\u00e9gique de 1,38 milliard de dollars Objectif : 100 % de v\u00e9hicules \u00e9lectrifi\u00e9s d\u2019ici 2040 Honda a officiellement lanc\u00e9 la production de la Civic Hybride 2025 au Canada. C\u2019est la premi\u00e8re fois que ce mod\u00e8le embl\u00e9matique est fabriqu\u00e9 sur le sol canadien, un tournant majeur qui [&hellip;]<\/p>\n","protected":false},"author":8,"featured_media":167842,"comment_status":"close","ping_status":"closed","sticky":false,"template":"","format":"standard","meta":{"_monsterinsights_skip_tracking":false,"_monsterinsights_sitenote_active":false,"_monsterinsights_sitenote_note":"","_monsterinsights_sitenote_category":0,"footnotes":""},"categories":[101],"tags":[],"yoast_head":"<!-- This site is optimized with the Yoast SEO plugin v23.2 - https:\/\/yoast.com\/wordpress\/plugins\/seo\/ -->\n<title>Honda lance la production de la Civic Hybride 2025 en Ontario - CanadaMotorJobs.com<\/title>\n<meta name=\"description\" content=\"Honda lance la production de la Civic Hybride 2025 en Ontario - Benoit Charette - Annuel automobile - CanadaMotorJobs.com.\" \/>\n<meta name=\"robots\" content=\"index, follow, max-snippet:-1, max-image-preview:large, max-video-preview:-1\" \/>\n<meta property=\"og:locale\" content=\"fr_CA\" \/>\n<meta property=\"og:type\" content=\"article\" \/>\n<meta property=\"og:title\" content=\"Honda lance la production de la Civic Hybride 2025 en Ontario - CanadaMotorJobs.com\" \/>\n<meta property=\"og:description\" content=\"Honda lance la production de la Civic Hybride 2025 en Ontario - Benoit Charette - Annuel automobile - CanadaMotorJobs.com.\" \/>\n<meta property=\"og:url\" content=\"https:\/\/news.canadamotorjobs.com\/fr\/honda-lance-la-production-de-la-civic-hybride-2025-en-ontario\/\" \/>\n<meta property=\"og:site_name\" content=\"CanadaMotorJobs.com\" \/>\n<meta property=\"article:publisher\" content=\"https:\/\/www.facebook.com\/canadamotorjobs\/\" \/>\n<meta property=\"article:published_time\" content=\"2024-06-27T09:43:24+00:00\" \/>\n<meta property=\"article:modified_time\" content=\"2024-06-27T09:44:28+00:00\" \/>\n<meta property=\"og:image\" content=\"https:\/\/news.canadamotorjobs.com\/wp-content\/uploads\/2024\/06\/05-2025-honda-civic-sedan-sport-touring-hybrid1716921340442.jpg\" \/>\n\t<meta property=\"og:image:width\" content=\"1200\" \/>\n\t<meta property=\"og:image:height\" content=\"797\" \/>\n\t<meta property=\"og:image:type\" content=\"image\/jpeg\" \/>\n<meta name=\"author\" content=\"Benoit Charette\" \/>\n<meta name=\"twitter:card\" content=\"summary_large_image\" \/>\n<meta name=\"twitter:creator\" content=\"@canadamotorjobs\" \/>\n<meta name=\"twitter:site\" content=\"@canadamotorjobs\" \/>\n<meta name=\"twitter:label1\" content=\"\u00c9crit par\" \/>\n\t<meta name=\"twitter:data1\" content=\"Benoit Charette\" \/>\n\t<meta name=\"twitter:label2\" content=\"Estimation du temps de lecture\" \/>\n\t<meta name=\"twitter:data2\" content=\"2 minutes\" \/>\n<!-- \/ Yoast SEO plugin. -->","yoast_head_json":{"title":"Honda lance la production de la Civic Hybride 2025 en Ontario - CanadaMotorJobs.com","description":"Honda lance la production de la Civic Hybride 2025 en Ontario - Benoit Charette - Annuel automobile - CanadaMotorJobs.com.","robots":{"index":"index","follow":"follow","max-snippet":"max-snippet:-1","max-image-preview":"max-image-preview:large","max-video-preview":"max-video-preview:-1"},"og_locale":"fr_CA","og_type":"article","og_title":"Honda lance la production de la Civic Hybride 2025 en Ontario - CanadaMotorJobs.com","og_description":"Honda lance la production de la Civic Hybride 2025 en Ontario - Benoit Charette - Annuel automobile - CanadaMotorJobs.com.","og_url":"https:\/\/news.canadamotorjobs.com\/fr\/honda-lance-la-production-de-la-civic-hybride-2025-en-ontario\/","og_site_name":"CanadaMotorJobs.com","article_publisher":"https:\/\/www.facebook.com\/canadamotorjobs\/","article_published_time":"2024-06-27T09:43:24+00:00","article_modified_time":"2024-06-27T09:44:28+00:00","og_image":[{"width":1200,"height":797,"url":"https:\/\/news.canadamotorjobs.com\/wp-content\/uploads\/2024\/06\/05-2025-honda-civic-sedan-sport-touring-hybrid1716921340442.jpg","type":"image\/jpeg"}],"author":"Benoit Charette","twitter_card":"summary_large_image","twitter_creator":"@canadamotorjobs","twitter_site":"@canadamotorjobs","twitter_misc":{"\u00c9crit par":"Benoit Charette","Estimation du temps de lecture":"2 minutes"},"schema":{"@context":"https:\/\/schema.org","@graph":[{"@type":"Article","@id":"https:\/\/news.canadamotorjobs.com\/fr\/honda-lance-la-production-de-la-civic-hybride-2025-en-ontario\/#article","isPartOf":{"@id":"https:\/\/news.canadamotorjobs.com\/fr\/honda-lance-la-production-de-la-civic-hybride-2025-en-ontario\/"},"author":{"name":"Benoit Charette","@id":"https:\/\/news.canadamotorjobs.com\/#\/schema\/person\/51793d1f87d44011d7bcc2ed99269a90"},"headline":"Honda lance la production de la Civic Hybride 2025 en Ontario","datePublished":"2024-06-27T09:43:24+00:00","dateModified":"2024-06-27T09:44:28+00:00","mainEntityOfPage":{"@id":"https:\/\/news.canadamotorjobs.com\/fr\/honda-lance-la-production-de-la-civic-hybride-2025-en-ontario\/"},"wordCount":331,"publisher":{"@id":"https:\/\/news.canadamotorjobs.com\/#organization"},"image":{"@id":"https:\/\/news.canadamotorjobs.com\/fr\/honda-lance-la-production-de-la-civic-hybride-2025-en-ontario\/#primaryimage"},"thumbnailUrl":"https:\/\/news.canadamotorjobs.com\/wp-content\/uploads\/2024\/06\/05-2025-honda-civic-sedan-sport-touring-hybrid1716921340442.jpg","articleSection":["Annuel automobile"],"inLanguage":"fr-CA"},{"@type":"WebPage","@id":"https:\/\/news.canadamotorjobs.com\/fr\/honda-lance-la-production-de-la-civic-hybride-2025-en-ontario\/","url":"https:\/\/news.canadamotorjobs.com\/fr\/honda-lance-la-production-de-la-civic-hybride-2025-en-ontario\/","name":"Honda lance la production de la Civic Hybride 2025 en Ontario - CanadaMotorJobs.com","isPartOf":{"@id":"https:\/\/news.canadamotorjobs.com\/#website"},"primaryImageOfPage":{"@id":"https:\/\/news.canadamotorjobs.com\/fr\/honda-lance-la-production-de-la-civic-hybride-2025-en-ontario\/#primaryimage"},"image":{"@id":"https:\/\/news.canadamotorjobs.com\/fr\/honda-lance-la-production-de-la-civic-hybride-2025-en-ontario\/#primaryimage"},"thumbnailUrl":"https:\/\/news.canadamotorjobs.com\/wp-content\/uploads\/2024\/06\/05-2025-honda-civic-sedan-sport-touring-hybrid1716921340442.jpg","datePublished":"2024-06-27T09:43:24+00:00","dateModified":"2024-06-27T09:44:28+00:00","description":"Honda lance la production de la Civic Hybride 2025 en Ontario - Benoit Charette - Annuel automobile - CanadaMotorJobs.com.","breadcrumb":{"@id":"https:\/\/news.canadamotorjobs.com\/fr\/honda-lance-la-production-de-la-civic-hybride-2025-en-ontario\/#breadcrumb"},"inLanguage":"fr-CA","potentialAction":[{"@type":"ReadAction","target":["https:\/\/news.canadamotorjobs.com\/fr\/honda-lance-la-production-de-la-civic-hybride-2025-en-ontario\/"]}]},{"@type":"ImageObject","inLanguage":"fr-CA","@id":"https:\/\/news.canadamotorjobs.com\/fr\/honda-lance-la-production-de-la-civic-hybride-2025-en-ontario\/#primaryimage","url":"https:\/\/news.canadamotorjobs.com\/wp-content\/uploads\/2024\/06\/05-2025-honda-civic-sedan-sport-touring-hybrid1716921340442.jpg","contentUrl":"https:\/\/news.canadamotorjobs.com\/wp-content\/uploads\/2024\/06\/05-2025-honda-civic-sedan-sport-touring-hybrid1716921340442.jpg","width":1200,"height":797},{"@type":"BreadcrumbList","@id":"https:\/\/news.canadamotorjobs.com\/fr\/honda-lance-la-production-de-la-civic-hybride-2025-en-ontario\/#breadcrumb","itemListElement":[{"@type":"ListItem","position":1,"name":"Home","item":"https:\/\/news.canadamotorjobs.com\/fr\/blog\/"},{"@type":"ListItem","position":2,"name":"Honda lance la production de la Civic Hybride 2025 en Ontario"}]},{"@type":"WebSite","@id":"https:\/\/news.canadamotorjobs.com\/#website","url":"https:\/\/news.canadamotorjobs.com\/","name":"CanadaMotorJobs.com","description":"Automotive Jobs","publisher":{"@id":"https:\/\/news.canadamotorjobs.com\/#organization"},"potentialAction":[{"@type":"SearchAction","target":{"@type":"EntryPoint","urlTemplate":"https:\/\/news.canadamotorjobs.com\/?s={search_term_string}"},"query-input":"required name=search_term_string"}],"inLanguage":"fr-CA"},{"@type":"Organization","@id":"https:\/\/news.canadamotorjobs.com\/#organization","name":"Canada Motor Jobs","url":"https:\/\/news.canadamotorjobs.com\/","logo":{"@type":"ImageObject","inLanguage":"fr-CA","@id":"https:\/\/news.canadamotorjobs.com\/#\/schema\/logo\/image\/","url":"https:\/\/news.canadamotorjobs.com\/wp-content\/uploads\/2022\/10\/logo-canada-motor-jobs-1.png","contentUrl":"https:\/\/news.canadamotorjobs.com\/wp-content\/uploads\/2022\/10\/logo-canada-motor-jobs-1.png","width":800,"height":400,"caption":"Canada Motor Jobs"},"image":{"@id":"https:\/\/news.canadamotorjobs.com\/#\/schema\/logo\/image\/"},"sameAs":["https:\/\/www.facebook.com\/canadamotorjobs\/","https:\/\/x.com\/canadamotorjobs","https:\/\/www.instagram.com\/canadamotorjobs\/","https:\/\/www.linkedin.com\/company\/canadamotorjobs"]},{"@type":"Person","@id":"https:\/\/news.canadamotorjobs.com\/#\/schema\/person\/51793d1f87d44011d7bcc2ed99269a90","name":"Benoit Charette","image":{"@type":"ImageObject","inLanguage":"fr-CA","@id":"https:\/\/news.canadamotorjobs.com\/#\/schema\/person\/image\/","url":"https:\/\/secure.gravatar.com\/avatar\/45f3d2eebcccd909668d7ce7ea7267b6?s=96&d=mm&r=g","contentUrl":"https:\/\/secure.gravatar.com\/avatar\/45f3d2eebcccd909668d7ce7ea7267b6?s=96&d=mm&r=g","caption":"Benoit Charette"},"description":"Benoit Charette \/ Propri\u00e9taire et r\u00e9dacteur en chef Benoit Charette pratique le journalisme automobile depuis bient\u00f4t 30 ans. Il a fait ses classes au c\u00f4t\u00e9 de Daniel H\u00e9raud et au Carnet de route de 1992 \u00e0 2001. Il est fondateur, copropri\u00e9taire et r\u00e9dacteur en chef de L\u2019Annuel de l\u2019automobile, qu\u2019il publie depuis 2001. Il a anim\u00e9 les \u00e9missions RPM et RPM+ sur V et les L\u00e9gendes de la route sur Historia. \u00c0 la radio depuis 1986, il reprend l\u2019antenne cette ann\u00e9e sur les ondes de Cogeco et participe pour la deuxi\u00e8me ann\u00e9e \u00e0 l\u2019\u00e9mission Passion Auto sur RDS en plus de mettre en ligne le site Web officiel de L\u2019Annuel de l\u2019automobile sur annuelauto.ca.","sameAs":["https:\/\/annuelauto.ca\/"],"url":"https:\/\/news.canadamotorjobs.com\/fr\/author\/benoit-charette\/"}]}},"_links":{"self":[{"href":"https:\/\/news.canadamotorjobs.com\/fr\/wp-json\/wp\/v2\/posts\/167840"}],"collection":[{"href":"https:\/\/news.canadamotorjobs.com\/fr\/wp-json\/wp\/v2\/posts"}],"about":[{"href":"https:\/\/news.canadamotorjobs.com\/fr\/wp-json\/wp\/v2\/types\/post"}],"author":[{"embeddable":true,"href":"https:\/\/news.canadamotorjobs.com\/fr\/wp-json\/wp\/v2\/users\/8"}],"replies":[{"embeddable":true,"href":"https:\/\/news.canadamotorjobs.com\/fr\/wp-json\/wp\/v2\/comments?post=167840"}],"version-history":[{"count":2,"href":"https:\/\/news.canadamotorjobs.com\/fr\/wp-json\/wp\/v2\/posts\/167840\/revisions"}],"predecessor-version":[{"id":167844,"href":"https:\/\/news.canadamotorjobs.com\/fr\/wp-json\/wp\/v2\/posts\/167840\/revisions\/167844"}],"wp:featuredmedia":[{"embeddable":true,"href":"https:\/\/news.canadamotorjobs.com\/fr\/wp-json\/wp\/v2\/media\/167842"}],"wp:attachment":[{"href":"https:\/\/news.canadamotorjobs.com\/fr\/wp-json\/wp\/v2\/media?parent=167840"}],"wp:term":[{"taxonomy":"category","embeddable":true,"href":"https:\/\/news.canadamotorjobs.com\/fr\/wp-json\/wp\/v2\/categories?post=167840"},{"taxonomy":"post_tag","embeddable":true,"href":"https:\/\/news.canadamotorjobs.com\/fr\/wp-json\/wp\/v2\/tags?post=167840"}],"curies":[{"name":"wp","href":"https:\/\/api.w.org\/{rel}","templated":true}]}}