{"id":167821,"date":"2024-06-27T05:16:45","date_gmt":"2024-06-27T09:16:45","guid":{"rendered":"https:\/\/news.canadamotorjobs.com\/?p=167821"},"modified":"2024-06-27T05:17:10","modified_gmt":"2024-06-27T09:17:10","slug":"volkswagen-k70-lancetre-de-la-golf","status":"publish","type":"post","link":"https:\/\/news.canadamotorjobs.com\/fr\/volkswagen-k70-lancetre-de-la-golf\/","title":{"rendered":"Volkswagen\u00a0K70\u00a0: l\u2019anc\u00eatre de la Golf"},"content":{"rendered":"<\/p>\n<p>Il y a des voitures qui marquent l\u2019histoire, mais qui ne passent pas \u00e0 l\u2019histoire, du moins dans l\u2019esprit des gens. La Volkswagen\u00a0K70 fait partie de cette liste, elle qui est venue offrir quelque chose de nouveau chez Volkswagen au d\u00e9but des ann\u00e9es\u00a070, elle qui allait ouvrir la voie \u00e0 la mythique Golf qui a fait ses d\u00e9buts en 1974, ainsi qu\u2019\u00e0 la Passat qui a \u00e9t\u00e9 lanc\u00e9e en 1973.<\/p>\n<p>Produite de 1970 \u00e0 1974, la K70 n\u2019\u00e9tait pas une mauvaise voiture, mais elle s\u2019est av\u00e9r\u00e9e \u00eatre un \u00e9chec financier important pour la marque. La raison\u2009? Il faut regarder du c\u00f4t\u00e9 de NSU pour comprendre.<\/p>\n<h3>Un rachat important<\/h3>\n<p>\nEn 1969, Volkswagen rach\u00e8te NSU, un constructeur allemand qui conna\u00eet des difficult\u00e9s financi\u00e8res. La compagnie travaillait alors au d\u00e9veloppement de la K70, une voiture qui devait venir \u00e9pauler la Ro80 dans la gamme. \u00c0 l\u2019origine, un moteur rotatif devait lui \u00eatre greff\u00e9, mais les probl\u00e8mes de fiabilit\u00e9 de la Ro80 ont fait en sorte qu\u2019on a d\u00e9cid\u00e9 d\u2019y aller avec une approche plus traditionnelle.<\/p>\n<p>Cependant, les co\u00fbts de d\u00e9veloppement important du moteur rotatif de la Ro80, ainsi que ses probl\u00e8mes de fiabilit\u00e9, ont fait que les ventes n\u2019ont pas \u00e9t\u00e9 au rendez-vous, ni la rentabilit\u00e9.<\/p>\n<p>Volkswagen vient donc \u00e0 la rescousse en 1969 avec le rachat de l\u2019entreprise. Elle fait m\u00eame d\u2019une pierre deux coups en mariant NSU avec une autre firme qu\u2019elle avait acquise en 1964, Auto Union.<\/p>\n<p>Audi venait de na\u00eetre, m\u00eame si l\u2019on allait parler du groupe Audi un peu plus tard seulement.<\/p>\n<h3>La K70<\/h3>\n<p>\nLorsque Volkswagen ach\u00e8te NSU, la K70 \u00e9tait sur le point d\u2019arriver sur le march\u00e9. Un prototype avait \u00e9t\u00e9 pr\u00e9sent\u00e9 au Salon de Gen\u00e8ve de 1969, imm\u00e9diatement apr\u00e8s l\u2019acquisition. Volkswagen va donc poursuivre le projet pour le mener \u00e0 terme.<\/p>\n<p>La K70 allait devenir la premi\u00e8re voiture \u00e0 moteur refroidi \u00e0 eau de Volkswagen, ainsi que la premi\u00e8re profitant d\u2019une configuration \u00e0 traction plut\u00f4t qu\u2019\u00e0 propulsion. D\u2019accord, ce n\u2019\u00e9tait pas un produit Volkswagen propre, mais elle a le m\u00e9rite d\u2019\u00eatre la premi\u00e8re voiture de l\u2019entreprise \u00e0 profiter de cette approche et \u00e0 porter le logo de la marque.<\/p>\n<p>Cependant, la facture pour le d\u00e9veloppement allait s\u2019av\u00e9rer \u00eatre importante. La raison est bien simple. Volkswagen avait assur\u00e9 sa rentabilit\u00e9 avec des mod\u00e8les int\u00e9ressants et uniques, mais surtout avec des produits dont l\u2019interchangeabilit\u00e9 des pi\u00e8ces \u00e9tait la pi\u00e8ce ma\u00eetresse pour maintenir les co\u00fbts de production le plus bas possible. Or, la K70 ne porte pas de pi\u00e8ces provenant du groupe Volkswagen. Elle va donc \u00eatre tr\u00e8s dispendieuse \u00e0 fabriquer, et sera vendue \u00e0 un prix en cons\u00e9quence lorsqu\u2019elle va se pointer chez les concessionnaires.<\/p>\n<h3>Une mort annonc\u00e9e<\/h3>\n<p>\nEn raison de ses co\u00fbts de production, l\u2019avenir s\u2019annon\u00e7ait difficile pour la K70. Pourtant, il ne s\u2019agissait pas d\u2019un mauvais produit. La voiture \u00e9tait bien construite et agr\u00e9able \u00e0 conduire. Sa direction avait \u00e9t\u00e9 vant\u00e9e pour sa pr\u00e9cision et la r\u00e9troaction qu\u2019elle offrait aux conducteurs. Le comportement de la K70 \u00e9tait dynamique sur la route.<\/p>\n<h3>Malheureusement, la voiture ne sera jamais profitable.<\/h3>\n<p>\nEn 1973, Volkswagen lance la Passat, un mod\u00e8le qui allait venir remplacer la K70 dans la gamme. Puis, en 1974, Volkswagen lance la Golf. A-t-on besoin d\u2019en dire plus\u2009?<\/p>\n<p>La compagnie va n\u00e9anmoins produire un peu plus de 210\u2009000\u00a0exemplaires de la K70 entre 1970 et 1974, ce qui fait qu\u2019il est quand m\u00eame possible d\u2019en trouver sur le march\u00e9 de l\u2019occasion\u2026 europ\u00e9en. Attentions aux co\u00fbts d\u2019entretien\u2026 et \u00e0 la recherche de pi\u00e8ces.<\/p>\n<p>La K70 n\u2019aura \u00e9t\u00e9 que de passage, mais elle aura toujours le m\u00e9rite d\u2019avoir \u00e9t\u00e9 la premi\u00e8re Volkswagen \u00e0 moteur refroidi \u00e0 l\u2019eau, ainsi qu\u2019\u00e0 traction. On ne pourra jamais le lui enlever.<\/p>\n<p>Le texte <a rel=\"nofollow\" href=\"https:\/\/annuelauto.ca\/volkswagen-k70-lancetre-de-la-golf\/\">Volkswagen\u00a0K70\u00a0: l\u2019anc\u00eatre de la Golf<\/a> provient de <a rel=\"nofollow\" href=\"https:\/\/annuelauto.ca\">L&#8217;annuel de l&#8217;automobile &#8211; Actualit\u00e9 automobile<\/a><\/p>\n<p><\/p>\n","protected":false},"excerpt":{"rendered":"<p>Il y a des voitures qui marquent l\u2019histoire, mais qui ne passent pas \u00e0 l\u2019histoire, du moins dans l\u2019esprit des gens. La Volkswagen\u00a0K70 fait partie de cette liste, elle qui est venue offrir quelque chose de nouveau chez Volkswagen au d\u00e9but des ann\u00e9es\u00a070, elle qui allait ouvrir la voie \u00e0 la mythique Golf qui a [&hellip;]<\/p>\n","protected":false},"author":8,"featured_media":167823,"comment_status":"close","ping_status":"closed","sticky":false,"template":"","format":"standard","meta":{"_monsterinsights_skip_tracking":false,"_monsterinsights_sitenote_active":false,"_monsterinsights_sitenote_note":"","_monsterinsights_sitenote_category":0,"footnotes":""},"categories":[101],"tags":[],"yoast_head":"<!-- This site is optimized with the Yoast SEO plugin v23.2 - https:\/\/yoast.com\/wordpress\/plugins\/seo\/ -->\n<title>Volkswagen\u00a0K70\u00a0: l\u2019anc\u00eatre de la Golf - CanadaMotorJobs.com<\/title>\n<meta name=\"description\" content=\"Volkswagen\u00a0K70\u00a0: l\u2019anc\u00eatre de la Golf - Benoit Charette - Annuel automobile - CanadaMotorJobs.com.\" \/>\n<meta name=\"robots\" content=\"index, follow, max-snippet:-1, max-image-preview:large, max-video-preview:-1\" \/>\n<meta property=\"og:locale\" content=\"fr_CA\" \/>\n<meta property=\"og:type\" content=\"article\" \/>\n<meta property=\"og:title\" content=\"Volkswagen\u00a0K70\u00a0: l\u2019anc\u00eatre de la Golf - CanadaMotorJobs.com\" \/>\n<meta property=\"og:description\" content=\"Volkswagen\u00a0K70\u00a0: l\u2019anc\u00eatre de la Golf - Benoit Charette - Annuel automobile - CanadaMotorJobs.com.\" \/>\n<meta property=\"og:url\" content=\"https:\/\/news.canadamotorjobs.com\/fr\/volkswagen-k70-lancetre-de-la-golf\/\" \/>\n<meta property=\"og:site_name\" content=\"CanadaMotorJobs.com\" \/>\n<meta property=\"article:publisher\" content=\"https:\/\/www.facebook.com\/canadamotorjobs\/\" \/>\n<meta property=\"article:published_time\" content=\"2024-06-27T09:16:45+00:00\" \/>\n<meta property=\"article:modified_time\" content=\"2024-06-27T09:17:10+00:00\" \/>\n<meta property=\"og:image\" content=\"https:\/\/news.canadamotorjobs.com\/wp-content\/uploads\/2024\/06\/Volkswagen-K70-1.jpg\" \/>\n\t<meta property=\"og:image:width\" content=\"1024\" \/>\n\t<meta property=\"og:image:height\" content=\"768\" \/>\n\t<meta property=\"og:image:type\" content=\"image\/jpeg\" \/>\n<meta name=\"author\" content=\"Benoit Charette\" \/>\n<meta name=\"twitter:card\" content=\"summary_large_image\" \/>\n<meta name=\"twitter:creator\" content=\"@canadamotorjobs\" \/>\n<meta name=\"twitter:site\" content=\"@canadamotorjobs\" \/>\n<meta name=\"twitter:label1\" content=\"\u00c9crit par\" \/>\n\t<meta name=\"twitter:data1\" content=\"Benoit Charette\" \/>\n\t<meta name=\"twitter:label2\" content=\"Estimation du temps de lecture\" \/>\n\t<meta name=\"twitter:data2\" content=\"3 minutes\" \/>\n<!-- \/ Yoast SEO plugin. -->","yoast_head_json":{"title":"Volkswagen\u00a0K70\u00a0: l\u2019anc\u00eatre de la Golf - CanadaMotorJobs.com","description":"Volkswagen\u00a0K70\u00a0: l\u2019anc\u00eatre de la Golf - Benoit Charette - Annuel automobile - CanadaMotorJobs.com.","robots":{"index":"index","follow":"follow","max-snippet":"max-snippet:-1","max-image-preview":"max-image-preview:large","max-video-preview":"max-video-preview:-1"},"og_locale":"fr_CA","og_type":"article","og_title":"Volkswagen\u00a0K70\u00a0: l\u2019anc\u00eatre de la Golf - CanadaMotorJobs.com","og_description":"Volkswagen\u00a0K70\u00a0: l\u2019anc\u00eatre de la Golf - Benoit Charette - Annuel automobile - CanadaMotorJobs.com.","og_url":"https:\/\/news.canadamotorjobs.com\/fr\/volkswagen-k70-lancetre-de-la-golf\/","og_site_name":"CanadaMotorJobs.com","article_publisher":"https:\/\/www.facebook.com\/canadamotorjobs\/","article_published_time":"2024-06-27T09:16:45+00:00","article_modified_time":"2024-06-27T09:17:10+00:00","og_image":[{"width":1024,"height":768,"url":"https:\/\/news.canadamotorjobs.com\/wp-content\/uploads\/2024\/06\/Volkswagen-K70-1.jpg","type":"image\/jpeg"}],"author":"Benoit Charette","twitter_card":"summary_large_image","twitter_creator":"@canadamotorjobs","twitter_site":"@canadamotorjobs","twitter_misc":{"\u00c9crit par":"Benoit Charette","Estimation du temps de lecture":"3 minutes"},"schema":{"@context":"https:\/\/schema.org","@graph":[{"@type":"Article","@id":"https:\/\/news.canadamotorjobs.com\/fr\/volkswagen-k70-lancetre-de-la-golf\/#article","isPartOf":{"@id":"https:\/\/news.canadamotorjobs.com\/fr\/volkswagen-k70-lancetre-de-la-golf\/"},"author":{"name":"Benoit Charette","@id":"https:\/\/news.canadamotorjobs.com\/#\/schema\/person\/51793d1f87d44011d7bcc2ed99269a90"},"headline":"Volkswagen\u00a0K70\u00a0: l\u2019anc\u00eatre de la Golf","datePublished":"2024-06-27T09:16:45+00:00","dateModified":"2024-06-27T09:17:10+00:00","mainEntityOfPage":{"@id":"https:\/\/news.canadamotorjobs.com\/fr\/volkswagen-k70-lancetre-de-la-golf\/"},"wordCount":699,"publisher":{"@id":"https:\/\/news.canadamotorjobs.com\/#organization"},"image":{"@id":"https:\/\/news.canadamotorjobs.com\/fr\/volkswagen-k70-lancetre-de-la-golf\/#primaryimage"},"thumbnailUrl":"https:\/\/news.canadamotorjobs.com\/wp-content\/uploads\/2024\/06\/Volkswagen-K70-1.jpg","articleSection":["Annuel automobile"],"inLanguage":"fr-CA"},{"@type":"WebPage","@id":"https:\/\/news.canadamotorjobs.com\/fr\/volkswagen-k70-lancetre-de-la-golf\/","url":"https:\/\/news.canadamotorjobs.com\/fr\/volkswagen-k70-lancetre-de-la-golf\/","name":"Volkswagen\u00a0K70\u00a0: l\u2019anc\u00eatre de la Golf - CanadaMotorJobs.com","isPartOf":{"@id":"https:\/\/news.canadamotorjobs.com\/#website"},"primaryImageOfPage":{"@id":"https:\/\/news.canadamotorjobs.com\/fr\/volkswagen-k70-lancetre-de-la-golf\/#primaryimage"},"image":{"@id":"https:\/\/news.canadamotorjobs.com\/fr\/volkswagen-k70-lancetre-de-la-golf\/#primaryimage"},"thumbnailUrl":"https:\/\/news.canadamotorjobs.com\/wp-content\/uploads\/2024\/06\/Volkswagen-K70-1.jpg","datePublished":"2024-06-27T09:16:45+00:00","dateModified":"2024-06-27T09:17:10+00:00","description":"Volkswagen\u00a0K70\u00a0: l\u2019anc\u00eatre de la Golf - Benoit Charette - Annuel automobile - CanadaMotorJobs.com.","breadcrumb":{"@id":"https:\/\/news.canadamotorjobs.com\/fr\/volkswagen-k70-lancetre-de-la-golf\/#breadcrumb"},"inLanguage":"fr-CA","potentialAction":[{"@type":"ReadAction","target":["https:\/\/news.canadamotorjobs.com\/fr\/volkswagen-k70-lancetre-de-la-golf\/"]}]},{"@type":"ImageObject","inLanguage":"fr-CA","@id":"https:\/\/news.canadamotorjobs.com\/fr\/volkswagen-k70-lancetre-de-la-golf\/#primaryimage","url":"https:\/\/news.canadamotorjobs.com\/wp-content\/uploads\/2024\/06\/Volkswagen-K70-1.jpg","contentUrl":"https:\/\/news.canadamotorjobs.com\/wp-content\/uploads\/2024\/06\/Volkswagen-K70-1.jpg","width":1024,"height":768},{"@type":"BreadcrumbList","@id":"https:\/\/news.canadamotorjobs.com\/fr\/volkswagen-k70-lancetre-de-la-golf\/#breadcrumb","itemListElement":[{"@type":"ListItem","position":1,"name":"Home","item":"https:\/\/news.canadamotorjobs.com\/fr\/blog\/"},{"@type":"ListItem","position":2,"name":"Volkswagen\u00a0K70\u00a0: l\u2019anc\u00eatre de la Golf"}]},{"@type":"WebSite","@id":"https:\/\/news.canadamotorjobs.com\/#website","url":"https:\/\/news.canadamotorjobs.com\/","name":"CanadaMotorJobs.com","description":"Automotive Jobs","publisher":{"@id":"https:\/\/news.canadamotorjobs.com\/#organization"},"potentialAction":[{"@type":"SearchAction","target":{"@type":"EntryPoint","urlTemplate":"https:\/\/news.canadamotorjobs.com\/?s={search_term_string}"},"query-input":"required name=search_term_string"}],"inLanguage":"fr-CA"},{"@type":"Organization","@id":"https:\/\/news.canadamotorjobs.com\/#organization","name":"Canada Motor Jobs","url":"https:\/\/news.canadamotorjobs.com\/","logo":{"@type":"ImageObject","inLanguage":"fr-CA","@id":"https:\/\/news.canadamotorjobs.com\/#\/schema\/logo\/image\/","url":"https:\/\/news.canadamotorjobs.com\/wp-content\/uploads\/2022\/10\/logo-canada-motor-jobs-1.png","contentUrl":"https:\/\/news.canadamotorjobs.com\/wp-content\/uploads\/2022\/10\/logo-canada-motor-jobs-1.png","width":800,"height":400,"caption":"Canada Motor Jobs"},"image":{"@id":"https:\/\/news.canadamotorjobs.com\/#\/schema\/logo\/image\/"},"sameAs":["https:\/\/www.facebook.com\/canadamotorjobs\/","https:\/\/x.com\/canadamotorjobs","https:\/\/www.instagram.com\/canadamotorjobs\/","https:\/\/www.linkedin.com\/company\/canadamotorjobs"]},{"@type":"Person","@id":"https:\/\/news.canadamotorjobs.com\/#\/schema\/person\/51793d1f87d44011d7bcc2ed99269a90","name":"Benoit Charette","image":{"@type":"ImageObject","inLanguage":"fr-CA","@id":"https:\/\/news.canadamotorjobs.com\/#\/schema\/person\/image\/","url":"https:\/\/secure.gravatar.com\/avatar\/45f3d2eebcccd909668d7ce7ea7267b6?s=96&d=mm&r=g","contentUrl":"https:\/\/secure.gravatar.com\/avatar\/45f3d2eebcccd909668d7ce7ea7267b6?s=96&d=mm&r=g","caption":"Benoit Charette"},"description":"Benoit Charette \/ Propri\u00e9taire et r\u00e9dacteur en chef Benoit Charette pratique le journalisme automobile depuis bient\u00f4t 30 ans. Il a fait ses classes au c\u00f4t\u00e9 de Daniel H\u00e9raud et au Carnet de route de 1992 \u00e0 2001. Il est fondateur, copropri\u00e9taire et r\u00e9dacteur en chef de L\u2019Annuel de l\u2019automobile, qu\u2019il publie depuis 2001. Il a anim\u00e9 les \u00e9missions RPM et RPM+ sur V et les L\u00e9gendes de la route sur Historia. \u00c0 la radio depuis 1986, il reprend l\u2019antenne cette ann\u00e9e sur les ondes de Cogeco et participe pour la deuxi\u00e8me ann\u00e9e \u00e0 l\u2019\u00e9mission Passion Auto sur RDS en plus de mettre en ligne le site Web officiel de L\u2019Annuel de l\u2019automobile sur annuelauto.ca.","sameAs":["https:\/\/annuelauto.ca\/"],"url":"https:\/\/news.canadamotorjobs.com\/fr\/author\/benoit-charette\/"}]}},"_links":{"self":[{"href":"https:\/\/news.canadamotorjobs.com\/fr\/wp-json\/wp\/v2\/posts\/167821"}],"collection":[{"href":"https:\/\/news.canadamotorjobs.com\/fr\/wp-json\/wp\/v2\/posts"}],"about":[{"href":"https:\/\/news.canadamotorjobs.com\/fr\/wp-json\/wp\/v2\/types\/post"}],"author":[{"embeddable":true,"href":"https:\/\/news.canadamotorjobs.com\/fr\/wp-json\/wp\/v2\/users\/8"}],"replies":[{"embeddable":true,"href":"https:\/\/news.canadamotorjobs.com\/fr\/wp-json\/wp\/v2\/comments?post=167821"}],"version-history":[{"count":2,"href":"https:\/\/news.canadamotorjobs.com\/fr\/wp-json\/wp\/v2\/posts\/167821\/revisions"}],"predecessor-version":[{"id":167825,"href":"https:\/\/news.canadamotorjobs.com\/fr\/wp-json\/wp\/v2\/posts\/167821\/revisions\/167825"}],"wp:featuredmedia":[{"embeddable":true,"href":"https:\/\/news.canadamotorjobs.com\/fr\/wp-json\/wp\/v2\/media\/167823"}],"wp:attachment":[{"href":"https:\/\/news.canadamotorjobs.com\/fr\/wp-json\/wp\/v2\/media?parent=167821"}],"wp:term":[{"taxonomy":"category","embeddable":true,"href":"https:\/\/news.canadamotorjobs.com\/fr\/wp-json\/wp\/v2\/categories?post=167821"},{"taxonomy":"post_tag","embeddable":true,"href":"https:\/\/news.canadamotorjobs.com\/fr\/wp-json\/wp\/v2\/tags?post=167821"}],"curies":[{"name":"wp","href":"https:\/\/api.w.org\/{rel}","templated":true}]}}