{"id":167794,"date":"2024-06-26T07:32:39","date_gmt":"2024-06-26T11:32:39","guid":{"rendered":"https:\/\/news.canadamotorjobs.com\/?p=167794"},"modified":"2024-06-26T07:44:13","modified_gmt":"2024-06-26T11:44:13","slug":"ford-rappelle-plus-de-550-000-f-150","status":"publish","type":"post","link":"https:\/\/news.canadamotorjobs.com\/fr\/ford-rappelle-plus-de-550-000-f-150\/","title":{"rendered":"Ford Rappelle Plus de 550 000 F-150"},"content":{"rendered":"<\/p>\n<ul><\/p>\n<li>\n<h3><strong>Ford F-150 : Plus de 550 000 V\u00e9hicules Rappel\u00e9s pour un Probl\u00e8me de Transmission<\/strong><\/h3>\n<p>\n<\/li>\n<p><\/p>\n<li>\n<h3><strong>Rappel de Ford F-150 : La Bo\u00eete de Vitesse Peut Passer en Premi\u00e8re \u00e0 Grande Vitesse<\/strong><\/h3>\n<p>\n<\/li>\n<p><\/p>\n<li>\n<h3><strong>S\u00e9curit\u00e9 Routi\u00e8re : Un Probl\u00e8me Majeur de Transmission pour les F-150 de Ford<\/strong><\/h3>\n<p>\n<\/li>\n<p>\n<\/ul>\n<p><\/p>\n<h3>Un Probl\u00e8me Majeur pour les F-150 de 2014<\/h3>\n<p>\nFord rappelle plus de 550 000 pickups F-150 du mod\u00e8le ann\u00e9e 2014 en raison d\u2019un d\u00e9faut critique. La transmission des v\u00e9hicules peut passer de mani\u00e8re inattendue en premi\u00e8re vitesse, quel que soit la vitesse actuelle, ce qui peut entra\u00eener la perte de contr\u00f4le du v\u00e9hicule. Ce rappel fait suite \u00e0 une enqu\u00eate lanc\u00e9e en mars par la National Highway Traffic Safety Administration (NHTSA), qui examine \u00e9galement si d\u2019autres ann\u00e9es mod\u00e8les devraient \u00eatre incluses dans ce rappel.<\/p>\n<h3>Un Risque Potentiel sur les Routes<\/h3>\n<p>\nCertains v\u00e9hicules peuvent subir une perte intermittente du signal du capteur de vitesse de sortie de la transmission (OSS) au module de commande du groupe motopropulseur (PCM), ce qui peut entra\u00eener un r\u00e9trogradage temporaire et non intentionnel en premi\u00e8re vitesse. Ce probl\u00e8me pourrait \u00eatre caus\u00e9 par de la corrosion ou des probl\u00e8mes de connecteurs.<\/p>\n<p>Les propri\u00e9taires des v\u00e9hicules concern\u00e9s seront inform\u00e9s au d\u00e9but du mois prochain sur la mani\u00e8re d\u2019obtenir la mise \u00e0 jour logicielle n\u00e9cessaire chez les concessionnaires. Ford a indiqu\u00e9 \u00e0 l&#8217;Associated Press que les conducteurs pourraient voir un t\u00e9moin de dysfonctionnement sur le tableau de bord avant le r\u00e9trogradage. Dans certains cas, le probl\u00e8me a \u00e9t\u00e9 temporairement r\u00e9solu alors que le F-150 \u00e9tait encore en mouvement. Les conducteurs pouvaient m\u00eame remettre la transmission en fonctionnement normal en arr\u00eatant et red\u00e9marrant le moteur.<\/p>\n<h3>Des Incidents Signal\u00e9s<\/h3>\n<p>\nAvec les r\u00e9trogradages entra\u00eenant le blocage des roues arri\u00e8re, des incidents ont \u00e9galement \u00e9t\u00e9 signal\u00e9s sur la route. Un incident notable rapport\u00e9 \u00e0 la NHTSA impliquait un conducteur qui a perdu le contr\u00f4le de son v\u00e9hicule, le F-150 percutant une barri\u00e8re en b\u00e9ton avant de heurter un autre v\u00e9hicule. Les deux conducteurs ont \u00e9t\u00e9 bless\u00e9s.<\/p>\n<p>Ford affirme que moins de un pour cent des v\u00e9hicules rappel\u00e9s pr\u00e9sentent ce d\u00e9faut. Les F-150 des ann\u00e9es mod\u00e8les r\u00e9centes ont \u00e9galement fait l\u2019objet de rappels importants pour des probl\u00e8mes li\u00e9s au frein de stationnement qui s&#8217;active en roulant et \u00e0 des pannes des moteurs d&#8217;essuie-glace.<\/p>\n<h3>Un Rappel Essentiel pour la S\u00e9curit\u00e9 Routi\u00e8re<\/h3>\n<p>\nCe rappel est crucial pour garantir la s\u00e9curit\u00e9 des conducteurs et des autres usagers de la route. Les propri\u00e9taires des F-150 concern\u00e9s sont encourag\u00e9s \u00e0 se rendre chez leur concessionnaire d\u00e8s que possible pour r\u00e9soudre ce probl\u00e8me de transmission. La s\u00e9curit\u00e9 routi\u00e8re doit \u00eatre une priorit\u00e9, et ce rappel est un pas important dans cette direction.<\/p>\n<p>Avec des renseignements de Jalopnik<\/p>\n<p>Le texte <a rel=\"nofollow\" href=\"https:\/\/annuelauto.ca\/ford-rappelle-plus-de-550-000-f-150\/\">Ford Rappelle Plus de 550 000 F-150<\/a> provient de <a rel=\"nofollow\" href=\"https:\/\/annuelauto.ca\">L&#8217;annuel de l&#8217;automobile &#8211; Actualit\u00e9 automobile<\/a><\/p>\n<p><\/p>\n","protected":false},"excerpt":{"rendered":"<p>Ford F-150 : Plus de 550 000 V\u00e9hicules Rappel\u00e9s pour un Probl\u00e8me de Transmission Rappel de Ford F-150 : La Bo\u00eete de Vitesse Peut Passer en Premi\u00e8re \u00e0 Grande Vitesse S\u00e9curit\u00e9 Routi\u00e8re : Un Probl\u00e8me Majeur de Transmission pour les F-150 de Ford Un Probl\u00e8me Majeur pour les F-150 de 2014 Ford rappelle plus de [&hellip;]<\/p>\n","protected":false},"author":8,"featured_media":167796,"comment_status":"close","ping_status":"closed","sticky":false,"template":"","format":"standard","meta":{"_monsterinsights_skip_tracking":false,"_monsterinsights_sitenote_active":false,"_monsterinsights_sitenote_note":"","_monsterinsights_sitenote_category":0,"footnotes":""},"categories":[101],"tags":[],"yoast_head":"<!-- This site is optimized with the Yoast SEO plugin v23.2 - https:\/\/yoast.com\/wordpress\/plugins\/seo\/ -->\n<title>Ford Rappelle Plus de 550 000 F-150 - CanadaMotorJobs.com<\/title>\n<meta name=\"description\" content=\"Ford Rappelle Plus de 550 000 F-150 - Benoit Charette - Annuel automobile - CanadaMotorJobs.com.\" \/>\n<meta name=\"robots\" content=\"index, follow, max-snippet:-1, max-image-preview:large, max-video-preview:-1\" \/>\n<meta property=\"og:locale\" content=\"fr_CA\" \/>\n<meta property=\"og:type\" content=\"article\" \/>\n<meta property=\"og:title\" content=\"Ford Rappelle Plus de 550 000 F-150 - CanadaMotorJobs.com\" \/>\n<meta property=\"og:description\" content=\"Ford Rappelle Plus de 550 000 F-150 - Benoit Charette - Annuel automobile - CanadaMotorJobs.com.\" \/>\n<meta property=\"og:url\" content=\"https:\/\/news.canadamotorjobs.com\/fr\/ford-rappelle-plus-de-550-000-f-150\/\" \/>\n<meta property=\"og:site_name\" content=\"CanadaMotorJobs.com\" \/>\n<meta property=\"article:publisher\" content=\"https:\/\/www.facebook.com\/canadamotorjobs\/\" \/>\n<meta property=\"article:published_time\" content=\"2024-06-26T11:32:39+00:00\" \/>\n<meta property=\"article:modified_time\" content=\"2024-06-26T11:44:13+00:00\" \/>\n<meta property=\"og:image\" content=\"https:\/\/news.canadamotorjobs.com\/wp-content\/uploads\/2024\/06\/ford-f-150-2012.jpg\" \/>\n\t<meta property=\"og:image:width\" content=\"1999\" \/>\n\t<meta property=\"og:image:height\" content=\"1432\" \/>\n\t<meta property=\"og:image:type\" content=\"image\/jpeg\" \/>\n<meta name=\"author\" content=\"Benoit Charette\" \/>\n<meta name=\"twitter:card\" content=\"summary_large_image\" \/>\n<meta name=\"twitter:creator\" content=\"@canadamotorjobs\" \/>\n<meta name=\"twitter:site\" content=\"@canadamotorjobs\" \/>\n<meta name=\"twitter:label1\" content=\"\u00c9crit par\" \/>\n\t<meta name=\"twitter:data1\" content=\"Benoit Charette\" \/>\n\t<meta name=\"twitter:label2\" content=\"Estimation du temps de lecture\" \/>\n\t<meta name=\"twitter:data2\" content=\"3 minutes\" \/>\n<!-- \/ Yoast SEO plugin. -->","yoast_head_json":{"title":"Ford Rappelle Plus de 550 000 F-150 - CanadaMotorJobs.com","description":"Ford Rappelle Plus de 550 000 F-150 - Benoit Charette - Annuel automobile - CanadaMotorJobs.com.","robots":{"index":"index","follow":"follow","max-snippet":"max-snippet:-1","max-image-preview":"max-image-preview:large","max-video-preview":"max-video-preview:-1"},"og_locale":"fr_CA","og_type":"article","og_title":"Ford Rappelle Plus de 550 000 F-150 - CanadaMotorJobs.com","og_description":"Ford Rappelle Plus de 550 000 F-150 - Benoit Charette - Annuel automobile - CanadaMotorJobs.com.","og_url":"https:\/\/news.canadamotorjobs.com\/fr\/ford-rappelle-plus-de-550-000-f-150\/","og_site_name":"CanadaMotorJobs.com","article_publisher":"https:\/\/www.facebook.com\/canadamotorjobs\/","article_published_time":"2024-06-26T11:32:39+00:00","article_modified_time":"2024-06-26T11:44:13+00:00","og_image":[{"width":1999,"height":1432,"url":"https:\/\/news.canadamotorjobs.com\/wp-content\/uploads\/2024\/06\/ford-f-150-2012.jpg","type":"image\/jpeg"}],"author":"Benoit Charette","twitter_card":"summary_large_image","twitter_creator":"@canadamotorjobs","twitter_site":"@canadamotorjobs","twitter_misc":{"\u00c9crit par":"Benoit Charette","Estimation du temps de lecture":"3 minutes"},"schema":{"@context":"https:\/\/schema.org","@graph":[{"@type":"Article","@id":"https:\/\/news.canadamotorjobs.com\/fr\/ford-rappelle-plus-de-550-000-f-150\/#article","isPartOf":{"@id":"https:\/\/news.canadamotorjobs.com\/fr\/ford-rappelle-plus-de-550-000-f-150\/"},"author":{"name":"Benoit Charette","@id":"https:\/\/news.canadamotorjobs.com\/#\/schema\/person\/51793d1f87d44011d7bcc2ed99269a90"},"headline":"Ford Rappelle Plus de 550 000 F-150","datePublished":"2024-06-26T11:32:39+00:00","dateModified":"2024-06-26T11:44:13+00:00","mainEntityOfPage":{"@id":"https:\/\/news.canadamotorjobs.com\/fr\/ford-rappelle-plus-de-550-000-f-150\/"},"wordCount":525,"publisher":{"@id":"https:\/\/news.canadamotorjobs.com\/#organization"},"image":{"@id":"https:\/\/news.canadamotorjobs.com\/fr\/ford-rappelle-plus-de-550-000-f-150\/#primaryimage"},"thumbnailUrl":"https:\/\/news.canadamotorjobs.com\/wp-content\/uploads\/2024\/06\/ford-f-150-2012.jpg","articleSection":["Annuel automobile"],"inLanguage":"fr-CA"},{"@type":"WebPage","@id":"https:\/\/news.canadamotorjobs.com\/fr\/ford-rappelle-plus-de-550-000-f-150\/","url":"https:\/\/news.canadamotorjobs.com\/fr\/ford-rappelle-plus-de-550-000-f-150\/","name":"Ford Rappelle Plus de 550 000 F-150 - CanadaMotorJobs.com","isPartOf":{"@id":"https:\/\/news.canadamotorjobs.com\/#website"},"primaryImageOfPage":{"@id":"https:\/\/news.canadamotorjobs.com\/fr\/ford-rappelle-plus-de-550-000-f-150\/#primaryimage"},"image":{"@id":"https:\/\/news.canadamotorjobs.com\/fr\/ford-rappelle-plus-de-550-000-f-150\/#primaryimage"},"thumbnailUrl":"https:\/\/news.canadamotorjobs.com\/wp-content\/uploads\/2024\/06\/ford-f-150-2012.jpg","datePublished":"2024-06-26T11:32:39+00:00","dateModified":"2024-06-26T11:44:13+00:00","description":"Ford Rappelle Plus de 550 000 F-150 - Benoit Charette - Annuel automobile - CanadaMotorJobs.com.","breadcrumb":{"@id":"https:\/\/news.canadamotorjobs.com\/fr\/ford-rappelle-plus-de-550-000-f-150\/#breadcrumb"},"inLanguage":"fr-CA","potentialAction":[{"@type":"ReadAction","target":["https:\/\/news.canadamotorjobs.com\/fr\/ford-rappelle-plus-de-550-000-f-150\/"]}]},{"@type":"ImageObject","inLanguage":"fr-CA","@id":"https:\/\/news.canadamotorjobs.com\/fr\/ford-rappelle-plus-de-550-000-f-150\/#primaryimage","url":"https:\/\/news.canadamotorjobs.com\/wp-content\/uploads\/2024\/06\/ford-f-150-2012.jpg","contentUrl":"https:\/\/news.canadamotorjobs.com\/wp-content\/uploads\/2024\/06\/ford-f-150-2012.jpg","width":1999,"height":1432},{"@type":"BreadcrumbList","@id":"https:\/\/news.canadamotorjobs.com\/fr\/ford-rappelle-plus-de-550-000-f-150\/#breadcrumb","itemListElement":[{"@type":"ListItem","position":1,"name":"Home","item":"https:\/\/news.canadamotorjobs.com\/fr\/blog\/"},{"@type":"ListItem","position":2,"name":"Ford Rappelle Plus de 550 000 F-150"}]},{"@type":"WebSite","@id":"https:\/\/news.canadamotorjobs.com\/#website","url":"https:\/\/news.canadamotorjobs.com\/","name":"CanadaMotorJobs.com","description":"Automotive Jobs","publisher":{"@id":"https:\/\/news.canadamotorjobs.com\/#organization"},"potentialAction":[{"@type":"SearchAction","target":{"@type":"EntryPoint","urlTemplate":"https:\/\/news.canadamotorjobs.com\/?s={search_term_string}"},"query-input":"required name=search_term_string"}],"inLanguage":"fr-CA"},{"@type":"Organization","@id":"https:\/\/news.canadamotorjobs.com\/#organization","name":"Canada Motor Jobs","url":"https:\/\/news.canadamotorjobs.com\/","logo":{"@type":"ImageObject","inLanguage":"fr-CA","@id":"https:\/\/news.canadamotorjobs.com\/#\/schema\/logo\/image\/","url":"https:\/\/news.canadamotorjobs.com\/wp-content\/uploads\/2022\/10\/logo-canada-motor-jobs-1.png","contentUrl":"https:\/\/news.canadamotorjobs.com\/wp-content\/uploads\/2022\/10\/logo-canada-motor-jobs-1.png","width":800,"height":400,"caption":"Canada Motor Jobs"},"image":{"@id":"https:\/\/news.canadamotorjobs.com\/#\/schema\/logo\/image\/"},"sameAs":["https:\/\/www.facebook.com\/canadamotorjobs\/","https:\/\/x.com\/canadamotorjobs","https:\/\/www.instagram.com\/canadamotorjobs\/","https:\/\/www.linkedin.com\/company\/canadamotorjobs"]},{"@type":"Person","@id":"https:\/\/news.canadamotorjobs.com\/#\/schema\/person\/51793d1f87d44011d7bcc2ed99269a90","name":"Benoit Charette","image":{"@type":"ImageObject","inLanguage":"fr-CA","@id":"https:\/\/news.canadamotorjobs.com\/#\/schema\/person\/image\/","url":"https:\/\/secure.gravatar.com\/avatar\/45f3d2eebcccd909668d7ce7ea7267b6?s=96&d=mm&r=g","contentUrl":"https:\/\/secure.gravatar.com\/avatar\/45f3d2eebcccd909668d7ce7ea7267b6?s=96&d=mm&r=g","caption":"Benoit Charette"},"description":"Benoit Charette \/ Propri\u00e9taire et r\u00e9dacteur en chef Benoit Charette pratique le journalisme automobile depuis bient\u00f4t 30 ans. Il a fait ses classes au c\u00f4t\u00e9 de Daniel H\u00e9raud et au Carnet de route de 1992 \u00e0 2001. Il est fondateur, copropri\u00e9taire et r\u00e9dacteur en chef de L\u2019Annuel de l\u2019automobile, qu\u2019il publie depuis 2001. Il a anim\u00e9 les \u00e9missions RPM et RPM+ sur V et les L\u00e9gendes de la route sur Historia. \u00c0 la radio depuis 1986, il reprend l\u2019antenne cette ann\u00e9e sur les ondes de Cogeco et participe pour la deuxi\u00e8me ann\u00e9e \u00e0 l\u2019\u00e9mission Passion Auto sur RDS en plus de mettre en ligne le site Web officiel de L\u2019Annuel de l\u2019automobile sur annuelauto.ca.","sameAs":["https:\/\/annuelauto.ca\/"],"url":"https:\/\/news.canadamotorjobs.com\/fr\/author\/benoit-charette\/"}]}},"_links":{"self":[{"href":"https:\/\/news.canadamotorjobs.com\/fr\/wp-json\/wp\/v2\/posts\/167794"}],"collection":[{"href":"https:\/\/news.canadamotorjobs.com\/fr\/wp-json\/wp\/v2\/posts"}],"about":[{"href":"https:\/\/news.canadamotorjobs.com\/fr\/wp-json\/wp\/v2\/types\/post"}],"author":[{"embeddable":true,"href":"https:\/\/news.canadamotorjobs.com\/fr\/wp-json\/wp\/v2\/users\/8"}],"replies":[{"embeddable":true,"href":"https:\/\/news.canadamotorjobs.com\/fr\/wp-json\/wp\/v2\/comments?post=167794"}],"version-history":[{"count":2,"href":"https:\/\/news.canadamotorjobs.com\/fr\/wp-json\/wp\/v2\/posts\/167794\/revisions"}],"predecessor-version":[{"id":167798,"href":"https:\/\/news.canadamotorjobs.com\/fr\/wp-json\/wp\/v2\/posts\/167794\/revisions\/167798"}],"wp:featuredmedia":[{"embeddable":true,"href":"https:\/\/news.canadamotorjobs.com\/fr\/wp-json\/wp\/v2\/media\/167796"}],"wp:attachment":[{"href":"https:\/\/news.canadamotorjobs.com\/fr\/wp-json\/wp\/v2\/media?parent=167794"}],"wp:term":[{"taxonomy":"category","embeddable":true,"href":"https:\/\/news.canadamotorjobs.com\/fr\/wp-json\/wp\/v2\/categories?post=167794"},{"taxonomy":"post_tag","embeddable":true,"href":"https:\/\/news.canadamotorjobs.com\/fr\/wp-json\/wp\/v2\/tags?post=167794"}],"curies":[{"name":"wp","href":"https:\/\/api.w.org\/{rel}","templated":true}]}}