{"id":167760,"date":"2024-06-26T07:07:35","date_gmt":"2024-06-26T11:07:35","guid":{"rendered":"https:\/\/news.canadamotorjobs.com\/?p=167760"},"modified":"2024-06-26T07:14:06","modified_gmt":"2024-06-26T11:14:06","slug":"une-derniere-golf-r-avant-le-passage-a-lelectrique","status":"publish","type":"post","link":"https:\/\/news.canadamotorjobs.com\/fr\/une-derniere-golf-r-avant-le-passage-a-lelectrique\/","title":{"rendered":"Une derni\u00e8re Golf R avant le passage \u00e0 l\u2019\u00e9lectrique"},"content":{"rendered":"<\/p>\n<p>Apr\u00e8s de nombreux indices, Volkswagen d\u00e9voile enfin la nouvelle Golf R 8.5, Elle se distingue par une puissance accrue, un style retouch\u00e9 et une \u00e9dition Black Edition, entre autres nouveaut\u00e9s. Cependant, aucune mention d\u2019une transmission manuelle n\u2019a \u00e9t\u00e9 faite.<\/p>\n<p>Maintenant 328 chevaux<\/p>\n<p>Le moteur quatre cylindres turbo de 2,0 litres produit d\u00e9sormais 328 chevaux et 310 lb-pi de couple, transmis aux quatre roues via la transmission DSG \u00e0 sept vitesses de VW. Avec un conducteur motiv\u00e9, la Golf R peut atteindre les 100 km\/h en 4,6 secondes. La vitesse maximale est limit\u00e9e \u00e0 250 km\/h.<\/p>\n<h3>Am\u00e9liorations Subtiles pour un Plaisir de Conduite Accru<\/h3>\n<p>\nPlusieurs modes de conduite sont disponibles : Confort, Sport, Course, Sp\u00e9cial, Drift, \u00c9co, et Individuel. En mode Course, le DCC, le contr\u00f4le de couple s\u00e9lectif des roues, la transmission int\u00e9grale et les r\u00e9glages de direction sont ajust\u00e9s pour offrir une r\u00e9ponse plus sportive. Ce r\u00e9glage est activ\u00e9 par le bouton &#8220;R&#8221; bleu sur le volant (ou via l&#8217;infodivertissement ou l&#8217;assistant vocal IDA). Le turbocompresseur est \u00e9galement pr\u00e9conditionn\u00e9 pour maintenir une vitesse plus \u00e9lev\u00e9e sous charge partielle, offrant ainsi une r\u00e9ponse de puissance plus r\u00e9active. D&#8217;autres modifications subtiles incluent un syst\u00e8me d&#8217;\u00e9chappement am\u00e9lior\u00e9 offrant un son plus riche. L&#8217;\u00e9chappement en titane Akrapovic a \u00e9galement \u00e9t\u00e9 am\u00e9lior\u00e9.<\/p>\n<h3>Mise \u00e0 Jour du Style pour une Apparence Fra\u00eeche et Moderne<\/h3>\n<p>\nLa Golf R ne se distingue pas seulement par ses performances en ligne droite. Sur le plan de la tenue de route, la suspension sport (abaiss\u00e9e de 20 mm par rapport \u00e0 la Golf de base) comprend des configurations \u00e0 jambe de force \u00e0 l&#8217;avant et multibras \u00e0 l&#8217;arri\u00e8re. La Golf R est \u00e9quip\u00e9e de s\u00e9rie d&#8217;une direction \u00e0 rapport variable progressif et d&#8217;un gestionnaire de la dynamique du v\u00e9hicule qui contr\u00f4le les op\u00e9rations \u00e9lectrom\u00e9caniques du syst\u00e8me de transmission int\u00e9grale, des amortisseurs DCC et du diff\u00e9rentiel.<\/p>\n<h3>Quelques subtiles retouches<\/h3>\n<p>\nLes r\u00e9visions ext\u00e9rieures sont tr\u00e8s subtiles, mais suffisantes pour maintenir la Golf R moderne. Le pare-chocs avant, les jupes lat\u00e9rales, le becquet arri\u00e8re, les capuchons des r\u00e9troviseurs et les roues ont tous \u00e9t\u00e9 con\u00e7us exclusivement par Volkswagen R. Le r\u00e9sultat final est un look plus agressif, \u00e9loignant le mod\u00e8le phare des mod\u00e8les R Design et Golf GTI. Heureusement, la nouvelle Golf R n&#8217;a pas perdu son caract\u00e8re discret de &#8220;sleeper&#8221; &#8211; la hot hatch de VW a toujours \u00e9t\u00e9 discr\u00e8te compar\u00e9e \u00e0 des rivales comme la Civic Type R et la Mercedes-AMG A45 S.<\/p>\n<h3>Options de Roues Nouvelles et Edition Noire<\/h3>\n<p>\nLes nouveaux phares \u00e0 DEL affinent la partie avant, avec un groupe plus mince et des lignes droites se fondant dans la calandre. Une calandre illumin\u00e9e et le badge Volkswagen donnent \u00e0 la Golf un look distinctif, m\u00eame dans l&#8217;obscurit\u00e9 &#8211; les phares \u00e0 matrice DEL IQ.Light de Volkswagen sont \u00e9galement disponibles; ils offrent une port\u00e9e 15 % sup\u00e9rieure \u00e0 celle du syst\u00e8me d&#8217;\u00e9clairage pr\u00e9c\u00e9dent. Il reste \u00e0 voir si cela sera disponible pour les mod\u00e8les sp\u00e9cifi\u00e9s pour l\u2019Am\u00e9rique du Nord. Des garnitures ext\u00e9rieures en noir brillant se trouvent sur les parties a\u00e9rodynamiques, tandis que le chrome mat a \u00e9t\u00e9 appliqu\u00e9 sur les capuchons des r\u00e9troviseurs. La Golf R re\u00e7oit de s\u00e9rie des roues &#8220;Jerez&#8221; de 18 pouces mont\u00e9es sur des pneus 225\/40. Les clients peuvent choisir des roues &#8220;Estoril&#8221; de 19 pouces avec une finition diamant\u00e9e en option. Ce design est dot\u00e9 de pneus plus larges de 235\/35 et d&#8217;une finition diamant\u00e9e ou noire, cette derni\u00e8re \u00e9tant de s\u00e9rie sur la Black Edition. Volkswagen proposera \u00e9galement les roues forg\u00e9es exclusives &#8220;Warmenau&#8221; de 19 pouces. Pesant seulement 8 kg par roue, l&#8217;ensemble r\u00e9duit le poids non suspendu et am\u00e9liore la dynamique. Le syst\u00e8me d&#8217;\u00e9chappement en titane Akrapovic R Performance est \u00e9galement disponible en option. Le mod\u00e8le Black Edition, avec des badges, garnitures, roues, phares et embouts d&#8217;\u00e9chappement fonc\u00e9s, sera propos\u00e9 aux \u00c9tats-Unis.<\/p>\n<h3>Le groupe Performance Ajoute des Caract\u00e9ristiques Utiles pour la Conduite sur Circuit<\/h3>\n<p>\nVolkswagen a apport\u00e9 plusieurs changements \u00e0 l&#8217;int\u00e9rieur de la Golf R 8.5. Le syst\u00e8me d&#8217;infodivertissement &#8211; contr\u00f4l\u00e9 via la commande vocale ou l&#8217;\u00e9cran de 12,9 pouces &#8211; utilise d\u00e9sormais un nouveau logiciel et mat\u00e9riel. En cons\u00e9quence, le syst\u00e8me est plus intuitif \u00e0 utiliser qu&#8217;auparavant, avec des configurations individuelles permettant aux propri\u00e9taires de personnaliser le syst\u00e8me selon leurs besoins. Ailleurs, les curseurs tactiles controvers\u00e9s pour le volume audio et les commandes de climatisation sont d\u00e9sormais \u00e9clair\u00e9s et, par cons\u00e9quent, plus faciles \u00e0 utiliser. L&#8217;\u00e9cran central de 12,9 pouces est accompagn\u00e9 d&#8217;un cockpit num\u00e9rique de 10,2 pouces de s\u00e9rie, qui peut \u00eatre compl\u00e9t\u00e9 par un affichage t\u00eate haute en option.<\/p>\n<p>Les cadrans num\u00e9riques disposent d\u00e9sormais d&#8217;un affichage Sport mis \u00e0 jour avec un compte-tours central fixe. Avec le pack Performance (mais venant de s\u00e9rie sur le mod\u00e8le sp\u00e9cifi\u00e9 pour les \u00c9tats-Unis), un chronom\u00e8tre GPS pour les tours de piste, un G-m\u00e8tre, et plusieurs autres aspects essentiels &#8211; y compris la r\u00e9partition du couple, la pression de suralimentation et la temp\u00e9rature de la bo\u00eete de vitesses &#8211; sont affich\u00e9s pour permettre au conducteur de les surveiller. Les si\u00e8ges sport premium pr\u00e9sentent des panneaux int\u00e9rieurs noirs et bleus avec des zones ext\u00e9rieures en ArtVelours. Les clients peuvent \u00e9galement sp\u00e9cifier des si\u00e8ges en cuir Nappa avec des \u00e9l\u00e9ments \u00e0 l\u2019aspect fibre de carbone et des accents bleus. Le volant sport en cuir (avec un marqueur bleu \u00e0 six heures) a \u00e9galement \u00e9t\u00e9 repens\u00e9, incluant des palettes de changement de vitesse plus grandes pour la transmission DSG.<\/p>\n<p>Attendez-vous \u00e0 ce qu\u2019elle arrive chez les concessionnaires d\u00e9but 2025.<\/p>\n<p>Avec des renseignements de Carbuzz<\/p>\n<p>Le texte <a rel=\"nofollow\" href=\"https:\/\/annuelauto.ca\/une-derniere-golf-r-avant-le-passage-a-lelectrique\/\">Une derni\u00e8re Golf R avant le passage \u00e0 l\u2019\u00e9lectrique<\/a> provient de <a rel=\"nofollow\" href=\"https:\/\/annuelauto.ca\">L&#8217;annuel de l&#8217;automobile &#8211; Actualit\u00e9 automobile<\/a><\/p>\n<p><\/p>\n","protected":false},"excerpt":{"rendered":"<p>Apr\u00e8s de nombreux indices, Volkswagen d\u00e9voile enfin la nouvelle Golf R 8.5, Elle se distingue par une puissance accrue, un style retouch\u00e9 et une \u00e9dition Black Edition, entre autres nouveaut\u00e9s. Cependant, aucune mention d\u2019une transmission manuelle n\u2019a \u00e9t\u00e9 faite. Maintenant 328 chevaux Le moteur quatre cylindres turbo de 2,0 litres produit d\u00e9sormais 328 chevaux et [&hellip;]<\/p>\n","protected":false},"author":8,"featured_media":167762,"comment_status":"close","ping_status":"closed","sticky":false,"template":"","format":"standard","meta":{"_monsterinsights_skip_tracking":false,"_monsterinsights_sitenote_active":false,"_monsterinsights_sitenote_note":"","_monsterinsights_sitenote_category":0,"footnotes":""},"categories":[101],"tags":[],"yoast_head":"<!-- This site is optimized with the Yoast SEO plugin v23.2 - https:\/\/yoast.com\/wordpress\/plugins\/seo\/ -->\n<title>Une derni\u00e8re Golf R avant le passage \u00e0 l\u2019\u00e9lectrique - CanadaMotorJobs.com<\/title>\n<meta name=\"description\" content=\"Une derni\u00e8re Golf R avant le passage \u00e0 l\u2019\u00e9lectrique - Benoit Charette - Annuel automobile - CanadaMotorJobs.com.\" \/>\n<meta name=\"robots\" content=\"index, follow, max-snippet:-1, max-image-preview:large, max-video-preview:-1\" \/>\n<meta property=\"og:locale\" content=\"fr_CA\" \/>\n<meta property=\"og:type\" content=\"article\" \/>\n<meta property=\"og:title\" content=\"Une derni\u00e8re Golf R avant le passage \u00e0 l\u2019\u00e9lectrique - CanadaMotorJobs.com\" \/>\n<meta property=\"og:description\" content=\"Une derni\u00e8re Golf R avant le passage \u00e0 l\u2019\u00e9lectrique - Benoit Charette - Annuel automobile - CanadaMotorJobs.com.\" \/>\n<meta property=\"og:url\" content=\"https:\/\/news.canadamotorjobs.com\/fr\/une-derniere-golf-r-avant-le-passage-a-lelectrique\/\" \/>\n<meta property=\"og:site_name\" content=\"CanadaMotorJobs.com\" \/>\n<meta property=\"article:publisher\" content=\"https:\/\/www.facebook.com\/canadamotorjobs\/\" \/>\n<meta property=\"article:published_time\" content=\"2024-06-26T11:07:35+00:00\" \/>\n<meta property=\"article:modified_time\" content=\"2024-06-26T11:14:06+00:00\" \/>\n<meta property=\"og:image\" content=\"https:\/\/news.canadamotorjobs.com\/wp-content\/uploads\/2024\/06\/BB1oSYFE.jpg\" \/>\n\t<meta property=\"og:image:width\" content=\"768\" \/>\n\t<meta property=\"og:image:height\" content=\"431\" \/>\n\t<meta property=\"og:image:type\" content=\"image\/jpeg\" \/>\n<meta name=\"author\" content=\"Benoit Charette\" \/>\n<meta name=\"twitter:card\" content=\"summary_large_image\" \/>\n<meta name=\"twitter:creator\" content=\"@canadamotorjobs\" \/>\n<meta name=\"twitter:site\" content=\"@canadamotorjobs\" \/>\n<meta name=\"twitter:label1\" content=\"\u00c9crit par\" \/>\n\t<meta name=\"twitter:data1\" content=\"Benoit Charette\" \/>\n\t<meta name=\"twitter:label2\" content=\"Estimation du temps de lecture\" \/>\n\t<meta name=\"twitter:data2\" content=\"5 minutes\" \/>\n<!-- \/ Yoast SEO plugin. -->","yoast_head_json":{"title":"Une derni\u00e8re Golf R avant le passage \u00e0 l\u2019\u00e9lectrique - CanadaMotorJobs.com","description":"Une derni\u00e8re Golf R avant le passage \u00e0 l\u2019\u00e9lectrique - Benoit Charette - Annuel automobile - CanadaMotorJobs.com.","robots":{"index":"index","follow":"follow","max-snippet":"max-snippet:-1","max-image-preview":"max-image-preview:large","max-video-preview":"max-video-preview:-1"},"og_locale":"fr_CA","og_type":"article","og_title":"Une derni\u00e8re Golf R avant le passage \u00e0 l\u2019\u00e9lectrique - CanadaMotorJobs.com","og_description":"Une derni\u00e8re Golf R avant le passage \u00e0 l\u2019\u00e9lectrique - Benoit Charette - Annuel automobile - CanadaMotorJobs.com.","og_url":"https:\/\/news.canadamotorjobs.com\/fr\/une-derniere-golf-r-avant-le-passage-a-lelectrique\/","og_site_name":"CanadaMotorJobs.com","article_publisher":"https:\/\/www.facebook.com\/canadamotorjobs\/","article_published_time":"2024-06-26T11:07:35+00:00","article_modified_time":"2024-06-26T11:14:06+00:00","og_image":[{"width":768,"height":431,"url":"https:\/\/news.canadamotorjobs.com\/wp-content\/uploads\/2024\/06\/BB1oSYFE.jpg","type":"image\/jpeg"}],"author":"Benoit Charette","twitter_card":"summary_large_image","twitter_creator":"@canadamotorjobs","twitter_site":"@canadamotorjobs","twitter_misc":{"\u00c9crit par":"Benoit Charette","Estimation du temps de lecture":"5 minutes"},"schema":{"@context":"https:\/\/schema.org","@graph":[{"@type":"Article","@id":"https:\/\/news.canadamotorjobs.com\/fr\/une-derniere-golf-r-avant-le-passage-a-lelectrique\/#article","isPartOf":{"@id":"https:\/\/news.canadamotorjobs.com\/fr\/une-derniere-golf-r-avant-le-passage-a-lelectrique\/"},"author":{"name":"Benoit Charette","@id":"https:\/\/news.canadamotorjobs.com\/#\/schema\/person\/51793d1f87d44011d7bcc2ed99269a90"},"headline":"Une derni\u00e8re Golf R avant le passage \u00e0 l\u2019\u00e9lectrique","datePublished":"2024-06-26T11:07:35+00:00","dateModified":"2024-06-26T11:14:06+00:00","mainEntityOfPage":{"@id":"https:\/\/news.canadamotorjobs.com\/fr\/une-derniere-golf-r-avant-le-passage-a-lelectrique\/"},"wordCount":1037,"publisher":{"@id":"https:\/\/news.canadamotorjobs.com\/#organization"},"image":{"@id":"https:\/\/news.canadamotorjobs.com\/fr\/une-derniere-golf-r-avant-le-passage-a-lelectrique\/#primaryimage"},"thumbnailUrl":"https:\/\/news.canadamotorjobs.com\/wp-content\/uploads\/2024\/06\/BB1oSYFE.jpg","articleSection":["Annuel automobile"],"inLanguage":"fr-CA"},{"@type":"WebPage","@id":"https:\/\/news.canadamotorjobs.com\/fr\/une-derniere-golf-r-avant-le-passage-a-lelectrique\/","url":"https:\/\/news.canadamotorjobs.com\/fr\/une-derniere-golf-r-avant-le-passage-a-lelectrique\/","name":"Une derni\u00e8re Golf R avant le passage \u00e0 l\u2019\u00e9lectrique - CanadaMotorJobs.com","isPartOf":{"@id":"https:\/\/news.canadamotorjobs.com\/#website"},"primaryImageOfPage":{"@id":"https:\/\/news.canadamotorjobs.com\/fr\/une-derniere-golf-r-avant-le-passage-a-lelectrique\/#primaryimage"},"image":{"@id":"https:\/\/news.canadamotorjobs.com\/fr\/une-derniere-golf-r-avant-le-passage-a-lelectrique\/#primaryimage"},"thumbnailUrl":"https:\/\/news.canadamotorjobs.com\/wp-content\/uploads\/2024\/06\/BB1oSYFE.jpg","datePublished":"2024-06-26T11:07:35+00:00","dateModified":"2024-06-26T11:14:06+00:00","description":"Une derni\u00e8re Golf R avant le passage \u00e0 l\u2019\u00e9lectrique - Benoit Charette - Annuel automobile - CanadaMotorJobs.com.","breadcrumb":{"@id":"https:\/\/news.canadamotorjobs.com\/fr\/une-derniere-golf-r-avant-le-passage-a-lelectrique\/#breadcrumb"},"inLanguage":"fr-CA","potentialAction":[{"@type":"ReadAction","target":["https:\/\/news.canadamotorjobs.com\/fr\/une-derniere-golf-r-avant-le-passage-a-lelectrique\/"]}]},{"@type":"ImageObject","inLanguage":"fr-CA","@id":"https:\/\/news.canadamotorjobs.com\/fr\/une-derniere-golf-r-avant-le-passage-a-lelectrique\/#primaryimage","url":"https:\/\/news.canadamotorjobs.com\/wp-content\/uploads\/2024\/06\/BB1oSYFE.jpg","contentUrl":"https:\/\/news.canadamotorjobs.com\/wp-content\/uploads\/2024\/06\/BB1oSYFE.jpg","width":768,"height":431},{"@type":"BreadcrumbList","@id":"https:\/\/news.canadamotorjobs.com\/fr\/une-derniere-golf-r-avant-le-passage-a-lelectrique\/#breadcrumb","itemListElement":[{"@type":"ListItem","position":1,"name":"Home","item":"https:\/\/news.canadamotorjobs.com\/fr\/blog\/"},{"@type":"ListItem","position":2,"name":"Une derni\u00e8re Golf R avant le passage \u00e0 l\u2019\u00e9lectrique"}]},{"@type":"WebSite","@id":"https:\/\/news.canadamotorjobs.com\/#website","url":"https:\/\/news.canadamotorjobs.com\/","name":"CanadaMotorJobs.com","description":"Automotive Jobs","publisher":{"@id":"https:\/\/news.canadamotorjobs.com\/#organization"},"potentialAction":[{"@type":"SearchAction","target":{"@type":"EntryPoint","urlTemplate":"https:\/\/news.canadamotorjobs.com\/?s={search_term_string}"},"query-input":"required name=search_term_string"}],"inLanguage":"fr-CA"},{"@type":"Organization","@id":"https:\/\/news.canadamotorjobs.com\/#organization","name":"Canada Motor Jobs","url":"https:\/\/news.canadamotorjobs.com\/","logo":{"@type":"ImageObject","inLanguage":"fr-CA","@id":"https:\/\/news.canadamotorjobs.com\/#\/schema\/logo\/image\/","url":"https:\/\/news.canadamotorjobs.com\/wp-content\/uploads\/2022\/10\/logo-canada-motor-jobs-1.png","contentUrl":"https:\/\/news.canadamotorjobs.com\/wp-content\/uploads\/2022\/10\/logo-canada-motor-jobs-1.png","width":800,"height":400,"caption":"Canada Motor Jobs"},"image":{"@id":"https:\/\/news.canadamotorjobs.com\/#\/schema\/logo\/image\/"},"sameAs":["https:\/\/www.facebook.com\/canadamotorjobs\/","https:\/\/x.com\/canadamotorjobs","https:\/\/www.instagram.com\/canadamotorjobs\/","https:\/\/www.linkedin.com\/company\/canadamotorjobs"]},{"@type":"Person","@id":"https:\/\/news.canadamotorjobs.com\/#\/schema\/person\/51793d1f87d44011d7bcc2ed99269a90","name":"Benoit Charette","image":{"@type":"ImageObject","inLanguage":"fr-CA","@id":"https:\/\/news.canadamotorjobs.com\/#\/schema\/person\/image\/","url":"https:\/\/secure.gravatar.com\/avatar\/45f3d2eebcccd909668d7ce7ea7267b6?s=96&d=mm&r=g","contentUrl":"https:\/\/secure.gravatar.com\/avatar\/45f3d2eebcccd909668d7ce7ea7267b6?s=96&d=mm&r=g","caption":"Benoit Charette"},"description":"Benoit Charette \/ Propri\u00e9taire et r\u00e9dacteur en chef Benoit Charette pratique le journalisme automobile depuis bient\u00f4t 30 ans. Il a fait ses classes au c\u00f4t\u00e9 de Daniel H\u00e9raud et au Carnet de route de 1992 \u00e0 2001. Il est fondateur, copropri\u00e9taire et r\u00e9dacteur en chef de L\u2019Annuel de l\u2019automobile, qu\u2019il publie depuis 2001. Il a anim\u00e9 les \u00e9missions RPM et RPM+ sur V et les L\u00e9gendes de la route sur Historia. \u00c0 la radio depuis 1986, il reprend l\u2019antenne cette ann\u00e9e sur les ondes de Cogeco et participe pour la deuxi\u00e8me ann\u00e9e \u00e0 l\u2019\u00e9mission Passion Auto sur RDS en plus de mettre en ligne le site Web officiel de L\u2019Annuel de l\u2019automobile sur annuelauto.ca.","sameAs":["https:\/\/annuelauto.ca\/"],"url":"https:\/\/news.canadamotorjobs.com\/fr\/author\/benoit-charette\/"}]}},"_links":{"self":[{"href":"https:\/\/news.canadamotorjobs.com\/fr\/wp-json\/wp\/v2\/posts\/167760"}],"collection":[{"href":"https:\/\/news.canadamotorjobs.com\/fr\/wp-json\/wp\/v2\/posts"}],"about":[{"href":"https:\/\/news.canadamotorjobs.com\/fr\/wp-json\/wp\/v2\/types\/post"}],"author":[{"embeddable":true,"href":"https:\/\/news.canadamotorjobs.com\/fr\/wp-json\/wp\/v2\/users\/8"}],"replies":[{"embeddable":true,"href":"https:\/\/news.canadamotorjobs.com\/fr\/wp-json\/wp\/v2\/comments?post=167760"}],"version-history":[{"count":2,"href":"https:\/\/news.canadamotorjobs.com\/fr\/wp-json\/wp\/v2\/posts\/167760\/revisions"}],"predecessor-version":[{"id":167764,"href":"https:\/\/news.canadamotorjobs.com\/fr\/wp-json\/wp\/v2\/posts\/167760\/revisions\/167764"}],"wp:featuredmedia":[{"embeddable":true,"href":"https:\/\/news.canadamotorjobs.com\/fr\/wp-json\/wp\/v2\/media\/167762"}],"wp:attachment":[{"href":"https:\/\/news.canadamotorjobs.com\/fr\/wp-json\/wp\/v2\/media?parent=167760"}],"wp:term":[{"taxonomy":"category","embeddable":true,"href":"https:\/\/news.canadamotorjobs.com\/fr\/wp-json\/wp\/v2\/categories?post=167760"},{"taxonomy":"post_tag","embeddable":true,"href":"https:\/\/news.canadamotorjobs.com\/fr\/wp-json\/wp\/v2\/tags?post=167760"}],"curies":[{"name":"wp","href":"https:\/\/api.w.org\/{rel}","templated":true}]}}