{"id":167741,"date":"2024-06-26T06:50:37","date_gmt":"2024-06-26T10:50:37","guid":{"rendered":"https:\/\/news.canadamotorjobs.com\/?p=167741"},"modified":"2024-06-26T07:02:11","modified_gmt":"2024-06-26T11:02:11","slug":"un-nouveau-rappel-chez-mercedes-pour-les-modeles-amg","status":"publish","type":"post","link":"https:\/\/news.canadamotorjobs.com\/fr\/un-nouveau-rappel-chez-mercedes-pour-les-modeles-amg\/","title":{"rendered":"Un nouveau rappel chez Mercedes pour les mod\u00e8les AMG"},"content":{"rendered":"<\/p>\n<ul><\/p>\n<li>\n<h3><strong>Les mod\u00e8les AMG de Mercedes rappel\u00e9s en raison de c\u00e2blage d\u00e9fectueux<\/strong><\/h3>\n<p>\n<\/li>\n<p><\/p>\n<li>\n<h3><strong>Rappel massif des Mercedes-AMG aux \u00c9tats-Unis pour des probl\u00e8mes de c\u00e2blage<\/strong><\/h3>\n<p>\n<\/li>\n<p><\/p>\n<li>\n<h3><strong>C\u00e2blage d\u00e9fectueux : Mercedes-AMG rappelle pr\u00e8s de 17 000 v\u00e9hicules<\/strong><\/h3>\n<p>\n<\/li>\n<p>\n<\/ul>\n<p><\/p>\n<h3>Premi\u00e8re vague de rappels : Mercedes-AMG de 2017 \u00e0 2022<\/h3>\n<p>\nMercedes-Benz a annonc\u00e9 un rappel massif aux \u00c9tats-Unis, affectant plusieurs mod\u00e8les AMG en raison d&#8217;un probl\u00e8me de c\u00e2blage de la transmission. Cette campagne de rappel concerne les v\u00e9hicules construits entre 2017 et 2022, et vise \u00e0 inspecter et r\u00e9parer les connexions de faisceau de c\u00e2blage de la transmission, susceptibles de provoquer des courts-circuits.<\/p>\n<p>Selon Mercedes, de l&#8217;eau pourrait p\u00e9n\u00e9trer dans le connecteur du faisceau de c\u00e2blage de la transmission et causer un court-circuit. Ce probl\u00e8me pourrait entra\u00eener une surcharge thermique du connecteur lorsque le v\u00e9hicule est stationn\u00e9, augmentant ainsi le risque d&#8217;incendie. Les propri\u00e9taires des v\u00e9hicules concern\u00e9s seront avertis par un message d\u2019alerte \u00ab\u00a0d\u00e9faillance 4MATIC\u00a0\u00bb sur le tableau de bord avant l\u2019apparition d\u2019un court-circuit.<\/p>\n<p>Cette campagne de rappel est la deuxi\u00e8me pour le m\u00eame d\u00e9faut, Mercedes-Benz ayant r\u00e9v\u00e9l\u00e9 que certains faisceaux de c\u00e2blage de transmission n&#8217;avaient peut-\u00eatre pas \u00e9t\u00e9 correctement inspect\u00e9s ou r\u00e9par\u00e9s lors de la premi\u00e8re intervention.<\/p>\n<h3>Un total de 16 967 v\u00e9hicules est concern\u00e9 par ce rappel, incluant les mod\u00e8les suivants :<\/h3>\n<p><\/p>\n<ul><\/p>\n<li>Mercedes-AMG CLS 53 4MATIC+ (2019-2021)<\/li>\n<p><\/p>\n<li>E 53 4MATIC+ Berline (2019-2023)<\/li>\n<p><\/p>\n<li>E 53 4MATIC+ Coup\u00e9 (2019-2023)<\/li>\n<p><\/p>\n<li>E 53 4MATIC+ Cabriolet (2019-2023)<\/li>\n<p><\/p>\n<li>GT 43 4MATIC+ (2021-2023)<\/li>\n<p><\/p>\n<li>GT 53 4MATIC+ (2019-2023)<\/li>\n<p>\n<\/ul>\n<p>\nLes propri\u00e9taires seront inform\u00e9s de ce rappel avant le 13 ao\u00fbt, et les concessionnaires seront charg\u00e9s de remplacer le faisceau de c\u00e2blage d\u00e9fectueux, y compris le connecteur.<\/p>\n<h3>Deuxi\u00e8me rappel : C 300 mod\u00e8les 2022-2023<\/h3>\n<p>\nUn autre rappel a \u00e9t\u00e9 \u00e9mis par Mercedes-Benz aux \u00c9tats-Unis, concernant cette fois-ci 1 058 unit\u00e9s des mod\u00e8les C 300 des ann\u00e9es mod\u00e8les 2022-2023. Dans ce cas, un boulon fixant un fil \u00e9lectrique \u00e0 la bo\u00eete \u00e0 fusibles pr\u00e9-fusible dans le plancher du passager pourrait ne pas avoir \u00e9t\u00e9 suffisamment serr\u00e9.<\/p>\n<p>Si ce boulon n&#8217;est pas correctement fix\u00e9, la r\u00e9sistance de la connexion pourrait augmenter, ce qui entra\u00eenerait une hausse de la temp\u00e9rature et, potentiellement, un risque accru d&#8217;incendie. Les v\u00e9hicules pourraient \u00e9galement subir une perte compl\u00e8te de puissance de mani\u00e8re soudaine. Les concessionnaires ont \u00e9t\u00e9 instruits de v\u00e9rifier la connexion du faisceau de c\u00e2blage \u00e0 la bo\u00eete \u00e0 fusibles pr\u00e9-fusible et de la corriger si n\u00e9cessaire.<\/p>\n<p>Ces rappels soulignent l\u2019importance des v\u00e9rifications et des r\u00e9parations minutieuses pour garantir la s\u00e9curit\u00e9 des conducteurs et des passagers des v\u00e9hicules concern\u00e9s. Les propri\u00e9taires des mod\u00e8les affect\u00e9s sont invit\u00e9s \u00e0 contacter leur concessionnaire pour plus d\u2019informations et pour organiser les r\u00e9parations n\u00e9cessaires.<\/p>\n<p>Avec des renseignements de Carscoops<\/p>\n<p>Le texte <a rel=\"nofollow\" href=\"https:\/\/annuelauto.ca\/problemes-de-cablage-suscitent-un-nouveau-rappel-chez-mercedes-amg\/\">Un nouveau rappel chez Mercedes pour les mod\u00e8les AMG<\/a> provient de <a rel=\"nofollow\" href=\"https:\/\/annuelauto.ca\">L&#8217;annuel de l&#8217;automobile &#8211; Actualit\u00e9 automobile<\/a><\/p>\n<p><\/p>\n","protected":false},"excerpt":{"rendered":"<p>Les mod\u00e8les AMG de Mercedes rappel\u00e9s en raison de c\u00e2blage d\u00e9fectueux Rappel massif des Mercedes-AMG aux \u00c9tats-Unis pour des probl\u00e8mes de c\u00e2blage C\u00e2blage d\u00e9fectueux : Mercedes-AMG rappelle pr\u00e8s de 17 000 v\u00e9hicules Premi\u00e8re vague de rappels : Mercedes-AMG de 2017 \u00e0 2022 Mercedes-Benz a annonc\u00e9 un rappel massif aux \u00c9tats-Unis, affectant plusieurs mod\u00e8les AMG en [&hellip;]<\/p>\n","protected":false},"author":8,"featured_media":167743,"comment_status":"close","ping_status":"closed","sticky":false,"template":"","format":"standard","meta":{"_monsterinsights_skip_tracking":false,"_monsterinsights_sitenote_active":false,"_monsterinsights_sitenote_note":"","_monsterinsights_sitenote_category":0,"footnotes":""},"categories":[101],"tags":[],"yoast_head":"<!-- This site is optimized with the Yoast SEO plugin v23.2 - https:\/\/yoast.com\/wordpress\/plugins\/seo\/ -->\n<title>Un nouveau rappel chez Mercedes pour les mod\u00e8les AMG - CanadaMotorJobs.com<\/title>\n<meta name=\"description\" content=\"Un nouveau rappel chez Mercedes pour les mod\u00e8les AMG - Benoit Charette - Annuel automobile - CanadaMotorJobs.com.\" \/>\n<meta name=\"robots\" content=\"index, follow, max-snippet:-1, max-image-preview:large, max-video-preview:-1\" \/>\n<meta property=\"og:locale\" content=\"fr_CA\" \/>\n<meta property=\"og:type\" content=\"article\" \/>\n<meta property=\"og:title\" content=\"Un nouveau rappel chez Mercedes pour les mod\u00e8les AMG - CanadaMotorJobs.com\" \/>\n<meta property=\"og:description\" content=\"Un nouveau rappel chez Mercedes pour les mod\u00e8les AMG - Benoit Charette - Annuel automobile - CanadaMotorJobs.com.\" \/>\n<meta property=\"og:url\" content=\"https:\/\/news.canadamotorjobs.com\/fr\/un-nouveau-rappel-chez-mercedes-pour-les-modeles-amg\/\" \/>\n<meta property=\"og:site_name\" content=\"CanadaMotorJobs.com\" \/>\n<meta property=\"article:publisher\" content=\"https:\/\/www.facebook.com\/canadamotorjobs\/\" \/>\n<meta property=\"article:published_time\" content=\"2024-06-26T10:50:37+00:00\" \/>\n<meta property=\"article:modified_time\" content=\"2024-06-26T11:02:11+00:00\" \/>\n<meta property=\"og:image\" content=\"https:\/\/news.canadamotorjobs.com\/wp-content\/uploads\/2024\/06\/20C0056_014-1024x597-1.png\" \/>\n\t<meta property=\"og:image:width\" content=\"1024\" \/>\n\t<meta property=\"og:image:height\" content=\"597\" \/>\n\t<meta property=\"og:image:type\" content=\"image\/png\" \/>\n<meta name=\"author\" content=\"Benoit Charette\" \/>\n<meta name=\"twitter:card\" content=\"summary_large_image\" \/>\n<meta name=\"twitter:creator\" content=\"@canadamotorjobs\" \/>\n<meta name=\"twitter:site\" content=\"@canadamotorjobs\" \/>\n<meta name=\"twitter:label1\" content=\"\u00c9crit par\" \/>\n\t<meta name=\"twitter:data1\" content=\"Benoit Charette\" \/>\n\t<meta name=\"twitter:label2\" content=\"Estimation du temps de lecture\" \/>\n\t<meta name=\"twitter:data2\" content=\"3 minutes\" \/>\n<!-- \/ Yoast SEO plugin. -->","yoast_head_json":{"title":"Un nouveau rappel chez Mercedes pour les mod\u00e8les AMG - CanadaMotorJobs.com","description":"Un nouveau rappel chez Mercedes pour les mod\u00e8les AMG - Benoit Charette - Annuel automobile - CanadaMotorJobs.com.","robots":{"index":"index","follow":"follow","max-snippet":"max-snippet:-1","max-image-preview":"max-image-preview:large","max-video-preview":"max-video-preview:-1"},"og_locale":"fr_CA","og_type":"article","og_title":"Un nouveau rappel chez Mercedes pour les mod\u00e8les AMG - CanadaMotorJobs.com","og_description":"Un nouveau rappel chez Mercedes pour les mod\u00e8les AMG - Benoit Charette - Annuel automobile - CanadaMotorJobs.com.","og_url":"https:\/\/news.canadamotorjobs.com\/fr\/un-nouveau-rappel-chez-mercedes-pour-les-modeles-amg\/","og_site_name":"CanadaMotorJobs.com","article_publisher":"https:\/\/www.facebook.com\/canadamotorjobs\/","article_published_time":"2024-06-26T10:50:37+00:00","article_modified_time":"2024-06-26T11:02:11+00:00","og_image":[{"width":1024,"height":597,"url":"https:\/\/news.canadamotorjobs.com\/wp-content\/uploads\/2024\/06\/20C0056_014-1024x597-1.png","type":"image\/png"}],"author":"Benoit Charette","twitter_card":"summary_large_image","twitter_creator":"@canadamotorjobs","twitter_site":"@canadamotorjobs","twitter_misc":{"\u00c9crit par":"Benoit Charette","Estimation du temps de lecture":"3 minutes"},"schema":{"@context":"https:\/\/schema.org","@graph":[{"@type":"Article","@id":"https:\/\/news.canadamotorjobs.com\/fr\/un-nouveau-rappel-chez-mercedes-pour-les-modeles-amg\/#article","isPartOf":{"@id":"https:\/\/news.canadamotorjobs.com\/fr\/un-nouveau-rappel-chez-mercedes-pour-les-modeles-amg\/"},"author":{"name":"Benoit Charette","@id":"https:\/\/news.canadamotorjobs.com\/#\/schema\/person\/51793d1f87d44011d7bcc2ed99269a90"},"headline":"Un nouveau rappel chez Mercedes pour les mod\u00e8les AMG","datePublished":"2024-06-26T10:50:37+00:00","dateModified":"2024-06-26T11:02:11+00:00","mainEntityOfPage":{"@id":"https:\/\/news.canadamotorjobs.com\/fr\/un-nouveau-rappel-chez-mercedes-pour-les-modeles-amg\/"},"wordCount":520,"publisher":{"@id":"https:\/\/news.canadamotorjobs.com\/#organization"},"image":{"@id":"https:\/\/news.canadamotorjobs.com\/fr\/un-nouveau-rappel-chez-mercedes-pour-les-modeles-amg\/#primaryimage"},"thumbnailUrl":"https:\/\/news.canadamotorjobs.com\/wp-content\/uploads\/2024\/06\/20C0056_014-1024x597-1.png","articleSection":["Annuel automobile"],"inLanguage":"fr-CA"},{"@type":"WebPage","@id":"https:\/\/news.canadamotorjobs.com\/fr\/un-nouveau-rappel-chez-mercedes-pour-les-modeles-amg\/","url":"https:\/\/news.canadamotorjobs.com\/fr\/un-nouveau-rappel-chez-mercedes-pour-les-modeles-amg\/","name":"Un nouveau rappel chez Mercedes pour les mod\u00e8les AMG - CanadaMotorJobs.com","isPartOf":{"@id":"https:\/\/news.canadamotorjobs.com\/#website"},"primaryImageOfPage":{"@id":"https:\/\/news.canadamotorjobs.com\/fr\/un-nouveau-rappel-chez-mercedes-pour-les-modeles-amg\/#primaryimage"},"image":{"@id":"https:\/\/news.canadamotorjobs.com\/fr\/un-nouveau-rappel-chez-mercedes-pour-les-modeles-amg\/#primaryimage"},"thumbnailUrl":"https:\/\/news.canadamotorjobs.com\/wp-content\/uploads\/2024\/06\/20C0056_014-1024x597-1.png","datePublished":"2024-06-26T10:50:37+00:00","dateModified":"2024-06-26T11:02:11+00:00","description":"Un nouveau rappel chez Mercedes pour les mod\u00e8les AMG - Benoit Charette - Annuel automobile - CanadaMotorJobs.com.","breadcrumb":{"@id":"https:\/\/news.canadamotorjobs.com\/fr\/un-nouveau-rappel-chez-mercedes-pour-les-modeles-amg\/#breadcrumb"},"inLanguage":"fr-CA","potentialAction":[{"@type":"ReadAction","target":["https:\/\/news.canadamotorjobs.com\/fr\/un-nouveau-rappel-chez-mercedes-pour-les-modeles-amg\/"]}]},{"@type":"ImageObject","inLanguage":"fr-CA","@id":"https:\/\/news.canadamotorjobs.com\/fr\/un-nouveau-rappel-chez-mercedes-pour-les-modeles-amg\/#primaryimage","url":"https:\/\/news.canadamotorjobs.com\/wp-content\/uploads\/2024\/06\/20C0056_014-1024x597-1.png","contentUrl":"https:\/\/news.canadamotorjobs.com\/wp-content\/uploads\/2024\/06\/20C0056_014-1024x597-1.png","width":1024,"height":597},{"@type":"BreadcrumbList","@id":"https:\/\/news.canadamotorjobs.com\/fr\/un-nouveau-rappel-chez-mercedes-pour-les-modeles-amg\/#breadcrumb","itemListElement":[{"@type":"ListItem","position":1,"name":"Home","item":"https:\/\/news.canadamotorjobs.com\/fr\/blog\/"},{"@type":"ListItem","position":2,"name":"Un nouveau rappel chez Mercedes pour les mod\u00e8les AMG"}]},{"@type":"WebSite","@id":"https:\/\/news.canadamotorjobs.com\/#website","url":"https:\/\/news.canadamotorjobs.com\/","name":"CanadaMotorJobs.com","description":"Automotive Jobs","publisher":{"@id":"https:\/\/news.canadamotorjobs.com\/#organization"},"potentialAction":[{"@type":"SearchAction","target":{"@type":"EntryPoint","urlTemplate":"https:\/\/news.canadamotorjobs.com\/?s={search_term_string}"},"query-input":"required name=search_term_string"}],"inLanguage":"fr-CA"},{"@type":"Organization","@id":"https:\/\/news.canadamotorjobs.com\/#organization","name":"Canada Motor Jobs","url":"https:\/\/news.canadamotorjobs.com\/","logo":{"@type":"ImageObject","inLanguage":"fr-CA","@id":"https:\/\/news.canadamotorjobs.com\/#\/schema\/logo\/image\/","url":"https:\/\/news.canadamotorjobs.com\/wp-content\/uploads\/2022\/10\/logo-canada-motor-jobs-1.png","contentUrl":"https:\/\/news.canadamotorjobs.com\/wp-content\/uploads\/2022\/10\/logo-canada-motor-jobs-1.png","width":800,"height":400,"caption":"Canada Motor Jobs"},"image":{"@id":"https:\/\/news.canadamotorjobs.com\/#\/schema\/logo\/image\/"},"sameAs":["https:\/\/www.facebook.com\/canadamotorjobs\/","https:\/\/x.com\/canadamotorjobs","https:\/\/www.instagram.com\/canadamotorjobs\/","https:\/\/www.linkedin.com\/company\/canadamotorjobs"]},{"@type":"Person","@id":"https:\/\/news.canadamotorjobs.com\/#\/schema\/person\/51793d1f87d44011d7bcc2ed99269a90","name":"Benoit Charette","image":{"@type":"ImageObject","inLanguage":"fr-CA","@id":"https:\/\/news.canadamotorjobs.com\/#\/schema\/person\/image\/","url":"https:\/\/secure.gravatar.com\/avatar\/45f3d2eebcccd909668d7ce7ea7267b6?s=96&d=mm&r=g","contentUrl":"https:\/\/secure.gravatar.com\/avatar\/45f3d2eebcccd909668d7ce7ea7267b6?s=96&d=mm&r=g","caption":"Benoit Charette"},"description":"Benoit Charette \/ Propri\u00e9taire et r\u00e9dacteur en chef Benoit Charette pratique le journalisme automobile depuis bient\u00f4t 30 ans. Il a fait ses classes au c\u00f4t\u00e9 de Daniel H\u00e9raud et au Carnet de route de 1992 \u00e0 2001. Il est fondateur, copropri\u00e9taire et r\u00e9dacteur en chef de L\u2019Annuel de l\u2019automobile, qu\u2019il publie depuis 2001. Il a anim\u00e9 les \u00e9missions RPM et RPM+ sur V et les L\u00e9gendes de la route sur Historia. \u00c0 la radio depuis 1986, il reprend l\u2019antenne cette ann\u00e9e sur les ondes de Cogeco et participe pour la deuxi\u00e8me ann\u00e9e \u00e0 l\u2019\u00e9mission Passion Auto sur RDS en plus de mettre en ligne le site Web officiel de L\u2019Annuel de l\u2019automobile sur annuelauto.ca.","sameAs":["https:\/\/annuelauto.ca\/"],"url":"https:\/\/news.canadamotorjobs.com\/fr\/author\/benoit-charette\/"}]}},"_links":{"self":[{"href":"https:\/\/news.canadamotorjobs.com\/fr\/wp-json\/wp\/v2\/posts\/167741"}],"collection":[{"href":"https:\/\/news.canadamotorjobs.com\/fr\/wp-json\/wp\/v2\/posts"}],"about":[{"href":"https:\/\/news.canadamotorjobs.com\/fr\/wp-json\/wp\/v2\/types\/post"}],"author":[{"embeddable":true,"href":"https:\/\/news.canadamotorjobs.com\/fr\/wp-json\/wp\/v2\/users\/8"}],"replies":[{"embeddable":true,"href":"https:\/\/news.canadamotorjobs.com\/fr\/wp-json\/wp\/v2\/comments?post=167741"}],"version-history":[{"count":2,"href":"https:\/\/news.canadamotorjobs.com\/fr\/wp-json\/wp\/v2\/posts\/167741\/revisions"}],"predecessor-version":[{"id":167745,"href":"https:\/\/news.canadamotorjobs.com\/fr\/wp-json\/wp\/v2\/posts\/167741\/revisions\/167745"}],"wp:featuredmedia":[{"embeddable":true,"href":"https:\/\/news.canadamotorjobs.com\/fr\/wp-json\/wp\/v2\/media\/167743"}],"wp:attachment":[{"href":"https:\/\/news.canadamotorjobs.com\/fr\/wp-json\/wp\/v2\/media?parent=167741"}],"wp:term":[{"taxonomy":"category","embeddable":true,"href":"https:\/\/news.canadamotorjobs.com\/fr\/wp-json\/wp\/v2\/categories?post=167741"},{"taxonomy":"post_tag","embeddable":true,"href":"https:\/\/news.canadamotorjobs.com\/fr\/wp-json\/wp\/v2\/tags?post=167741"}],"curies":[{"name":"wp","href":"https:\/\/api.w.org\/{rel}","templated":true}]}}