{"id":167710,"date":"2024-06-25T07:41:30","date_gmt":"2024-06-25T11:41:30","guid":{"rendered":"https:\/\/news.canadamotorjobs.com\/?p=167710"},"modified":"2024-06-25T07:44:42","modified_gmt":"2024-06-25T11:44:42","slug":"mclaren-pourrait-avoir-son-vus","status":"publish","type":"post","link":"https:\/\/news.canadamotorjobs.com\/fr\/mclaren-pourrait-avoir-son-vus\/","title":{"rendered":"McLaren pourrait avoir son VUS"},"content":{"rendered":"<\/p>\n<p>McLaren, c\u00e9l\u00e8bre pour ses mod\u00e8les rac\u00e9s, travaille sur un v\u00e9hicule plus pratique, surnomm\u00e9 par le PDG Michael Leiters comme un \u00ab v\u00e9hicule de performance partag\u00e9e \u00bb. Ce v\u00e9hicule promet de combiner performances \u00e9lev\u00e9es et capacit\u00e9 d&#8217;accueillir plusieurs passagers, une premi\u00e8re pour la marque.<\/p>\n<h3>Un VUS pour rivaliser avec Ferrari et Lamborghini<\/h3>\n<p>\nBien que ce concept puisse inclure des formats tels qu\u2019un coup\u00e9 2+2 ou m\u00eame une berline, McLaren envisage tr\u00e8s s\u00e9rieusement de se lancer dans le segment des VUS, rejoignant ainsi ses concurrents Ferrari et Lamborghini. Ce segment est extr\u00eamement lucratif et difficile \u00e0 ignorer pour un constructeur en qu\u00eate de rentabilit\u00e9 comme McLaren. Le VUS Urus de Lamborghini se vend en effet presque autant que toutes les voitures de la marque r\u00e9unies. La demande pour le Purosangue de Ferrari est \u00e9galement tr\u00e8s forte, bien que Ferrari limite la production \u00e0 20 % de ses ventes totales pour maintenir l&#8217;exclusivit\u00e9, une strat\u00e9gie que McLaren pourrait aussi adopter.<\/p>\n<h3>Exploration des styles de carrosserie<\/h3>\n<p>\nDans une interview avec Carscoops publi\u00e9e dimanche, Piers Scott, directeur de la communication mondiale de McLaren, a fourni plus de d\u00e9tails sur le potentiel VUS de la marque. Il a mentionn\u00e9 que McLaren explore diff\u00e9rents styles de carrosserie et envisage \u00e0 la fois des options \u00e0 deux et quatre portes. Scott a \u00e9galement confirm\u00e9 les d\u00e9clarations ant\u00e9rieures de Leiters selon lesquelles McLaren pourrait utiliser une plateforme fournie par un autre constructeur pour ce v\u00e9hicule de performance partag\u00e9e. Une d\u00e9cision est attendue d&#8217;ici la fin de l&#8217;ann\u00e9e. Il est crucial que cette plateforme r\u00e9ponde aux normes \u00e9lev\u00e9es de McLaren et puisse \u00eatre adapt\u00e9e aux modifications souhait\u00e9es par la marque.<\/p>\n<h3>Partenariat potentiel avec BMW<\/h3>\n<p>\nDans son interview avec Carscoops, Scott a \u00e9voqu\u00e9 la possibilit\u00e9 d&#8217;un partenariat avec BMW pour la plateforme. BMW a d\u00e9j\u00e0 fourni le moteur V-12 pour la c\u00e9l\u00e8bre McLaren F1 et plus r\u00e9cemment, les batteries pour la McLaren Artura hybride rechargeable. Le nouveau v\u00e9hicule de performance partag\u00e9e sera probablement aussi un hybride rechargeable, bien que McLaren envisage d&#8217;utiliser son propre groupe motopropulseur, selon les d\u00e9clarations pr\u00e9c\u00e9dentes de Leiters.<\/p>\n<h3>Option \u00e9lectrique pour l&#8217;avenir<\/h3>\n<p>\nScott a \u00e9galement mentionn\u00e9 que McLaren envisage une motorisation \u00e9lectrique, bien qu&#8217;il ait minimis\u00e9 cette possibilit\u00e9 \u00e0 court ou moyen terme en raison d&#8217;une demande encore limit\u00e9e. \u00c0 long terme, un VUS \u00e9lectrique pourrait avoir du sens et McLaren pourrait m\u00eame envisager de se tourner vers un fournisseur asiatique pour la plateforme.<\/p>\n<h3>Vers une future voitures \u00e9lectriques<\/h3>\n<p>\nBien que Leiters ait pr\u00e9c\u00e9demment d\u00e9clar\u00e9 que la technologie des batteries n&#8217;\u00e9tait pas encore pr\u00eate pour des v\u00e9hicules \u00e0 haute performance comme les exotiques, il a appel\u00e9 le gouvernement britannique \u00e0 soutenir la production locale de cellules de batteries \u00e0 haute densit\u00e9, qui pourraient \u00eatre utilis\u00e9es dans un futur mod\u00e8le \u00e9lectrique.<\/p>\n<p>Avec des renseignements de Motor Authority<\/p>\n<p>Le texte <a rel=\"nofollow\" href=\"https:\/\/annuelauto.ca\/mclaren-pourrait-avoir-son-vus\/\">McLaren pourrait avoir son VUS<\/a> provient de <a rel=\"nofollow\" href=\"https:\/\/annuelauto.ca\">L&#8217;annuel de l&#8217;automobile &#8211; Actualit\u00e9 automobile<\/a><\/p>\n<p><\/p>\n","protected":false},"excerpt":{"rendered":"<p>McLaren, c\u00e9l\u00e8bre pour ses mod\u00e8les rac\u00e9s, travaille sur un v\u00e9hicule plus pratique, surnomm\u00e9 par le PDG Michael Leiters comme un \u00ab v\u00e9hicule de performance partag\u00e9e \u00bb. Ce v\u00e9hicule promet de combiner performances \u00e9lev\u00e9es et capacit\u00e9 d&#8217;accueillir plusieurs passagers, une premi\u00e8re pour la marque. Un VUS pour rivaliser avec Ferrari et Lamborghini Bien que ce concept [&hellip;]<\/p>\n","protected":false},"author":8,"featured_media":167712,"comment_status":"close","ping_status":"closed","sticky":false,"template":"","format":"standard","meta":{"_monsterinsights_skip_tracking":false,"_monsterinsights_sitenote_active":false,"_monsterinsights_sitenote_note":"","_monsterinsights_sitenote_category":0,"footnotes":""},"categories":[101],"tags":[],"yoast_head":"<!-- This site is optimized with the Yoast SEO plugin v23.2 - https:\/\/yoast.com\/wordpress\/plugins\/seo\/ -->\n<title>McLaren pourrait avoir son VUS - CanadaMotorJobs.com<\/title>\n<meta name=\"description\" content=\"McLaren pourrait avoir son VUS - Benoit Charette - Annuel automobile - CanadaMotorJobs.com.\" \/>\n<meta name=\"robots\" content=\"index, follow, max-snippet:-1, max-image-preview:large, max-video-preview:-1\" \/>\n<meta property=\"og:locale\" content=\"fr_CA\" \/>\n<meta property=\"og:type\" content=\"article\" \/>\n<meta property=\"og:title\" content=\"McLaren pourrait avoir son VUS - CanadaMotorJobs.com\" \/>\n<meta property=\"og:description\" content=\"McLaren pourrait avoir son VUS - Benoit Charette - Annuel automobile - CanadaMotorJobs.com.\" \/>\n<meta property=\"og:url\" content=\"https:\/\/news.canadamotorjobs.com\/fr\/mclaren-pourrait-avoir-son-vus\/\" \/>\n<meta property=\"og:site_name\" content=\"CanadaMotorJobs.com\" \/>\n<meta property=\"article:publisher\" content=\"https:\/\/www.facebook.com\/canadamotorjobs\/\" \/>\n<meta property=\"article:published_time\" content=\"2024-06-25T11:41:30+00:00\" \/>\n<meta property=\"article:modified_time\" content=\"2024-06-25T11:44:42+00:00\" \/>\n<meta property=\"og:image\" content=\"https:\/\/news.canadamotorjobs.com\/wp-content\/uploads\/2024\/06\/The-McLaren-emblem.jpg\" \/>\n\t<meta property=\"og:image:width\" content=\"2250\" \/>\n\t<meta property=\"og:image:height\" content=\"1552\" \/>\n\t<meta property=\"og:image:type\" content=\"image\/jpeg\" \/>\n<meta name=\"author\" content=\"Benoit Charette\" \/>\n<meta name=\"twitter:card\" content=\"summary_large_image\" \/>\n<meta name=\"twitter:creator\" content=\"@canadamotorjobs\" \/>\n<meta name=\"twitter:site\" content=\"@canadamotorjobs\" \/>\n<meta name=\"twitter:label1\" content=\"\u00c9crit par\" \/>\n\t<meta name=\"twitter:data1\" content=\"Benoit Charette\" \/>\n\t<meta name=\"twitter:label2\" content=\"Estimation du temps de lecture\" \/>\n\t<meta name=\"twitter:data2\" content=\"3 minutes\" \/>\n<!-- \/ Yoast SEO plugin. -->","yoast_head_json":{"title":"McLaren pourrait avoir son VUS - CanadaMotorJobs.com","description":"McLaren pourrait avoir son VUS - Benoit Charette - Annuel automobile - CanadaMotorJobs.com.","robots":{"index":"index","follow":"follow","max-snippet":"max-snippet:-1","max-image-preview":"max-image-preview:large","max-video-preview":"max-video-preview:-1"},"og_locale":"fr_CA","og_type":"article","og_title":"McLaren pourrait avoir son VUS - CanadaMotorJobs.com","og_description":"McLaren pourrait avoir son VUS - Benoit Charette - Annuel automobile - CanadaMotorJobs.com.","og_url":"https:\/\/news.canadamotorjobs.com\/fr\/mclaren-pourrait-avoir-son-vus\/","og_site_name":"CanadaMotorJobs.com","article_publisher":"https:\/\/www.facebook.com\/canadamotorjobs\/","article_published_time":"2024-06-25T11:41:30+00:00","article_modified_time":"2024-06-25T11:44:42+00:00","og_image":[{"width":2250,"height":1552,"url":"https:\/\/news.canadamotorjobs.com\/wp-content\/uploads\/2024\/06\/The-McLaren-emblem.jpg","type":"image\/jpeg"}],"author":"Benoit Charette","twitter_card":"summary_large_image","twitter_creator":"@canadamotorjobs","twitter_site":"@canadamotorjobs","twitter_misc":{"\u00c9crit par":"Benoit Charette","Estimation du temps de lecture":"3 minutes"},"schema":{"@context":"https:\/\/schema.org","@graph":[{"@type":"Article","@id":"https:\/\/news.canadamotorjobs.com\/fr\/mclaren-pourrait-avoir-son-vus\/#article","isPartOf":{"@id":"https:\/\/news.canadamotorjobs.com\/fr\/mclaren-pourrait-avoir-son-vus\/"},"author":{"name":"Benoit Charette","@id":"https:\/\/news.canadamotorjobs.com\/#\/schema\/person\/51793d1f87d44011d7bcc2ed99269a90"},"headline":"McLaren pourrait avoir son VUS","datePublished":"2024-06-25T11:41:30+00:00","dateModified":"2024-06-25T11:44:42+00:00","mainEntityOfPage":{"@id":"https:\/\/news.canadamotorjobs.com\/fr\/mclaren-pourrait-avoir-son-vus\/"},"wordCount":526,"publisher":{"@id":"https:\/\/news.canadamotorjobs.com\/#organization"},"image":{"@id":"https:\/\/news.canadamotorjobs.com\/fr\/mclaren-pourrait-avoir-son-vus\/#primaryimage"},"thumbnailUrl":"https:\/\/news.canadamotorjobs.com\/wp-content\/uploads\/2024\/06\/The-McLaren-emblem.jpg","articleSection":["Annuel automobile"],"inLanguage":"fr-CA"},{"@type":"WebPage","@id":"https:\/\/news.canadamotorjobs.com\/fr\/mclaren-pourrait-avoir-son-vus\/","url":"https:\/\/news.canadamotorjobs.com\/fr\/mclaren-pourrait-avoir-son-vus\/","name":"McLaren pourrait avoir son VUS - CanadaMotorJobs.com","isPartOf":{"@id":"https:\/\/news.canadamotorjobs.com\/#website"},"primaryImageOfPage":{"@id":"https:\/\/news.canadamotorjobs.com\/fr\/mclaren-pourrait-avoir-son-vus\/#primaryimage"},"image":{"@id":"https:\/\/news.canadamotorjobs.com\/fr\/mclaren-pourrait-avoir-son-vus\/#primaryimage"},"thumbnailUrl":"https:\/\/news.canadamotorjobs.com\/wp-content\/uploads\/2024\/06\/The-McLaren-emblem.jpg","datePublished":"2024-06-25T11:41:30+00:00","dateModified":"2024-06-25T11:44:42+00:00","description":"McLaren pourrait avoir son VUS - Benoit Charette - Annuel automobile - CanadaMotorJobs.com.","breadcrumb":{"@id":"https:\/\/news.canadamotorjobs.com\/fr\/mclaren-pourrait-avoir-son-vus\/#breadcrumb"},"inLanguage":"fr-CA","potentialAction":[{"@type":"ReadAction","target":["https:\/\/news.canadamotorjobs.com\/fr\/mclaren-pourrait-avoir-son-vus\/"]}]},{"@type":"ImageObject","inLanguage":"fr-CA","@id":"https:\/\/news.canadamotorjobs.com\/fr\/mclaren-pourrait-avoir-son-vus\/#primaryimage","url":"https:\/\/news.canadamotorjobs.com\/wp-content\/uploads\/2024\/06\/The-McLaren-emblem.jpg","contentUrl":"https:\/\/news.canadamotorjobs.com\/wp-content\/uploads\/2024\/06\/The-McLaren-emblem.jpg","width":2250,"height":1552},{"@type":"BreadcrumbList","@id":"https:\/\/news.canadamotorjobs.com\/fr\/mclaren-pourrait-avoir-son-vus\/#breadcrumb","itemListElement":[{"@type":"ListItem","position":1,"name":"Home","item":"https:\/\/news.canadamotorjobs.com\/fr\/blog\/"},{"@type":"ListItem","position":2,"name":"McLaren pourrait avoir son VUS"}]},{"@type":"WebSite","@id":"https:\/\/news.canadamotorjobs.com\/#website","url":"https:\/\/news.canadamotorjobs.com\/","name":"CanadaMotorJobs.com","description":"Automotive Jobs","publisher":{"@id":"https:\/\/news.canadamotorjobs.com\/#organization"},"potentialAction":[{"@type":"SearchAction","target":{"@type":"EntryPoint","urlTemplate":"https:\/\/news.canadamotorjobs.com\/?s={search_term_string}"},"query-input":"required name=search_term_string"}],"inLanguage":"fr-CA"},{"@type":"Organization","@id":"https:\/\/news.canadamotorjobs.com\/#organization","name":"Canada Motor Jobs","url":"https:\/\/news.canadamotorjobs.com\/","logo":{"@type":"ImageObject","inLanguage":"fr-CA","@id":"https:\/\/news.canadamotorjobs.com\/#\/schema\/logo\/image\/","url":"https:\/\/news.canadamotorjobs.com\/wp-content\/uploads\/2022\/10\/logo-canada-motor-jobs-1.png","contentUrl":"https:\/\/news.canadamotorjobs.com\/wp-content\/uploads\/2022\/10\/logo-canada-motor-jobs-1.png","width":800,"height":400,"caption":"Canada Motor Jobs"},"image":{"@id":"https:\/\/news.canadamotorjobs.com\/#\/schema\/logo\/image\/"},"sameAs":["https:\/\/www.facebook.com\/canadamotorjobs\/","https:\/\/x.com\/canadamotorjobs","https:\/\/www.instagram.com\/canadamotorjobs\/","https:\/\/www.linkedin.com\/company\/canadamotorjobs"]},{"@type":"Person","@id":"https:\/\/news.canadamotorjobs.com\/#\/schema\/person\/51793d1f87d44011d7bcc2ed99269a90","name":"Benoit Charette","image":{"@type":"ImageObject","inLanguage":"fr-CA","@id":"https:\/\/news.canadamotorjobs.com\/#\/schema\/person\/image\/","url":"https:\/\/secure.gravatar.com\/avatar\/45f3d2eebcccd909668d7ce7ea7267b6?s=96&d=mm&r=g","contentUrl":"https:\/\/secure.gravatar.com\/avatar\/45f3d2eebcccd909668d7ce7ea7267b6?s=96&d=mm&r=g","caption":"Benoit Charette"},"description":"Benoit Charette \/ Propri\u00e9taire et r\u00e9dacteur en chef Benoit Charette pratique le journalisme automobile depuis bient\u00f4t 30 ans. Il a fait ses classes au c\u00f4t\u00e9 de Daniel H\u00e9raud et au Carnet de route de 1992 \u00e0 2001. Il est fondateur, copropri\u00e9taire et r\u00e9dacteur en chef de L\u2019Annuel de l\u2019automobile, qu\u2019il publie depuis 2001. Il a anim\u00e9 les \u00e9missions RPM et RPM+ sur V et les L\u00e9gendes de la route sur Historia. \u00c0 la radio depuis 1986, il reprend l\u2019antenne cette ann\u00e9e sur les ondes de Cogeco et participe pour la deuxi\u00e8me ann\u00e9e \u00e0 l\u2019\u00e9mission Passion Auto sur RDS en plus de mettre en ligne le site Web officiel de L\u2019Annuel de l\u2019automobile sur annuelauto.ca.","sameAs":["https:\/\/annuelauto.ca\/"],"url":"https:\/\/news.canadamotorjobs.com\/fr\/author\/benoit-charette\/"}]}},"_links":{"self":[{"href":"https:\/\/news.canadamotorjobs.com\/fr\/wp-json\/wp\/v2\/posts\/167710"}],"collection":[{"href":"https:\/\/news.canadamotorjobs.com\/fr\/wp-json\/wp\/v2\/posts"}],"about":[{"href":"https:\/\/news.canadamotorjobs.com\/fr\/wp-json\/wp\/v2\/types\/post"}],"author":[{"embeddable":true,"href":"https:\/\/news.canadamotorjobs.com\/fr\/wp-json\/wp\/v2\/users\/8"}],"replies":[{"embeddable":true,"href":"https:\/\/news.canadamotorjobs.com\/fr\/wp-json\/wp\/v2\/comments?post=167710"}],"version-history":[{"count":2,"href":"https:\/\/news.canadamotorjobs.com\/fr\/wp-json\/wp\/v2\/posts\/167710\/revisions"}],"predecessor-version":[{"id":167714,"href":"https:\/\/news.canadamotorjobs.com\/fr\/wp-json\/wp\/v2\/posts\/167710\/revisions\/167714"}],"wp:featuredmedia":[{"embeddable":true,"href":"https:\/\/news.canadamotorjobs.com\/fr\/wp-json\/wp\/v2\/media\/167712"}],"wp:attachment":[{"href":"https:\/\/news.canadamotorjobs.com\/fr\/wp-json\/wp\/v2\/media?parent=167710"}],"wp:term":[{"taxonomy":"category","embeddable":true,"href":"https:\/\/news.canadamotorjobs.com\/fr\/wp-json\/wp\/v2\/categories?post=167710"},{"taxonomy":"post_tag","embeddable":true,"href":"https:\/\/news.canadamotorjobs.com\/fr\/wp-json\/wp\/v2\/tags?post=167710"}],"curies":[{"name":"wp","href":"https:\/\/api.w.org\/{rel}","templated":true}]}}