{"id":167691,"date":"2024-06-25T07:17:19","date_gmt":"2024-06-25T11:17:19","guid":{"rendered":"https:\/\/news.canadamotorjobs.com\/?p=167691"},"modified":"2024-06-25T07:31:47","modified_gmt":"2024-06-25T11:31:47","slug":"le-canada-envisage-une-surtaxe-sur-les-vehicules-electriques-chinois","status":"publish","type":"post","link":"https:\/\/news.canadamotorjobs.com\/fr\/le-canada-envisage-une-surtaxe-sur-les-vehicules-electriques-chinois\/","title":{"rendered":"Le Canada envisage une surtaxe sur les v\u00e9hicules \u00e9lectriques chinois"},"content":{"rendered":"<\/p>\n<p>Le 2 juillet prochain, le gouvernement canadien lancera une consultation de 30 jours pour \u00e9valuer l&#8217;opportunit\u00e9 d&#8217;imposer une surtaxe sur les v\u00e9hicules \u00e9lectriques (VE) fabriqu\u00e9s en Chine. Cette initiative, men\u00e9e par la ministre des Finances Chrystia Freeland, vise \u00e0 contrer ce qui est per\u00e7u comme une surproduction mondiale orchestr\u00e9e par les entreprises chinoises, soutenue par des subventions jug\u00e9es in\u00e9quitables.<\/p>\n<h3>R\u00e9actions en cha\u00eene apr\u00e8s les mesures am\u00e9ricaines et europ\u00e9ennes<\/h3>\n<p>\nCette d\u00e9cision intervient quelques semaines apr\u00e8s que les \u00c9tats-Unis et la Commission europ\u00e9enne ont annonc\u00e9 des mesures similaires pour augmenter les tarifs d&#8217;importation sur les VE chinois. L&#8217;objectif est de recueillir des avis sur les facteurs propulsant les exportations chinoises de VE, notamment les pratiques de march\u00e9 d\u00e9loyales et les normes de travail et environnementales.<\/p>\n<h3>Prot\u00e9ger les travailleurs canadiens<\/h3>\n<p>\nMary Ng, ministre de la Promotion des exportations, du Commerce international et du D\u00e9veloppement \u00e9conomique, a d\u00e9clar\u00e9 : \u00ab Nous ne resterons pas les bras crois\u00e9s tandis que nos travailleurs sont d\u00e9savantag\u00e9s par des pratiques non conformes aux normes de march\u00e9 et \u00e0 des standards de travail et environnementaux insuffisants. \u00bb<\/p>\n<h3>R\u00e9vision des subventions et des restrictions d&#8217;investissement<\/h3>\n<p>\nEn plus de la surtaxe, la consultation envisagera de modifier les crit\u00e8res d&#8217;admissibilit\u00e9 pour les subventions f\u00e9d\u00e9rales \u00e0 l&#8217;achat de VE, qui peuvent atteindre jusqu&#8217;\u00e0 5 000 $ par v\u00e9hicule. Le gouvernement examinera \u00e9galement la possibilit\u00e9 d&#8217;\u00e9tendre les restrictions d&#8217;investissement au Canada pour mieux encadrer ce secteur.<\/p>\n<h3>Soutien de l&#8217;industrie automobile<\/h3>\n<p>\nL&#8217;Association des constructeurs mondiaux d&#8217;automobiles au Canada, qui repr\u00e9sente les fabricants \u00e9trangers op\u00e9rant dans le pays, a exprim\u00e9 son soutien \u00e0 cette initiative. \u00ab L&#8217;industrie automobile canadienne a toujours soutenu une politique commerciale \u00e9quitable et fond\u00e9e sur des r\u00e8gles \u00bb, a-t-elle affirm\u00e9 dans un communiqu\u00e9. \u00ab Il est crucial que le gouvernement du Canada \u00e9tablisse des conditions de concurrence \u00e9quitables pour ce secteur, et nous sommes impatients de participer \u00e0 ce processus de consultation. \u00bb<\/p>\n<p>Brian Kingston, de l&#8217;Association canadienne des constructeurs de v\u00e9hicules, a partag\u00e9 cet avis, soulignant l&#8217;importance d&#8217;attirer des investissements et de s\u00e9curiser une place dans la cha\u00eene d&#8217;approvisionnement des VE. \u00ab L&#8217;annonce d&#8217;aujourd&#8217;hui est un pas dans la bonne direction. Le Canada doit s&#8217;aligner avec les \u00c9tats-Unis pour b\u00e2tir une cha\u00eene d&#8217;approvisionnement nord-am\u00e9ricaine. \u00bb<\/p>\n<h3>R\u00e9action positive de l&#8217;Ontario<\/h3>\n<p>\nLe Premier ministre de l&#8217;Ontario, Doug Ford, qui avait r\u00e9cemment appel\u00e9 \u00e0 des mesures, a salu\u00e9 cette d\u00e9cision. \u00ab Je suis heureux de voir que le gouvernement f\u00e9d\u00e9ral \u00e9coute nos appels et agit rapidement pour prot\u00e9ger les emplois ontariens et canadiens des importations chinoises subventionn\u00e9es de mani\u00e8re in\u00e9quitable, en particulier dans le secteur des v\u00e9hicules \u00e9lectriques \u00bb, a-t-il d\u00e9clar\u00e9 sur X, anciennement Twitter. \u00ab Des milliers d&#8217;emplois bien r\u00e9mun\u00e9r\u00e9s en Ontario et plus de 43 milliards de dollars d&#8217;investissements dans notre secteur des VE sont en jeu. \u00bb<\/p>\n<h3>Mobilisation de l&#8217;union Unifor<\/h3>\n<p>\nUnifor, le syndicat repr\u00e9sentant environ 23 000 travailleurs de l&#8217;automobile au Canada, a qualifi\u00e9 cette d\u00e9marche de \u00ab pas important pour prot\u00e9ger les secteurs de l&#8217;automobile et des pi\u00e8ces d\u00e9tach\u00e9es au Canada. \u00bb Sa pr\u00e9sidente, Lana Payne, a d\u00e9clar\u00e9 : \u00ab Nous nous r\u00e9jouissons de participer \u00e0 ces consultations et de jouer notre r\u00f4le pour reconstruire la capacit\u00e9 de fabrication automobile au Canada afin que les travailleurs canadiens et la population en g\u00e9n\u00e9ral puissent b\u00e9n\u00e9ficier d&#8217;un secteur comp\u00e9titif et durable. \u00bb<\/p>\n<h3>Conclusion<\/h3>\n<p>\nCette consultation marque une \u00e9tape cruciale pour le Canada dans la lutte contre les pratiques commerciales d\u00e9loyales. En collaborant avec ses partenaires nord-am\u00e9ricains, le pays entend renforcer sa position sur le march\u00e9 des v\u00e9hicules \u00e9lectriques tout en prot\u00e9geant ses travailleurs et son \u00e9conomie.<\/p>\n<p>Avec des renseignements d&#8217;Automotive News Canada<\/p>\n<p>Le texte <a rel=\"nofollow\" href=\"https:\/\/annuelauto.ca\/le-canada-envisage-une-surtaxe-sur-les-vehicules-electriques-chinois\/\">Le Canada envisage une surtaxe sur les v\u00e9hicules \u00e9lectriques chinois<\/a> provient de <a rel=\"nofollow\" href=\"https:\/\/annuelauto.ca\">L&#8217;annuel de l&#8217;automobile &#8211; Actualit\u00e9 automobile<\/a><\/p>\n<p><\/p>\n","protected":false},"excerpt":{"rendered":"<p>Le 2 juillet prochain, le gouvernement canadien lancera une consultation de 30 jours pour \u00e9valuer l&#8217;opportunit\u00e9 d&#8217;imposer une surtaxe sur les v\u00e9hicules \u00e9lectriques (VE) fabriqu\u00e9s en Chine. Cette initiative, men\u00e9e par la ministre des Finances Chrystia Freeland, vise \u00e0 contrer ce qui est per\u00e7u comme une surproduction mondiale orchestr\u00e9e par les entreprises chinoises, soutenue par [&hellip;]<\/p>\n","protected":false},"author":8,"featured_media":167693,"comment_status":"close","ping_status":"closed","sticky":false,"template":"","format":"standard","meta":{"_monsterinsights_skip_tracking":false,"_monsterinsights_sitenote_active":false,"_monsterinsights_sitenote_note":"","_monsterinsights_sitenote_category":0,"footnotes":""},"categories":[101],"tags":[],"yoast_head":"<!-- This site is optimized with the Yoast SEO plugin v23.2 - https:\/\/yoast.com\/wordpress\/plugins\/seo\/ -->\n<title>Le Canada envisage une surtaxe sur les v\u00e9hicules \u00e9lectriques chinois - CanadaMotorJobs.com<\/title>\n<meta name=\"description\" content=\"Le Canada envisage une surtaxe sur les v\u00e9hicules \u00e9lectriques chinois - Benoit Charette - Annuel automobile - CanadaMotorJobs.com.\" \/>\n<meta name=\"robots\" content=\"index, follow, max-snippet:-1, max-image-preview:large, max-video-preview:-1\" \/>\n<meta property=\"og:locale\" content=\"fr_CA\" \/>\n<meta property=\"og:type\" content=\"article\" \/>\n<meta property=\"og:title\" content=\"Le Canada envisage une surtaxe sur les v\u00e9hicules \u00e9lectriques chinois - CanadaMotorJobs.com\" \/>\n<meta property=\"og:description\" content=\"Le Canada envisage une surtaxe sur les v\u00e9hicules \u00e9lectriques chinois - Benoit Charette - Annuel automobile - CanadaMotorJobs.com.\" \/>\n<meta property=\"og:url\" content=\"https:\/\/news.canadamotorjobs.com\/fr\/le-canada-envisage-une-surtaxe-sur-les-vehicules-electriques-chinois\/\" \/>\n<meta property=\"og:site_name\" content=\"CanadaMotorJobs.com\" \/>\n<meta property=\"article:publisher\" content=\"https:\/\/www.facebook.com\/canadamotorjobs\/\" \/>\n<meta property=\"article:published_time\" content=\"2024-06-25T11:17:19+00:00\" \/>\n<meta property=\"article:modified_time\" content=\"2024-06-25T11:31:47+00:00\" \/>\n<meta property=\"og:image\" content=\"https:\/\/news.canadamotorjobs.com\/wp-content\/uploads\/2024\/06\/4598b9ec-1524-11ea-82bb-0eda3a42da3c.jpg\" \/>\n\t<meta property=\"og:image:width\" content=\"924\" \/>\n\t<meta property=\"og:image:height\" content=\"616\" \/>\n\t<meta property=\"og:image:type\" content=\"image\/jpeg\" \/>\n<meta name=\"author\" content=\"Benoit Charette\" \/>\n<meta name=\"twitter:card\" content=\"summary_large_image\" \/>\n<meta name=\"twitter:creator\" content=\"@canadamotorjobs\" \/>\n<meta name=\"twitter:site\" content=\"@canadamotorjobs\" \/>\n<meta name=\"twitter:label1\" content=\"\u00c9crit par\" \/>\n\t<meta name=\"twitter:data1\" content=\"Benoit Charette\" \/>\n\t<meta name=\"twitter:label2\" content=\"Estimation du temps de lecture\" \/>\n\t<meta name=\"twitter:data2\" content=\"3 minutes\" \/>\n<!-- \/ Yoast SEO plugin. -->","yoast_head_json":{"title":"Le Canada envisage une surtaxe sur les v\u00e9hicules \u00e9lectriques chinois - CanadaMotorJobs.com","description":"Le Canada envisage une surtaxe sur les v\u00e9hicules \u00e9lectriques chinois - Benoit Charette - Annuel automobile - CanadaMotorJobs.com.","robots":{"index":"index","follow":"follow","max-snippet":"max-snippet:-1","max-image-preview":"max-image-preview:large","max-video-preview":"max-video-preview:-1"},"og_locale":"fr_CA","og_type":"article","og_title":"Le Canada envisage une surtaxe sur les v\u00e9hicules \u00e9lectriques chinois - CanadaMotorJobs.com","og_description":"Le Canada envisage une surtaxe sur les v\u00e9hicules \u00e9lectriques chinois - Benoit Charette - Annuel automobile - CanadaMotorJobs.com.","og_url":"https:\/\/news.canadamotorjobs.com\/fr\/le-canada-envisage-une-surtaxe-sur-les-vehicules-electriques-chinois\/","og_site_name":"CanadaMotorJobs.com","article_publisher":"https:\/\/www.facebook.com\/canadamotorjobs\/","article_published_time":"2024-06-25T11:17:19+00:00","article_modified_time":"2024-06-25T11:31:47+00:00","og_image":[{"width":924,"height":616,"url":"https:\/\/news.canadamotorjobs.com\/wp-content\/uploads\/2024\/06\/4598b9ec-1524-11ea-82bb-0eda3a42da3c.jpg","type":"image\/jpeg"}],"author":"Benoit Charette","twitter_card":"summary_large_image","twitter_creator":"@canadamotorjobs","twitter_site":"@canadamotorjobs","twitter_misc":{"\u00c9crit par":"Benoit Charette","Estimation du temps de lecture":"3 minutes"},"schema":{"@context":"https:\/\/schema.org","@graph":[{"@type":"Article","@id":"https:\/\/news.canadamotorjobs.com\/fr\/le-canada-envisage-une-surtaxe-sur-les-vehicules-electriques-chinois\/#article","isPartOf":{"@id":"https:\/\/news.canadamotorjobs.com\/fr\/le-canada-envisage-une-surtaxe-sur-les-vehicules-electriques-chinois\/"},"author":{"name":"Benoit Charette","@id":"https:\/\/news.canadamotorjobs.com\/#\/schema\/person\/51793d1f87d44011d7bcc2ed99269a90"},"headline":"Le Canada envisage une surtaxe sur les v\u00e9hicules \u00e9lectriques chinois","datePublished":"2024-06-25T11:17:19+00:00","dateModified":"2024-06-25T11:31:47+00:00","mainEntityOfPage":{"@id":"https:\/\/news.canadamotorjobs.com\/fr\/le-canada-envisage-une-surtaxe-sur-les-vehicules-electriques-chinois\/"},"wordCount":692,"publisher":{"@id":"https:\/\/news.canadamotorjobs.com\/#organization"},"image":{"@id":"https:\/\/news.canadamotorjobs.com\/fr\/le-canada-envisage-une-surtaxe-sur-les-vehicules-electriques-chinois\/#primaryimage"},"thumbnailUrl":"https:\/\/news.canadamotorjobs.com\/wp-content\/uploads\/2024\/06\/4598b9ec-1524-11ea-82bb-0eda3a42da3c.jpg","articleSection":["Annuel automobile"],"inLanguage":"fr-CA"},{"@type":"WebPage","@id":"https:\/\/news.canadamotorjobs.com\/fr\/le-canada-envisage-une-surtaxe-sur-les-vehicules-electriques-chinois\/","url":"https:\/\/news.canadamotorjobs.com\/fr\/le-canada-envisage-une-surtaxe-sur-les-vehicules-electriques-chinois\/","name":"Le Canada envisage une surtaxe sur les v\u00e9hicules \u00e9lectriques chinois - CanadaMotorJobs.com","isPartOf":{"@id":"https:\/\/news.canadamotorjobs.com\/#website"},"primaryImageOfPage":{"@id":"https:\/\/news.canadamotorjobs.com\/fr\/le-canada-envisage-une-surtaxe-sur-les-vehicules-electriques-chinois\/#primaryimage"},"image":{"@id":"https:\/\/news.canadamotorjobs.com\/fr\/le-canada-envisage-une-surtaxe-sur-les-vehicules-electriques-chinois\/#primaryimage"},"thumbnailUrl":"https:\/\/news.canadamotorjobs.com\/wp-content\/uploads\/2024\/06\/4598b9ec-1524-11ea-82bb-0eda3a42da3c.jpg","datePublished":"2024-06-25T11:17:19+00:00","dateModified":"2024-06-25T11:31:47+00:00","description":"Le Canada envisage une surtaxe sur les v\u00e9hicules \u00e9lectriques chinois - Benoit Charette - Annuel automobile - CanadaMotorJobs.com.","breadcrumb":{"@id":"https:\/\/news.canadamotorjobs.com\/fr\/le-canada-envisage-une-surtaxe-sur-les-vehicules-electriques-chinois\/#breadcrumb"},"inLanguage":"fr-CA","potentialAction":[{"@type":"ReadAction","target":["https:\/\/news.canadamotorjobs.com\/fr\/le-canada-envisage-une-surtaxe-sur-les-vehicules-electriques-chinois\/"]}]},{"@type":"ImageObject","inLanguage":"fr-CA","@id":"https:\/\/news.canadamotorjobs.com\/fr\/le-canada-envisage-une-surtaxe-sur-les-vehicules-electriques-chinois\/#primaryimage","url":"https:\/\/news.canadamotorjobs.com\/wp-content\/uploads\/2024\/06\/4598b9ec-1524-11ea-82bb-0eda3a42da3c.jpg","contentUrl":"https:\/\/news.canadamotorjobs.com\/wp-content\/uploads\/2024\/06\/4598b9ec-1524-11ea-82bb-0eda3a42da3c.jpg","width":924,"height":616},{"@type":"BreadcrumbList","@id":"https:\/\/news.canadamotorjobs.com\/fr\/le-canada-envisage-une-surtaxe-sur-les-vehicules-electriques-chinois\/#breadcrumb","itemListElement":[{"@type":"ListItem","position":1,"name":"Home","item":"https:\/\/news.canadamotorjobs.com\/fr\/blog\/"},{"@type":"ListItem","position":2,"name":"Le Canada envisage une surtaxe sur les v\u00e9hicules \u00e9lectriques chinois"}]},{"@type":"WebSite","@id":"https:\/\/news.canadamotorjobs.com\/#website","url":"https:\/\/news.canadamotorjobs.com\/","name":"CanadaMotorJobs.com","description":"Automotive Jobs","publisher":{"@id":"https:\/\/news.canadamotorjobs.com\/#organization"},"potentialAction":[{"@type":"SearchAction","target":{"@type":"EntryPoint","urlTemplate":"https:\/\/news.canadamotorjobs.com\/?s={search_term_string}"},"query-input":"required name=search_term_string"}],"inLanguage":"fr-CA"},{"@type":"Organization","@id":"https:\/\/news.canadamotorjobs.com\/#organization","name":"Canada Motor Jobs","url":"https:\/\/news.canadamotorjobs.com\/","logo":{"@type":"ImageObject","inLanguage":"fr-CA","@id":"https:\/\/news.canadamotorjobs.com\/#\/schema\/logo\/image\/","url":"https:\/\/news.canadamotorjobs.com\/wp-content\/uploads\/2022\/10\/logo-canada-motor-jobs-1.png","contentUrl":"https:\/\/news.canadamotorjobs.com\/wp-content\/uploads\/2022\/10\/logo-canada-motor-jobs-1.png","width":800,"height":400,"caption":"Canada Motor Jobs"},"image":{"@id":"https:\/\/news.canadamotorjobs.com\/#\/schema\/logo\/image\/"},"sameAs":["https:\/\/www.facebook.com\/canadamotorjobs\/","https:\/\/x.com\/canadamotorjobs","https:\/\/www.instagram.com\/canadamotorjobs\/","https:\/\/www.linkedin.com\/company\/canadamotorjobs"]},{"@type":"Person","@id":"https:\/\/news.canadamotorjobs.com\/#\/schema\/person\/51793d1f87d44011d7bcc2ed99269a90","name":"Benoit Charette","image":{"@type":"ImageObject","inLanguage":"fr-CA","@id":"https:\/\/news.canadamotorjobs.com\/#\/schema\/person\/image\/","url":"https:\/\/secure.gravatar.com\/avatar\/45f3d2eebcccd909668d7ce7ea7267b6?s=96&d=mm&r=g","contentUrl":"https:\/\/secure.gravatar.com\/avatar\/45f3d2eebcccd909668d7ce7ea7267b6?s=96&d=mm&r=g","caption":"Benoit Charette"},"description":"Benoit Charette \/ Propri\u00e9taire et r\u00e9dacteur en chef Benoit Charette pratique le journalisme automobile depuis bient\u00f4t 30 ans. Il a fait ses classes au c\u00f4t\u00e9 de Daniel H\u00e9raud et au Carnet de route de 1992 \u00e0 2001. Il est fondateur, copropri\u00e9taire et r\u00e9dacteur en chef de L\u2019Annuel de l\u2019automobile, qu\u2019il publie depuis 2001. Il a anim\u00e9 les \u00e9missions RPM et RPM+ sur V et les L\u00e9gendes de la route sur Historia. \u00c0 la radio depuis 1986, il reprend l\u2019antenne cette ann\u00e9e sur les ondes de Cogeco et participe pour la deuxi\u00e8me ann\u00e9e \u00e0 l\u2019\u00e9mission Passion Auto sur RDS en plus de mettre en ligne le site Web officiel de L\u2019Annuel de l\u2019automobile sur annuelauto.ca.","sameAs":["https:\/\/annuelauto.ca\/"],"url":"https:\/\/news.canadamotorjobs.com\/fr\/author\/benoit-charette\/"}]}},"_links":{"self":[{"href":"https:\/\/news.canadamotorjobs.com\/fr\/wp-json\/wp\/v2\/posts\/167691"}],"collection":[{"href":"https:\/\/news.canadamotorjobs.com\/fr\/wp-json\/wp\/v2\/posts"}],"about":[{"href":"https:\/\/news.canadamotorjobs.com\/fr\/wp-json\/wp\/v2\/types\/post"}],"author":[{"embeddable":true,"href":"https:\/\/news.canadamotorjobs.com\/fr\/wp-json\/wp\/v2\/users\/8"}],"replies":[{"embeddable":true,"href":"https:\/\/news.canadamotorjobs.com\/fr\/wp-json\/wp\/v2\/comments?post=167691"}],"version-history":[{"count":2,"href":"https:\/\/news.canadamotorjobs.com\/fr\/wp-json\/wp\/v2\/posts\/167691\/revisions"}],"predecessor-version":[{"id":167695,"href":"https:\/\/news.canadamotorjobs.com\/fr\/wp-json\/wp\/v2\/posts\/167691\/revisions\/167695"}],"wp:featuredmedia":[{"embeddable":true,"href":"https:\/\/news.canadamotorjobs.com\/fr\/wp-json\/wp\/v2\/media\/167693"}],"wp:attachment":[{"href":"https:\/\/news.canadamotorjobs.com\/fr\/wp-json\/wp\/v2\/media?parent=167691"}],"wp:term":[{"taxonomy":"category","embeddable":true,"href":"https:\/\/news.canadamotorjobs.com\/fr\/wp-json\/wp\/v2\/categories?post=167691"},{"taxonomy":"post_tag","embeddable":true,"href":"https:\/\/news.canadamotorjobs.com\/fr\/wp-json\/wp\/v2\/tags?post=167691"}],"curies":[{"name":"wp","href":"https:\/\/api.w.org\/{rel}","templated":true}]}}