{"id":167599,"date":"2024-06-22T08:17:17","date_gmt":"2024-06-22T12:17:17","guid":{"rendered":"https:\/\/news.canadamotorjobs.com\/?p=167599"},"modified":"2024-06-22T08:31:14","modified_gmt":"2024-06-22T12:31:14","slug":"doug-ford-demande-des-tarifs-de-100-sur-les-vehicules-electriques-chinois","status":"publish","type":"post","link":"https:\/\/news.canadamotorjobs.com\/fr\/doug-ford-demande-des-tarifs-de-100-sur-les-vehicules-electriques-chinois\/","title":{"rendered":"Doug Ford Demande des Tarifs de 100 % sur les v\u00e9hicules \u00e9lectriques Chinois"},"content":{"rendered":"<\/p>\n<h3><strong>\u00ab La Chine inonde le march\u00e9 avec des v\u00e9hicules \u00e9lectriques artificiellement bon march\u00e9 \u00bb, d\u00e9clare le Premier ministre de l&#8217;Ontario, Doug Ford<\/strong><\/h3>\n<p>\nLe Premier ministre de l&#8217;Ontario, Doug Ford, appelle le gouvernement f\u00e9d\u00e9ral \u00e0 \u00ab \u00e9galer ou d\u00e9passer imm\u00e9diatement les tarifs am\u00e9ricains sur les importations chinoises, y compris un tarif d&#8217;au moins 100 % sur les v\u00e9hicules \u00e9lectriques (V\u00c9) chinois. \u00bb Cette demande a \u00e9t\u00e9 formul\u00e9e le 20 juin sur X, anciennement connu sous le nom de Twitter.<\/p>\n<h3><strong>Des Tarifs pour Prot\u00e9ger l&#8217;Industrie<\/strong><\/h3>\n<p>\nCette d\u00e9claration survient moins d&#8217;un mois apr\u00e8s que le pr\u00e9sident am\u00e9ricain Joe Biden a annonc\u00e9 le maintien des tarifs mis en place par son pr\u00e9d\u00e9cesseur r\u00e9publicain, Donald Trump, tout en augmentant d&#8217;autres, y compris une multiplication par quatre des droits de douane sur les V\u00c9 \u00e0 plus de 100 % et le doublement des droits de douane sur les semi-conducteurs \u00e0 50 %. Plus r\u00e9cemment, l&#8217;Union europ\u00e9enne a annonc\u00e9 des tarifs similaires, atteignant jusqu&#8217;\u00e0 38 % pour les V\u00c9 fabriqu\u00e9s en Chine.<\/p>\n<p><strong>\u00ab La Chine profite de normes de travail faibles et d\u2019une \u00e9nergie polluante pour inonder le march\u00e9 avec des v\u00e9hicules \u00e9lectriques bon march\u00e9. \u00c0 moins que nous n\u2019agissions rapidement, nous risquons des emplois en Ontario et au Canada \u00bb, a d\u00e9clar\u00e9 Ford.<\/strong><\/p>\n<p>Actuellement, aucun constructeur automobile chinois n&#8217;importe de v\u00e9hicules au Canada pour la vente. Cependant, certains v\u00e9hicules Tesla et Polestar fabriqu\u00e9s en Chine sont disponibles au Canada.<\/p>\n<h3><strong>Une Menace pour l&#8217;\u00c9conomie<\/strong><\/h3>\n<p>\nLe directeur du Conseil \u00e9conomique national des \u00c9tats-Unis, Lael Brainard, a \u00e9galement accus\u00e9 la Chine de \u00ab saturer les march\u00e9s mondiaux \u00bb avec des V\u00c9 bon march\u00e9. L&#8217;ann\u00e9e derni\u00e8re, la Chine a d\u00e9pass\u00e9 le Japon en tant que plus grand exportateur automobile, selon Reuters. En avril, l&#8217;agence a rapport\u00e9 que BYD avait export\u00e9 plus de 240 000 voitures en 2023, repr\u00e9sentant environ 8 % de ses ventes mondiales, et pr\u00e9voit d&#8217;exporter jusqu&#8217;\u00e0 400 000 v\u00e9hicules cette ann\u00e9e.<\/p>\n<p>Les constructeurs et exp\u00e9diteurs chinois commandent un nombre record de navires de transport de voitures pour soutenir un boom des exportations de V\u00c9, ce qui pourrait permettre \u00e0 la Chine d&#8217;atteindre la quatri\u00e8me plus grande flotte mondiale d&#8217;ici 2028. La Chine poss\u00e8de actuellement la huiti\u00e8me plus grande flotte avec 33 navires de transport de voitures, selon les donn\u00e9es de la soci\u00e9t\u00e9 de conseil en transport maritime Veson Nautical. Le Japon poss\u00e8de la plus grande flotte avec 283 navires, suivi par la Norv\u00e8ge avec 102, la Cor\u00e9e du Sud avec 72 et l&#8217;\u00eele de Man avec 61.<\/p>\n<h3>Un Investissement Menac\u00e9 ?<\/h3>\n<p>\nFord craint que tous les investissements gouvernementaux dans les usines de batteries et l&#8217;assemblage de V\u00c9 ne soient affect\u00e9s si le Canada n&#8217;agit pas. \u00ab Au cours des quatre derni\u00e8res ann\u00e9es, l&#8217;Ontario a s\u00e9curis\u00e9 43 milliards de dollars d&#8217;investissements dans la fabrication de v\u00e9hicules \u00e9lectriques et de batteries, garantissant des centaines de milliers d&#8217;emplois bien r\u00e9mun\u00e9r\u00e9s. Cela a \u00e9t\u00e9 une r\u00e9alisation collective, travaillant main dans la main avec le gouvernement f\u00e9d\u00e9ral et nos partenaires du secteur priv\u00e9 \u00bb, a-t-il d\u00e9clar\u00e9.<\/p>\n<p>\u00ab Ce que les Am\u00e9ricains ont fait pour nous, c&#8217;est \u00e9riger un mur tarifaire et prot\u00e9ger leur march\u00e9 \u00bb, a-t-il ajout\u00e9. \u00ab Quatre-vingts pour cent des voitures que nous fabriquons et 50 % des pi\u00e8ces que nous produisons sont destin\u00e9s aux clients am\u00e9ricains. Donc, ils ont prot\u00e9g\u00e9 notre march\u00e9 principal. Si nous leur disons \u2018nous voyons les choses un peu diff\u00e9remment\u2019 et que nous ne prot\u00e9geons pas le march\u00e9 canadien pour les producteurs am\u00e9ricains, cela va probablement \u00e9nerver tout le monde \u00e0 Washington. \u00bb<\/p>\n<p>\u00c0 moins que le Canada ne r\u00e9agisse de mani\u00e8re similaire, il sera per\u00e7u comme \u00ab \u00e0 la tra\u00eene \u00bb, a d\u00e9clar\u00e9 Volpe. \u00ab Nous devons prot\u00e9ger le march\u00e9. Nous devons dire aux Am\u00e9ricains &#8216;nous ne sommes pas seulement votre partenaire quand cela nous arrange, et s&#8217;il vous pla\u00eet, incluez-nous dans votre incitation \u00e0 l&#8217;achat de V\u00c9 en le passant de fabriqu\u00e9 en Am\u00e9rique \u00e0 fabriqu\u00e9 en Am\u00e9rique du Nord, et quand ce sera notre tour, nous ne serons pas \u00e0 la tra\u00eene.\u2019 \u00bb<\/p>\n<p>Ni Mary Ng, ministre f\u00e9d\u00e9rale de la promotion des exportations et du commerce international, ni ses repr\u00e9sentants n&#8217;ont \u00e9t\u00e9 imm\u00e9diatement disponibles pour commenter.<\/p>\n<h3>L&#8217;Union Europ\u00e9enne Adopte une Approche Diff\u00e9rente<\/h3>\n<p>\nL&#8217;Union europ\u00e9enne a opt\u00e9 pour une approche l\u00e9g\u00e8rement diff\u00e9rente, ajustant les tarifs en fonction des constructeurs automobiles individuels. Le bloc a formellement notifi\u00e9 des constructeurs comme BYD Co., Geely Automobile Holdings, et SAIC Motor Corp. des taxes \u00e0 mettre en \u0153uvre autour du 4 juillet, selon la Commission europ\u00e9enne, \u00e0 la suite d&#8217;une enqu\u00eate sur les subventions lanc\u00e9e l&#8217;ann\u00e9e derni\u00e8re. Les fabricants de V\u00c9 chinois poussent de mani\u00e8re plus agressive en Europe dans un contexte de guerre des prix int\u00e9rieure et apr\u00e8s des ann\u00e9es de prise d&#8217;avance dans la technologie.<\/p>\n<p>Les droits de douane individuels sur BYD seront de 17,4 %, Geely 20 % et SAIC 38,1 %, a indiqu\u00e9 la commission mercredi. Les autres producteurs qui n&#8217;ont pas \u00e9t\u00e9 \u00e9chantillonn\u00e9s par la commission seront soumis \u00e0 un taux de droit de 21 % ; les constructeurs qui n&#8217;ont pas coop\u00e9r\u00e9 \u00e0 l&#8217;enqu\u00eate de l&#8217;UE seront soumis \u00e0 un taux de 38,1 %.<\/p>\n<p>Le niveau de base des tarifs, calcul\u00e9 \u00e0 21 %, s&#8217;ajouterait au tarif existant de 10 % de l&#8217;UE sur les v\u00e9hicules l\u00e9gers, a d\u00e9clar\u00e9 le bloc le 12 juin.<\/p>\n<p>Avec des renseignements d&#8217;Automotive News Canada<\/p>\n<p>Le texte <a rel=\"nofollow\" href=\"https:\/\/annuelauto.ca\/doug-ford-demande-des-tarifs-de-100-sur-les-vehicules-electriques-chinois\/\">Doug Ford Demande des Tarifs de 100 % sur les v\u00e9hicules \u00e9lectriques Chinois<\/a> provient de <a rel=\"nofollow\" href=\"https:\/\/annuelauto.ca\">L&#8217;annuel de l&#8217;automobile &#8211; Actualit\u00e9 automobile<\/a><\/p>\n<p><\/p>\n","protected":false},"excerpt":{"rendered":"<p>\u00ab La Chine inonde le march\u00e9 avec des v\u00e9hicules \u00e9lectriques artificiellement bon march\u00e9 \u00bb, d\u00e9clare le Premier ministre de l&#8217;Ontario, Doug Ford Le Premier ministre de l&#8217;Ontario, Doug Ford, appelle le gouvernement f\u00e9d\u00e9ral \u00e0 \u00ab \u00e9galer ou d\u00e9passer imm\u00e9diatement les tarifs am\u00e9ricains sur les importations chinoises, y compris un tarif d&#8217;au moins 100 % sur [&hellip;]<\/p>\n","protected":false},"author":8,"featured_media":167601,"comment_status":"close","ping_status":"closed","sticky":false,"template":"","format":"standard","meta":{"_monsterinsights_skip_tracking":false,"_monsterinsights_sitenote_active":false,"_monsterinsights_sitenote_note":"","_monsterinsights_sitenote_category":0,"footnotes":""},"categories":[101],"tags":[],"yoast_head":"<!-- This site is optimized with the Yoast SEO plugin v23.2 - https:\/\/yoast.com\/wordpress\/plugins\/seo\/ -->\n<title>Doug Ford Demande des Tarifs de 100 % sur les v\u00e9hicules \u00e9lectriques Chinois - CanadaMotorJobs.com<\/title>\n<meta name=\"description\" content=\"Doug Ford Demande des Tarifs de 100 % sur les v\u00e9hicules \u00e9lectriques Chinois - Benoit Charette - Annuel automobile - CanadaMotorJobs.com.\" \/>\n<meta name=\"robots\" content=\"index, follow, max-snippet:-1, max-image-preview:large, max-video-preview:-1\" \/>\n<meta property=\"og:locale\" content=\"fr_CA\" \/>\n<meta property=\"og:type\" content=\"article\" \/>\n<meta property=\"og:title\" content=\"Doug Ford Demande des Tarifs de 100 % sur les v\u00e9hicules \u00e9lectriques Chinois - CanadaMotorJobs.com\" \/>\n<meta property=\"og:description\" content=\"Doug Ford Demande des Tarifs de 100 % sur les v\u00e9hicules \u00e9lectriques Chinois - Benoit Charette - Annuel automobile - CanadaMotorJobs.com.\" \/>\n<meta property=\"og:url\" content=\"https:\/\/news.canadamotorjobs.com\/fr\/doug-ford-demande-des-tarifs-de-100-sur-les-vehicules-electriques-chinois\/\" \/>\n<meta property=\"og:site_name\" content=\"CanadaMotorJobs.com\" \/>\n<meta property=\"article:publisher\" content=\"https:\/\/www.facebook.com\/canadamotorjobs\/\" \/>\n<meta property=\"article:published_time\" content=\"2024-06-22T12:17:17+00:00\" \/>\n<meta property=\"article:modified_time\" content=\"2024-06-22T12:31:14+00:00\" \/>\n<meta property=\"og:image\" content=\"https:\/\/news.canadamotorjobs.com\/wp-content\/uploads\/2024\/06\/1x-1.jpg\" \/>\n\t<meta property=\"og:image:width\" content=\"2000\" \/>\n\t<meta property=\"og:image:height\" content=\"1380\" \/>\n\t<meta property=\"og:image:type\" content=\"image\/jpeg\" \/>\n<meta name=\"author\" content=\"Benoit Charette\" \/>\n<meta name=\"twitter:card\" content=\"summary_large_image\" \/>\n<meta name=\"twitter:creator\" content=\"@canadamotorjobs\" \/>\n<meta name=\"twitter:site\" content=\"@canadamotorjobs\" \/>\n<meta name=\"twitter:label1\" content=\"\u00c9crit par\" \/>\n\t<meta name=\"twitter:data1\" content=\"Benoit Charette\" \/>\n\t<meta name=\"twitter:label2\" content=\"Estimation du temps de lecture\" \/>\n\t<meta name=\"twitter:data2\" content=\"5 minutes\" \/>\n<!-- \/ Yoast SEO plugin. -->","yoast_head_json":{"title":"Doug Ford Demande des Tarifs de 100 % sur les v\u00e9hicules \u00e9lectriques Chinois - CanadaMotorJobs.com","description":"Doug Ford Demande des Tarifs de 100 % sur les v\u00e9hicules \u00e9lectriques Chinois - Benoit Charette - Annuel automobile - CanadaMotorJobs.com.","robots":{"index":"index","follow":"follow","max-snippet":"max-snippet:-1","max-image-preview":"max-image-preview:large","max-video-preview":"max-video-preview:-1"},"og_locale":"fr_CA","og_type":"article","og_title":"Doug Ford Demande des Tarifs de 100 % sur les v\u00e9hicules \u00e9lectriques Chinois - CanadaMotorJobs.com","og_description":"Doug Ford Demande des Tarifs de 100 % sur les v\u00e9hicules \u00e9lectriques Chinois - Benoit Charette - Annuel automobile - CanadaMotorJobs.com.","og_url":"https:\/\/news.canadamotorjobs.com\/fr\/doug-ford-demande-des-tarifs-de-100-sur-les-vehicules-electriques-chinois\/","og_site_name":"CanadaMotorJobs.com","article_publisher":"https:\/\/www.facebook.com\/canadamotorjobs\/","article_published_time":"2024-06-22T12:17:17+00:00","article_modified_time":"2024-06-22T12:31:14+00:00","og_image":[{"width":2000,"height":1380,"url":"https:\/\/news.canadamotorjobs.com\/wp-content\/uploads\/2024\/06\/1x-1.jpg","type":"image\/jpeg"}],"author":"Benoit Charette","twitter_card":"summary_large_image","twitter_creator":"@canadamotorjobs","twitter_site":"@canadamotorjobs","twitter_misc":{"\u00c9crit par":"Benoit Charette","Estimation du temps de lecture":"5 minutes"},"schema":{"@context":"https:\/\/schema.org","@graph":[{"@type":"Article","@id":"https:\/\/news.canadamotorjobs.com\/fr\/doug-ford-demande-des-tarifs-de-100-sur-les-vehicules-electriques-chinois\/#article","isPartOf":{"@id":"https:\/\/news.canadamotorjobs.com\/fr\/doug-ford-demande-des-tarifs-de-100-sur-les-vehicules-electriques-chinois\/"},"author":{"name":"Benoit Charette","@id":"https:\/\/news.canadamotorjobs.com\/#\/schema\/person\/51793d1f87d44011d7bcc2ed99269a90"},"headline":"Doug Ford Demande des Tarifs de 100 % sur les v\u00e9hicules \u00e9lectriques Chinois","datePublished":"2024-06-22T12:17:17+00:00","dateModified":"2024-06-22T12:31:14+00:00","mainEntityOfPage":{"@id":"https:\/\/news.canadamotorjobs.com\/fr\/doug-ford-demande-des-tarifs-de-100-sur-les-vehicules-electriques-chinois\/"},"wordCount":973,"publisher":{"@id":"https:\/\/news.canadamotorjobs.com\/#organization"},"image":{"@id":"https:\/\/news.canadamotorjobs.com\/fr\/doug-ford-demande-des-tarifs-de-100-sur-les-vehicules-electriques-chinois\/#primaryimage"},"thumbnailUrl":"https:\/\/news.canadamotorjobs.com\/wp-content\/uploads\/2024\/06\/1x-1.jpg","articleSection":["Annuel automobile"],"inLanguage":"fr-CA"},{"@type":"WebPage","@id":"https:\/\/news.canadamotorjobs.com\/fr\/doug-ford-demande-des-tarifs-de-100-sur-les-vehicules-electriques-chinois\/","url":"https:\/\/news.canadamotorjobs.com\/fr\/doug-ford-demande-des-tarifs-de-100-sur-les-vehicules-electriques-chinois\/","name":"Doug Ford Demande des Tarifs de 100 % sur les v\u00e9hicules \u00e9lectriques Chinois - CanadaMotorJobs.com","isPartOf":{"@id":"https:\/\/news.canadamotorjobs.com\/#website"},"primaryImageOfPage":{"@id":"https:\/\/news.canadamotorjobs.com\/fr\/doug-ford-demande-des-tarifs-de-100-sur-les-vehicules-electriques-chinois\/#primaryimage"},"image":{"@id":"https:\/\/news.canadamotorjobs.com\/fr\/doug-ford-demande-des-tarifs-de-100-sur-les-vehicules-electriques-chinois\/#primaryimage"},"thumbnailUrl":"https:\/\/news.canadamotorjobs.com\/wp-content\/uploads\/2024\/06\/1x-1.jpg","datePublished":"2024-06-22T12:17:17+00:00","dateModified":"2024-06-22T12:31:14+00:00","description":"Doug Ford Demande des Tarifs de 100 % sur les v\u00e9hicules \u00e9lectriques Chinois - Benoit Charette - Annuel automobile - CanadaMotorJobs.com.","breadcrumb":{"@id":"https:\/\/news.canadamotorjobs.com\/fr\/doug-ford-demande-des-tarifs-de-100-sur-les-vehicules-electriques-chinois\/#breadcrumb"},"inLanguage":"fr-CA","potentialAction":[{"@type":"ReadAction","target":["https:\/\/news.canadamotorjobs.com\/fr\/doug-ford-demande-des-tarifs-de-100-sur-les-vehicules-electriques-chinois\/"]}]},{"@type":"ImageObject","inLanguage":"fr-CA","@id":"https:\/\/news.canadamotorjobs.com\/fr\/doug-ford-demande-des-tarifs-de-100-sur-les-vehicules-electriques-chinois\/#primaryimage","url":"https:\/\/news.canadamotorjobs.com\/wp-content\/uploads\/2024\/06\/1x-1.jpg","contentUrl":"https:\/\/news.canadamotorjobs.com\/wp-content\/uploads\/2024\/06\/1x-1.jpg","width":2000,"height":1380},{"@type":"BreadcrumbList","@id":"https:\/\/news.canadamotorjobs.com\/fr\/doug-ford-demande-des-tarifs-de-100-sur-les-vehicules-electriques-chinois\/#breadcrumb","itemListElement":[{"@type":"ListItem","position":1,"name":"Home","item":"https:\/\/news.canadamotorjobs.com\/fr\/blog\/"},{"@type":"ListItem","position":2,"name":"Doug Ford Demande des Tarifs de 100 % sur les v\u00e9hicules \u00e9lectriques Chinois"}]},{"@type":"WebSite","@id":"https:\/\/news.canadamotorjobs.com\/#website","url":"https:\/\/news.canadamotorjobs.com\/","name":"CanadaMotorJobs.com","description":"Automotive Jobs","publisher":{"@id":"https:\/\/news.canadamotorjobs.com\/#organization"},"potentialAction":[{"@type":"SearchAction","target":{"@type":"EntryPoint","urlTemplate":"https:\/\/news.canadamotorjobs.com\/?s={search_term_string}"},"query-input":"required name=search_term_string"}],"inLanguage":"fr-CA"},{"@type":"Organization","@id":"https:\/\/news.canadamotorjobs.com\/#organization","name":"Canada Motor Jobs","url":"https:\/\/news.canadamotorjobs.com\/","logo":{"@type":"ImageObject","inLanguage":"fr-CA","@id":"https:\/\/news.canadamotorjobs.com\/#\/schema\/logo\/image\/","url":"https:\/\/news.canadamotorjobs.com\/wp-content\/uploads\/2022\/10\/logo-canada-motor-jobs-1.png","contentUrl":"https:\/\/news.canadamotorjobs.com\/wp-content\/uploads\/2022\/10\/logo-canada-motor-jobs-1.png","width":800,"height":400,"caption":"Canada Motor Jobs"},"image":{"@id":"https:\/\/news.canadamotorjobs.com\/#\/schema\/logo\/image\/"},"sameAs":["https:\/\/www.facebook.com\/canadamotorjobs\/","https:\/\/x.com\/canadamotorjobs","https:\/\/www.instagram.com\/canadamotorjobs\/","https:\/\/www.linkedin.com\/company\/canadamotorjobs"]},{"@type":"Person","@id":"https:\/\/news.canadamotorjobs.com\/#\/schema\/person\/51793d1f87d44011d7bcc2ed99269a90","name":"Benoit Charette","image":{"@type":"ImageObject","inLanguage":"fr-CA","@id":"https:\/\/news.canadamotorjobs.com\/#\/schema\/person\/image\/","url":"https:\/\/secure.gravatar.com\/avatar\/45f3d2eebcccd909668d7ce7ea7267b6?s=96&d=mm&r=g","contentUrl":"https:\/\/secure.gravatar.com\/avatar\/45f3d2eebcccd909668d7ce7ea7267b6?s=96&d=mm&r=g","caption":"Benoit Charette"},"description":"Benoit Charette \/ Propri\u00e9taire et r\u00e9dacteur en chef Benoit Charette pratique le journalisme automobile depuis bient\u00f4t 30 ans. Il a fait ses classes au c\u00f4t\u00e9 de Daniel H\u00e9raud et au Carnet de route de 1992 \u00e0 2001. Il est fondateur, copropri\u00e9taire et r\u00e9dacteur en chef de L\u2019Annuel de l\u2019automobile, qu\u2019il publie depuis 2001. Il a anim\u00e9 les \u00e9missions RPM et RPM+ sur V et les L\u00e9gendes de la route sur Historia. \u00c0 la radio depuis 1986, il reprend l\u2019antenne cette ann\u00e9e sur les ondes de Cogeco et participe pour la deuxi\u00e8me ann\u00e9e \u00e0 l\u2019\u00e9mission Passion Auto sur RDS en plus de mettre en ligne le site Web officiel de L\u2019Annuel de l\u2019automobile sur annuelauto.ca.","sameAs":["https:\/\/annuelauto.ca\/"],"url":"https:\/\/news.canadamotorjobs.com\/fr\/author\/benoit-charette\/"}]}},"_links":{"self":[{"href":"https:\/\/news.canadamotorjobs.com\/fr\/wp-json\/wp\/v2\/posts\/167599"}],"collection":[{"href":"https:\/\/news.canadamotorjobs.com\/fr\/wp-json\/wp\/v2\/posts"}],"about":[{"href":"https:\/\/news.canadamotorjobs.com\/fr\/wp-json\/wp\/v2\/types\/post"}],"author":[{"embeddable":true,"href":"https:\/\/news.canadamotorjobs.com\/fr\/wp-json\/wp\/v2\/users\/8"}],"replies":[{"embeddable":true,"href":"https:\/\/news.canadamotorjobs.com\/fr\/wp-json\/wp\/v2\/comments?post=167599"}],"version-history":[{"count":2,"href":"https:\/\/news.canadamotorjobs.com\/fr\/wp-json\/wp\/v2\/posts\/167599\/revisions"}],"predecessor-version":[{"id":167603,"href":"https:\/\/news.canadamotorjobs.com\/fr\/wp-json\/wp\/v2\/posts\/167599\/revisions\/167603"}],"wp:featuredmedia":[{"embeddable":true,"href":"https:\/\/news.canadamotorjobs.com\/fr\/wp-json\/wp\/v2\/media\/167601"}],"wp:attachment":[{"href":"https:\/\/news.canadamotorjobs.com\/fr\/wp-json\/wp\/v2\/media?parent=167599"}],"wp:term":[{"taxonomy":"category","embeddable":true,"href":"https:\/\/news.canadamotorjobs.com\/fr\/wp-json\/wp\/v2\/categories?post=167599"},{"taxonomy":"post_tag","embeddable":true,"href":"https:\/\/news.canadamotorjobs.com\/fr\/wp-json\/wp\/v2\/tags?post=167599"}],"curies":[{"name":"wp","href":"https:\/\/api.w.org\/{rel}","templated":true}]}}