{"id":167576,"date":"2024-06-22T07:59:30","date_gmt":"2024-06-22T11:59:30","guid":{"rendered":"https:\/\/news.canadamotorjobs.com\/?p=167576"},"modified":"2024-06-22T08:14:58","modified_gmt":"2024-06-22T12:14:58","slug":"chat-gpt-sinvite-chez-volkswagen","status":"publish","type":"post","link":"https:\/\/news.canadamotorjobs.com\/fr\/chat-gpt-sinvite-chez-volkswagen\/","title":{"rendered":"Chat GPT s\u2019invite chez Volkswagen"},"content":{"rendered":"<\/p>\n<p>Volkswagen r\u00e9volutionne l&#8217;exp\u00e9rience utilisateur avec l&#8217;ajout de ChatGPT \u00e0 ses v\u00e9hicules. Cette technologie innovante est d\u00e9sormais disponible sur plusieurs mod\u00e8les, promettant d&#8217;am\u00e9liorer consid\u00e9rablement l&#8217;interaction avec les v\u00e9hicules.<\/p>\n<h4>ChatGPT d\u00e9barque dans les nouveaux mod\u00e8les de Volkswagen<\/h4>\n<p>\nVolkswagen a r\u00e9cemment annonc\u00e9 l&#8217;int\u00e9gration de ChatGPT dans plusieurs de ses nouveaux v\u00e9hicules. Parmi les mod\u00e8les support\u00e9s, on retrouve la Golf, le Tiguan, la Passat, ainsi que tous les v\u00e9hicules de la famille ID. Cette nouveaut\u00e9 marque une avanc\u00e9e significative pour la marque, qui travaille depuis plusieurs mois sur cette int\u00e9gration.<\/p>\n<h4>Un assistant vocal plus intelligent et plus polyvalent<\/h4>\n<p>\nChatGPT ne remplace pas l&#8217;assistant vocal IDA, mais le compl\u00e8te en offrant une capacit\u00e9 \u00e0 r\u00e9pondre \u00e0 une vari\u00e9t\u00e9 de questions. Contrairement \u00e0 d&#8217;autres syst\u00e8mes, il permet une interaction en langage naturel, ce qui signifie que les utilisateurs peuvent poser des questions comme s&#8217;ils parlaient \u00e0 une personne.<\/p>\n<h4>Une technologie accessible et pratique<\/h4>\n<p>\nPour utiliser ChatGPT, il suffit d&#8217;activer l&#8217;assistant vocal IDA en disant &#8220;Hello IDA&#8221; ou en appuyant sur un bouton du volant. Aucune nouvelle application ni cr\u00e9ation de compte n&#8217;est n\u00e9cessaire. Cependant, la fonctionnalit\u00e9 est actuellement disponible uniquement en quelques langues, notamment l&#8217;anglais (US et UK), l&#8217;espagnol, le tch\u00e8que et l&#8217;allemand.<\/p>\n<h4>Des fonctionnalit\u00e9s \u00e9tendues<\/h4>\n<p>\nL&#8217;assistant vocal IDA permet d\u00e9j\u00e0 de contr\u00f4ler diverses fonctionnalit\u00e9s comme le syst\u00e8me de climatisation et la navigation. Avec ChatGPT, les possibilit\u00e9s s&#8217;\u00e9tendent encore. Par exemple, les conducteurs peuvent demander des informations sur des attractions touristiques ou conna\u00eetre les r\u00e9sultats sportifs de la veille. Il peut m\u00eame aider les enfants \u00e0 r\u00e9soudre des probl\u00e8mes de math\u00e9matiques, offrant ainsi un service polyvalent et utile au quotidien.<\/p>\n<h4>Respect de la vie priv\u00e9e et s\u00e9curit\u00e9 des donn\u00e9es<\/h4>\n<p>\nVolkswagen assure que la s\u00e9curit\u00e9 et la confidentialit\u00e9 des utilisateurs sont une priorit\u00e9. \u00c0 aucun moment, ChatGPT n&#8217;acc\u00e8de aux donn\u00e9es du v\u00e9hicule, et les informations envoy\u00e9es \u00e0 ChatGPT le sont de mani\u00e8re anonyme. Si une question ne peut \u00eatre r\u00e9solue par le syst\u00e8me Volkswagen, les informations sont transmises \u00e0 ChatGPT, puis imm\u00e9diatement supprim\u00e9es apr\u00e8s obtention de la r\u00e9ponse, garantissant ainsi la protection des donn\u00e9es personnelles.<\/p>\n<h3>Conclusion<\/h3>\n<p>\nKai Gr\u00fcnitz, de Volkswagen, a d\u00e9clar\u00e9 : \u00ab Volkswagen a une longue tradition de d\u00e9mocratisation des technologies. En int\u00e9grant de mani\u00e8re transparente ChatGPT dans l&#8217;assistant vocal, nous offrons maintenant aux conducteurs la possibilit\u00e9 d&#8217;utiliser cette intelligence artificielle au quotidien, soulignant ainsi l&#8217;innovation de nos produits. \u00bb<\/p>\n<p>Avec cette int\u00e9gration, Volkswagen continue de se positionner \u00e0 la pointe de l&#8217;innovation technologique, rendant la conduite plus intuitive et connect\u00e9e. Les propri\u00e9taires de v\u00e9hicules \u00e9quip\u00e9s de ChatGPT peuvent ainsi s&#8217;attendre \u00e0 une exp\u00e9rience de conduite am\u00e9lior\u00e9e et plus interactive.<\/p>\n<p>Avec des renseignements de Carscoops<\/p>\n<p>Le texte <a rel=\"nofollow\" href=\"https:\/\/annuelauto.ca\/chat-gpt-sinvite-chez-volkswagen\/\">Chat GPT s\u2019invite chez Volkswagen<\/a> provient de <a rel=\"nofollow\" href=\"https:\/\/annuelauto.ca\">L&#8217;annuel de l&#8217;automobile &#8211; Actualit\u00e9 automobile<\/a><\/p>\n<p><\/p>\n","protected":false},"excerpt":{"rendered":"<p>Volkswagen r\u00e9volutionne l&#8217;exp\u00e9rience utilisateur avec l&#8217;ajout de ChatGPT \u00e0 ses v\u00e9hicules. Cette technologie innovante est d\u00e9sormais disponible sur plusieurs mod\u00e8les, promettant d&#8217;am\u00e9liorer consid\u00e9rablement l&#8217;interaction avec les v\u00e9hicules. ChatGPT d\u00e9barque dans les nouveaux mod\u00e8les de Volkswagen Volkswagen a r\u00e9cemment annonc\u00e9 l&#8217;int\u00e9gration de ChatGPT dans plusieurs de ses nouveaux v\u00e9hicules. Parmi les mod\u00e8les support\u00e9s, on retrouve la [&hellip;]<\/p>\n","protected":false},"author":8,"featured_media":167578,"comment_status":"close","ping_status":"closed","sticky":false,"template":"","format":"standard","meta":{"_monsterinsights_skip_tracking":false,"_monsterinsights_sitenote_active":false,"_monsterinsights_sitenote_note":"","_monsterinsights_sitenote_category":0,"footnotes":""},"categories":[101],"tags":[],"yoast_head":"<!-- This site is optimized with the Yoast SEO plugin v23.2 - https:\/\/yoast.com\/wordpress\/plugins\/seo\/ -->\n<title>Chat GPT s\u2019invite chez Volkswagen - CanadaMotorJobs.com<\/title>\n<meta name=\"description\" content=\"Chat GPT s\u2019invite chez Volkswagen - Benoit Charette - Annuel automobile - CanadaMotorJobs.com.\" \/>\n<meta name=\"robots\" content=\"index, follow, max-snippet:-1, max-image-preview:large, max-video-preview:-1\" \/>\n<meta property=\"og:locale\" content=\"fr_CA\" \/>\n<meta property=\"og:type\" content=\"article\" \/>\n<meta property=\"og:title\" content=\"Chat GPT s\u2019invite chez Volkswagen - CanadaMotorJobs.com\" \/>\n<meta property=\"og:description\" content=\"Chat GPT s\u2019invite chez Volkswagen - Benoit Charette - Annuel automobile - CanadaMotorJobs.com.\" \/>\n<meta property=\"og:url\" content=\"https:\/\/news.canadamotorjobs.com\/fr\/chat-gpt-sinvite-chez-volkswagen\/\" \/>\n<meta property=\"og:site_name\" content=\"CanadaMotorJobs.com\" \/>\n<meta property=\"article:publisher\" content=\"https:\/\/www.facebook.com\/canadamotorjobs\/\" \/>\n<meta property=\"article:published_time\" content=\"2024-06-22T11:59:30+00:00\" \/>\n<meta property=\"article:modified_time\" content=\"2024-06-22T12:14:58+00:00\" \/>\n<meta property=\"og:image\" content=\"https:\/\/news.canadamotorjobs.com\/wp-content\/uploads\/2024\/06\/659c4be7b56e6.preview.jpg\" \/>\n\t<meta property=\"og:image:width\" content=\"1200\" \/>\n\t<meta property=\"og:image:height\" content=\"630\" \/>\n\t<meta property=\"og:image:type\" content=\"image\/jpeg\" \/>\n<meta name=\"author\" content=\"Benoit Charette\" \/>\n<meta name=\"twitter:card\" content=\"summary_large_image\" \/>\n<meta name=\"twitter:creator\" content=\"@canadamotorjobs\" \/>\n<meta name=\"twitter:site\" content=\"@canadamotorjobs\" \/>\n<meta name=\"twitter:label1\" content=\"\u00c9crit par\" \/>\n\t<meta name=\"twitter:data1\" content=\"Benoit Charette\" \/>\n\t<meta name=\"twitter:label2\" content=\"Estimation du temps de lecture\" \/>\n\t<meta name=\"twitter:data2\" content=\"2 minutes\" \/>\n<!-- \/ Yoast SEO plugin. -->","yoast_head_json":{"title":"Chat GPT s\u2019invite chez Volkswagen - CanadaMotorJobs.com","description":"Chat GPT s\u2019invite chez Volkswagen - Benoit Charette - Annuel automobile - CanadaMotorJobs.com.","robots":{"index":"index","follow":"follow","max-snippet":"max-snippet:-1","max-image-preview":"max-image-preview:large","max-video-preview":"max-video-preview:-1"},"og_locale":"fr_CA","og_type":"article","og_title":"Chat GPT s\u2019invite chez Volkswagen - CanadaMotorJobs.com","og_description":"Chat GPT s\u2019invite chez Volkswagen - Benoit Charette - Annuel automobile - CanadaMotorJobs.com.","og_url":"https:\/\/news.canadamotorjobs.com\/fr\/chat-gpt-sinvite-chez-volkswagen\/","og_site_name":"CanadaMotorJobs.com","article_publisher":"https:\/\/www.facebook.com\/canadamotorjobs\/","article_published_time":"2024-06-22T11:59:30+00:00","article_modified_time":"2024-06-22T12:14:58+00:00","og_image":[{"width":1200,"height":630,"url":"https:\/\/news.canadamotorjobs.com\/wp-content\/uploads\/2024\/06\/659c4be7b56e6.preview.jpg","type":"image\/jpeg"}],"author":"Benoit Charette","twitter_card":"summary_large_image","twitter_creator":"@canadamotorjobs","twitter_site":"@canadamotorjobs","twitter_misc":{"\u00c9crit par":"Benoit Charette","Estimation du temps de lecture":"2 minutes"},"schema":{"@context":"https:\/\/schema.org","@graph":[{"@type":"Article","@id":"https:\/\/news.canadamotorjobs.com\/fr\/chat-gpt-sinvite-chez-volkswagen\/#article","isPartOf":{"@id":"https:\/\/news.canadamotorjobs.com\/fr\/chat-gpt-sinvite-chez-volkswagen\/"},"author":{"name":"Benoit Charette","@id":"https:\/\/news.canadamotorjobs.com\/#\/schema\/person\/51793d1f87d44011d7bcc2ed99269a90"},"headline":"Chat GPT s\u2019invite chez Volkswagen","datePublished":"2024-06-22T11:59:30+00:00","dateModified":"2024-06-22T12:14:58+00:00","mainEntityOfPage":{"@id":"https:\/\/news.canadamotorjobs.com\/fr\/chat-gpt-sinvite-chez-volkswagen\/"},"wordCount":527,"publisher":{"@id":"https:\/\/news.canadamotorjobs.com\/#organization"},"image":{"@id":"https:\/\/news.canadamotorjobs.com\/fr\/chat-gpt-sinvite-chez-volkswagen\/#primaryimage"},"thumbnailUrl":"https:\/\/news.canadamotorjobs.com\/wp-content\/uploads\/2024\/06\/659c4be7b56e6.preview.jpg","articleSection":["Annuel automobile"],"inLanguage":"fr-CA"},{"@type":"WebPage","@id":"https:\/\/news.canadamotorjobs.com\/fr\/chat-gpt-sinvite-chez-volkswagen\/","url":"https:\/\/news.canadamotorjobs.com\/fr\/chat-gpt-sinvite-chez-volkswagen\/","name":"Chat GPT s\u2019invite chez Volkswagen - CanadaMotorJobs.com","isPartOf":{"@id":"https:\/\/news.canadamotorjobs.com\/#website"},"primaryImageOfPage":{"@id":"https:\/\/news.canadamotorjobs.com\/fr\/chat-gpt-sinvite-chez-volkswagen\/#primaryimage"},"image":{"@id":"https:\/\/news.canadamotorjobs.com\/fr\/chat-gpt-sinvite-chez-volkswagen\/#primaryimage"},"thumbnailUrl":"https:\/\/news.canadamotorjobs.com\/wp-content\/uploads\/2024\/06\/659c4be7b56e6.preview.jpg","datePublished":"2024-06-22T11:59:30+00:00","dateModified":"2024-06-22T12:14:58+00:00","description":"Chat GPT s\u2019invite chez Volkswagen - Benoit Charette - Annuel automobile - CanadaMotorJobs.com.","breadcrumb":{"@id":"https:\/\/news.canadamotorjobs.com\/fr\/chat-gpt-sinvite-chez-volkswagen\/#breadcrumb"},"inLanguage":"fr-CA","potentialAction":[{"@type":"ReadAction","target":["https:\/\/news.canadamotorjobs.com\/fr\/chat-gpt-sinvite-chez-volkswagen\/"]}]},{"@type":"ImageObject","inLanguage":"fr-CA","@id":"https:\/\/news.canadamotorjobs.com\/fr\/chat-gpt-sinvite-chez-volkswagen\/#primaryimage","url":"https:\/\/news.canadamotorjobs.com\/wp-content\/uploads\/2024\/06\/659c4be7b56e6.preview.jpg","contentUrl":"https:\/\/news.canadamotorjobs.com\/wp-content\/uploads\/2024\/06\/659c4be7b56e6.preview.jpg","width":1200,"height":630},{"@type":"BreadcrumbList","@id":"https:\/\/news.canadamotorjobs.com\/fr\/chat-gpt-sinvite-chez-volkswagen\/#breadcrumb","itemListElement":[{"@type":"ListItem","position":1,"name":"Home","item":"https:\/\/news.canadamotorjobs.com\/fr\/blog\/"},{"@type":"ListItem","position":2,"name":"Chat GPT s\u2019invite chez Volkswagen"}]},{"@type":"WebSite","@id":"https:\/\/news.canadamotorjobs.com\/#website","url":"https:\/\/news.canadamotorjobs.com\/","name":"CanadaMotorJobs.com","description":"Automotive Jobs","publisher":{"@id":"https:\/\/news.canadamotorjobs.com\/#organization"},"potentialAction":[{"@type":"SearchAction","target":{"@type":"EntryPoint","urlTemplate":"https:\/\/news.canadamotorjobs.com\/?s={search_term_string}"},"query-input":"required name=search_term_string"}],"inLanguage":"fr-CA"},{"@type":"Organization","@id":"https:\/\/news.canadamotorjobs.com\/#organization","name":"Canada Motor Jobs","url":"https:\/\/news.canadamotorjobs.com\/","logo":{"@type":"ImageObject","inLanguage":"fr-CA","@id":"https:\/\/news.canadamotorjobs.com\/#\/schema\/logo\/image\/","url":"https:\/\/news.canadamotorjobs.com\/wp-content\/uploads\/2022\/10\/logo-canada-motor-jobs-1.png","contentUrl":"https:\/\/news.canadamotorjobs.com\/wp-content\/uploads\/2022\/10\/logo-canada-motor-jobs-1.png","width":800,"height":400,"caption":"Canada Motor Jobs"},"image":{"@id":"https:\/\/news.canadamotorjobs.com\/#\/schema\/logo\/image\/"},"sameAs":["https:\/\/www.facebook.com\/canadamotorjobs\/","https:\/\/x.com\/canadamotorjobs","https:\/\/www.instagram.com\/canadamotorjobs\/","https:\/\/www.linkedin.com\/company\/canadamotorjobs"]},{"@type":"Person","@id":"https:\/\/news.canadamotorjobs.com\/#\/schema\/person\/51793d1f87d44011d7bcc2ed99269a90","name":"Benoit Charette","image":{"@type":"ImageObject","inLanguage":"fr-CA","@id":"https:\/\/news.canadamotorjobs.com\/#\/schema\/person\/image\/","url":"https:\/\/secure.gravatar.com\/avatar\/45f3d2eebcccd909668d7ce7ea7267b6?s=96&d=mm&r=g","contentUrl":"https:\/\/secure.gravatar.com\/avatar\/45f3d2eebcccd909668d7ce7ea7267b6?s=96&d=mm&r=g","caption":"Benoit Charette"},"description":"Benoit Charette \/ Propri\u00e9taire et r\u00e9dacteur en chef Benoit Charette pratique le journalisme automobile depuis bient\u00f4t 30 ans. Il a fait ses classes au c\u00f4t\u00e9 de Daniel H\u00e9raud et au Carnet de route de 1992 \u00e0 2001. Il est fondateur, copropri\u00e9taire et r\u00e9dacteur en chef de L\u2019Annuel de l\u2019automobile, qu\u2019il publie depuis 2001. Il a anim\u00e9 les \u00e9missions RPM et RPM+ sur V et les L\u00e9gendes de la route sur Historia. \u00c0 la radio depuis 1986, il reprend l\u2019antenne cette ann\u00e9e sur les ondes de Cogeco et participe pour la deuxi\u00e8me ann\u00e9e \u00e0 l\u2019\u00e9mission Passion Auto sur RDS en plus de mettre en ligne le site Web officiel de L\u2019Annuel de l\u2019automobile sur annuelauto.ca.","sameAs":["https:\/\/annuelauto.ca\/"],"url":"https:\/\/news.canadamotorjobs.com\/fr\/author\/benoit-charette\/"}]}},"_links":{"self":[{"href":"https:\/\/news.canadamotorjobs.com\/fr\/wp-json\/wp\/v2\/posts\/167576"}],"collection":[{"href":"https:\/\/news.canadamotorjobs.com\/fr\/wp-json\/wp\/v2\/posts"}],"about":[{"href":"https:\/\/news.canadamotorjobs.com\/fr\/wp-json\/wp\/v2\/types\/post"}],"author":[{"embeddable":true,"href":"https:\/\/news.canadamotorjobs.com\/fr\/wp-json\/wp\/v2\/users\/8"}],"replies":[{"embeddable":true,"href":"https:\/\/news.canadamotorjobs.com\/fr\/wp-json\/wp\/v2\/comments?post=167576"}],"version-history":[{"count":2,"href":"https:\/\/news.canadamotorjobs.com\/fr\/wp-json\/wp\/v2\/posts\/167576\/revisions"}],"predecessor-version":[{"id":167580,"href":"https:\/\/news.canadamotorjobs.com\/fr\/wp-json\/wp\/v2\/posts\/167576\/revisions\/167580"}],"wp:featuredmedia":[{"embeddable":true,"href":"https:\/\/news.canadamotorjobs.com\/fr\/wp-json\/wp\/v2\/media\/167578"}],"wp:attachment":[{"href":"https:\/\/news.canadamotorjobs.com\/fr\/wp-json\/wp\/v2\/media?parent=167576"}],"wp:term":[{"taxonomy":"category","embeddable":true,"href":"https:\/\/news.canadamotorjobs.com\/fr\/wp-json\/wp\/v2\/categories?post=167576"},{"taxonomy":"post_tag","embeddable":true,"href":"https:\/\/news.canadamotorjobs.com\/fr\/wp-json\/wp\/v2\/tags?post=167576"}],"curies":[{"name":"wp","href":"https:\/\/api.w.org\/{rel}","templated":true}]}}