{"id":167553,"date":"2024-06-21T13:27:06","date_gmt":"2024-06-21T17:27:06","guid":{"rendered":"https:\/\/news.canadamotorjobs.com\/?p=167553"},"modified":"2024-06-21T13:31:01","modified_gmt":"2024-06-21T17:31:01","slug":"bmw-annule-un-contrat-de-2-milliards-deuros-avec-northvolt-en-europe","status":"publish","type":"post","link":"https:\/\/news.canadamotorjobs.com\/fr\/bmw-annule-un-contrat-de-2-milliards-deuros-avec-northvolt-en-europe\/","title":{"rendered":"BMW annule un contrat de 2 milliards d\u2019euros avec Northvolt en Europe"},"content":{"rendered":"<\/p>\n<p>BMW a annul\u00e9 une commande de 2 milliards d&#8217;euros pour des cellules de batterie de v\u00e9hicules \u00e9lectriques aupr\u00e8s du fabricant su\u00e9dois Northvolt, quatre ans apr\u00e8s l&#8217;annonce de l&#8217;accord. Apr\u00e8s cette annulation, BMW se tournera vers la soci\u00e9t\u00e9 sud-cor\u00e9enne Samsung SDI pour r\u00e9pondre \u00e0 ses besoins en batteries.<\/p>\n<ul><\/p>\n<li>\n<h3><strong>Commande annul\u00e9e<\/strong> : BMW devait commencer \u00e0 recevoir des batteries de Northvolt cette ann\u00e9e.<\/h3>\n<p>\n<\/li>\n<p><\/p>\n<li>\n<h3><strong>Fourniture maintenue pour la Neue Klasse<\/strong> : Northvolt continuera n\u00e9anmoins \u00e0 fournir des cellules de batterie pour les v\u00e9hicules \u00e9lectriques de la gamme Neue Klasse de BMW.<\/h3>\n<p>\n<\/li>\n<p><\/p>\n<li>\n<h3><strong>Origine de Northvolt<\/strong> : Le fabricant su\u00e9dois de batteries a \u00e9t\u00e9 fond\u00e9 en 2016 par deux anciens cadres de Tesla.<\/h3>\n<p>\n<\/li>\n<p>\n<\/ul>\n<p><\/p>\n<h4>BMW et Northvolt : Un contrat annul\u00e9 pour des raisons de retards<\/h4>\n<p>\nEn juillet 2020, BMW avait sign\u00e9 un contrat d&#8217;approvisionnement avec Northvolt, esp\u00e9rant recevoir les premi\u00e8res cellules de batterie cette ann\u00e9e. Cependant, Northvolt n&#8217;a pas \u00e9t\u00e9 en mesure de remplir ses obligations en raison de difficult\u00e9s \u00e0 augmenter la production en s\u00e9rie. La soci\u00e9t\u00e9 su\u00e9doise accuse un retard de deux ans et produit trop de d\u00e9chets, ce qui a conduit \u00e0 l&#8217;annulation de la commande.<\/p>\n<h4>\u00c9nergie renouvelable et nouvelles collaborations<\/h4>\n<p>\nLes cellules fournies par Northvolt devaient \u00eatre fabriqu\u00e9es \u00e0 100 % \u00e0 partir d&#8217;\u00e9nergie renouvelable, notamment de l&#8217;\u00e9nergie \u00e9olienne et hydro\u00e9lectrique. Selon Handelsblatt, BMW a r\u00e9cemment annul\u00e9 la commande et s&#8217;adressera d\u00e9sormais \u00e0 Samsung SDI pour fournir les cellules de batterie n\u00e9cessaires \u00e0 ses v\u00e9hicules \u00e9lectriques actuels.<\/p>\n<p>Malgr\u00e9 cette annulation, BMW maintient son contrat avec Northvolt pour la fourniture de cellules de batterie de nouvelle g\u00e9n\u00e9ration destin\u00e9es aux v\u00e9hicules bas\u00e9s sur la Neue Klasse. &#8220;Northvolt et le groupe BMW ont d\u00e9cid\u00e9 conjointement de concentrer les activit\u00e9s de Northvolt sur l&#8217;objectif de d\u00e9velopper des cellules de batterie de nouvelle g\u00e9n\u00e9ration&#8221;, a d\u00e9clar\u00e9 un porte-parole de BMW. &#8220;Le groupe BMW continue de s&#8217;int\u00e9resser fortement \u00e0 l&#8217;\u00e9tablissement d&#8217;un fabricant performant de cellules de batterie circulaires et durables en Europe.&#8221;<\/p>\n<h4>Northvolt : Une entreprise ambitieuse en pleine expansion<\/h4>\n<p>\nFond\u00e9e en 2016 par deux anciens cadres de Tesla, Northvolt a lev\u00e9 5 milliards de dollars en janvier pour agrandir ses installations en Su\u00e8de et permettre le recyclage des batteries. En mars, l&#8217;entreprise a \u00e9galement entam\u00e9 la construction d&#8217;une nouvelle gigafactory en Allemagne, \u00e0 Heide, et envisage d&#8217;ouvrir une nouvelle usine \u00e0 Borl\u00e4nge, en Su\u00e8de.<\/p>\n<h4>L&#8217;avenir de la Neue Klasse de BMW<\/h4>\n<p>\nLa gamme de v\u00e9hicules \u00e9lectriques Neue Klasse de BMW d\u00e9butera avec une version de production de l&#8217;iX3 fin 2025. Cette gamme comprendra \u00e9galement une berline \u00e9lectrique de taille similaire \u00e0 l&#8217;actuelle S\u00e9rie 3, ainsi qu&#8217;un mod\u00e8le coup\u00e9 appel\u00e9 iX4 et un break pr\u00e9vu pour 2027. Un rempla\u00e7ant de l&#8217;actuel iX2 fera \u00e9galement partie de la famille Neue Klasse.<\/p>\n<p>Avec des renseignements de Carscoops<\/p>\n<p>Le texte <a rel=\"nofollow\" href=\"https:\/\/annuelauto.ca\/bmw-annule-un-contrat-de-2-milliards-deuros-avec-northvolt-en-europe\/\">BMW annule un contrat de 2 milliards d\u2019euros avec Northvolt en Europe<\/a> provient de <a rel=\"nofollow\" href=\"https:\/\/annuelauto.ca\">L&#8217;annuel de l&#8217;automobile &#8211; Actualit\u00e9 automobile<\/a><\/p>\n<p><\/p>\n","protected":false},"excerpt":{"rendered":"<p>BMW a annul\u00e9 une commande de 2 milliards d&#8217;euros pour des cellules de batterie de v\u00e9hicules \u00e9lectriques aupr\u00e8s du fabricant su\u00e9dois Northvolt, quatre ans apr\u00e8s l&#8217;annonce de l&#8217;accord. Apr\u00e8s cette annulation, BMW se tournera vers la soci\u00e9t\u00e9 sud-cor\u00e9enne Samsung SDI pour r\u00e9pondre \u00e0 ses besoins en batteries. Commande annul\u00e9e : BMW devait commencer \u00e0 recevoir [&hellip;]<\/p>\n","protected":false},"author":8,"featured_media":167555,"comment_status":"close","ping_status":"closed","sticky":false,"template":"","format":"standard","meta":{"_monsterinsights_skip_tracking":false,"_monsterinsights_sitenote_active":false,"_monsterinsights_sitenote_note":"","_monsterinsights_sitenote_category":0,"footnotes":""},"categories":[101],"tags":[],"yoast_head":"<!-- This site is optimized with the Yoast SEO plugin v23.2 - https:\/\/yoast.com\/wordpress\/plugins\/seo\/ -->\n<title>BMW annule un contrat de 2 milliards d\u2019euros avec Northvolt en Europe - CanadaMotorJobs.com<\/title>\n<meta name=\"description\" content=\"BMW annule un contrat de 2 milliards d\u2019euros avec Northvolt en Europe - Benoit Charette - Annuel automobile - CanadaMotorJobs.com.\" \/>\n<meta name=\"robots\" content=\"index, follow, max-snippet:-1, max-image-preview:large, max-video-preview:-1\" \/>\n<meta property=\"og:locale\" content=\"fr_CA\" \/>\n<meta property=\"og:type\" content=\"article\" \/>\n<meta property=\"og:title\" content=\"BMW annule un contrat de 2 milliards d\u2019euros avec Northvolt en Europe - CanadaMotorJobs.com\" \/>\n<meta property=\"og:description\" content=\"BMW annule un contrat de 2 milliards d\u2019euros avec Northvolt en Europe - Benoit Charette - Annuel automobile - CanadaMotorJobs.com.\" \/>\n<meta property=\"og:url\" content=\"https:\/\/news.canadamotorjobs.com\/fr\/bmw-annule-un-contrat-de-2-milliards-deuros-avec-northvolt-en-europe\/\" \/>\n<meta property=\"og:site_name\" content=\"CanadaMotorJobs.com\" \/>\n<meta property=\"article:publisher\" content=\"https:\/\/www.facebook.com\/canadamotorjobs\/\" \/>\n<meta property=\"article:published_time\" content=\"2024-06-21T17:27:06+00:00\" \/>\n<meta property=\"article:modified_time\" content=\"2024-06-21T17:31:01+00:00\" \/>\n<meta property=\"og:image\" content=\"https:\/\/news.canadamotorjobs.com\/wp-content\/uploads\/2024\/06\/20210216073901-d7cc67d59ff12cacc1daaeafd19ba9ef-1-1.jpeg\" \/>\n\t<meta property=\"og:image:width\" content=\"1348\" \/>\n\t<meta property=\"og:image:height\" content=\"900\" \/>\n\t<meta property=\"og:image:type\" content=\"image\/jpeg\" \/>\n<meta name=\"author\" content=\"Benoit Charette\" \/>\n<meta name=\"twitter:card\" content=\"summary_large_image\" \/>\n<meta name=\"twitter:creator\" content=\"@canadamotorjobs\" \/>\n<meta name=\"twitter:site\" content=\"@canadamotorjobs\" \/>\n<meta name=\"twitter:label1\" content=\"\u00c9crit par\" \/>\n\t<meta name=\"twitter:data1\" content=\"Benoit Charette\" \/>\n\t<meta name=\"twitter:label2\" content=\"Estimation du temps de lecture\" \/>\n\t<meta name=\"twitter:data2\" content=\"2 minutes\" \/>\n<!-- \/ Yoast SEO plugin. -->","yoast_head_json":{"title":"BMW annule un contrat de 2 milliards d\u2019euros avec Northvolt en Europe - CanadaMotorJobs.com","description":"BMW annule un contrat de 2 milliards d\u2019euros avec Northvolt en Europe - Benoit Charette - Annuel automobile - CanadaMotorJobs.com.","robots":{"index":"index","follow":"follow","max-snippet":"max-snippet:-1","max-image-preview":"max-image-preview:large","max-video-preview":"max-video-preview:-1"},"og_locale":"fr_CA","og_type":"article","og_title":"BMW annule un contrat de 2 milliards d\u2019euros avec Northvolt en Europe - CanadaMotorJobs.com","og_description":"BMW annule un contrat de 2 milliards d\u2019euros avec Northvolt en Europe - Benoit Charette - Annuel automobile - CanadaMotorJobs.com.","og_url":"https:\/\/news.canadamotorjobs.com\/fr\/bmw-annule-un-contrat-de-2-milliards-deuros-avec-northvolt-en-europe\/","og_site_name":"CanadaMotorJobs.com","article_publisher":"https:\/\/www.facebook.com\/canadamotorjobs\/","article_published_time":"2024-06-21T17:27:06+00:00","article_modified_time":"2024-06-21T17:31:01+00:00","og_image":[{"width":1348,"height":900,"url":"https:\/\/news.canadamotorjobs.com\/wp-content\/uploads\/2024\/06\/20210216073901-d7cc67d59ff12cacc1daaeafd19ba9ef-1-1.jpeg","type":"image\/jpeg"}],"author":"Benoit Charette","twitter_card":"summary_large_image","twitter_creator":"@canadamotorjobs","twitter_site":"@canadamotorjobs","twitter_misc":{"\u00c9crit par":"Benoit Charette","Estimation du temps de lecture":"2 minutes"},"schema":{"@context":"https:\/\/schema.org","@graph":[{"@type":"Article","@id":"https:\/\/news.canadamotorjobs.com\/fr\/bmw-annule-un-contrat-de-2-milliards-deuros-avec-northvolt-en-europe\/#article","isPartOf":{"@id":"https:\/\/news.canadamotorjobs.com\/fr\/bmw-annule-un-contrat-de-2-milliards-deuros-avec-northvolt-en-europe\/"},"author":{"name":"Benoit Charette","@id":"https:\/\/news.canadamotorjobs.com\/#\/schema\/person\/51793d1f87d44011d7bcc2ed99269a90"},"headline":"BMW annule un contrat de 2 milliards d\u2019euros avec Northvolt en Europe","datePublished":"2024-06-21T17:27:06+00:00","dateModified":"2024-06-21T17:31:01+00:00","mainEntityOfPage":{"@id":"https:\/\/news.canadamotorjobs.com\/fr\/bmw-annule-un-contrat-de-2-milliards-deuros-avec-northvolt-en-europe\/"},"wordCount":525,"publisher":{"@id":"https:\/\/news.canadamotorjobs.com\/#organization"},"image":{"@id":"https:\/\/news.canadamotorjobs.com\/fr\/bmw-annule-un-contrat-de-2-milliards-deuros-avec-northvolt-en-europe\/#primaryimage"},"thumbnailUrl":"https:\/\/news.canadamotorjobs.com\/wp-content\/uploads\/2024\/06\/20210216073901-d7cc67d59ff12cacc1daaeafd19ba9ef-1-1.jpeg","articleSection":["Annuel automobile"],"inLanguage":"fr-CA"},{"@type":"WebPage","@id":"https:\/\/news.canadamotorjobs.com\/fr\/bmw-annule-un-contrat-de-2-milliards-deuros-avec-northvolt-en-europe\/","url":"https:\/\/news.canadamotorjobs.com\/fr\/bmw-annule-un-contrat-de-2-milliards-deuros-avec-northvolt-en-europe\/","name":"BMW annule un contrat de 2 milliards d\u2019euros avec Northvolt en Europe - CanadaMotorJobs.com","isPartOf":{"@id":"https:\/\/news.canadamotorjobs.com\/#website"},"primaryImageOfPage":{"@id":"https:\/\/news.canadamotorjobs.com\/fr\/bmw-annule-un-contrat-de-2-milliards-deuros-avec-northvolt-en-europe\/#primaryimage"},"image":{"@id":"https:\/\/news.canadamotorjobs.com\/fr\/bmw-annule-un-contrat-de-2-milliards-deuros-avec-northvolt-en-europe\/#primaryimage"},"thumbnailUrl":"https:\/\/news.canadamotorjobs.com\/wp-content\/uploads\/2024\/06\/20210216073901-d7cc67d59ff12cacc1daaeafd19ba9ef-1-1.jpeg","datePublished":"2024-06-21T17:27:06+00:00","dateModified":"2024-06-21T17:31:01+00:00","description":"BMW annule un contrat de 2 milliards d\u2019euros avec Northvolt en Europe - Benoit Charette - Annuel automobile - CanadaMotorJobs.com.","breadcrumb":{"@id":"https:\/\/news.canadamotorjobs.com\/fr\/bmw-annule-un-contrat-de-2-milliards-deuros-avec-northvolt-en-europe\/#breadcrumb"},"inLanguage":"fr-CA","potentialAction":[{"@type":"ReadAction","target":["https:\/\/news.canadamotorjobs.com\/fr\/bmw-annule-un-contrat-de-2-milliards-deuros-avec-northvolt-en-europe\/"]}]},{"@type":"ImageObject","inLanguage":"fr-CA","@id":"https:\/\/news.canadamotorjobs.com\/fr\/bmw-annule-un-contrat-de-2-milliards-deuros-avec-northvolt-en-europe\/#primaryimage","url":"https:\/\/news.canadamotorjobs.com\/wp-content\/uploads\/2024\/06\/20210216073901-d7cc67d59ff12cacc1daaeafd19ba9ef-1-1.jpeg","contentUrl":"https:\/\/news.canadamotorjobs.com\/wp-content\/uploads\/2024\/06\/20210216073901-d7cc67d59ff12cacc1daaeafd19ba9ef-1-1.jpeg","width":1348,"height":900},{"@type":"BreadcrumbList","@id":"https:\/\/news.canadamotorjobs.com\/fr\/bmw-annule-un-contrat-de-2-milliards-deuros-avec-northvolt-en-europe\/#breadcrumb","itemListElement":[{"@type":"ListItem","position":1,"name":"Home","item":"https:\/\/news.canadamotorjobs.com\/fr\/blog\/"},{"@type":"ListItem","position":2,"name":"BMW annule un contrat de 2 milliards d\u2019euros avec Northvolt en Europe"}]},{"@type":"WebSite","@id":"https:\/\/news.canadamotorjobs.com\/#website","url":"https:\/\/news.canadamotorjobs.com\/","name":"CanadaMotorJobs.com","description":"Automotive Jobs","publisher":{"@id":"https:\/\/news.canadamotorjobs.com\/#organization"},"potentialAction":[{"@type":"SearchAction","target":{"@type":"EntryPoint","urlTemplate":"https:\/\/news.canadamotorjobs.com\/?s={search_term_string}"},"query-input":"required name=search_term_string"}],"inLanguage":"fr-CA"},{"@type":"Organization","@id":"https:\/\/news.canadamotorjobs.com\/#organization","name":"Canada Motor Jobs","url":"https:\/\/news.canadamotorjobs.com\/","logo":{"@type":"ImageObject","inLanguage":"fr-CA","@id":"https:\/\/news.canadamotorjobs.com\/#\/schema\/logo\/image\/","url":"https:\/\/news.canadamotorjobs.com\/wp-content\/uploads\/2022\/10\/logo-canada-motor-jobs-1.png","contentUrl":"https:\/\/news.canadamotorjobs.com\/wp-content\/uploads\/2022\/10\/logo-canada-motor-jobs-1.png","width":800,"height":400,"caption":"Canada Motor Jobs"},"image":{"@id":"https:\/\/news.canadamotorjobs.com\/#\/schema\/logo\/image\/"},"sameAs":["https:\/\/www.facebook.com\/canadamotorjobs\/","https:\/\/x.com\/canadamotorjobs","https:\/\/www.instagram.com\/canadamotorjobs\/","https:\/\/www.linkedin.com\/company\/canadamotorjobs"]},{"@type":"Person","@id":"https:\/\/news.canadamotorjobs.com\/#\/schema\/person\/51793d1f87d44011d7bcc2ed99269a90","name":"Benoit Charette","image":{"@type":"ImageObject","inLanguage":"fr-CA","@id":"https:\/\/news.canadamotorjobs.com\/#\/schema\/person\/image\/","url":"https:\/\/secure.gravatar.com\/avatar\/45f3d2eebcccd909668d7ce7ea7267b6?s=96&d=mm&r=g","contentUrl":"https:\/\/secure.gravatar.com\/avatar\/45f3d2eebcccd909668d7ce7ea7267b6?s=96&d=mm&r=g","caption":"Benoit Charette"},"description":"Benoit Charette \/ Propri\u00e9taire et r\u00e9dacteur en chef Benoit Charette pratique le journalisme automobile depuis bient\u00f4t 30 ans. Il a fait ses classes au c\u00f4t\u00e9 de Daniel H\u00e9raud et au Carnet de route de 1992 \u00e0 2001. Il est fondateur, copropri\u00e9taire et r\u00e9dacteur en chef de L\u2019Annuel de l\u2019automobile, qu\u2019il publie depuis 2001. Il a anim\u00e9 les \u00e9missions RPM et RPM+ sur V et les L\u00e9gendes de la route sur Historia. \u00c0 la radio depuis 1986, il reprend l\u2019antenne cette ann\u00e9e sur les ondes de Cogeco et participe pour la deuxi\u00e8me ann\u00e9e \u00e0 l\u2019\u00e9mission Passion Auto sur RDS en plus de mettre en ligne le site Web officiel de L\u2019Annuel de l\u2019automobile sur annuelauto.ca.","sameAs":["https:\/\/annuelauto.ca\/"],"url":"https:\/\/news.canadamotorjobs.com\/fr\/author\/benoit-charette\/"}]}},"_links":{"self":[{"href":"https:\/\/news.canadamotorjobs.com\/fr\/wp-json\/wp\/v2\/posts\/167553"}],"collection":[{"href":"https:\/\/news.canadamotorjobs.com\/fr\/wp-json\/wp\/v2\/posts"}],"about":[{"href":"https:\/\/news.canadamotorjobs.com\/fr\/wp-json\/wp\/v2\/types\/post"}],"author":[{"embeddable":true,"href":"https:\/\/news.canadamotorjobs.com\/fr\/wp-json\/wp\/v2\/users\/8"}],"replies":[{"embeddable":true,"href":"https:\/\/news.canadamotorjobs.com\/fr\/wp-json\/wp\/v2\/comments?post=167553"}],"version-history":[{"count":2,"href":"https:\/\/news.canadamotorjobs.com\/fr\/wp-json\/wp\/v2\/posts\/167553\/revisions"}],"predecessor-version":[{"id":167557,"href":"https:\/\/news.canadamotorjobs.com\/fr\/wp-json\/wp\/v2\/posts\/167553\/revisions\/167557"}],"wp:featuredmedia":[{"embeddable":true,"href":"https:\/\/news.canadamotorjobs.com\/fr\/wp-json\/wp\/v2\/media\/167555"}],"wp:attachment":[{"href":"https:\/\/news.canadamotorjobs.com\/fr\/wp-json\/wp\/v2\/media?parent=167553"}],"wp:term":[{"taxonomy":"category","embeddable":true,"href":"https:\/\/news.canadamotorjobs.com\/fr\/wp-json\/wp\/v2\/categories?post=167553"},{"taxonomy":"post_tag","embeddable":true,"href":"https:\/\/news.canadamotorjobs.com\/fr\/wp-json\/wp\/v2\/tags?post=167553"}],"curies":[{"name":"wp","href":"https:\/\/api.w.org\/{rel}","templated":true}]}}