{"id":167506,"date":"2024-06-20T07:20:16","date_gmt":"2024-06-20T11:20:16","guid":{"rendered":"https:\/\/news.canadamotorjobs.com\/?p=167506"},"modified":"2024-06-20T07:29:39","modified_gmt":"2024-06-20T11:29:39","slug":"bmw-donne-le-feu-vert-pour-une-serie-de-voitures-compactes-electriques","status":"publish","type":"post","link":"https:\/\/news.canadamotorjobs.com\/fr\/bmw-donne-le-feu-vert-pour-une-serie-de-voitures-compactes-electriques\/","title":{"rendered":"BMW donne le feu vert pour une s\u00e9rie de voitures compactes \u00e9lectriques"},"content":{"rendered":"<\/p>\n<p>BMW pr\u00e9pare l&#8217;arriv\u00e9e de ses nouveaux mod\u00e8les \u00e9lectriques, les i1 et i2, pour la fin de la d\u00e9cennie. Selon des sources internes, ces v\u00e9hicules sont en cours de d\u00e9veloppement au centre de recherche FIZ de Munich et seront lanc\u00e9s parall\u00e8lement aux versions mises \u00e0 jour des mod\u00e8les actuels \u00e0 moteur \u00e0 combustion de la S\u00e9rie 1 et de la S\u00e9rie 2.<\/p>\n<h3><strong>Une Gamme \u00c9lectrique Plus Abordable<\/strong><\/h3>\n<p>\nLes mod\u00e8les i1 et i2 ont pour objectif de fournir des alternatives plus abordables dans la gamme \u00e9lectrique de BMW, actuellement domin\u00e9e par le SUV iX1, dont le prix d\u00e9marre \u00e0 46 205 \u00a3 (80\u00a0000$). Le futur i1 sera disponible en version berline ou hatchback, tandis que l&#8217;i2, un VUS compact, proposera \u00e9galement une variante coup\u00e9. L&#8217;i2 est d\u00e9crite par les initi\u00e9s comme l&#8217;h\u00e9riti\u00e8re spirituelle de l&#8217;i3, la premi\u00e8re voiture \u00e9lectrique de BMW, lanc\u00e9e en 2013 et retir\u00e9e du march\u00e9 en 2022.<\/p>\n<h3><strong>BMW Maintient Son Engagement Vers la S\u00e9rie 1<\/strong><\/h3>\n<p>\nContrairement \u00e0 son concurrent Mercedes-Benz, qui pr\u00e9voit d&#8217;abandonner la Classe A en 2026, BMW continue de croire en la pertinence de la S\u00e9rie 1 et ses d\u00e9riv\u00e9s. Bernd K\u00f6rber, responsable produit chez BMW, a r\u00e9cemment d\u00e9clar\u00e9 \u00e0 Autocar que la marque souhaite se d\u00e9velopper sur tous les march\u00e9s et se connecter avec la jeune g\u00e9n\u00e9ration. Il a ajout\u00e9 que des mod\u00e8les d&#8217;entr\u00e9e de gamme comme la S\u00e9rie 1 et la S\u00e9rie 2 jouent un r\u00f4le crucial dans cette strat\u00e9gie, malgr\u00e9 leur faible rentabilit\u00e9, car ils permettent d&#8217;attirer de nouveaux clients et de renforcer la pr\u00e9sence de BMW sur certains march\u00e9s.<\/p>\n<h3><strong>Lancement Pr\u00e9vu pour 2027 et 2028<\/strong><\/h3>\n<p>\nLe lancement de l&#8217;i1 est pr\u00e9vu pour 2027, suivi de l&#8217;i2 en 2028. Ces deux nouveaux v\u00e9hicules compacts seront bas\u00e9s sur la plateforme NBx, qui supporte une architecture \u00e9lectrique de 800V et permet des configurations \u00e0 traction avant ou \u00e0 quatre roues motrices. Cette plateforme est une des variantes de la nouvelle architecture Neue Klasse, qui comprend \u00e9galement les plateformes NAx pour les mod\u00e8les de luxe et ZAx pour les futures voitures de sport \u00e9lectriques de la division M de BMW.<\/p>\n<h3><strong>Nouvelle Architecture et Nouvelles Batteries<\/strong><\/h3>\n<p>\nLes nouveaux mod\u00e8les reposeront sur la gamme Neue Klasse, qui sera lanc\u00e9e en 2025 et introduira six nouveaux v\u00e9hicules dans les 24 mois suivants. Cette architecture sera \u00e9quip\u00e9e de nouvelles batteries cylindriques de sixi\u00e8me g\u00e9n\u00e9ration, avec une chimie cellulaire r\u00e9vis\u00e9e pour des performances am\u00e9lior\u00e9es. K\u00f6rber a pr\u00e9cis\u00e9 que la Neue Klasse ne sera pas une marque destin\u00e9e aux consommateurs et que les mod\u00e8les conserveront leurs noms traditionnels, tels que S\u00e9rie 3 et X3. La gamme inclura \u00e9galement un nouveau th\u00e8me de design appliqu\u00e9 \u00e0 tous les futurs mod\u00e8les BMW, garantissant une uniformit\u00e9 visuelle et fonctionnelle \u00e0 travers le portfolio de la marque.<\/p>\n<h3><strong>Des Mod\u00e8les Pr\u00eats pour la Production<\/strong><\/h3>\n<p>\nLes premiers prototypes de la Neue Klasse sont d\u00e9j\u00e0 en cours de production. K\u00f6rber a d\u00e9clar\u00e9 que les premiers mod\u00e8les de pr\u00e9-s\u00e9rie ont \u00e9t\u00e9 construits et test\u00e9s, confirmant l&#8217;engagement de BMW vers une transformation rapide de sa gamme, afin de r\u00e9pondre aux d\u00e9fis de l&#8217;avenir avec une vision unifi\u00e9e.<\/p>\n<p>\u00a0<\/p>\n<p>Avec des renseignements d\u2019Autocar<\/p>\n<p>\u00a0<\/p>\n<p>Le texte <a rel=\"nofollow\" href=\"https:\/\/annuelauto.ca\/bmw-donne-le-feu-vert-pour-une-serie-de-voitures-compactes-electriques\/\">BMW donne le feu vert pour une s\u00e9rie de voitures compactes \u00e9lectriques<\/a> provient de <a rel=\"nofollow\" href=\"https:\/\/annuelauto.ca\">L&#8217;annuel de l&#8217;automobile &#8211; Actualit\u00e9 automobile<\/a><\/p>\n<p><\/p>\n","protected":false},"excerpt":{"rendered":"<p>BMW pr\u00e9pare l&#8217;arriv\u00e9e de ses nouveaux mod\u00e8les \u00e9lectriques, les i1 et i2, pour la fin de la d\u00e9cennie. Selon des sources internes, ces v\u00e9hicules sont en cours de d\u00e9veloppement au centre de recherche FIZ de Munich et seront lanc\u00e9s parall\u00e8lement aux versions mises \u00e0 jour des mod\u00e8les actuels \u00e0 moteur \u00e0 combustion de la S\u00e9rie [&hellip;]<\/p>\n","protected":false},"author":8,"featured_media":167508,"comment_status":"close","ping_status":"closed","sticky":false,"template":"","format":"standard","meta":{"_monsterinsights_skip_tracking":false,"_monsterinsights_sitenote_active":false,"_monsterinsights_sitenote_note":"","_monsterinsights_sitenote_category":0,"footnotes":""},"categories":[101],"tags":[],"yoast_head":"<!-- This site is optimized with the Yoast SEO plugin v23.2 - https:\/\/yoast.com\/wordpress\/plugins\/seo\/ -->\n<title>BMW donne le feu vert pour une s\u00e9rie de voitures compactes \u00e9lectriques - CanadaMotorJobs.com<\/title>\n<meta name=\"description\" content=\"BMW donne le feu vert pour une s\u00e9rie de voitures compactes \u00e9lectriques - Benoit Charette - Annuel automobile - CanadaMotorJobs.com.\" \/>\n<meta name=\"robots\" content=\"index, follow, max-snippet:-1, max-image-preview:large, max-video-preview:-1\" \/>\n<meta property=\"og:locale\" content=\"fr_CA\" \/>\n<meta property=\"og:type\" content=\"article\" \/>\n<meta property=\"og:title\" content=\"BMW donne le feu vert pour une s\u00e9rie de voitures compactes \u00e9lectriques - CanadaMotorJobs.com\" \/>\n<meta property=\"og:description\" content=\"BMW donne le feu vert pour une s\u00e9rie de voitures compactes \u00e9lectriques - Benoit Charette - Annuel automobile - CanadaMotorJobs.com.\" \/>\n<meta property=\"og:url\" content=\"https:\/\/news.canadamotorjobs.com\/fr\/bmw-donne-le-feu-vert-pour-une-serie-de-voitures-compactes-electriques\/\" \/>\n<meta property=\"og:site_name\" content=\"CanadaMotorJobs.com\" \/>\n<meta property=\"article:publisher\" content=\"https:\/\/www.facebook.com\/canadamotorjobs\/\" \/>\n<meta property=\"article:published_time\" content=\"2024-06-20T11:20:16+00:00\" \/>\n<meta property=\"article:modified_time\" content=\"2024-06-20T11:29:39+00:00\" \/>\n<meta property=\"og:image\" content=\"https:\/\/news.canadamotorjobs.com\/wp-content\/uploads\/2024\/06\/912b2993c135724a7af32d90b14fcca6.jpg\" \/>\n\t<meta property=\"og:image:width\" content=\"640\" \/>\n\t<meta property=\"og:image:height\" content=\"427\" \/>\n\t<meta property=\"og:image:type\" content=\"image\/jpeg\" \/>\n<meta name=\"author\" content=\"Benoit Charette\" \/>\n<meta name=\"twitter:card\" content=\"summary_large_image\" \/>\n<meta name=\"twitter:creator\" content=\"@canadamotorjobs\" \/>\n<meta name=\"twitter:site\" content=\"@canadamotorjobs\" \/>\n<meta name=\"twitter:label1\" content=\"\u00c9crit par\" \/>\n\t<meta name=\"twitter:data1\" content=\"Benoit Charette\" \/>\n\t<meta name=\"twitter:label2\" content=\"Estimation du temps de lecture\" \/>\n\t<meta name=\"twitter:data2\" content=\"3 minutes\" \/>\n<!-- \/ Yoast SEO plugin. -->","yoast_head_json":{"title":"BMW donne le feu vert pour une s\u00e9rie de voitures compactes \u00e9lectriques - CanadaMotorJobs.com","description":"BMW donne le feu vert pour une s\u00e9rie de voitures compactes \u00e9lectriques - Benoit Charette - Annuel automobile - CanadaMotorJobs.com.","robots":{"index":"index","follow":"follow","max-snippet":"max-snippet:-1","max-image-preview":"max-image-preview:large","max-video-preview":"max-video-preview:-1"},"og_locale":"fr_CA","og_type":"article","og_title":"BMW donne le feu vert pour une s\u00e9rie de voitures compactes \u00e9lectriques - CanadaMotorJobs.com","og_description":"BMW donne le feu vert pour une s\u00e9rie de voitures compactes \u00e9lectriques - Benoit Charette - Annuel automobile - CanadaMotorJobs.com.","og_url":"https:\/\/news.canadamotorjobs.com\/fr\/bmw-donne-le-feu-vert-pour-une-serie-de-voitures-compactes-electriques\/","og_site_name":"CanadaMotorJobs.com","article_publisher":"https:\/\/www.facebook.com\/canadamotorjobs\/","article_published_time":"2024-06-20T11:20:16+00:00","article_modified_time":"2024-06-20T11:29:39+00:00","og_image":[{"width":640,"height":427,"url":"https:\/\/news.canadamotorjobs.com\/wp-content\/uploads\/2024\/06\/912b2993c135724a7af32d90b14fcca6.jpg","type":"image\/jpeg"}],"author":"Benoit Charette","twitter_card":"summary_large_image","twitter_creator":"@canadamotorjobs","twitter_site":"@canadamotorjobs","twitter_misc":{"\u00c9crit par":"Benoit Charette","Estimation du temps de lecture":"3 minutes"},"schema":{"@context":"https:\/\/schema.org","@graph":[{"@type":"Article","@id":"https:\/\/news.canadamotorjobs.com\/fr\/bmw-donne-le-feu-vert-pour-une-serie-de-voitures-compactes-electriques\/#article","isPartOf":{"@id":"https:\/\/news.canadamotorjobs.com\/fr\/bmw-donne-le-feu-vert-pour-une-serie-de-voitures-compactes-electriques\/"},"author":{"name":"Benoit Charette","@id":"https:\/\/news.canadamotorjobs.com\/#\/schema\/person\/51793d1f87d44011d7bcc2ed99269a90"},"headline":"BMW donne le feu vert pour une s\u00e9rie de voitures compactes \u00e9lectriques","datePublished":"2024-06-20T11:20:16+00:00","dateModified":"2024-06-20T11:29:39+00:00","mainEntityOfPage":{"@id":"https:\/\/news.canadamotorjobs.com\/fr\/bmw-donne-le-feu-vert-pour-une-serie-de-voitures-compactes-electriques\/"},"wordCount":606,"publisher":{"@id":"https:\/\/news.canadamotorjobs.com\/#organization"},"image":{"@id":"https:\/\/news.canadamotorjobs.com\/fr\/bmw-donne-le-feu-vert-pour-une-serie-de-voitures-compactes-electriques\/#primaryimage"},"thumbnailUrl":"https:\/\/news.canadamotorjobs.com\/wp-content\/uploads\/2024\/06\/912b2993c135724a7af32d90b14fcca6.jpg","articleSection":["Annuel automobile"],"inLanguage":"fr-CA"},{"@type":"WebPage","@id":"https:\/\/news.canadamotorjobs.com\/fr\/bmw-donne-le-feu-vert-pour-une-serie-de-voitures-compactes-electriques\/","url":"https:\/\/news.canadamotorjobs.com\/fr\/bmw-donne-le-feu-vert-pour-une-serie-de-voitures-compactes-electriques\/","name":"BMW donne le feu vert pour une s\u00e9rie de voitures compactes \u00e9lectriques - CanadaMotorJobs.com","isPartOf":{"@id":"https:\/\/news.canadamotorjobs.com\/#website"},"primaryImageOfPage":{"@id":"https:\/\/news.canadamotorjobs.com\/fr\/bmw-donne-le-feu-vert-pour-une-serie-de-voitures-compactes-electriques\/#primaryimage"},"image":{"@id":"https:\/\/news.canadamotorjobs.com\/fr\/bmw-donne-le-feu-vert-pour-une-serie-de-voitures-compactes-electriques\/#primaryimage"},"thumbnailUrl":"https:\/\/news.canadamotorjobs.com\/wp-content\/uploads\/2024\/06\/912b2993c135724a7af32d90b14fcca6.jpg","datePublished":"2024-06-20T11:20:16+00:00","dateModified":"2024-06-20T11:29:39+00:00","description":"BMW donne le feu vert pour une s\u00e9rie de voitures compactes \u00e9lectriques - Benoit Charette - Annuel automobile - CanadaMotorJobs.com.","breadcrumb":{"@id":"https:\/\/news.canadamotorjobs.com\/fr\/bmw-donne-le-feu-vert-pour-une-serie-de-voitures-compactes-electriques\/#breadcrumb"},"inLanguage":"fr-CA","potentialAction":[{"@type":"ReadAction","target":["https:\/\/news.canadamotorjobs.com\/fr\/bmw-donne-le-feu-vert-pour-une-serie-de-voitures-compactes-electriques\/"]}]},{"@type":"ImageObject","inLanguage":"fr-CA","@id":"https:\/\/news.canadamotorjobs.com\/fr\/bmw-donne-le-feu-vert-pour-une-serie-de-voitures-compactes-electriques\/#primaryimage","url":"https:\/\/news.canadamotorjobs.com\/wp-content\/uploads\/2024\/06\/912b2993c135724a7af32d90b14fcca6.jpg","contentUrl":"https:\/\/news.canadamotorjobs.com\/wp-content\/uploads\/2024\/06\/912b2993c135724a7af32d90b14fcca6.jpg","width":640,"height":427},{"@type":"BreadcrumbList","@id":"https:\/\/news.canadamotorjobs.com\/fr\/bmw-donne-le-feu-vert-pour-une-serie-de-voitures-compactes-electriques\/#breadcrumb","itemListElement":[{"@type":"ListItem","position":1,"name":"Home","item":"https:\/\/news.canadamotorjobs.com\/fr\/blog\/"},{"@type":"ListItem","position":2,"name":"BMW donne le feu vert pour une s\u00e9rie de voitures compactes \u00e9lectriques"}]},{"@type":"WebSite","@id":"https:\/\/news.canadamotorjobs.com\/#website","url":"https:\/\/news.canadamotorjobs.com\/","name":"CanadaMotorJobs.com","description":"Automotive Jobs","publisher":{"@id":"https:\/\/news.canadamotorjobs.com\/#organization"},"potentialAction":[{"@type":"SearchAction","target":{"@type":"EntryPoint","urlTemplate":"https:\/\/news.canadamotorjobs.com\/?s={search_term_string}"},"query-input":"required name=search_term_string"}],"inLanguage":"fr-CA"},{"@type":"Organization","@id":"https:\/\/news.canadamotorjobs.com\/#organization","name":"Canada Motor Jobs","url":"https:\/\/news.canadamotorjobs.com\/","logo":{"@type":"ImageObject","inLanguage":"fr-CA","@id":"https:\/\/news.canadamotorjobs.com\/#\/schema\/logo\/image\/","url":"https:\/\/news.canadamotorjobs.com\/wp-content\/uploads\/2022\/10\/logo-canada-motor-jobs-1.png","contentUrl":"https:\/\/news.canadamotorjobs.com\/wp-content\/uploads\/2022\/10\/logo-canada-motor-jobs-1.png","width":800,"height":400,"caption":"Canada Motor Jobs"},"image":{"@id":"https:\/\/news.canadamotorjobs.com\/#\/schema\/logo\/image\/"},"sameAs":["https:\/\/www.facebook.com\/canadamotorjobs\/","https:\/\/x.com\/canadamotorjobs","https:\/\/www.instagram.com\/canadamotorjobs\/","https:\/\/www.linkedin.com\/company\/canadamotorjobs"]},{"@type":"Person","@id":"https:\/\/news.canadamotorjobs.com\/#\/schema\/person\/51793d1f87d44011d7bcc2ed99269a90","name":"Benoit Charette","image":{"@type":"ImageObject","inLanguage":"fr-CA","@id":"https:\/\/news.canadamotorjobs.com\/#\/schema\/person\/image\/","url":"https:\/\/secure.gravatar.com\/avatar\/45f3d2eebcccd909668d7ce7ea7267b6?s=96&d=mm&r=g","contentUrl":"https:\/\/secure.gravatar.com\/avatar\/45f3d2eebcccd909668d7ce7ea7267b6?s=96&d=mm&r=g","caption":"Benoit Charette"},"description":"Benoit Charette \/ Propri\u00e9taire et r\u00e9dacteur en chef Benoit Charette pratique le journalisme automobile depuis bient\u00f4t 30 ans. Il a fait ses classes au c\u00f4t\u00e9 de Daniel H\u00e9raud et au Carnet de route de 1992 \u00e0 2001. Il est fondateur, copropri\u00e9taire et r\u00e9dacteur en chef de L\u2019Annuel de l\u2019automobile, qu\u2019il publie depuis 2001. Il a anim\u00e9 les \u00e9missions RPM et RPM+ sur V et les L\u00e9gendes de la route sur Historia. \u00c0 la radio depuis 1986, il reprend l\u2019antenne cette ann\u00e9e sur les ondes de Cogeco et participe pour la deuxi\u00e8me ann\u00e9e \u00e0 l\u2019\u00e9mission Passion Auto sur RDS en plus de mettre en ligne le site Web officiel de L\u2019Annuel de l\u2019automobile sur annuelauto.ca.","sameAs":["https:\/\/annuelauto.ca\/"],"url":"https:\/\/news.canadamotorjobs.com\/fr\/author\/benoit-charette\/"}]}},"_links":{"self":[{"href":"https:\/\/news.canadamotorjobs.com\/fr\/wp-json\/wp\/v2\/posts\/167506"}],"collection":[{"href":"https:\/\/news.canadamotorjobs.com\/fr\/wp-json\/wp\/v2\/posts"}],"about":[{"href":"https:\/\/news.canadamotorjobs.com\/fr\/wp-json\/wp\/v2\/types\/post"}],"author":[{"embeddable":true,"href":"https:\/\/news.canadamotorjobs.com\/fr\/wp-json\/wp\/v2\/users\/8"}],"replies":[{"embeddable":true,"href":"https:\/\/news.canadamotorjobs.com\/fr\/wp-json\/wp\/v2\/comments?post=167506"}],"version-history":[{"count":2,"href":"https:\/\/news.canadamotorjobs.com\/fr\/wp-json\/wp\/v2\/posts\/167506\/revisions"}],"predecessor-version":[{"id":167510,"href":"https:\/\/news.canadamotorjobs.com\/fr\/wp-json\/wp\/v2\/posts\/167506\/revisions\/167510"}],"wp:featuredmedia":[{"embeddable":true,"href":"https:\/\/news.canadamotorjobs.com\/fr\/wp-json\/wp\/v2\/media\/167508"}],"wp:attachment":[{"href":"https:\/\/news.canadamotorjobs.com\/fr\/wp-json\/wp\/v2\/media?parent=167506"}],"wp:term":[{"taxonomy":"category","embeddable":true,"href":"https:\/\/news.canadamotorjobs.com\/fr\/wp-json\/wp\/v2\/categories?post=167506"},{"taxonomy":"post_tag","embeddable":true,"href":"https:\/\/news.canadamotorjobs.com\/fr\/wp-json\/wp\/v2\/tags?post=167506"}],"curies":[{"name":"wp","href":"https:\/\/api.w.org\/{rel}","templated":true}]}}