{"id":167468,"date":"2024-06-19T14:03:04","date_gmt":"2024-06-19T18:03:04","guid":{"rendered":"https:\/\/news.canadamotorjobs.com\/?p=167468"},"modified":"2024-06-19T14:14:57","modified_gmt":"2024-06-19T18:14:57","slug":"apple-carplay-bientot-uniquement-sans-fil","status":"publish","type":"post","link":"https:\/\/news.canadamotorjobs.com\/fr\/apple-carplay-bientot-uniquement-sans-fil\/","title":{"rendered":"Apple CarPlay bient\u00f4t uniquement sans fil"},"content":{"rendered":"<\/p>\n<p style=\"font-weight: 400\">\u00c7a fait presque deux ans qu\u2019on entend parler de la prochaine version d\u2019Apple CarPlay, et \u00e7a c\u2019est poursuivi la semaine derni\u00e8re dans le cadre de la conf\u00e9rence annuelle WWDC d\u2019Apple. Mais ce coup-ci, ce qu\u2019on a entendu est un peu plus concret, et \u00e7a s\u2019en vient vite.<\/p>\n<p><\/p>\n<p style=\"font-weight: 400\">D\u2019abord, la prochaine version d\u2019Apple CarPlay sera sa troisi\u00e8me grande \u00e9volution. Elle sera adopt\u00e9e en premier par les marques Porsche et Aston Martin, ce qui en limitera la disponibilit\u00e9 quand m\u00eame pas mal, mais \u00e0 peu pr\u00e8s toutes les autres grandes marques suivront dans les mois suivant cette premi\u00e8re mise en service, qui devrait se produire cet automne.<\/p>\n<p><\/p>\n<p style=\"font-weight: 400\">Dans la foul\u00e9e, on a appris qu\u2019Apple CarPlay 3.0 se jumellera au syst\u00e8me multim\u00e9dia des v\u00e9hicules compatibles par Bluetooth et WiFi, plut\u00f4t que par USB. En fait, la nouvelle version de l\u2019interface d\u2019Apple fonctionnera exclusivement en mode sans fil. Esp\u00e9rons que les gens qui utilisent actuellement CarPlay \u00e0 bord d\u2019un v\u00e9hicule qui n\u00e9cessite une connexion USB pour que \u00e7a fonctionne ne seront pas laiss\u00e9s pour compte.<\/p>\n<p><\/p>\n<p style=\"font-weight: 400\">Mais avec Apple, c\u2019est le genre de choses qui pourrait se produire. On a d\u00e9j\u00e0 vu \u00e7a dans le pass\u00e9.<\/p>\n<p><\/p>\n<p style=\"font-weight: 400\">Quant \u00e0 l\u2019interface elle-m\u00eame, ses nouveaut\u00e9s sont assez ambitieuses. CarPlay sort du syst\u00e8me multim\u00e9dia pour prendre possession des cadrans derri\u00e8re le volant. Tous les cadrans pourront \u00eatre personnalis\u00e9s, ce qui plaira sans doute aux plus jeunes conducteurs habitu\u00e9s \u00e0 ce genre de fonctions permises par leur t\u00e9l\u00e9phone.<\/p>\n<p>\n<span style=\"font-weight: 400\">Mais int\u00e9grer tout \u00e7a ensemble aidera Apple \u00e0 offrir une meilleure int\u00e9gration des applications de navigation routi\u00e8re et de lecture musicale. \u00c9videmment, il y aura toujours l\u2019option d\u2019utiliser l\u2019interface par d\u00e9faut du v\u00e9hicule, mais on conna\u00eet la difficult\u00e9 qu\u2019ont les constructeurs \u00e0 cr\u00e9er des syst\u00e8mes multim\u00e9dias agr\u00e9ables \u00e0 utiliser, alors on imagine qu\u2019Apple CarPlay a probablement de bonnes chances de conna\u00eetre du succ\u00e8s\u2026 le jour o\u00f9 il sera disponible dans des v\u00e9hicules plus abordables que les Aston Martin\u2026<\/span><\/p>\n<p>Le texte <a rel=\"nofollow\" href=\"https:\/\/annuelauto.ca\/apple-carplay-bientot-uniquement-sans-fil\/\">Apple CarPlay bient\u00f4t uniquement sans fil<\/a> provient de <a rel=\"nofollow\" href=\"https:\/\/annuelauto.ca\">L&#8217;annuel de l&#8217;automobile &#8211; Actualit\u00e9 automobile<\/a><\/p>\n<p><\/p>\n","protected":false},"excerpt":{"rendered":"<p>\u00c7a fait presque deux ans qu\u2019on entend parler de la prochaine version d\u2019Apple CarPlay, et \u00e7a c\u2019est poursuivi la semaine derni\u00e8re dans le cadre de la conf\u00e9rence annuelle WWDC d\u2019Apple. Mais ce coup-ci, ce qu\u2019on a entendu est un peu plus concret, et \u00e7a s\u2019en vient vite. D\u2019abord, la prochaine version d\u2019Apple CarPlay sera sa [&hellip;]<\/p>\n","protected":false},"author":8,"featured_media":167470,"comment_status":"close","ping_status":"closed","sticky":false,"template":"","format":"standard","meta":{"_monsterinsights_skip_tracking":false,"_monsterinsights_sitenote_active":false,"_monsterinsights_sitenote_note":"","_monsterinsights_sitenote_category":0,"footnotes":""},"categories":[101],"tags":[],"yoast_head":"<!-- This site is optimized with the Yoast SEO plugin v23.2 - https:\/\/yoast.com\/wordpress\/plugins\/seo\/ -->\n<title>Apple CarPlay bient\u00f4t uniquement sans fil - CanadaMotorJobs.com<\/title>\n<meta name=\"description\" content=\"Apple CarPlay bient\u00f4t uniquement sans fil - Benoit Charette - Annuel automobile - CanadaMotorJobs.com.\" \/>\n<meta name=\"robots\" content=\"index, follow, max-snippet:-1, max-image-preview:large, max-video-preview:-1\" \/>\n<meta property=\"og:locale\" content=\"fr_CA\" \/>\n<meta property=\"og:type\" content=\"article\" \/>\n<meta property=\"og:title\" content=\"Apple CarPlay bient\u00f4t uniquement sans fil - CanadaMotorJobs.com\" \/>\n<meta property=\"og:description\" content=\"Apple CarPlay bient\u00f4t uniquement sans fil - Benoit Charette - Annuel automobile - CanadaMotorJobs.com.\" \/>\n<meta property=\"og:url\" content=\"https:\/\/news.canadamotorjobs.com\/fr\/apple-carplay-bientot-uniquement-sans-fil\/\" \/>\n<meta property=\"og:site_name\" content=\"CanadaMotorJobs.com\" \/>\n<meta property=\"article:publisher\" content=\"https:\/\/www.facebook.com\/canadamotorjobs\/\" \/>\n<meta property=\"article:published_time\" content=\"2024-06-19T18:03:04+00:00\" \/>\n<meta property=\"article:modified_time\" content=\"2024-06-19T18:14:57+00:00\" \/>\n<meta property=\"og:image\" content=\"https:\/\/news.canadamotorjobs.com\/wp-content\/uploads\/2024\/06\/Apple-CarPlay.jpg\" \/>\n\t<meta property=\"og:image:width\" content=\"640\" \/>\n\t<meta property=\"og:image:height\" content=\"427\" \/>\n\t<meta property=\"og:image:type\" content=\"image\/jpeg\" \/>\n<meta name=\"author\" content=\"Benoit Charette\" \/>\n<meta name=\"twitter:card\" content=\"summary_large_image\" \/>\n<meta name=\"twitter:creator\" content=\"@canadamotorjobs\" \/>\n<meta name=\"twitter:site\" content=\"@canadamotorjobs\" \/>\n<meta name=\"twitter:label1\" content=\"\u00c9crit par\" \/>\n\t<meta name=\"twitter:data1\" content=\"Benoit Charette\" \/>\n\t<meta name=\"twitter:label2\" content=\"Estimation du temps de lecture\" \/>\n\t<meta name=\"twitter:data2\" content=\"2 minutes\" \/>\n<!-- \/ Yoast SEO plugin. -->","yoast_head_json":{"title":"Apple CarPlay bient\u00f4t uniquement sans fil - CanadaMotorJobs.com","description":"Apple CarPlay bient\u00f4t uniquement sans fil - Benoit Charette - Annuel automobile - CanadaMotorJobs.com.","robots":{"index":"index","follow":"follow","max-snippet":"max-snippet:-1","max-image-preview":"max-image-preview:large","max-video-preview":"max-video-preview:-1"},"og_locale":"fr_CA","og_type":"article","og_title":"Apple CarPlay bient\u00f4t uniquement sans fil - CanadaMotorJobs.com","og_description":"Apple CarPlay bient\u00f4t uniquement sans fil - Benoit Charette - Annuel automobile - CanadaMotorJobs.com.","og_url":"https:\/\/news.canadamotorjobs.com\/fr\/apple-carplay-bientot-uniquement-sans-fil\/","og_site_name":"CanadaMotorJobs.com","article_publisher":"https:\/\/www.facebook.com\/canadamotorjobs\/","article_published_time":"2024-06-19T18:03:04+00:00","article_modified_time":"2024-06-19T18:14:57+00:00","og_image":[{"width":640,"height":427,"url":"https:\/\/news.canadamotorjobs.com\/wp-content\/uploads\/2024\/06\/Apple-CarPlay.jpg","type":"image\/jpeg"}],"author":"Benoit Charette","twitter_card":"summary_large_image","twitter_creator":"@canadamotorjobs","twitter_site":"@canadamotorjobs","twitter_misc":{"\u00c9crit par":"Benoit Charette","Estimation du temps de lecture":"2 minutes"},"schema":{"@context":"https:\/\/schema.org","@graph":[{"@type":"Article","@id":"https:\/\/news.canadamotorjobs.com\/fr\/apple-carplay-bientot-uniquement-sans-fil\/#article","isPartOf":{"@id":"https:\/\/news.canadamotorjobs.com\/fr\/apple-carplay-bientot-uniquement-sans-fil\/"},"author":{"name":"Benoit Charette","@id":"https:\/\/news.canadamotorjobs.com\/#\/schema\/person\/51793d1f87d44011d7bcc2ed99269a90"},"headline":"Apple CarPlay bient\u00f4t uniquement sans fil","datePublished":"2024-06-19T18:03:04+00:00","dateModified":"2024-06-19T18:14:57+00:00","mainEntityOfPage":{"@id":"https:\/\/news.canadamotorjobs.com\/fr\/apple-carplay-bientot-uniquement-sans-fil\/"},"wordCount":392,"publisher":{"@id":"https:\/\/news.canadamotorjobs.com\/#organization"},"image":{"@id":"https:\/\/news.canadamotorjobs.com\/fr\/apple-carplay-bientot-uniquement-sans-fil\/#primaryimage"},"thumbnailUrl":"https:\/\/news.canadamotorjobs.com\/wp-content\/uploads\/2024\/06\/Apple-CarPlay.jpg","articleSection":["Annuel automobile"],"inLanguage":"fr-CA"},{"@type":"WebPage","@id":"https:\/\/news.canadamotorjobs.com\/fr\/apple-carplay-bientot-uniquement-sans-fil\/","url":"https:\/\/news.canadamotorjobs.com\/fr\/apple-carplay-bientot-uniquement-sans-fil\/","name":"Apple CarPlay bient\u00f4t uniquement sans fil - CanadaMotorJobs.com","isPartOf":{"@id":"https:\/\/news.canadamotorjobs.com\/#website"},"primaryImageOfPage":{"@id":"https:\/\/news.canadamotorjobs.com\/fr\/apple-carplay-bientot-uniquement-sans-fil\/#primaryimage"},"image":{"@id":"https:\/\/news.canadamotorjobs.com\/fr\/apple-carplay-bientot-uniquement-sans-fil\/#primaryimage"},"thumbnailUrl":"https:\/\/news.canadamotorjobs.com\/wp-content\/uploads\/2024\/06\/Apple-CarPlay.jpg","datePublished":"2024-06-19T18:03:04+00:00","dateModified":"2024-06-19T18:14:57+00:00","description":"Apple CarPlay bient\u00f4t uniquement sans fil - Benoit Charette - Annuel automobile - CanadaMotorJobs.com.","breadcrumb":{"@id":"https:\/\/news.canadamotorjobs.com\/fr\/apple-carplay-bientot-uniquement-sans-fil\/#breadcrumb"},"inLanguage":"fr-CA","potentialAction":[{"@type":"ReadAction","target":["https:\/\/news.canadamotorjobs.com\/fr\/apple-carplay-bientot-uniquement-sans-fil\/"]}]},{"@type":"ImageObject","inLanguage":"fr-CA","@id":"https:\/\/news.canadamotorjobs.com\/fr\/apple-carplay-bientot-uniquement-sans-fil\/#primaryimage","url":"https:\/\/news.canadamotorjobs.com\/wp-content\/uploads\/2024\/06\/Apple-CarPlay.jpg","contentUrl":"https:\/\/news.canadamotorjobs.com\/wp-content\/uploads\/2024\/06\/Apple-CarPlay.jpg","width":640,"height":427},{"@type":"BreadcrumbList","@id":"https:\/\/news.canadamotorjobs.com\/fr\/apple-carplay-bientot-uniquement-sans-fil\/#breadcrumb","itemListElement":[{"@type":"ListItem","position":1,"name":"Home","item":"https:\/\/news.canadamotorjobs.com\/fr\/blog\/"},{"@type":"ListItem","position":2,"name":"Apple CarPlay bient\u00f4t uniquement sans fil"}]},{"@type":"WebSite","@id":"https:\/\/news.canadamotorjobs.com\/#website","url":"https:\/\/news.canadamotorjobs.com\/","name":"CanadaMotorJobs.com","description":"Automotive Jobs","publisher":{"@id":"https:\/\/news.canadamotorjobs.com\/#organization"},"potentialAction":[{"@type":"SearchAction","target":{"@type":"EntryPoint","urlTemplate":"https:\/\/news.canadamotorjobs.com\/?s={search_term_string}"},"query-input":"required name=search_term_string"}],"inLanguage":"fr-CA"},{"@type":"Organization","@id":"https:\/\/news.canadamotorjobs.com\/#organization","name":"Canada Motor Jobs","url":"https:\/\/news.canadamotorjobs.com\/","logo":{"@type":"ImageObject","inLanguage":"fr-CA","@id":"https:\/\/news.canadamotorjobs.com\/#\/schema\/logo\/image\/","url":"https:\/\/news.canadamotorjobs.com\/wp-content\/uploads\/2022\/10\/logo-canada-motor-jobs-1.png","contentUrl":"https:\/\/news.canadamotorjobs.com\/wp-content\/uploads\/2022\/10\/logo-canada-motor-jobs-1.png","width":800,"height":400,"caption":"Canada Motor Jobs"},"image":{"@id":"https:\/\/news.canadamotorjobs.com\/#\/schema\/logo\/image\/"},"sameAs":["https:\/\/www.facebook.com\/canadamotorjobs\/","https:\/\/x.com\/canadamotorjobs","https:\/\/www.instagram.com\/canadamotorjobs\/","https:\/\/www.linkedin.com\/company\/canadamotorjobs"]},{"@type":"Person","@id":"https:\/\/news.canadamotorjobs.com\/#\/schema\/person\/51793d1f87d44011d7bcc2ed99269a90","name":"Benoit Charette","image":{"@type":"ImageObject","inLanguage":"fr-CA","@id":"https:\/\/news.canadamotorjobs.com\/#\/schema\/person\/image\/","url":"https:\/\/secure.gravatar.com\/avatar\/45f3d2eebcccd909668d7ce7ea7267b6?s=96&d=mm&r=g","contentUrl":"https:\/\/secure.gravatar.com\/avatar\/45f3d2eebcccd909668d7ce7ea7267b6?s=96&d=mm&r=g","caption":"Benoit Charette"},"description":"Benoit Charette \/ Propri\u00e9taire et r\u00e9dacteur en chef Benoit Charette pratique le journalisme automobile depuis bient\u00f4t 30 ans. Il a fait ses classes au c\u00f4t\u00e9 de Daniel H\u00e9raud et au Carnet de route de 1992 \u00e0 2001. Il est fondateur, copropri\u00e9taire et r\u00e9dacteur en chef de L\u2019Annuel de l\u2019automobile, qu\u2019il publie depuis 2001. Il a anim\u00e9 les \u00e9missions RPM et RPM+ sur V et les L\u00e9gendes de la route sur Historia. \u00c0 la radio depuis 1986, il reprend l\u2019antenne cette ann\u00e9e sur les ondes de Cogeco et participe pour la deuxi\u00e8me ann\u00e9e \u00e0 l\u2019\u00e9mission Passion Auto sur RDS en plus de mettre en ligne le site Web officiel de L\u2019Annuel de l\u2019automobile sur annuelauto.ca.","sameAs":["https:\/\/annuelauto.ca\/"],"url":"https:\/\/news.canadamotorjobs.com\/fr\/author\/benoit-charette\/"}]}},"_links":{"self":[{"href":"https:\/\/news.canadamotorjobs.com\/fr\/wp-json\/wp\/v2\/posts\/167468"}],"collection":[{"href":"https:\/\/news.canadamotorjobs.com\/fr\/wp-json\/wp\/v2\/posts"}],"about":[{"href":"https:\/\/news.canadamotorjobs.com\/fr\/wp-json\/wp\/v2\/types\/post"}],"author":[{"embeddable":true,"href":"https:\/\/news.canadamotorjobs.com\/fr\/wp-json\/wp\/v2\/users\/8"}],"replies":[{"embeddable":true,"href":"https:\/\/news.canadamotorjobs.com\/fr\/wp-json\/wp\/v2\/comments?post=167468"}],"version-history":[{"count":2,"href":"https:\/\/news.canadamotorjobs.com\/fr\/wp-json\/wp\/v2\/posts\/167468\/revisions"}],"predecessor-version":[{"id":167472,"href":"https:\/\/news.canadamotorjobs.com\/fr\/wp-json\/wp\/v2\/posts\/167468\/revisions\/167472"}],"wp:featuredmedia":[{"embeddable":true,"href":"https:\/\/news.canadamotorjobs.com\/fr\/wp-json\/wp\/v2\/media\/167470"}],"wp:attachment":[{"href":"https:\/\/news.canadamotorjobs.com\/fr\/wp-json\/wp\/v2\/media?parent=167468"}],"wp:term":[{"taxonomy":"category","embeddable":true,"href":"https:\/\/news.canadamotorjobs.com\/fr\/wp-json\/wp\/v2\/categories?post=167468"},{"taxonomy":"post_tag","embeddable":true,"href":"https:\/\/news.canadamotorjobs.com\/fr\/wp-json\/wp\/v2\/tags?post=167468"}],"curies":[{"name":"wp","href":"https:\/\/api.w.org\/{rel}","templated":true}]}}