{"id":167445,"date":"2024-06-19T13:56:45","date_gmt":"2024-06-19T17:56:45","guid":{"rendered":"https:\/\/news.canadamotorjobs.com\/?p=167445"},"modified":"2024-06-19T13:59:43","modified_gmt":"2024-06-19T17:59:43","slug":"volvo-ex40-nouveau-nom-meme-bon-gout","status":"publish","type":"post","link":"https:\/\/news.canadamotorjobs.com\/fr\/volvo-ex40-nouveau-nom-meme-bon-gout\/","title":{"rendered":"Volvo EX40 : nouveau nom, m\u00eame bon go\u00fbt"},"content":{"rendered":"<\/p>\n<p style=\"font-weight: 400\">Volvo veut mieux distinguer ses v\u00e9hicules \u00e9lectriques de ses v\u00e9hicules \u00e0 essence, et \u00e7a se traduit tr\u00e8s simplement : de nouveaux noms apparaissent au catalogue pour identifier les m\u00eames mod\u00e8les d\u00e9j\u00e0 connus. Le Volvo EX40 est du lot.<\/p>\n<p><\/p>\n<p style=\"font-weight: 400\">Le nouveau mod\u00e8le est en r\u00e9alit\u00e9 un <a href=\"https:\/\/annuelauto.ca\/volvo-xc40-recharge\/\">XC40 Recharge<\/a> rebadg\u00e9. Volvo parle d\u2019un VUS compact, mais parlons plut\u00f4t d\u2019une petite familiale qui a une bonne garde au sol.<\/p>\n<h3>Question de go\u00fbt<\/h3>\n<p><\/p>\n<p style=\"font-weight: 400\">Le Volvo EX40 2025, donc, est un petit VUS de format \u00e0 peu pr\u00e8s compact qui poss\u00e8de beaucoup des caract\u00e9ristiques d\u00e9sir\u00e9es sur un v\u00e9hicule \u00e9lectrique. \u00c0 commencer par un prix de d\u00e9tail pas trop repoussant : le EX40 a suffisamment de style et de confort pour justifier un prix de 62 000 $ environ.<\/p>\n<p><\/p>\n<p style=\"font-weight: 400\">Le Volvo EX40 a un format vertical, typique d\u2019un VUS, mais notez qu\u2019une version coup\u00e9 appel\u00e9e EC40 s\u2019ajoutera aussi au catalogue pour 2025. Le duo est comparable dans leur forme aux Polestar 3 et Polestar 4 que la marque Polestar lancera dans les prochains mois.<\/p>\n<p><\/p>\n<p style=\"font-weight: 400\">L\u00e0, c\u2019est une question de go\u00fbts, car il y en a qui vont pr\u00e9f\u00e9rer une familiale \u00e0 un VUS, mais si on se fie aux indicateurs du march\u00e9 automobile canadien, l\u2019EX40 a peut-\u00eatre un format un peu plus pr\u00e8s de satisfaire les besoins d\u2019une majorit\u00e9 d\u2019acheteurs.<\/p>\n<h3>M\u00e9canique sens\u00e9e<\/h3>\n<p><\/p>\n<p style=\"font-weight: 400\">Cela dit, les deux v\u00e9hicules ont ce qu\u2019il faut pour plaire. Leur design est assez typique de Volvo, on va s\u2019entendre l\u00e0-dessus. La m\u00e9canique est bien ficel\u00e9e. La puissance est plus que suffisante, culminant \u00e0 402 chevaux, avec un chrono au 0-100 km\/h qui se situe \u00e0 4,9 secondes. Vous embarquez sur l\u2019autoroute comme un chef que vous conduisiez un Volvo EX40 \u00e0 un ou \u00e0 deux moteurs\u2026<\/p>\n<p><\/p>\n<p style=\"font-weight: 400\">L\u2019autonomie annonc\u00e9e varie autour des 350 kilom\u00e8tres. C\u2019est tr\u00e8s correct. C\u2019est dans la moyenne de ce qu\u2019on obtient dans le march\u00e9 des v\u00e9hicules \u00e9lectriques de plus ou moins 60 000 $.<\/p>\n<h3>Bonne conduite<\/h3>\n<p><\/p>\n<p style=\"font-weight: 400\">La conduite est superbe, m\u00eame si on est loin d\u2019un v\u00e9hicule de course. Mais on prend place \u00e0 bord et le v\u00e9hicule reconna\u00eet la pr\u00e9sence de la cl\u00e9 dans sa poche. Pas besoin d\u2019allumer le moteur, \u00e7a se fait tout seul. Le poids du v\u00e9hicule est tr\u00e8s bien pris en charge par la suspension. Et les freins, quand on a vraiment besoin de freiner, sont capables d\u2019en prendre.<\/p>\n<p><\/p>\n<p style=\"font-weight: 400\">Le reste du temps, on peut param\u00e9trer le v\u00e9hicule pour ne conduire qu\u2019\u00e0 une p\u00e9dale, ce qui a tendance \u00e0 calmer les esprits, chez ceux qui ont habituellement le pied pesant.<\/p>\n<p><\/p>\n<p style=\"font-weight: 400\">\u00c0 l\u2019arri\u00e8re, l\u2019EX40 offre la place pour trois grands ados. Son coffre a un volume utile de 452 litres, ce qui passe \u00e0 1328 litres quand on rabat la banquette. On a aussi un espace \u00e0 l\u2019avant pour l\u2019\u00e9quivalent d\u2019une poche de hockey. Et, oui, \u00e7a peut \u00eatre une poche bleue\u2026<\/p>\n<h3>Android Automotive<\/h3>\n<p><\/p>\n<p style=\"font-weight: 400\">C\u00f4t\u00e9 divertissement, Volvo est un des premiers constructeurs \u00e0 avoir int\u00e9gr\u00e9 le syst\u00e8me multim\u00e9dia de Google dans ses v\u00e9hicules. Vous profitez donc en plus d\u2019un syst\u00e8me connect\u00e9 aux services Google sans avoir \u00e0 jumeler votre t\u00e9l\u00e9phone. Volvo offre quatre ans de connexion cellulaire embarqu\u00e9e \u00e0 l\u2019achat d\u2019un v\u00e9hicule neuf, et Google promet plus d\u2019applications de divertissement plus tard en 2025.<\/p>\n<p><\/p>\n<p style=\"font-weight: 400\">Pour les amateurs de techno, c\u2019est le comble du bonheur. M\u00eame si \u00e7a bogue, des fois\u00a0: il a fallu forcer le red\u00e9marrage du syst\u00e8me quand il s\u2019est mis \u00e0 gricher en jouant de la musique par Bluetooth.<\/p>\n<p>\n<span style=\"font-weight: 400\">Mais bon, c\u2019est un l\u00e9ger d\u00e9tail. L\u2019EX40 est un v\u00e9hicule \u00e9lectrique qui demereura peut-\u00eatre discret comme le XC40 Recharge actuel, mais il vaut le coup d\u2019\u0153il. On en voudrait plus, des v\u00e9hicules comme celui-l\u00e0.<\/span><\/p>\n<p>Le texte <a rel=\"nofollow\" href=\"https:\/\/annuelauto.ca\/volvo-ex40-nouveau-nom-meme-bon-gout\/\">Volvo EX40 : nouveau nom, m\u00eame bon go\u00fbt<\/a> provient de <a rel=\"nofollow\" href=\"https:\/\/annuelauto.ca\">L&#8217;annuel de l&#8217;automobile &#8211; Actualit\u00e9 automobile<\/a><\/p>\n<p><\/p>\n","protected":false},"excerpt":{"rendered":"<p>Volvo veut mieux distinguer ses v\u00e9hicules \u00e9lectriques de ses v\u00e9hicules \u00e0 essence, et \u00e7a se traduit tr\u00e8s simplement : de nouveaux noms apparaissent au catalogue pour identifier les m\u00eames mod\u00e8les d\u00e9j\u00e0 connus. Le Volvo EX40 est du lot. Le nouveau mod\u00e8le est en r\u00e9alit\u00e9 un XC40 Recharge rebadg\u00e9. Volvo parle d\u2019un VUS compact, mais parlons [&hellip;]<\/p>\n","protected":false},"author":8,"featured_media":167447,"comment_status":"close","ping_status":"closed","sticky":false,"template":"","format":"standard","meta":{"_monsterinsights_skip_tracking":false,"_monsterinsights_sitenote_active":false,"_monsterinsights_sitenote_note":"","_monsterinsights_sitenote_category":0,"footnotes":""},"categories":[101],"tags":[],"yoast_head":"<!-- This site is optimized with the Yoast SEO plugin v23.2 - https:\/\/yoast.com\/wordpress\/plugins\/seo\/ -->\n<title>Volvo EX40 : nouveau nom, m\u00eame bon go\u00fbt - CanadaMotorJobs.com<\/title>\n<meta name=\"description\" content=\"Volvo EX40 : nouveau nom, m\u00eame bon go\u00fbt - Benoit Charette - Annuel automobile - CanadaMotorJobs.com.\" \/>\n<meta name=\"robots\" content=\"index, follow, max-snippet:-1, max-image-preview:large, max-video-preview:-1\" \/>\n<meta property=\"og:locale\" content=\"fr_CA\" \/>\n<meta property=\"og:type\" content=\"article\" \/>\n<meta property=\"og:title\" content=\"Volvo EX40 : nouveau nom, m\u00eame bon go\u00fbt - CanadaMotorJobs.com\" \/>\n<meta property=\"og:description\" content=\"Volvo EX40 : nouveau nom, m\u00eame bon go\u00fbt - Benoit Charette - Annuel automobile - CanadaMotorJobs.com.\" \/>\n<meta property=\"og:url\" content=\"https:\/\/news.canadamotorjobs.com\/fr\/volvo-ex40-nouveau-nom-meme-bon-gout\/\" \/>\n<meta property=\"og:site_name\" content=\"CanadaMotorJobs.com\" \/>\n<meta property=\"article:publisher\" content=\"https:\/\/www.facebook.com\/canadamotorjobs\/\" \/>\n<meta property=\"article:published_time\" content=\"2024-06-19T17:56:45+00:00\" \/>\n<meta property=\"article:modified_time\" content=\"2024-06-19T17:59:43+00:00\" \/>\n<meta property=\"og:image\" content=\"https:\/\/news.canadamotorjobs.com\/wp-content\/uploads\/2024\/06\/308529_Rear-wheel_drive_more_range_and_faster_charging_for_fully_electric_Volvo.jpg\" \/>\n\t<meta property=\"og:image:width\" content=\"1280\" \/>\n\t<meta property=\"og:image:height\" content=\"720\" \/>\n\t<meta property=\"og:image:type\" content=\"image\/jpeg\" \/>\n<meta name=\"author\" content=\"Benoit Charette\" \/>\n<meta name=\"twitter:card\" content=\"summary_large_image\" \/>\n<meta name=\"twitter:creator\" content=\"@canadamotorjobs\" \/>\n<meta name=\"twitter:site\" content=\"@canadamotorjobs\" \/>\n<meta name=\"twitter:label1\" content=\"\u00c9crit par\" \/>\n\t<meta name=\"twitter:data1\" content=\"Benoit Charette\" \/>\n\t<meta name=\"twitter:label2\" content=\"Estimation du temps de lecture\" \/>\n\t<meta name=\"twitter:data2\" content=\"3 minutes\" \/>\n<!-- \/ Yoast SEO plugin. -->","yoast_head_json":{"title":"Volvo EX40 : nouveau nom, m\u00eame bon go\u00fbt - CanadaMotorJobs.com","description":"Volvo EX40 : nouveau nom, m\u00eame bon go\u00fbt - Benoit Charette - Annuel automobile - CanadaMotorJobs.com.","robots":{"index":"index","follow":"follow","max-snippet":"max-snippet:-1","max-image-preview":"max-image-preview:large","max-video-preview":"max-video-preview:-1"},"og_locale":"fr_CA","og_type":"article","og_title":"Volvo EX40 : nouveau nom, m\u00eame bon go\u00fbt - CanadaMotorJobs.com","og_description":"Volvo EX40 : nouveau nom, m\u00eame bon go\u00fbt - Benoit Charette - Annuel automobile - CanadaMotorJobs.com.","og_url":"https:\/\/news.canadamotorjobs.com\/fr\/volvo-ex40-nouveau-nom-meme-bon-gout\/","og_site_name":"CanadaMotorJobs.com","article_publisher":"https:\/\/www.facebook.com\/canadamotorjobs\/","article_published_time":"2024-06-19T17:56:45+00:00","article_modified_time":"2024-06-19T17:59:43+00:00","og_image":[{"width":1280,"height":720,"url":"https:\/\/news.canadamotorjobs.com\/wp-content\/uploads\/2024\/06\/308529_Rear-wheel_drive_more_range_and_faster_charging_for_fully_electric_Volvo.jpg","type":"image\/jpeg"}],"author":"Benoit Charette","twitter_card":"summary_large_image","twitter_creator":"@canadamotorjobs","twitter_site":"@canadamotorjobs","twitter_misc":{"\u00c9crit par":"Benoit Charette","Estimation du temps de lecture":"3 minutes"},"schema":{"@context":"https:\/\/schema.org","@graph":[{"@type":"Article","@id":"https:\/\/news.canadamotorjobs.com\/fr\/volvo-ex40-nouveau-nom-meme-bon-gout\/#article","isPartOf":{"@id":"https:\/\/news.canadamotorjobs.com\/fr\/volvo-ex40-nouveau-nom-meme-bon-gout\/"},"author":{"name":"Benoit Charette","@id":"https:\/\/news.canadamotorjobs.com\/#\/schema\/person\/51793d1f87d44011d7bcc2ed99269a90"},"headline":"Volvo EX40 : nouveau nom, m\u00eame bon go\u00fbt","datePublished":"2024-06-19T17:56:45+00:00","dateModified":"2024-06-19T17:59:43+00:00","mainEntityOfPage":{"@id":"https:\/\/news.canadamotorjobs.com\/fr\/volvo-ex40-nouveau-nom-meme-bon-gout\/"},"wordCount":691,"publisher":{"@id":"https:\/\/news.canadamotorjobs.com\/#organization"},"image":{"@id":"https:\/\/news.canadamotorjobs.com\/fr\/volvo-ex40-nouveau-nom-meme-bon-gout\/#primaryimage"},"thumbnailUrl":"https:\/\/news.canadamotorjobs.com\/wp-content\/uploads\/2024\/06\/308529_Rear-wheel_drive_more_range_and_faster_charging_for_fully_electric_Volvo.jpg","articleSection":["Annuel automobile"],"inLanguage":"fr-CA"},{"@type":"WebPage","@id":"https:\/\/news.canadamotorjobs.com\/fr\/volvo-ex40-nouveau-nom-meme-bon-gout\/","url":"https:\/\/news.canadamotorjobs.com\/fr\/volvo-ex40-nouveau-nom-meme-bon-gout\/","name":"Volvo EX40 : nouveau nom, m\u00eame bon go\u00fbt - CanadaMotorJobs.com","isPartOf":{"@id":"https:\/\/news.canadamotorjobs.com\/#website"},"primaryImageOfPage":{"@id":"https:\/\/news.canadamotorjobs.com\/fr\/volvo-ex40-nouveau-nom-meme-bon-gout\/#primaryimage"},"image":{"@id":"https:\/\/news.canadamotorjobs.com\/fr\/volvo-ex40-nouveau-nom-meme-bon-gout\/#primaryimage"},"thumbnailUrl":"https:\/\/news.canadamotorjobs.com\/wp-content\/uploads\/2024\/06\/308529_Rear-wheel_drive_more_range_and_faster_charging_for_fully_electric_Volvo.jpg","datePublished":"2024-06-19T17:56:45+00:00","dateModified":"2024-06-19T17:59:43+00:00","description":"Volvo EX40 : nouveau nom, m\u00eame bon go\u00fbt - Benoit Charette - Annuel automobile - CanadaMotorJobs.com.","breadcrumb":{"@id":"https:\/\/news.canadamotorjobs.com\/fr\/volvo-ex40-nouveau-nom-meme-bon-gout\/#breadcrumb"},"inLanguage":"fr-CA","potentialAction":[{"@type":"ReadAction","target":["https:\/\/news.canadamotorjobs.com\/fr\/volvo-ex40-nouveau-nom-meme-bon-gout\/"]}]},{"@type":"ImageObject","inLanguage":"fr-CA","@id":"https:\/\/news.canadamotorjobs.com\/fr\/volvo-ex40-nouveau-nom-meme-bon-gout\/#primaryimage","url":"https:\/\/news.canadamotorjobs.com\/wp-content\/uploads\/2024\/06\/308529_Rear-wheel_drive_more_range_and_faster_charging_for_fully_electric_Volvo.jpg","contentUrl":"https:\/\/news.canadamotorjobs.com\/wp-content\/uploads\/2024\/06\/308529_Rear-wheel_drive_more_range_and_faster_charging_for_fully_electric_Volvo.jpg","width":1280,"height":720},{"@type":"BreadcrumbList","@id":"https:\/\/news.canadamotorjobs.com\/fr\/volvo-ex40-nouveau-nom-meme-bon-gout\/#breadcrumb","itemListElement":[{"@type":"ListItem","position":1,"name":"Home","item":"https:\/\/news.canadamotorjobs.com\/fr\/blog\/"},{"@type":"ListItem","position":2,"name":"Volvo EX40 : nouveau nom, m\u00eame bon go\u00fbt"}]},{"@type":"WebSite","@id":"https:\/\/news.canadamotorjobs.com\/#website","url":"https:\/\/news.canadamotorjobs.com\/","name":"CanadaMotorJobs.com","description":"Automotive Jobs","publisher":{"@id":"https:\/\/news.canadamotorjobs.com\/#organization"},"potentialAction":[{"@type":"SearchAction","target":{"@type":"EntryPoint","urlTemplate":"https:\/\/news.canadamotorjobs.com\/?s={search_term_string}"},"query-input":"required name=search_term_string"}],"inLanguage":"fr-CA"},{"@type":"Organization","@id":"https:\/\/news.canadamotorjobs.com\/#organization","name":"Canada Motor Jobs","url":"https:\/\/news.canadamotorjobs.com\/","logo":{"@type":"ImageObject","inLanguage":"fr-CA","@id":"https:\/\/news.canadamotorjobs.com\/#\/schema\/logo\/image\/","url":"https:\/\/news.canadamotorjobs.com\/wp-content\/uploads\/2022\/10\/logo-canada-motor-jobs-1.png","contentUrl":"https:\/\/news.canadamotorjobs.com\/wp-content\/uploads\/2022\/10\/logo-canada-motor-jobs-1.png","width":800,"height":400,"caption":"Canada Motor Jobs"},"image":{"@id":"https:\/\/news.canadamotorjobs.com\/#\/schema\/logo\/image\/"},"sameAs":["https:\/\/www.facebook.com\/canadamotorjobs\/","https:\/\/x.com\/canadamotorjobs","https:\/\/www.instagram.com\/canadamotorjobs\/","https:\/\/www.linkedin.com\/company\/canadamotorjobs"]},{"@type":"Person","@id":"https:\/\/news.canadamotorjobs.com\/#\/schema\/person\/51793d1f87d44011d7bcc2ed99269a90","name":"Benoit Charette","image":{"@type":"ImageObject","inLanguage":"fr-CA","@id":"https:\/\/news.canadamotorjobs.com\/#\/schema\/person\/image\/","url":"https:\/\/secure.gravatar.com\/avatar\/45f3d2eebcccd909668d7ce7ea7267b6?s=96&d=mm&r=g","contentUrl":"https:\/\/secure.gravatar.com\/avatar\/45f3d2eebcccd909668d7ce7ea7267b6?s=96&d=mm&r=g","caption":"Benoit Charette"},"description":"Benoit Charette \/ Propri\u00e9taire et r\u00e9dacteur en chef Benoit Charette pratique le journalisme automobile depuis bient\u00f4t 30 ans. Il a fait ses classes au c\u00f4t\u00e9 de Daniel H\u00e9raud et au Carnet de route de 1992 \u00e0 2001. Il est fondateur, copropri\u00e9taire et r\u00e9dacteur en chef de L\u2019Annuel de l\u2019automobile, qu\u2019il publie depuis 2001. Il a anim\u00e9 les \u00e9missions RPM et RPM+ sur V et les L\u00e9gendes de la route sur Historia. \u00c0 la radio depuis 1986, il reprend l\u2019antenne cette ann\u00e9e sur les ondes de Cogeco et participe pour la deuxi\u00e8me ann\u00e9e \u00e0 l\u2019\u00e9mission Passion Auto sur RDS en plus de mettre en ligne le site Web officiel de L\u2019Annuel de l\u2019automobile sur annuelauto.ca.","sameAs":["https:\/\/annuelauto.ca\/"],"url":"https:\/\/news.canadamotorjobs.com\/fr\/author\/benoit-charette\/"}]}},"_links":{"self":[{"href":"https:\/\/news.canadamotorjobs.com\/fr\/wp-json\/wp\/v2\/posts\/167445"}],"collection":[{"href":"https:\/\/news.canadamotorjobs.com\/fr\/wp-json\/wp\/v2\/posts"}],"about":[{"href":"https:\/\/news.canadamotorjobs.com\/fr\/wp-json\/wp\/v2\/types\/post"}],"author":[{"embeddable":true,"href":"https:\/\/news.canadamotorjobs.com\/fr\/wp-json\/wp\/v2\/users\/8"}],"replies":[{"embeddable":true,"href":"https:\/\/news.canadamotorjobs.com\/fr\/wp-json\/wp\/v2\/comments?post=167445"}],"version-history":[{"count":2,"href":"https:\/\/news.canadamotorjobs.com\/fr\/wp-json\/wp\/v2\/posts\/167445\/revisions"}],"predecessor-version":[{"id":167449,"href":"https:\/\/news.canadamotorjobs.com\/fr\/wp-json\/wp\/v2\/posts\/167445\/revisions\/167449"}],"wp:featuredmedia":[{"embeddable":true,"href":"https:\/\/news.canadamotorjobs.com\/fr\/wp-json\/wp\/v2\/media\/167447"}],"wp:attachment":[{"href":"https:\/\/news.canadamotorjobs.com\/fr\/wp-json\/wp\/v2\/media?parent=167445"}],"wp:term":[{"taxonomy":"category","embeddable":true,"href":"https:\/\/news.canadamotorjobs.com\/fr\/wp-json\/wp\/v2\/categories?post=167445"},{"taxonomy":"post_tag","embeddable":true,"href":"https:\/\/news.canadamotorjobs.com\/fr\/wp-json\/wp\/v2\/tags?post=167445"}],"curies":[{"name":"wp","href":"https:\/\/api.w.org\/{rel}","templated":true}]}}