{"id":167401,"date":"2024-06-19T06:33:06","date_gmt":"2024-06-19T10:33:06","guid":{"rendered":"https:\/\/news.canadamotorjobs.com\/?p=167401"},"modified":"2024-06-19T06:45:05","modified_gmt":"2024-06-19T10:45:05","slug":"honda-hr-v-2024-est-ce-un-bon-achat","status":"publish","type":"post","link":"https:\/\/news.canadamotorjobs.com\/fr\/honda-hr-v-2024-est-ce-un-bon-achat\/","title":{"rendered":"Honda HR-V\u00a02024\u00a0: est-ce un bon achat\u2009?"},"content":{"rendered":"<\/p>\n<p>Le Honda HR-V s\u2019est point\u00e9 sur notre march\u00e9 pour l\u2019ann\u00e9e\u00a02016. Ce petit VUS, bas\u00e9 sur la pratique sous-compacte Fit, s\u2019est rapidement taill\u00e9 une place de choix sur le march\u00e9 en raison de son format, mais surtout de son am\u00e9nagement int\u00e9rieur qui permettrait de pratiquement faire dispara\u00eetre la banquette arri\u00e8re pour d\u00e9cupler l\u2019espace de chargement.<\/p>\n<p>\u00a0<\/p>\n<p>On parlait alors de la technologie Magic Seat de Honda.<\/p>\n<p>\u00a0<\/p>\n<p>Oh, le mod\u00e8le n\u2019\u00e9tait pas une machine de guerre con\u00e7ue pour nous livrer des sensations, mais il \u00e9tait tr\u00e8s efficace. Et, surtout, il se vendait \u00e0 un prix fort raisonnable. \u00c0 l\u2019achat de ce v\u00e9hicule, la client\u00e8le avait vraiment l\u2019impression qu\u2019elle en avait pour son argent.<\/p>\n<p>\u00a0<\/p>\n<h3><strong>La g\u00e9n\u00e9ration actuelle<\/strong><\/h3>\n<p>\n\u00a0<\/p>\n<p>Puis, la refonte de 2023 est venue nous donner un HR-V con\u00e7u pour les Nord-Am\u00e9ricains. L\u2019utilitaire a pris du volume, sans pour autant offrir plus d\u2019espace de chargement, ce qui a repr\u00e9sent\u00e9 une d\u00e9ception. On profitait de 1665\u00a0litres derri\u00e8re la premi\u00e8re rang\u00e9e avec l\u2019ancienne mouture, alors que la capacit\u00e9 est \u00e0 1559\u00a0litres avec la nouvelle.<\/p>\n<p>\u00a0<\/p>\n<p>La qualit\u00e9 a pris du galon, ce qui est perceptible en jetant \u00e0 un coup d\u2019\u0153il \u00e0 la pr\u00e9sentation, mais aussi en laissant ses doigts effleurer les surfaces int\u00e9rieures. Le confort des si\u00e8ges est sup\u00e9rieur et la douceur de roulement prouve qu\u2019on a fait un excellent travail avec le ch\u00e2ssis, qui est d\u00e9sormais partag\u00e9 avec la Civic\u2009; \u00e7a fait toute la diff\u00e9rence.<\/p>\n<p>\u00a0<\/p>\n<p>D\u2019ailleurs, le petit utilitaire h\u00e9rite d\u2019un des moteurs de la Civic, le 4-cylindres de 2,0\u00a0litres des versions de base, un bloc qui propose 158\u00a0chevaux et 138\u00a0livres-pieds de couple. C\u2019est correct, sans plus. En fait, ce qui est d\u00e9cevant, c\u2019est que Honda ne propose pas le 4-cylindres turbo de 1,5\u00a0litre\u2009; voil\u00e0 qui animerait la conduite du HR-V.<\/p>\n<p>\u00a0<\/p>\n<h3><strong>Au volant<\/strong><\/h3>\n<p>\n\u00a0<\/p>\n<p>Car, pour \u00eatre bien franc, ce n\u2019est rien de trop excitant, surtout que la transmission \u00e0 variation continue (CVT) vient distiller toute notion de plaisir. Pour les d\u00e9placements urbains, \u00e7a va, mais ce moteur manque de souffle sur la grande route, surtout lorsqu\u2019on doit s\u2019int\u00e9grer \u00e0 la circulation sur une bretelle d\u2019autoroute, grimper une colline ou encore effectuer un d\u00e9passement.<\/p>\n<p>\u00a0<\/p>\n<p>En revanche, sur une route sinueuse, on d\u00e9couvre un mod\u00e8le qui est capable d\u2019en prendre. Encore l\u00e0, le ch\u00e2ssis de la Civic lui est fort utile.<\/p>\n<p>\u00a0<\/p>\n<p>Et, parce qu\u2019on est ici en pr\u00e9sence d\u2019organes m\u00e9caniques fiables, et qu\u2019on loge chez Honda, la fiabilit\u00e9 est au rendez-vous. Il n\u2019y a vraiment rien \u00e0 craindre avec un HR-V.<\/p>\n<p>\u00a0<\/p>\n<p>Le probl\u00e8me avec ce v\u00e9hicule, il est ailleurs, ce qui nous am\u00e8ne \u00e0 poser la question qui tue\u00a0: est-ce que le Honda HR-V\u00a02024 est un bon achat\u2009?<\/p>\n<p>\u00a0<\/p>\n<h3><strong>Versions et prix<\/strong><\/h3>\n<p>\n\u00a0<\/p>\n<p>L\u2019ancien HR-V \u00e9tait offert \u00e0 un prix de d\u00e9part d\u2019environ 20\u2009000\u00a0$. Oui, on avait vraiment l\u2019impression qu\u2019on en avait pour notre argent avec ce v\u00e9hicule. Lors de la refonte, on s\u2019attendait bien s\u00fbr \u00e0 une hausse du prix, mais c\u2019est un coup de masse qu\u2019on a re\u00e7u en voyant l\u2019offre.<\/p>\n<p>\u00a0<\/p>\n<p>D\u00e9sormais, le HR-V se vend \u00e0 partir de 28\u2009960\u00a0$ (29\u2009510\u00a0$ pour 2025), avant les frais.<\/p>\n<p>\u00a0<\/p>\n<h3>S\u00e9rieux\u2009?<\/h3>\n<p>\n\u00a0<\/p>\n<p>Et \u00e7a, c\u2019est pour la version de base\u00a0LX \u00e0 traction. En grimpant dans la gamme, Honda exige 37\u2009910\u00a0$ pour une version EX-L Navi \u00e0 rouage int\u00e9gral (le prix sera identique en 2025). Avec les frais, \u00e7a vous fait un utilitaire sous-compact \u00e0 plus de 40\u2009000\u00a0$, avant les taxes.<\/p>\n<p>\u00a0<\/p>\n<p>Voyons. Comme mauvaise blague, il est difficile de faire mieux.<\/p>\n<p>\u00a0<\/p>\n<p>Vous me direz que les prix ont grimp\u00e9 partout. C\u2019est vrai. Cependant, un petit d\u00e9tour chez Kia, par exemple, nous montre que le Seltos est offert \u00e0 partir de 25\u2009345\u00a0$ en configuration de base. C\u2019est plus de 4000\u00a0$ de moins que le HR-V.<\/p>\n<p>\u00a0<\/p>\n<p>Et que dire de Chevrolet avec son Trax, propos\u00e9 \u00e0 partir de 21\u2009699\u00a0$, toujours avant les frais\u2009?<\/p>\n<p>\u00a0<\/p>\n<p>Vous voyez un peu o\u00f9 je veux m\u2019en aller avec \u00e7a.<\/p>\n<p>\u00a0<\/p>\n<h3><strong>Un bon achat\u2009?<\/strong><\/h3>\n<p>\n\u00a0<\/p>\n<p>Il est clair que le Honda HR-V est un bon v\u00e9hicule. Pratique, confortable, fiable, solide sur la route. Ce n\u2019est pas la mer \u00e0 boire, mais on n\u2019est pas d\u00e9\u00e7u de ce qu\u2019il nous donne.<\/p>\n<p>\u00a0<\/p>\n<p>Cependant, consid\u00e9rant la concurrence et ce qu\u2019on doit payer pour l\u2019obtenir, honn\u00eatement, c\u2019est un pensez-y-bien. Il est difficile de parler d\u2019un mauvais achat en raison de la qualit\u00e9 et de la fiabilit\u00e9, mais il est possible d\u2019avoir quelque chose de tr\u00e8s semblable \u00e0 co\u00fbt moindre.<\/p>\n<p>\u00a0<\/p>\n<p>\u00c0 vous de voir. Je consid\u00e9rerais beaucoup d\u2019autres options avant de sortir le ch\u00e9quier pour ce mod\u00e8le.<\/p>\n<p>\u00a0<\/p>\n<p>\u00a0<\/p>\n<p>\u00a0<\/p>\n<p>\u00a0<\/p>\n<p>Le texte <a rel=\"nofollow\" href=\"https:\/\/annuelauto.ca\/honda-hr-v-2024-est-ce-un-bon-achat%e2%80%89\/\">Honda HR-V\u00a02024\u00a0: est-ce un bon achat\u2009?<\/a> provient de <a rel=\"nofollow\" href=\"https:\/\/annuelauto.ca\">L&#8217;annuel de l&#8217;automobile &#8211; Actualit\u00e9 automobile<\/a><\/p>\n<p><\/p>\n","protected":false},"excerpt":{"rendered":"<p>Le Honda HR-V s\u2019est point\u00e9 sur notre march\u00e9 pour l\u2019ann\u00e9e\u00a02016. Ce petit VUS, bas\u00e9 sur la pratique sous-compacte Fit, s\u2019est rapidement taill\u00e9 une place de choix sur le march\u00e9 en raison de son format, mais surtout de son am\u00e9nagement int\u00e9rieur qui permettrait de pratiquement faire dispara\u00eetre la banquette arri\u00e8re pour d\u00e9cupler l\u2019espace de chargement. \u00a0 [&hellip;]<\/p>\n","protected":false},"author":8,"featured_media":167403,"comment_status":"close","ping_status":"closed","sticky":false,"template":"","format":"standard","meta":{"_monsterinsights_skip_tracking":false,"_monsterinsights_sitenote_active":false,"_monsterinsights_sitenote_note":"","_monsterinsights_sitenote_category":0,"footnotes":""},"categories":[101],"tags":[],"yoast_head":"<!-- This site is optimized with the Yoast SEO plugin v23.2 - https:\/\/yoast.com\/wordpress\/plugins\/seo\/ -->\n<title>Honda HR-V\u00a02024\u00a0: est-ce un bon achat\u2009? - CanadaMotorJobs.com<\/title>\n<meta name=\"description\" content=\"Honda HR-V\u00a02024\u00a0: est-ce un bon achat\u2009? - Benoit Charette - Annuel automobile - CanadaMotorJobs.com.\" \/>\n<meta name=\"robots\" content=\"index, follow, max-snippet:-1, max-image-preview:large, max-video-preview:-1\" \/>\n<meta property=\"og:locale\" content=\"fr_CA\" \/>\n<meta property=\"og:type\" content=\"article\" \/>\n<meta property=\"og:title\" content=\"Honda HR-V\u00a02024\u00a0: est-ce un bon achat\u2009? - CanadaMotorJobs.com\" \/>\n<meta property=\"og:description\" content=\"Honda HR-V\u00a02024\u00a0: est-ce un bon achat\u2009? - Benoit Charette - Annuel automobile - CanadaMotorJobs.com.\" \/>\n<meta property=\"og:url\" content=\"https:\/\/news.canadamotorjobs.com\/fr\/honda-hr-v-2024-est-ce-un-bon-achat\/\" \/>\n<meta property=\"og:site_name\" content=\"CanadaMotorJobs.com\" \/>\n<meta property=\"article:publisher\" content=\"https:\/\/www.facebook.com\/canadamotorjobs\/\" \/>\n<meta property=\"article:published_time\" content=\"2024-06-19T10:33:06+00:00\" \/>\n<meta property=\"article:modified_time\" content=\"2024-06-19T10:45:05+00:00\" \/>\n<meta property=\"og:image\" content=\"https:\/\/news.canadamotorjobs.com\/wp-content\/uploads\/2024\/06\/08-2023-Honda-HR-V-EX-L.jpg\" \/>\n\t<meta property=\"og:image:width\" content=\"1200\" \/>\n\t<meta property=\"og:image:height\" content=\"801\" \/>\n\t<meta property=\"og:image:type\" content=\"image\/jpeg\" \/>\n<meta name=\"author\" content=\"Benoit Charette\" \/>\n<meta name=\"twitter:card\" content=\"summary_large_image\" \/>\n<meta name=\"twitter:creator\" content=\"@canadamotorjobs\" \/>\n<meta name=\"twitter:site\" content=\"@canadamotorjobs\" \/>\n<meta name=\"twitter:label1\" content=\"\u00c9crit par\" \/>\n\t<meta name=\"twitter:data1\" content=\"Benoit Charette\" \/>\n\t<meta name=\"twitter:label2\" content=\"Estimation du temps de lecture\" \/>\n\t<meta name=\"twitter:data2\" content=\"4 minutes\" \/>\n<!-- \/ Yoast SEO plugin. -->","yoast_head_json":{"title":"Honda HR-V\u00a02024\u00a0: est-ce un bon achat\u2009? - CanadaMotorJobs.com","description":"Honda HR-V\u00a02024\u00a0: est-ce un bon achat\u2009? - Benoit Charette - Annuel automobile - CanadaMotorJobs.com.","robots":{"index":"index","follow":"follow","max-snippet":"max-snippet:-1","max-image-preview":"max-image-preview:large","max-video-preview":"max-video-preview:-1"},"og_locale":"fr_CA","og_type":"article","og_title":"Honda HR-V\u00a02024\u00a0: est-ce un bon achat\u2009? - CanadaMotorJobs.com","og_description":"Honda HR-V\u00a02024\u00a0: est-ce un bon achat\u2009? - Benoit Charette - Annuel automobile - CanadaMotorJobs.com.","og_url":"https:\/\/news.canadamotorjobs.com\/fr\/honda-hr-v-2024-est-ce-un-bon-achat\/","og_site_name":"CanadaMotorJobs.com","article_publisher":"https:\/\/www.facebook.com\/canadamotorjobs\/","article_published_time":"2024-06-19T10:33:06+00:00","article_modified_time":"2024-06-19T10:45:05+00:00","og_image":[{"width":1200,"height":801,"url":"https:\/\/news.canadamotorjobs.com\/wp-content\/uploads\/2024\/06\/08-2023-Honda-HR-V-EX-L.jpg","type":"image\/jpeg"}],"author":"Benoit Charette","twitter_card":"summary_large_image","twitter_creator":"@canadamotorjobs","twitter_site":"@canadamotorjobs","twitter_misc":{"\u00c9crit par":"Benoit Charette","Estimation du temps de lecture":"4 minutes"},"schema":{"@context":"https:\/\/schema.org","@graph":[{"@type":"Article","@id":"https:\/\/news.canadamotorjobs.com\/fr\/honda-hr-v-2024-est-ce-un-bon-achat\/#article","isPartOf":{"@id":"https:\/\/news.canadamotorjobs.com\/fr\/honda-hr-v-2024-est-ce-un-bon-achat\/"},"author":{"name":"Benoit Charette","@id":"https:\/\/news.canadamotorjobs.com\/#\/schema\/person\/51793d1f87d44011d7bcc2ed99269a90"},"headline":"Honda HR-V\u00a02024\u00a0: est-ce un bon achat\u2009?","datePublished":"2024-06-19T10:33:06+00:00","dateModified":"2024-06-19T10:45:05+00:00","mainEntityOfPage":{"@id":"https:\/\/news.canadamotorjobs.com\/fr\/honda-hr-v-2024-est-ce-un-bon-achat\/"},"wordCount":827,"publisher":{"@id":"https:\/\/news.canadamotorjobs.com\/#organization"},"image":{"@id":"https:\/\/news.canadamotorjobs.com\/fr\/honda-hr-v-2024-est-ce-un-bon-achat\/#primaryimage"},"thumbnailUrl":"https:\/\/news.canadamotorjobs.com\/wp-content\/uploads\/2024\/06\/08-2023-Honda-HR-V-EX-L.jpg","articleSection":["Annuel automobile"],"inLanguage":"fr-CA"},{"@type":"WebPage","@id":"https:\/\/news.canadamotorjobs.com\/fr\/honda-hr-v-2024-est-ce-un-bon-achat\/","url":"https:\/\/news.canadamotorjobs.com\/fr\/honda-hr-v-2024-est-ce-un-bon-achat\/","name":"Honda HR-V\u00a02024\u00a0: est-ce un bon achat\u2009? - CanadaMotorJobs.com","isPartOf":{"@id":"https:\/\/news.canadamotorjobs.com\/#website"},"primaryImageOfPage":{"@id":"https:\/\/news.canadamotorjobs.com\/fr\/honda-hr-v-2024-est-ce-un-bon-achat\/#primaryimage"},"image":{"@id":"https:\/\/news.canadamotorjobs.com\/fr\/honda-hr-v-2024-est-ce-un-bon-achat\/#primaryimage"},"thumbnailUrl":"https:\/\/news.canadamotorjobs.com\/wp-content\/uploads\/2024\/06\/08-2023-Honda-HR-V-EX-L.jpg","datePublished":"2024-06-19T10:33:06+00:00","dateModified":"2024-06-19T10:45:05+00:00","description":"Honda HR-V\u00a02024\u00a0: est-ce un bon achat\u2009? - Benoit Charette - Annuel automobile - CanadaMotorJobs.com.","breadcrumb":{"@id":"https:\/\/news.canadamotorjobs.com\/fr\/honda-hr-v-2024-est-ce-un-bon-achat\/#breadcrumb"},"inLanguage":"fr-CA","potentialAction":[{"@type":"ReadAction","target":["https:\/\/news.canadamotorjobs.com\/fr\/honda-hr-v-2024-est-ce-un-bon-achat\/"]}]},{"@type":"ImageObject","inLanguage":"fr-CA","@id":"https:\/\/news.canadamotorjobs.com\/fr\/honda-hr-v-2024-est-ce-un-bon-achat\/#primaryimage","url":"https:\/\/news.canadamotorjobs.com\/wp-content\/uploads\/2024\/06\/08-2023-Honda-HR-V-EX-L.jpg","contentUrl":"https:\/\/news.canadamotorjobs.com\/wp-content\/uploads\/2024\/06\/08-2023-Honda-HR-V-EX-L.jpg","width":1200,"height":801},{"@type":"BreadcrumbList","@id":"https:\/\/news.canadamotorjobs.com\/fr\/honda-hr-v-2024-est-ce-un-bon-achat\/#breadcrumb","itemListElement":[{"@type":"ListItem","position":1,"name":"Home","item":"https:\/\/news.canadamotorjobs.com\/fr\/blog\/"},{"@type":"ListItem","position":2,"name":"Honda HR-V\u00a02024\u00a0: est-ce un bon achat\u2009?"}]},{"@type":"WebSite","@id":"https:\/\/news.canadamotorjobs.com\/#website","url":"https:\/\/news.canadamotorjobs.com\/","name":"CanadaMotorJobs.com","description":"Automotive Jobs","publisher":{"@id":"https:\/\/news.canadamotorjobs.com\/#organization"},"potentialAction":[{"@type":"SearchAction","target":{"@type":"EntryPoint","urlTemplate":"https:\/\/news.canadamotorjobs.com\/?s={search_term_string}"},"query-input":"required name=search_term_string"}],"inLanguage":"fr-CA"},{"@type":"Organization","@id":"https:\/\/news.canadamotorjobs.com\/#organization","name":"Canada Motor Jobs","url":"https:\/\/news.canadamotorjobs.com\/","logo":{"@type":"ImageObject","inLanguage":"fr-CA","@id":"https:\/\/news.canadamotorjobs.com\/#\/schema\/logo\/image\/","url":"https:\/\/news.canadamotorjobs.com\/wp-content\/uploads\/2022\/10\/logo-canada-motor-jobs-1.png","contentUrl":"https:\/\/news.canadamotorjobs.com\/wp-content\/uploads\/2022\/10\/logo-canada-motor-jobs-1.png","width":800,"height":400,"caption":"Canada Motor Jobs"},"image":{"@id":"https:\/\/news.canadamotorjobs.com\/#\/schema\/logo\/image\/"},"sameAs":["https:\/\/www.facebook.com\/canadamotorjobs\/","https:\/\/x.com\/canadamotorjobs","https:\/\/www.instagram.com\/canadamotorjobs\/","https:\/\/www.linkedin.com\/company\/canadamotorjobs"]},{"@type":"Person","@id":"https:\/\/news.canadamotorjobs.com\/#\/schema\/person\/51793d1f87d44011d7bcc2ed99269a90","name":"Benoit Charette","image":{"@type":"ImageObject","inLanguage":"fr-CA","@id":"https:\/\/news.canadamotorjobs.com\/#\/schema\/person\/image\/","url":"https:\/\/secure.gravatar.com\/avatar\/45f3d2eebcccd909668d7ce7ea7267b6?s=96&d=mm&r=g","contentUrl":"https:\/\/secure.gravatar.com\/avatar\/45f3d2eebcccd909668d7ce7ea7267b6?s=96&d=mm&r=g","caption":"Benoit Charette"},"description":"Benoit Charette \/ Propri\u00e9taire et r\u00e9dacteur en chef Benoit Charette pratique le journalisme automobile depuis bient\u00f4t 30 ans. Il a fait ses classes au c\u00f4t\u00e9 de Daniel H\u00e9raud et au Carnet de route de 1992 \u00e0 2001. Il est fondateur, copropri\u00e9taire et r\u00e9dacteur en chef de L\u2019Annuel de l\u2019automobile, qu\u2019il publie depuis 2001. Il a anim\u00e9 les \u00e9missions RPM et RPM+ sur V et les L\u00e9gendes de la route sur Historia. \u00c0 la radio depuis 1986, il reprend l\u2019antenne cette ann\u00e9e sur les ondes de Cogeco et participe pour la deuxi\u00e8me ann\u00e9e \u00e0 l\u2019\u00e9mission Passion Auto sur RDS en plus de mettre en ligne le site Web officiel de L\u2019Annuel de l\u2019automobile sur annuelauto.ca.","sameAs":["https:\/\/annuelauto.ca\/"],"url":"https:\/\/news.canadamotorjobs.com\/fr\/author\/benoit-charette\/"}]}},"_links":{"self":[{"href":"https:\/\/news.canadamotorjobs.com\/fr\/wp-json\/wp\/v2\/posts\/167401"}],"collection":[{"href":"https:\/\/news.canadamotorjobs.com\/fr\/wp-json\/wp\/v2\/posts"}],"about":[{"href":"https:\/\/news.canadamotorjobs.com\/fr\/wp-json\/wp\/v2\/types\/post"}],"author":[{"embeddable":true,"href":"https:\/\/news.canadamotorjobs.com\/fr\/wp-json\/wp\/v2\/users\/8"}],"replies":[{"embeddable":true,"href":"https:\/\/news.canadamotorjobs.com\/fr\/wp-json\/wp\/v2\/comments?post=167401"}],"version-history":[{"count":2,"href":"https:\/\/news.canadamotorjobs.com\/fr\/wp-json\/wp\/v2\/posts\/167401\/revisions"}],"predecessor-version":[{"id":167405,"href":"https:\/\/news.canadamotorjobs.com\/fr\/wp-json\/wp\/v2\/posts\/167401\/revisions\/167405"}],"wp:featuredmedia":[{"embeddable":true,"href":"https:\/\/news.canadamotorjobs.com\/fr\/wp-json\/wp\/v2\/media\/167403"}],"wp:attachment":[{"href":"https:\/\/news.canadamotorjobs.com\/fr\/wp-json\/wp\/v2\/media?parent=167401"}],"wp:term":[{"taxonomy":"category","embeddable":true,"href":"https:\/\/news.canadamotorjobs.com\/fr\/wp-json\/wp\/v2\/categories?post=167401"},{"taxonomy":"post_tag","embeddable":true,"href":"https:\/\/news.canadamotorjobs.com\/fr\/wp-json\/wp\/v2\/tags?post=167401"}],"curies":[{"name":"wp","href":"https:\/\/api.w.org\/{rel}","templated":true}]}}