{"id":167382,"date":"2024-06-19T06:42:44","date_gmt":"2024-06-19T10:42:44","guid":{"rendered":"https:\/\/news.canadamotorjobs.com\/?p=167382"},"modified":"2024-06-19T06:44:57","modified_gmt":"2024-06-19T10:44:57","slug":"rappel-de-116-million-de-modeles-jeep-chrysler-dodge-et-ram-pour-defaillance-de-la-camera-de-recul","status":"publish","type":"post","link":"https:\/\/news.canadamotorjobs.com\/fr\/rappel-de-116-million-de-modeles-jeep-chrysler-dodge-et-ram-pour-defaillance-de-la-camera-de-recul\/","title":{"rendered":"Rappel de 1,16 million de mod\u00e8les Jeep, Chrysler, Dodge et Ram pour d\u00e9faillance de la cam\u00e9ra de recul"},"content":{"rendered":"<\/p>\n<ul><\/p>\n<li>\n<h3>Une nouvelle vague de rappels chez Stellantis suite \u00e0 des probl\u00e8mes de cam\u00e9ra de recul.<\/h3>\n<p>\n<\/li>\n<p><\/p>\n<li>\n<h3>1,16 million de v\u00e9hicules concern\u00e9s par une d\u00e9faillance logicielle.<\/h3>\n<p>\n<\/li>\n<p>\n<\/ul>\n<p><\/p>\n<h4>Stellantis annonce un rappel massif pour des d\u00e9fauts de cam\u00e9ra de recul<\/h4>\n<p>\nStellantis, le g\u00e9ant de l&#8217;automobile, fait face \u00e0 un rappel majeur impliquant 1,16 million de v\u00e9hicules. Cette annonce intervient apr\u00e8s une s\u00e9rie de rappels ant\u00e9rieurs, notamment pour des probl\u00e8mes de roues sur les Jeep, de phares automatiques d\u00e9fectueux, et de syst\u00e8mes ABS d\u00e9faillants sur les camions Dodge et Ram.<\/p>\n<p>Selon la National Highway Traffic Safety Administration (NHTSA) aux \u00c9tats-Unis, le probl\u00e8me r\u00e9side dans un logiciel d\u00e9fectueux qui emp\u00eache l&#8217;affichage correct des images des cam\u00e9ras de recul. Cette d\u00e9faillance est non seulement g\u00eanante pour les conducteurs qui comptent sur ces cam\u00e9ras pour se garer, mais elle est aussi ill\u00e9gale selon les normes f\u00e9d\u00e9rales de s\u00e9curit\u00e9 des v\u00e9hicules motoris\u00e9s (FMVSS).<\/p>\n<p><strong>Faits saillants<\/strong> :<\/p>\n<ul><\/p>\n<li><strong>Nombre total de v\u00e9hicules rappel\u00e9s<\/strong> : 1,16 million.<\/li>\n<p><\/p>\n<li><strong>Probl\u00e8me identifi\u00e9<\/strong> : cam\u00e9ra de recul inop\u00e9rante en raison d&#8217;un bug logiciel.<\/li>\n<p><\/p>\n<li><strong>Mise \u00e0 jour logicielle<\/strong> : d\u00e9j\u00e0 effectu\u00e9e sur plus de 735 000 v\u00e9hicules.<\/li>\n<p>\n<\/ul>\n<p><\/p>\n<h4>Mod\u00e8les et ann\u00e9es concern\u00e9es<\/h4>\n<p>\nLes mod\u00e8les affect\u00e9s par ce rappel couvrent une large gamme de v\u00e9hicules Stellantis, notamment :<\/p>\n<ul><\/p>\n<li><strong>Chrysler Pacifica<\/strong> : ann\u00e9es mod\u00e8les 2021\u20132023.<\/li>\n<p><\/p>\n<li><strong>Dodge Durango<\/strong> : ann\u00e9es mod\u00e8les 2021 et 2022.<\/li>\n<p><\/p>\n<li><strong>Jeep Compass, Wagoneer et Grand Wagoneer<\/strong> : ann\u00e9es mod\u00e8les 2022\u20132023.<\/li>\n<p><\/p>\n<li><strong>Jeep Grand Cherokee<\/strong> : ann\u00e9es mod\u00e8les 2021\u20132023.<\/li>\n<p><\/p>\n<li><strong>Ram<\/strong> : mod\u00e8les 1500, 2500 et 3500 de l&#8217;ann\u00e9e 2022, ainsi que les fourgonnettes Promaster des ann\u00e9es mod\u00e8les 2022\u20132023.<\/li>\n<p>\n<\/ul>\n<p><\/p>\n<h4>Une mise \u00e0 jour logicielle pour r\u00e9soudre le probl\u00e8me<\/h4>\n<p>\nHeureusement pour les propri\u00e9taires concern\u00e9s, la mise \u00e0 jour du logiciel de la cam\u00e9ra de recul peut \u00eatre effectu\u00e9e \u00e0 distance. Stellantis a indiqu\u00e9 que plus de 735 000 v\u00e9hicules ont d\u00e9j\u00e0 re\u00e7u cette mise \u00e0 jour via une notification sur l&#8217;\u00e9cran d&#8217;infodivertissement du v\u00e9hicule.<\/p>\n<h4>Un rappel suppl\u00e9mentaire pour un probl\u00e8me mat\u00e9riel<\/h4>\n<p>\nDans une annonce distincte, Stellantis a rappel\u00e9 un seul mod\u00e8le Ram 1500 Classic de 2022 en raison d&#8217;un probl\u00e8me mat\u00e9riel affectant la cam\u00e9ra de recul. Ce v\u00e9hicule pr\u00e9sente un faisceau de c\u00e2blage d\u00e9fectueux pouvant provoquer un court-circuit, emp\u00eachant ainsi l&#8217;affichage des images de la cam\u00e9ra de recul.<\/p>\n<p>Avec des renseignements de Carscoops<\/p>\n<p>\u00a0<\/p>\n<p>Le texte <a rel=\"nofollow\" href=\"https:\/\/annuelauto.ca\/rappel-de-116-million-de-modeles-jeep-chrysler-dodge-et-ram-pour-defaillance-de-la-camera-de-recul\/\">Rappel de 1,16 million de mod\u00e8les Jeep, Chrysler, Dodge et Ram pour d\u00e9faillance de la cam\u00e9ra de recul<\/a> provient de <a rel=\"nofollow\" href=\"https:\/\/annuelauto.ca\">L&#8217;annuel de l&#8217;automobile &#8211; Actualit\u00e9 automobile<\/a><\/p>\n<p><\/p>\n","protected":false},"excerpt":{"rendered":"<p>Une nouvelle vague de rappels chez Stellantis suite \u00e0 des probl\u00e8mes de cam\u00e9ra de recul. 1,16 million de v\u00e9hicules concern\u00e9s par une d\u00e9faillance logicielle. Stellantis annonce un rappel massif pour des d\u00e9fauts de cam\u00e9ra de recul Stellantis, le g\u00e9ant de l&#8217;automobile, fait face \u00e0 un rappel majeur impliquant 1,16 million de v\u00e9hicules. Cette annonce intervient [&hellip;]<\/p>\n","protected":false},"author":8,"featured_media":167384,"comment_status":"close","ping_status":"closed","sticky":false,"template":"","format":"standard","meta":{"_monsterinsights_skip_tracking":false,"_monsterinsights_sitenote_active":false,"_monsterinsights_sitenote_note":"","_monsterinsights_sitenote_category":0,"footnotes":""},"categories":[101],"tags":[],"yoast_head":"<!-- This site is optimized with the Yoast SEO plugin v23.2 - https:\/\/yoast.com\/wordpress\/plugins\/seo\/ -->\n<title>Rappel de 1,16 million de mod\u00e8les Jeep, Chrysler, Dodge et Ram pour d\u00e9faillance de la cam\u00e9ra de recul - CanadaMotorJobs.com<\/title>\n<meta name=\"description\" content=\"Rappel de 1,16 million de mod\u00e8les Jeep, Chrysler, Dodge et Ram pour d\u00e9faillance de la cam\u00e9ra de recul - Benoit Charette - Annuel automobile - CanadaMotorJobs.com.\" \/>\n<meta name=\"robots\" content=\"index, follow, max-snippet:-1, max-image-preview:large, max-video-preview:-1\" \/>\n<meta property=\"og:locale\" content=\"fr_CA\" \/>\n<meta property=\"og:type\" content=\"article\" \/>\n<meta property=\"og:title\" content=\"Rappel de 1,16 million de mod\u00e8les Jeep, Chrysler, Dodge et Ram pour d\u00e9faillance de la cam\u00e9ra de recul - CanadaMotorJobs.com\" \/>\n<meta property=\"og:description\" content=\"Rappel de 1,16 million de mod\u00e8les Jeep, Chrysler, Dodge et Ram pour d\u00e9faillance de la cam\u00e9ra de recul - Benoit Charette - Annuel automobile - CanadaMotorJobs.com.\" \/>\n<meta property=\"og:url\" content=\"https:\/\/news.canadamotorjobs.com\/fr\/rappel-de-116-million-de-modeles-jeep-chrysler-dodge-et-ram-pour-defaillance-de-la-camera-de-recul\/\" \/>\n<meta property=\"og:site_name\" content=\"CanadaMotorJobs.com\" \/>\n<meta property=\"article:publisher\" content=\"https:\/\/www.facebook.com\/canadamotorjobs\/\" \/>\n<meta property=\"article:published_time\" content=\"2024-06-19T10:42:44+00:00\" \/>\n<meta property=\"article:modified_time\" content=\"2024-06-19T10:44:57+00:00\" \/>\n<meta property=\"og:image\" content=\"https:\/\/news.canadamotorjobs.com\/wp-content\/uploads\/2024\/06\/Dodge-Durango-2021-5-1024x683-1-1-1.jpg\" \/>\n\t<meta property=\"og:image:width\" content=\"1024\" \/>\n\t<meta property=\"og:image:height\" content=\"683\" \/>\n\t<meta property=\"og:image:type\" content=\"image\/jpeg\" \/>\n<meta name=\"author\" content=\"Benoit Charette\" \/>\n<meta name=\"twitter:card\" content=\"summary_large_image\" \/>\n<meta name=\"twitter:creator\" content=\"@canadamotorjobs\" \/>\n<meta name=\"twitter:site\" content=\"@canadamotorjobs\" \/>\n<meta name=\"twitter:label1\" content=\"\u00c9crit par\" \/>\n\t<meta name=\"twitter:data1\" content=\"Benoit Charette\" \/>\n\t<meta name=\"twitter:label2\" content=\"Estimation du temps de lecture\" \/>\n\t<meta name=\"twitter:data2\" content=\"2 minutes\" \/>\n<!-- \/ Yoast SEO plugin. -->","yoast_head_json":{"title":"Rappel de 1,16 million de mod\u00e8les Jeep, Chrysler, Dodge et Ram pour d\u00e9faillance de la cam\u00e9ra de recul - CanadaMotorJobs.com","description":"Rappel de 1,16 million de mod\u00e8les Jeep, Chrysler, Dodge et Ram pour d\u00e9faillance de la cam\u00e9ra de recul - Benoit Charette - Annuel automobile - CanadaMotorJobs.com.","robots":{"index":"index","follow":"follow","max-snippet":"max-snippet:-1","max-image-preview":"max-image-preview:large","max-video-preview":"max-video-preview:-1"},"og_locale":"fr_CA","og_type":"article","og_title":"Rappel de 1,16 million de mod\u00e8les Jeep, Chrysler, Dodge et Ram pour d\u00e9faillance de la cam\u00e9ra de recul - CanadaMotorJobs.com","og_description":"Rappel de 1,16 million de mod\u00e8les Jeep, Chrysler, Dodge et Ram pour d\u00e9faillance de la cam\u00e9ra de recul - Benoit Charette - Annuel automobile - CanadaMotorJobs.com.","og_url":"https:\/\/news.canadamotorjobs.com\/fr\/rappel-de-116-million-de-modeles-jeep-chrysler-dodge-et-ram-pour-defaillance-de-la-camera-de-recul\/","og_site_name":"CanadaMotorJobs.com","article_publisher":"https:\/\/www.facebook.com\/canadamotorjobs\/","article_published_time":"2024-06-19T10:42:44+00:00","article_modified_time":"2024-06-19T10:44:57+00:00","og_image":[{"width":1024,"height":683,"url":"https:\/\/news.canadamotorjobs.com\/wp-content\/uploads\/2024\/06\/Dodge-Durango-2021-5-1024x683-1-1-1.jpg","type":"image\/jpeg"}],"author":"Benoit Charette","twitter_card":"summary_large_image","twitter_creator":"@canadamotorjobs","twitter_site":"@canadamotorjobs","twitter_misc":{"\u00c9crit par":"Benoit Charette","Estimation du temps de lecture":"2 minutes"},"schema":{"@context":"https:\/\/schema.org","@graph":[{"@type":"Article","@id":"https:\/\/news.canadamotorjobs.com\/fr\/rappel-de-116-million-de-modeles-jeep-chrysler-dodge-et-ram-pour-defaillance-de-la-camera-de-recul\/#article","isPartOf":{"@id":"https:\/\/news.canadamotorjobs.com\/fr\/rappel-de-116-million-de-modeles-jeep-chrysler-dodge-et-ram-pour-defaillance-de-la-camera-de-recul\/"},"author":{"name":"Benoit Charette","@id":"https:\/\/news.canadamotorjobs.com\/#\/schema\/person\/51793d1f87d44011d7bcc2ed99269a90"},"headline":"Rappel de 1,16 million de mod\u00e8les Jeep, Chrysler, Dodge et Ram pour d\u00e9faillance de la cam\u00e9ra de recul","datePublished":"2024-06-19T10:42:44+00:00","dateModified":"2024-06-19T10:44:57+00:00","mainEntityOfPage":{"@id":"https:\/\/news.canadamotorjobs.com\/fr\/rappel-de-116-million-de-modeles-jeep-chrysler-dodge-et-ram-pour-defaillance-de-la-camera-de-recul\/"},"wordCount":465,"publisher":{"@id":"https:\/\/news.canadamotorjobs.com\/#organization"},"image":{"@id":"https:\/\/news.canadamotorjobs.com\/fr\/rappel-de-116-million-de-modeles-jeep-chrysler-dodge-et-ram-pour-defaillance-de-la-camera-de-recul\/#primaryimage"},"thumbnailUrl":"https:\/\/news.canadamotorjobs.com\/wp-content\/uploads\/2024\/06\/Dodge-Durango-2021-5-1024x683-1-1-1.jpg","articleSection":["Annuel automobile"],"inLanguage":"fr-CA"},{"@type":"WebPage","@id":"https:\/\/news.canadamotorjobs.com\/fr\/rappel-de-116-million-de-modeles-jeep-chrysler-dodge-et-ram-pour-defaillance-de-la-camera-de-recul\/","url":"https:\/\/news.canadamotorjobs.com\/fr\/rappel-de-116-million-de-modeles-jeep-chrysler-dodge-et-ram-pour-defaillance-de-la-camera-de-recul\/","name":"Rappel de 1,16 million de mod\u00e8les Jeep, Chrysler, Dodge et Ram pour d\u00e9faillance de la cam\u00e9ra de recul - CanadaMotorJobs.com","isPartOf":{"@id":"https:\/\/news.canadamotorjobs.com\/#website"},"primaryImageOfPage":{"@id":"https:\/\/news.canadamotorjobs.com\/fr\/rappel-de-116-million-de-modeles-jeep-chrysler-dodge-et-ram-pour-defaillance-de-la-camera-de-recul\/#primaryimage"},"image":{"@id":"https:\/\/news.canadamotorjobs.com\/fr\/rappel-de-116-million-de-modeles-jeep-chrysler-dodge-et-ram-pour-defaillance-de-la-camera-de-recul\/#primaryimage"},"thumbnailUrl":"https:\/\/news.canadamotorjobs.com\/wp-content\/uploads\/2024\/06\/Dodge-Durango-2021-5-1024x683-1-1-1.jpg","datePublished":"2024-06-19T10:42:44+00:00","dateModified":"2024-06-19T10:44:57+00:00","description":"Rappel de 1,16 million de mod\u00e8les Jeep, Chrysler, Dodge et Ram pour d\u00e9faillance de la cam\u00e9ra de recul - Benoit Charette - Annuel automobile - CanadaMotorJobs.com.","breadcrumb":{"@id":"https:\/\/news.canadamotorjobs.com\/fr\/rappel-de-116-million-de-modeles-jeep-chrysler-dodge-et-ram-pour-defaillance-de-la-camera-de-recul\/#breadcrumb"},"inLanguage":"fr-CA","potentialAction":[{"@type":"ReadAction","target":["https:\/\/news.canadamotorjobs.com\/fr\/rappel-de-116-million-de-modeles-jeep-chrysler-dodge-et-ram-pour-defaillance-de-la-camera-de-recul\/"]}]},{"@type":"ImageObject","inLanguage":"fr-CA","@id":"https:\/\/news.canadamotorjobs.com\/fr\/rappel-de-116-million-de-modeles-jeep-chrysler-dodge-et-ram-pour-defaillance-de-la-camera-de-recul\/#primaryimage","url":"https:\/\/news.canadamotorjobs.com\/wp-content\/uploads\/2024\/06\/Dodge-Durango-2021-5-1024x683-1-1-1.jpg","contentUrl":"https:\/\/news.canadamotorjobs.com\/wp-content\/uploads\/2024\/06\/Dodge-Durango-2021-5-1024x683-1-1-1.jpg","width":1024,"height":683},{"@type":"BreadcrumbList","@id":"https:\/\/news.canadamotorjobs.com\/fr\/rappel-de-116-million-de-modeles-jeep-chrysler-dodge-et-ram-pour-defaillance-de-la-camera-de-recul\/#breadcrumb","itemListElement":[{"@type":"ListItem","position":1,"name":"Home","item":"https:\/\/news.canadamotorjobs.com\/fr\/blog\/"},{"@type":"ListItem","position":2,"name":"Rappel de 1,16 million de mod\u00e8les Jeep, Chrysler, Dodge et Ram pour d\u00e9faillance de la cam\u00e9ra de recul"}]},{"@type":"WebSite","@id":"https:\/\/news.canadamotorjobs.com\/#website","url":"https:\/\/news.canadamotorjobs.com\/","name":"CanadaMotorJobs.com","description":"Automotive Jobs","publisher":{"@id":"https:\/\/news.canadamotorjobs.com\/#organization"},"potentialAction":[{"@type":"SearchAction","target":{"@type":"EntryPoint","urlTemplate":"https:\/\/news.canadamotorjobs.com\/?s={search_term_string}"},"query-input":"required name=search_term_string"}],"inLanguage":"fr-CA"},{"@type":"Organization","@id":"https:\/\/news.canadamotorjobs.com\/#organization","name":"Canada Motor Jobs","url":"https:\/\/news.canadamotorjobs.com\/","logo":{"@type":"ImageObject","inLanguage":"fr-CA","@id":"https:\/\/news.canadamotorjobs.com\/#\/schema\/logo\/image\/","url":"https:\/\/news.canadamotorjobs.com\/wp-content\/uploads\/2022\/10\/logo-canada-motor-jobs-1.png","contentUrl":"https:\/\/news.canadamotorjobs.com\/wp-content\/uploads\/2022\/10\/logo-canada-motor-jobs-1.png","width":800,"height":400,"caption":"Canada Motor Jobs"},"image":{"@id":"https:\/\/news.canadamotorjobs.com\/#\/schema\/logo\/image\/"},"sameAs":["https:\/\/www.facebook.com\/canadamotorjobs\/","https:\/\/x.com\/canadamotorjobs","https:\/\/www.instagram.com\/canadamotorjobs\/","https:\/\/www.linkedin.com\/company\/canadamotorjobs"]},{"@type":"Person","@id":"https:\/\/news.canadamotorjobs.com\/#\/schema\/person\/51793d1f87d44011d7bcc2ed99269a90","name":"Benoit Charette","image":{"@type":"ImageObject","inLanguage":"fr-CA","@id":"https:\/\/news.canadamotorjobs.com\/#\/schema\/person\/image\/","url":"https:\/\/secure.gravatar.com\/avatar\/45f3d2eebcccd909668d7ce7ea7267b6?s=96&d=mm&r=g","contentUrl":"https:\/\/secure.gravatar.com\/avatar\/45f3d2eebcccd909668d7ce7ea7267b6?s=96&d=mm&r=g","caption":"Benoit Charette"},"description":"Benoit Charette \/ Propri\u00e9taire et r\u00e9dacteur en chef Benoit Charette pratique le journalisme automobile depuis bient\u00f4t 30 ans. Il a fait ses classes au c\u00f4t\u00e9 de Daniel H\u00e9raud et au Carnet de route de 1992 \u00e0 2001. Il est fondateur, copropri\u00e9taire et r\u00e9dacteur en chef de L\u2019Annuel de l\u2019automobile, qu\u2019il publie depuis 2001. Il a anim\u00e9 les \u00e9missions RPM et RPM+ sur V et les L\u00e9gendes de la route sur Historia. \u00c0 la radio depuis 1986, il reprend l\u2019antenne cette ann\u00e9e sur les ondes de Cogeco et participe pour la deuxi\u00e8me ann\u00e9e \u00e0 l\u2019\u00e9mission Passion Auto sur RDS en plus de mettre en ligne le site Web officiel de L\u2019Annuel de l\u2019automobile sur annuelauto.ca.","sameAs":["https:\/\/annuelauto.ca\/"],"url":"https:\/\/news.canadamotorjobs.com\/fr\/author\/benoit-charette\/"}]}},"_links":{"self":[{"href":"https:\/\/news.canadamotorjobs.com\/fr\/wp-json\/wp\/v2\/posts\/167382"}],"collection":[{"href":"https:\/\/news.canadamotorjobs.com\/fr\/wp-json\/wp\/v2\/posts"}],"about":[{"href":"https:\/\/news.canadamotorjobs.com\/fr\/wp-json\/wp\/v2\/types\/post"}],"author":[{"embeddable":true,"href":"https:\/\/news.canadamotorjobs.com\/fr\/wp-json\/wp\/v2\/users\/8"}],"replies":[{"embeddable":true,"href":"https:\/\/news.canadamotorjobs.com\/fr\/wp-json\/wp\/v2\/comments?post=167382"}],"version-history":[{"count":2,"href":"https:\/\/news.canadamotorjobs.com\/fr\/wp-json\/wp\/v2\/posts\/167382\/revisions"}],"predecessor-version":[{"id":167386,"href":"https:\/\/news.canadamotorjobs.com\/fr\/wp-json\/wp\/v2\/posts\/167382\/revisions\/167386"}],"wp:featuredmedia":[{"embeddable":true,"href":"https:\/\/news.canadamotorjobs.com\/fr\/wp-json\/wp\/v2\/media\/167384"}],"wp:attachment":[{"href":"https:\/\/news.canadamotorjobs.com\/fr\/wp-json\/wp\/v2\/media?parent=167382"}],"wp:term":[{"taxonomy":"category","embeddable":true,"href":"https:\/\/news.canadamotorjobs.com\/fr\/wp-json\/wp\/v2\/categories?post=167382"},{"taxonomy":"post_tag","embeddable":true,"href":"https:\/\/news.canadamotorjobs.com\/fr\/wp-json\/wp\/v2\/tags?post=167382"}],"curies":[{"name":"wp","href":"https:\/\/api.w.org\/{rel}","templated":true}]}}