{"id":167359,"date":"2024-06-19T06:24:45","date_gmt":"2024-06-19T10:24:45","guid":{"rendered":"https:\/\/news.canadamotorjobs.com\/?p=167359"},"modified":"2024-06-19T06:31:48","modified_gmt":"2024-06-19T10:31:48","slug":"le-jeep-wrangler-392-hemi-revient-en-2025","status":"publish","type":"post","link":"https:\/\/news.canadamotorjobs.com\/fr\/le-jeep-wrangler-392-hemi-revient-en-2025\/","title":{"rendered":"Le Jeep Wrangler 392 Hemi revient en 2025"},"content":{"rendered":"<\/p>\n<h3><strong>&#8211;<\/strong> Malgr\u00e9 l&#8217;annonce de la fin des V-8, le Jeep Wrangler 392 fait son retour.<\/h3>\n<p><\/p>\n<h3><strong>&#8211;<\/strong> Jeep r\u00e9pond \u00e0 la demande des passionn\u00e9s en relan\u00e7ant le mod\u00e8le embl\u00e9matique.<\/h3>\n<p><\/p>\n<h4>Un retour attendu pour les amateurs de puissance<\/h4>\n<p>\nMalgr\u00e9 l&#8217;annonce d&#8217;une \u00e9dition finale \u00e0 six chiffres pour 2024, qui devait marquer la fin des Jeep Wrangler \u00e9quip\u00e9s de moteurs V-8, la marque Jeep a d\u00e9cid\u00e9 de r\u00e9introduire le Wrangler 392 pour l&#8217;ann\u00e9e mod\u00e8le 2025. Jeep, la marque de v\u00e9hicules l\u00e9gers du groupe Stellantis, avait d\u00e9clar\u00e9 en mars qu&#8217;elle ferait ses adieux aux Wrangler V-8 avec une \u00e9dition sp\u00e9ciale de 2024, appel\u00e9e &#8220;Final Edition&#8221;. Cependant, la demande \u00e9tant trop forte pour abandonner ce mod\u00e8le embl\u00e9matique, la d\u00e9cision a \u00e9t\u00e9 prise de prolonger sa production. La version 2025 sera \u00e9galement d\u00e9sign\u00e9e comme une &#8220;Final Edition&#8221;.<\/p>\n<h4>Une situation similaire \u00e0 celle du Dodge Durango Hellcat<\/h4>\n<p>\nCette d\u00e9cision rappelle celle de Stellantis concernant le Dodge Durango Hellcat. Initialement pr\u00e9vue pour \u00eatre produite pendant une seule ann\u00e9e mod\u00e8le, la production de ce VUS haute performance a \u00e9t\u00e9 prolong\u00e9e face \u00e0 la demande des consommateurs, certains ayant m\u00eame poursuivi le constructeur en justice pour tromperie en croyant qu&#8217;ils n&#8217;auraient qu&#8217;une seule occasion de l&#8217;acheter.<\/p>\n<h4>D\u00e9tails de la nouvelle \u00e9dition<\/h4>\n<p>\nLes prix de la version 2025 n&#8217;ont pas encore \u00e9t\u00e9 annonc\u00e9s. Pour rappel, le mod\u00e8le 2024 \u00e9tait propos\u00e9 \u00e0 partir de 129 00 $ avec les frais de transport. La production de cette nouvelle \u00e9dition commencera au premier trimestre 2025, avec l&#8217;ouverture des commandes pr\u00e9vue pour la fin de 2024. Le Jeep Wrangler 392 est \u00e9quip\u00e9 d&#8217;un moteur V-8 de 6,4 litres, capable de d\u00e9livrer 470 chevaux et un couple de 470 lb-pi. Il peut passer de 0 \u00e0 100 km\/h en seulement 4,5 secondes, offrant une puissance impressionnante pour un v\u00e9hicule de cette cat\u00e9gorie.<\/p>\n<h4>Une transition vers l&#8217;\u00e9lectrique<\/h4>\n<p>\nStellantis continue n\u00e9anmoins \u00e0 r\u00e9duire ses offres de moteurs V-8 \u00e0 mesure qu&#8217;elle se pr\u00e9pare \u00e0 lancer plus de 25 v\u00e9hicules \u00e9lectriques aux \u00c9tats-Unis d&#8217;ici 2030. Les moteurs V-8 ont d\u00e9j\u00e0 \u00e9t\u00e9 retir\u00e9s de la gamme 2025 des Ram 1500, ainsi que des SUV premium Jeep Wagoneer et Grand Wagoneer, et du Jeep Grand Cherokee \u00e0 deux rang\u00e9es. De m\u00eame, la prochaine g\u00e9n\u00e9ration de Dodge Charger ne proposera pas non plus de version avec un moteur V-8.<\/p>\n<p>Avec des renseignements d\u2019automotive News<\/p>\n<p>Le texte <a rel=\"nofollow\" href=\"https:\/\/annuelauto.ca\/le-jeep-wrangler-392-hemi-revient-en-2025\/\">Le Jeep Wrangler 392 Hemi revient en 2025<\/a> provient de <a rel=\"nofollow\" href=\"https:\/\/annuelauto.ca\">L&#8217;annuel de l&#8217;automobile &#8211; Actualit\u00e9 automobile<\/a><\/p>\n<p><\/p>\n","protected":false},"excerpt":{"rendered":"<p>&#8211; Malgr\u00e9 l&#8217;annonce de la fin des V-8, le Jeep Wrangler 392 fait son retour. &#8211; Jeep r\u00e9pond \u00e0 la demande des passionn\u00e9s en relan\u00e7ant le mod\u00e8le embl\u00e9matique. Un retour attendu pour les amateurs de puissance Malgr\u00e9 l&#8217;annonce d&#8217;une \u00e9dition finale \u00e0 six chiffres pour 2024, qui devait marquer la fin des Jeep Wrangler \u00e9quip\u00e9s [&hellip;]<\/p>\n","protected":false},"author":8,"featured_media":167361,"comment_status":"close","ping_status":"closed","sticky":false,"template":"","format":"standard","meta":{"_monsterinsights_skip_tracking":false,"_monsterinsights_sitenote_active":false,"_monsterinsights_sitenote_note":"","_monsterinsights_sitenote_category":0,"footnotes":""},"categories":[101],"tags":[],"yoast_head":"<!-- This site is optimized with the Yoast SEO plugin v23.2 - https:\/\/yoast.com\/wordpress\/plugins\/seo\/ -->\n<title>Le Jeep Wrangler 392 Hemi revient en 2025 - CanadaMotorJobs.com<\/title>\n<meta name=\"description\" content=\"Le Jeep Wrangler 392 Hemi revient en 2025 - Benoit Charette - Annuel automobile - CanadaMotorJobs.com.\" \/>\n<meta name=\"robots\" content=\"index, follow, max-snippet:-1, max-image-preview:large, max-video-preview:-1\" \/>\n<meta property=\"og:locale\" content=\"fr_CA\" \/>\n<meta property=\"og:type\" content=\"article\" \/>\n<meta property=\"og:title\" content=\"Le Jeep Wrangler 392 Hemi revient en 2025 - CanadaMotorJobs.com\" \/>\n<meta property=\"og:description\" content=\"Le Jeep Wrangler 392 Hemi revient en 2025 - Benoit Charette - Annuel automobile - CanadaMotorJobs.com.\" \/>\n<meta property=\"og:url\" content=\"https:\/\/news.canadamotorjobs.com\/fr\/le-jeep-wrangler-392-hemi-revient-en-2025\/\" \/>\n<meta property=\"og:site_name\" content=\"CanadaMotorJobs.com\" \/>\n<meta property=\"article:publisher\" content=\"https:\/\/www.facebook.com\/canadamotorjobs\/\" \/>\n<meta property=\"article:published_time\" content=\"2024-06-19T10:24:45+00:00\" \/>\n<meta property=\"article:modified_time\" content=\"2024-06-19T10:31:48+00:00\" \/>\n<meta property=\"og:image\" content=\"https:\/\/news.canadamotorjobs.com\/wp-content\/uploads\/2024\/06\/JP024_262WRikp7vv7c22e67kmj51vr260su6.jpg\" \/>\n\t<meta property=\"og:image:width\" content=\"1200\" \/>\n\t<meta property=\"og:image:height\" content=\"825\" \/>\n\t<meta property=\"og:image:type\" content=\"image\/jpeg\" \/>\n<meta name=\"author\" content=\"Benoit Charette\" \/>\n<meta name=\"twitter:card\" content=\"summary_large_image\" \/>\n<meta name=\"twitter:creator\" content=\"@canadamotorjobs\" \/>\n<meta name=\"twitter:site\" content=\"@canadamotorjobs\" \/>\n<meta name=\"twitter:label1\" content=\"\u00c9crit par\" \/>\n\t<meta name=\"twitter:data1\" content=\"Benoit Charette\" \/>\n\t<meta name=\"twitter:label2\" content=\"Estimation du temps de lecture\" \/>\n\t<meta name=\"twitter:data2\" content=\"2 minutes\" \/>\n<!-- \/ Yoast SEO plugin. -->","yoast_head_json":{"title":"Le Jeep Wrangler 392 Hemi revient en 2025 - CanadaMotorJobs.com","description":"Le Jeep Wrangler 392 Hemi revient en 2025 - Benoit Charette - Annuel automobile - CanadaMotorJobs.com.","robots":{"index":"index","follow":"follow","max-snippet":"max-snippet:-1","max-image-preview":"max-image-preview:large","max-video-preview":"max-video-preview:-1"},"og_locale":"fr_CA","og_type":"article","og_title":"Le Jeep Wrangler 392 Hemi revient en 2025 - CanadaMotorJobs.com","og_description":"Le Jeep Wrangler 392 Hemi revient en 2025 - Benoit Charette - Annuel automobile - CanadaMotorJobs.com.","og_url":"https:\/\/news.canadamotorjobs.com\/fr\/le-jeep-wrangler-392-hemi-revient-en-2025\/","og_site_name":"CanadaMotorJobs.com","article_publisher":"https:\/\/www.facebook.com\/canadamotorjobs\/","article_published_time":"2024-06-19T10:24:45+00:00","article_modified_time":"2024-06-19T10:31:48+00:00","og_image":[{"width":1200,"height":825,"url":"https:\/\/news.canadamotorjobs.com\/wp-content\/uploads\/2024\/06\/JP024_262WRikp7vv7c22e67kmj51vr260su6.jpg","type":"image\/jpeg"}],"author":"Benoit Charette","twitter_card":"summary_large_image","twitter_creator":"@canadamotorjobs","twitter_site":"@canadamotorjobs","twitter_misc":{"\u00c9crit par":"Benoit Charette","Estimation du temps de lecture":"2 minutes"},"schema":{"@context":"https:\/\/schema.org","@graph":[{"@type":"Article","@id":"https:\/\/news.canadamotorjobs.com\/fr\/le-jeep-wrangler-392-hemi-revient-en-2025\/#article","isPartOf":{"@id":"https:\/\/news.canadamotorjobs.com\/fr\/le-jeep-wrangler-392-hemi-revient-en-2025\/"},"author":{"name":"Benoit Charette","@id":"https:\/\/news.canadamotorjobs.com\/#\/schema\/person\/51793d1f87d44011d7bcc2ed99269a90"},"headline":"Le Jeep Wrangler 392 Hemi revient en 2025","datePublished":"2024-06-19T10:24:45+00:00","dateModified":"2024-06-19T10:31:48+00:00","mainEntityOfPage":{"@id":"https:\/\/news.canadamotorjobs.com\/fr\/le-jeep-wrangler-392-hemi-revient-en-2025\/"},"wordCount":431,"publisher":{"@id":"https:\/\/news.canadamotorjobs.com\/#organization"},"image":{"@id":"https:\/\/news.canadamotorjobs.com\/fr\/le-jeep-wrangler-392-hemi-revient-en-2025\/#primaryimage"},"thumbnailUrl":"https:\/\/news.canadamotorjobs.com\/wp-content\/uploads\/2024\/06\/JP024_262WRikp7vv7c22e67kmj51vr260su6.jpg","articleSection":["Annuel automobile"],"inLanguage":"fr-CA"},{"@type":"WebPage","@id":"https:\/\/news.canadamotorjobs.com\/fr\/le-jeep-wrangler-392-hemi-revient-en-2025\/","url":"https:\/\/news.canadamotorjobs.com\/fr\/le-jeep-wrangler-392-hemi-revient-en-2025\/","name":"Le Jeep Wrangler 392 Hemi revient en 2025 - CanadaMotorJobs.com","isPartOf":{"@id":"https:\/\/news.canadamotorjobs.com\/#website"},"primaryImageOfPage":{"@id":"https:\/\/news.canadamotorjobs.com\/fr\/le-jeep-wrangler-392-hemi-revient-en-2025\/#primaryimage"},"image":{"@id":"https:\/\/news.canadamotorjobs.com\/fr\/le-jeep-wrangler-392-hemi-revient-en-2025\/#primaryimage"},"thumbnailUrl":"https:\/\/news.canadamotorjobs.com\/wp-content\/uploads\/2024\/06\/JP024_262WRikp7vv7c22e67kmj51vr260su6.jpg","datePublished":"2024-06-19T10:24:45+00:00","dateModified":"2024-06-19T10:31:48+00:00","description":"Le Jeep Wrangler 392 Hemi revient en 2025 - Benoit Charette - Annuel automobile - CanadaMotorJobs.com.","breadcrumb":{"@id":"https:\/\/news.canadamotorjobs.com\/fr\/le-jeep-wrangler-392-hemi-revient-en-2025\/#breadcrumb"},"inLanguage":"fr-CA","potentialAction":[{"@type":"ReadAction","target":["https:\/\/news.canadamotorjobs.com\/fr\/le-jeep-wrangler-392-hemi-revient-en-2025\/"]}]},{"@type":"ImageObject","inLanguage":"fr-CA","@id":"https:\/\/news.canadamotorjobs.com\/fr\/le-jeep-wrangler-392-hemi-revient-en-2025\/#primaryimage","url":"https:\/\/news.canadamotorjobs.com\/wp-content\/uploads\/2024\/06\/JP024_262WRikp7vv7c22e67kmj51vr260su6.jpg","contentUrl":"https:\/\/news.canadamotorjobs.com\/wp-content\/uploads\/2024\/06\/JP024_262WRikp7vv7c22e67kmj51vr260su6.jpg","width":1200,"height":825},{"@type":"BreadcrumbList","@id":"https:\/\/news.canadamotorjobs.com\/fr\/le-jeep-wrangler-392-hemi-revient-en-2025\/#breadcrumb","itemListElement":[{"@type":"ListItem","position":1,"name":"Home","item":"https:\/\/news.canadamotorjobs.com\/fr\/blog\/"},{"@type":"ListItem","position":2,"name":"Le Jeep Wrangler 392 Hemi revient en 2025"}]},{"@type":"WebSite","@id":"https:\/\/news.canadamotorjobs.com\/#website","url":"https:\/\/news.canadamotorjobs.com\/","name":"CanadaMotorJobs.com","description":"Automotive Jobs","publisher":{"@id":"https:\/\/news.canadamotorjobs.com\/#organization"},"potentialAction":[{"@type":"SearchAction","target":{"@type":"EntryPoint","urlTemplate":"https:\/\/news.canadamotorjobs.com\/?s={search_term_string}"},"query-input":"required name=search_term_string"}],"inLanguage":"fr-CA"},{"@type":"Organization","@id":"https:\/\/news.canadamotorjobs.com\/#organization","name":"Canada Motor Jobs","url":"https:\/\/news.canadamotorjobs.com\/","logo":{"@type":"ImageObject","inLanguage":"fr-CA","@id":"https:\/\/news.canadamotorjobs.com\/#\/schema\/logo\/image\/","url":"https:\/\/news.canadamotorjobs.com\/wp-content\/uploads\/2022\/10\/logo-canada-motor-jobs-1.png","contentUrl":"https:\/\/news.canadamotorjobs.com\/wp-content\/uploads\/2022\/10\/logo-canada-motor-jobs-1.png","width":800,"height":400,"caption":"Canada Motor Jobs"},"image":{"@id":"https:\/\/news.canadamotorjobs.com\/#\/schema\/logo\/image\/"},"sameAs":["https:\/\/www.facebook.com\/canadamotorjobs\/","https:\/\/x.com\/canadamotorjobs","https:\/\/www.instagram.com\/canadamotorjobs\/","https:\/\/www.linkedin.com\/company\/canadamotorjobs"]},{"@type":"Person","@id":"https:\/\/news.canadamotorjobs.com\/#\/schema\/person\/51793d1f87d44011d7bcc2ed99269a90","name":"Benoit Charette","image":{"@type":"ImageObject","inLanguage":"fr-CA","@id":"https:\/\/news.canadamotorjobs.com\/#\/schema\/person\/image\/","url":"https:\/\/secure.gravatar.com\/avatar\/45f3d2eebcccd909668d7ce7ea7267b6?s=96&d=mm&r=g","contentUrl":"https:\/\/secure.gravatar.com\/avatar\/45f3d2eebcccd909668d7ce7ea7267b6?s=96&d=mm&r=g","caption":"Benoit Charette"},"description":"Benoit Charette \/ Propri\u00e9taire et r\u00e9dacteur en chef Benoit Charette pratique le journalisme automobile depuis bient\u00f4t 30 ans. Il a fait ses classes au c\u00f4t\u00e9 de Daniel H\u00e9raud et au Carnet de route de 1992 \u00e0 2001. Il est fondateur, copropri\u00e9taire et r\u00e9dacteur en chef de L\u2019Annuel de l\u2019automobile, qu\u2019il publie depuis 2001. Il a anim\u00e9 les \u00e9missions RPM et RPM+ sur V et les L\u00e9gendes de la route sur Historia. \u00c0 la radio depuis 1986, il reprend l\u2019antenne cette ann\u00e9e sur les ondes de Cogeco et participe pour la deuxi\u00e8me ann\u00e9e \u00e0 l\u2019\u00e9mission Passion Auto sur RDS en plus de mettre en ligne le site Web officiel de L\u2019Annuel de l\u2019automobile sur annuelauto.ca.","sameAs":["https:\/\/annuelauto.ca\/"],"url":"https:\/\/news.canadamotorjobs.com\/fr\/author\/benoit-charette\/"}]}},"_links":{"self":[{"href":"https:\/\/news.canadamotorjobs.com\/fr\/wp-json\/wp\/v2\/posts\/167359"}],"collection":[{"href":"https:\/\/news.canadamotorjobs.com\/fr\/wp-json\/wp\/v2\/posts"}],"about":[{"href":"https:\/\/news.canadamotorjobs.com\/fr\/wp-json\/wp\/v2\/types\/post"}],"author":[{"embeddable":true,"href":"https:\/\/news.canadamotorjobs.com\/fr\/wp-json\/wp\/v2\/users\/8"}],"replies":[{"embeddable":true,"href":"https:\/\/news.canadamotorjobs.com\/fr\/wp-json\/wp\/v2\/comments?post=167359"}],"version-history":[{"count":2,"href":"https:\/\/news.canadamotorjobs.com\/fr\/wp-json\/wp\/v2\/posts\/167359\/revisions"}],"predecessor-version":[{"id":167363,"href":"https:\/\/news.canadamotorjobs.com\/fr\/wp-json\/wp\/v2\/posts\/167359\/revisions\/167363"}],"wp:featuredmedia":[{"embeddable":true,"href":"https:\/\/news.canadamotorjobs.com\/fr\/wp-json\/wp\/v2\/media\/167361"}],"wp:attachment":[{"href":"https:\/\/news.canadamotorjobs.com\/fr\/wp-json\/wp\/v2\/media?parent=167359"}],"wp:term":[{"taxonomy":"category","embeddable":true,"href":"https:\/\/news.canadamotorjobs.com\/fr\/wp-json\/wp\/v2\/categories?post=167359"},{"taxonomy":"post_tag","embeddable":true,"href":"https:\/\/news.canadamotorjobs.com\/fr\/wp-json\/wp\/v2\/tags?post=167359"}],"curies":[{"name":"wp","href":"https:\/\/api.w.org\/{rel}","templated":true}]}}