{"id":167328,"date":"2024-06-18T07:33:36","date_gmt":"2024-06-18T11:33:36","guid":{"rendered":"https:\/\/news.canadamotorjobs.com\/?p=167328"},"modified":"2024-06-18T07:44:04","modified_gmt":"2024-06-18T11:44:04","slug":"la-plus-puissante-audi-a-ce-jour","status":"publish","type":"post","link":"https:\/\/news.canadamotorjobs.com\/fr\/la-plus-puissante-audi-a-ce-jour\/","title":{"rendered":"La plus puissante Audi \u00e0 ce jour"},"content":{"rendered":"<\/p>\n<h3>La RS E-Tron GT Performance affiche une puissance impressionnante de 912 chevaux<\/h3>\n<p>\nEn r\u00e9ponse \u00e0 la mise \u00e0 jour compl\u00e8te de la Porsche Taycan plus t\u00f4t cette ann\u00e9e, il est logique que le mod\u00e8le s\u0153ur suive le m\u00eame chemin. Voici donc la nouvelle Audi E-Tron GT 2025, qui se dote de nombreuses am\u00e9liorations pour offrir plus de puissance, de vitesse de charge et d&#8217;autonomie. D\u00e9sormais, trois versions distinctes seront disponibles : la S E-Tron GT, la RS E-Tron GT et le mod\u00e8le phare, la RS E-Tron GT Performance.<\/p>\n<h3>La plus puissante des Audi : une r\u00e9volution \u00e9lectrique<\/h3>\n<p>\nLe nouveau mod\u00e8le RS E-Tron GT Performance se positionne comme le v\u00e9hicule de production le plus puissant jamais con\u00e7u par Audi. Avec ses 912 chevaux, il reste toutefois derri\u00e8re la Taycan Turbo GT de Porsche qui d\u00e9veloppe 1 019 chevaux. En plus d&#8217;\u00eatre la voiture la plus puissante arborant les Quatre Anneaux, elle est \u00e9galement la plus rapide. Il ne lui faut que deux secondes et demie pour atteindre les 100 km\/h, bien que ce soit deux dixi\u00e8mes de seconde de plus que la Porsche.<\/p>\n<p>Les autres versions ne sont pas en reste. La RS E-Tron d\u00e9veloppe 845 chevaux et passe de 0 \u00e0 100 km\/h en 2,8 secondes, tandis que la version de base E-Tron affiche 671 chevaux pour un temps de 3,4 secondes. Les mod\u00e8les badg\u00e9s RS atteignent une vitesse maximale de 250 km\/h, contre 245 km\/h pour la version d&#8217;entr\u00e9e de gamme. Toutes les versions sont \u00e9quip\u00e9es d&#8217;un syst\u00e8me \u00e0 deux moteurs permettant une transmission int\u00e9grale. Audi a pr\u00e9cis\u00e9 qu&#8217;une configuration \u00e0 moteur unique et propulsion arri\u00e8re n&#8217;est pas pr\u00e9vue.<\/p>\n<h3>Une batterie plus performante et une autonomie am\u00e9lior\u00e9e<\/h3>\n<p>\nEn plus de l&#8217;augmentation de la puissance et de la vitesse, la berline \u00e9lectrique b\u00e9n\u00e9ficie d&#8217;une batterie am\u00e9lior\u00e9e. La capacit\u00e9 \u00e9nerg\u00e9tique utilisable a augment\u00e9 de 84 kWh \u00e0 97 kWh, tout en r\u00e9duisant le poids de 9 kg. Toutefois, la batterie p\u00e8se toujours 625 kg. Autre bonne nouvelle, la batterie supporte d\u00e9sormais une puissance de charge maximale de 320 kW contre 270 kW auparavant. Dans des conditions de charge id\u00e9ales, la batterie passe de 10 \u00e0 80 % en 18 minutes, et il suffit de 10 minutes pour ajouter 280 km d&#8217;autonomie. La batterie n&#8217;est pas la seule \u00e0 avoir perdu du poids, puisque le moteur \u00e9lectrique arri\u00e8re est environ 10 kg plus l\u00e9ger qu&#8217;auparavant. Si vous recherchez l&#8217;efficacit\u00e9, il est pr\u00e9f\u00e9rable d&#8217;opter pour la version de base S. Audi annonce une autonomie maximale de 608 km, mais il est important de noter que ce chiffre est bas\u00e9 sur le cycle WLTP. L&#8217;\u00e9quivalent EPA sera probablement inf\u00e9rieur.<\/p>\n<p>M\u00eame la version d&#8217;entr\u00e9e de gamme b\u00e9n\u00e9ficie d&#8217;une suspension pneumatique active \u00e0 deux chambres et deux valves r\u00e9cemment d\u00e9velopp\u00e9e. Ce syst\u00e8me peut abaisser la voiture de 5,3 \u00e0 7,6 cm en quelques secondes pour maximiser le confort lors des passages sur des bosses. Pour la RS E-Tron GT Performance, la suspension dispose d&#8217;un mode de performance d\u00e9di\u00e9 adapt\u00e9 \u00e0 une utilisation sur circuit.<\/p>\n<h3>Un design futuriste avec un clin d&#8217;\u0153il au pass\u00e9<\/h3>\n<p>\nBien que la E-Tron GT ait un design futuriste, elle comporte \u00e9galement quelques hommages au pass\u00e9. Par exemple, les jantes forg\u00e9es de 21 pouces rappellent celles du concept Audi Avus Quattro de 1991. \u00c0 l&#8217;int\u00e9rieur, le tableau de bord num\u00e9rique de la RS E-Tron GT Performance pr\u00e9sente un th\u00e8me blanc en r\u00e9f\u00e9rence \u00e0 la RS2 Avant de 1994. En attendant les prix pour le march\u00e9 canadien, Audi indique que la S E-Tron GT 2025 d\u00e9marre \u00e0 126 000 \u20ac en Allemagne, o\u00f9 la RS E-Tron GT est propos\u00e9e \u00e0 147 500 \u20ac. La RS E-Tron GT Performance est quant \u00e0 elle commercialis\u00e9e \u00e0 160 500 \u20ac.<\/p>\n<p>Avec des renseignements de Motor 1<\/p>\n<p>Le texte <a rel=\"nofollow\" href=\"https:\/\/annuelauto.ca\/la-plus-puissante-audi-a-ce-jour\/\">La plus puissante Audi \u00e0 ce jour<\/a> provient de <a rel=\"nofollow\" href=\"https:\/\/annuelauto.ca\">L&#8217;annuel de l&#8217;automobile &#8211; Actualit\u00e9 automobile<\/a><\/p>\n<p><\/p>\n","protected":false},"excerpt":{"rendered":"<p>La RS E-Tron GT Performance affiche une puissance impressionnante de 912 chevaux En r\u00e9ponse \u00e0 la mise \u00e0 jour compl\u00e8te de la Porsche Taycan plus t\u00f4t cette ann\u00e9e, il est logique que le mod\u00e8le s\u0153ur suive le m\u00eame chemin. Voici donc la nouvelle Audi E-Tron GT 2025, qui se dote de nombreuses am\u00e9liorations pour offrir [&hellip;]<\/p>\n","protected":false},"author":8,"featured_media":167330,"comment_status":"close","ping_status":"closed","sticky":false,"template":"","format":"standard","meta":{"_monsterinsights_skip_tracking":false,"_monsterinsights_sitenote_active":false,"_monsterinsights_sitenote_note":"","_monsterinsights_sitenote_category":0,"footnotes":""},"categories":[101],"tags":[],"yoast_head":"<!-- This site is optimized with the Yoast SEO plugin v23.2 - https:\/\/yoast.com\/wordpress\/plugins\/seo\/ -->\n<title>La plus puissante Audi \u00e0 ce jour - CanadaMotorJobs.com<\/title>\n<meta name=\"description\" content=\"La plus puissante Audi \u00e0 ce jour - Benoit Charette - Annuel automobile - CanadaMotorJobs.com.\" \/>\n<meta name=\"robots\" content=\"index, follow, max-snippet:-1, max-image-preview:large, max-video-preview:-1\" \/>\n<meta property=\"og:locale\" content=\"fr_CA\" \/>\n<meta property=\"og:type\" content=\"article\" \/>\n<meta property=\"og:title\" content=\"La plus puissante Audi \u00e0 ce jour - CanadaMotorJobs.com\" \/>\n<meta property=\"og:description\" content=\"La plus puissante Audi \u00e0 ce jour - Benoit Charette - Annuel automobile - CanadaMotorJobs.com.\" \/>\n<meta property=\"og:url\" content=\"https:\/\/news.canadamotorjobs.com\/fr\/la-plus-puissante-audi-a-ce-jour\/\" \/>\n<meta property=\"og:site_name\" content=\"CanadaMotorJobs.com\" \/>\n<meta property=\"article:publisher\" content=\"https:\/\/www.facebook.com\/canadamotorjobs\/\" \/>\n<meta property=\"article:published_time\" content=\"2024-06-18T11:33:36+00:00\" \/>\n<meta property=\"article:modified_time\" content=\"2024-06-18T11:44:04+00:00\" \/>\n<meta property=\"og:image\" content=\"https:\/\/news.canadamotorjobs.com\/wp-content\/uploads\/2024\/06\/2025-audi-rs-e-tron-gt-performance.jpg\" \/>\n\t<meta property=\"og:image:width\" content=\"1920\" \/>\n\t<meta property=\"og:image:height\" content=\"1080\" \/>\n\t<meta property=\"og:image:type\" content=\"image\/jpeg\" \/>\n<meta name=\"author\" content=\"Benoit Charette\" \/>\n<meta name=\"twitter:card\" content=\"summary_large_image\" \/>\n<meta name=\"twitter:creator\" content=\"@canadamotorjobs\" \/>\n<meta name=\"twitter:site\" content=\"@canadamotorjobs\" \/>\n<meta name=\"twitter:label1\" content=\"\u00c9crit par\" \/>\n\t<meta name=\"twitter:data1\" content=\"Benoit Charette\" \/>\n\t<meta name=\"twitter:label2\" content=\"Estimation du temps de lecture\" \/>\n\t<meta name=\"twitter:data2\" content=\"3 minutes\" \/>\n<!-- \/ Yoast SEO plugin. -->","yoast_head_json":{"title":"La plus puissante Audi \u00e0 ce jour - CanadaMotorJobs.com","description":"La plus puissante Audi \u00e0 ce jour - Benoit Charette - Annuel automobile - CanadaMotorJobs.com.","robots":{"index":"index","follow":"follow","max-snippet":"max-snippet:-1","max-image-preview":"max-image-preview:large","max-video-preview":"max-video-preview:-1"},"og_locale":"fr_CA","og_type":"article","og_title":"La plus puissante Audi \u00e0 ce jour - CanadaMotorJobs.com","og_description":"La plus puissante Audi \u00e0 ce jour - Benoit Charette - Annuel automobile - CanadaMotorJobs.com.","og_url":"https:\/\/news.canadamotorjobs.com\/fr\/la-plus-puissante-audi-a-ce-jour\/","og_site_name":"CanadaMotorJobs.com","article_publisher":"https:\/\/www.facebook.com\/canadamotorjobs\/","article_published_time":"2024-06-18T11:33:36+00:00","article_modified_time":"2024-06-18T11:44:04+00:00","og_image":[{"width":1920,"height":1080,"url":"https:\/\/news.canadamotorjobs.com\/wp-content\/uploads\/2024\/06\/2025-audi-rs-e-tron-gt-performance.jpg","type":"image\/jpeg"}],"author":"Benoit Charette","twitter_card":"summary_large_image","twitter_creator":"@canadamotorjobs","twitter_site":"@canadamotorjobs","twitter_misc":{"\u00c9crit par":"Benoit Charette","Estimation du temps de lecture":"3 minutes"},"schema":{"@context":"https:\/\/schema.org","@graph":[{"@type":"Article","@id":"https:\/\/news.canadamotorjobs.com\/fr\/la-plus-puissante-audi-a-ce-jour\/#article","isPartOf":{"@id":"https:\/\/news.canadamotorjobs.com\/fr\/la-plus-puissante-audi-a-ce-jour\/"},"author":{"name":"Benoit Charette","@id":"https:\/\/news.canadamotorjobs.com\/#\/schema\/person\/51793d1f87d44011d7bcc2ed99269a90"},"headline":"La plus puissante Audi \u00e0 ce jour","datePublished":"2024-06-18T11:33:36+00:00","dateModified":"2024-06-18T11:44:04+00:00","mainEntityOfPage":{"@id":"https:\/\/news.canadamotorjobs.com\/fr\/la-plus-puissante-audi-a-ce-jour\/"},"wordCount":665,"publisher":{"@id":"https:\/\/news.canadamotorjobs.com\/#organization"},"image":{"@id":"https:\/\/news.canadamotorjobs.com\/fr\/la-plus-puissante-audi-a-ce-jour\/#primaryimage"},"thumbnailUrl":"https:\/\/news.canadamotorjobs.com\/wp-content\/uploads\/2024\/06\/2025-audi-rs-e-tron-gt-performance.jpg","articleSection":["Annuel automobile"],"inLanguage":"fr-CA"},{"@type":"WebPage","@id":"https:\/\/news.canadamotorjobs.com\/fr\/la-plus-puissante-audi-a-ce-jour\/","url":"https:\/\/news.canadamotorjobs.com\/fr\/la-plus-puissante-audi-a-ce-jour\/","name":"La plus puissante Audi \u00e0 ce jour - CanadaMotorJobs.com","isPartOf":{"@id":"https:\/\/news.canadamotorjobs.com\/#website"},"primaryImageOfPage":{"@id":"https:\/\/news.canadamotorjobs.com\/fr\/la-plus-puissante-audi-a-ce-jour\/#primaryimage"},"image":{"@id":"https:\/\/news.canadamotorjobs.com\/fr\/la-plus-puissante-audi-a-ce-jour\/#primaryimage"},"thumbnailUrl":"https:\/\/news.canadamotorjobs.com\/wp-content\/uploads\/2024\/06\/2025-audi-rs-e-tron-gt-performance.jpg","datePublished":"2024-06-18T11:33:36+00:00","dateModified":"2024-06-18T11:44:04+00:00","description":"La plus puissante Audi \u00e0 ce jour - Benoit Charette - Annuel automobile - CanadaMotorJobs.com.","breadcrumb":{"@id":"https:\/\/news.canadamotorjobs.com\/fr\/la-plus-puissante-audi-a-ce-jour\/#breadcrumb"},"inLanguage":"fr-CA","potentialAction":[{"@type":"ReadAction","target":["https:\/\/news.canadamotorjobs.com\/fr\/la-plus-puissante-audi-a-ce-jour\/"]}]},{"@type":"ImageObject","inLanguage":"fr-CA","@id":"https:\/\/news.canadamotorjobs.com\/fr\/la-plus-puissante-audi-a-ce-jour\/#primaryimage","url":"https:\/\/news.canadamotorjobs.com\/wp-content\/uploads\/2024\/06\/2025-audi-rs-e-tron-gt-performance.jpg","contentUrl":"https:\/\/news.canadamotorjobs.com\/wp-content\/uploads\/2024\/06\/2025-audi-rs-e-tron-gt-performance.jpg","width":1920,"height":1080},{"@type":"BreadcrumbList","@id":"https:\/\/news.canadamotorjobs.com\/fr\/la-plus-puissante-audi-a-ce-jour\/#breadcrumb","itemListElement":[{"@type":"ListItem","position":1,"name":"Home","item":"https:\/\/news.canadamotorjobs.com\/fr\/blog\/"},{"@type":"ListItem","position":2,"name":"La plus puissante Audi \u00e0 ce jour"}]},{"@type":"WebSite","@id":"https:\/\/news.canadamotorjobs.com\/#website","url":"https:\/\/news.canadamotorjobs.com\/","name":"CanadaMotorJobs.com","description":"Automotive Jobs","publisher":{"@id":"https:\/\/news.canadamotorjobs.com\/#organization"},"potentialAction":[{"@type":"SearchAction","target":{"@type":"EntryPoint","urlTemplate":"https:\/\/news.canadamotorjobs.com\/?s={search_term_string}"},"query-input":"required name=search_term_string"}],"inLanguage":"fr-CA"},{"@type":"Organization","@id":"https:\/\/news.canadamotorjobs.com\/#organization","name":"Canada Motor Jobs","url":"https:\/\/news.canadamotorjobs.com\/","logo":{"@type":"ImageObject","inLanguage":"fr-CA","@id":"https:\/\/news.canadamotorjobs.com\/#\/schema\/logo\/image\/","url":"https:\/\/news.canadamotorjobs.com\/wp-content\/uploads\/2022\/10\/logo-canada-motor-jobs-1.png","contentUrl":"https:\/\/news.canadamotorjobs.com\/wp-content\/uploads\/2022\/10\/logo-canada-motor-jobs-1.png","width":800,"height":400,"caption":"Canada Motor Jobs"},"image":{"@id":"https:\/\/news.canadamotorjobs.com\/#\/schema\/logo\/image\/"},"sameAs":["https:\/\/www.facebook.com\/canadamotorjobs\/","https:\/\/x.com\/canadamotorjobs","https:\/\/www.instagram.com\/canadamotorjobs\/","https:\/\/www.linkedin.com\/company\/canadamotorjobs"]},{"@type":"Person","@id":"https:\/\/news.canadamotorjobs.com\/#\/schema\/person\/51793d1f87d44011d7bcc2ed99269a90","name":"Benoit Charette","image":{"@type":"ImageObject","inLanguage":"fr-CA","@id":"https:\/\/news.canadamotorjobs.com\/#\/schema\/person\/image\/","url":"https:\/\/secure.gravatar.com\/avatar\/45f3d2eebcccd909668d7ce7ea7267b6?s=96&d=mm&r=g","contentUrl":"https:\/\/secure.gravatar.com\/avatar\/45f3d2eebcccd909668d7ce7ea7267b6?s=96&d=mm&r=g","caption":"Benoit Charette"},"description":"Benoit Charette \/ Propri\u00e9taire et r\u00e9dacteur en chef Benoit Charette pratique le journalisme automobile depuis bient\u00f4t 30 ans. Il a fait ses classes au c\u00f4t\u00e9 de Daniel H\u00e9raud et au Carnet de route de 1992 \u00e0 2001. Il est fondateur, copropri\u00e9taire et r\u00e9dacteur en chef de L\u2019Annuel de l\u2019automobile, qu\u2019il publie depuis 2001. Il a anim\u00e9 les \u00e9missions RPM et RPM+ sur V et les L\u00e9gendes de la route sur Historia. \u00c0 la radio depuis 1986, il reprend l\u2019antenne cette ann\u00e9e sur les ondes de Cogeco et participe pour la deuxi\u00e8me ann\u00e9e \u00e0 l\u2019\u00e9mission Passion Auto sur RDS en plus de mettre en ligne le site Web officiel de L\u2019Annuel de l\u2019automobile sur annuelauto.ca.","sameAs":["https:\/\/annuelauto.ca\/"],"url":"https:\/\/news.canadamotorjobs.com\/fr\/author\/benoit-charette\/"}]}},"_links":{"self":[{"href":"https:\/\/news.canadamotorjobs.com\/fr\/wp-json\/wp\/v2\/posts\/167328"}],"collection":[{"href":"https:\/\/news.canadamotorjobs.com\/fr\/wp-json\/wp\/v2\/posts"}],"about":[{"href":"https:\/\/news.canadamotorjobs.com\/fr\/wp-json\/wp\/v2\/types\/post"}],"author":[{"embeddable":true,"href":"https:\/\/news.canadamotorjobs.com\/fr\/wp-json\/wp\/v2\/users\/8"}],"replies":[{"embeddable":true,"href":"https:\/\/news.canadamotorjobs.com\/fr\/wp-json\/wp\/v2\/comments?post=167328"}],"version-history":[{"count":2,"href":"https:\/\/news.canadamotorjobs.com\/fr\/wp-json\/wp\/v2\/posts\/167328\/revisions"}],"predecessor-version":[{"id":167332,"href":"https:\/\/news.canadamotorjobs.com\/fr\/wp-json\/wp\/v2\/posts\/167328\/revisions\/167332"}],"wp:featuredmedia":[{"embeddable":true,"href":"https:\/\/news.canadamotorjobs.com\/fr\/wp-json\/wp\/v2\/media\/167330"}],"wp:attachment":[{"href":"https:\/\/news.canadamotorjobs.com\/fr\/wp-json\/wp\/v2\/media?parent=167328"}],"wp:term":[{"taxonomy":"category","embeddable":true,"href":"https:\/\/news.canadamotorjobs.com\/fr\/wp-json\/wp\/v2\/categories?post=167328"},{"taxonomy":"post_tag","embeddable":true,"href":"https:\/\/news.canadamotorjobs.com\/fr\/wp-json\/wp\/v2\/tags?post=167328"}],"curies":[{"name":"wp","href":"https:\/\/api.w.org\/{rel}","templated":true}]}}