{"id":167309,"date":"2024-06-18T06:39:11","date_gmt":"2024-06-18T10:39:11","guid":{"rendered":"https:\/\/news.canadamotorjobs.com\/?p=167309"},"modified":"2024-06-18T06:45:30","modified_gmt":"2024-06-18T10:45:30","slug":"la-fin-de-production-pour-la-volvo-s60","status":"publish","type":"post","link":"https:\/\/news.canadamotorjobs.com\/fr\/la-fin-de-production-pour-la-volvo-s60\/","title":{"rendered":"La fin de production pour la Volvo S60"},"content":{"rendered":"<\/p>\n<ul><\/p>\n<li>\n<h3>La Volvo S60 2024 ne sera plus produite aux \u00c9tats-Unis apr\u00e8s cinq ann\u00e9es de production.<\/h3>\n<p>\n<\/li>\n<p><\/p>\n<li>\n<h3>La production s&#8217;arr\u00eatera fin juin \u00e0 l&#8217;usine de Ridgeville, en Caroline du Sud.<\/h3>\n<p>\n<\/li>\n<p><\/p>\n<li>\n<h3>Volvo se concentre sur la production de SUV, suivant une tendance observ\u00e9e chez d&#8217;autres constructeurs.<\/h3>\n<p>\n<\/li>\n<p>\n<\/ul>\n<p>\nLe march\u00e9 nord-am\u00e9ricain va bient\u00f4t dire adieu \u00e0 une autre berline. Volvo Cars met fin \u00e0 la production de la berline S60 \u00e0 son usine de Ridgeville, en Caroline du Sud, \u00e0 la fin juin 2024, apr\u00e8s cinq ann\u00e9es de production sur ce site. La S60 continuera \u00e0 \u00eatre produite \u00e0 Daqing, en Chine, pour les march\u00e9s chinois et australien,&#8221; a d\u00e9clar\u00e9 un porte-parole de Volvo.<\/p>\n<h3>Une transition vers les VUS et les v\u00e9hicules \u00e9lectriques<\/h3>\n<p>\nCette annonce co\u00efncide avec le d\u00e9but de la production du Volvo EX90 2025 en Caroline du Sud, le premier v\u00e9hicule \u00e9lectrique de Volvo fabriqu\u00e9 aux \u00c9tats-Unis. Ce mod\u00e8le sera produit aux c\u00f4t\u00e9s du Polestar 3, qui partage beaucoup de pi\u00e8ces. L&#8217;ajout de ce VUS \u00e0 trois rang\u00e9es \u00e0 la gamme \u00e9lectrique de Volvo est une \u00e9tape importante pour la marque, mais cela se fait au d\u00e9triment de la S60, actuellement le deuxi\u00e8me mod\u00e8le le moins cher de la marque aux \u00c9tats-Unis.<\/p>\n<h3>La disparition des berlines<\/h3>\n<p>\nLa disparition de la S60 n&#8217;est pas une surprise, car ce mod\u00e8le n&#8217;\u00e9tait pas le plus vendu Comme partout ailleurs, les VUS sont clairement des mod\u00e8les plus importants pour la marque. M\u00eame en Europe, o\u00f9 les ventes de berlines et de familiales sont plus solides, Volvo a eu du mal \u00e0 maintenir ces mod\u00e8les en vie. Le march\u00e9 britannique n&#8217;offre d\u00e9sormais plus que des multisegments, les V60, V90 et S60 ayant tous \u00e9t\u00e9 retir\u00e9s du march\u00e9 l&#8217;ann\u00e9e derni\u00e8re. Nous nous attendions \u00e0 une strat\u00e9gie similaire en Am\u00e9rique du Nord, et nous ne serions pas surpris de voir les mod\u00e8les S90, V90 et V60 suivre le m\u00eame chemin.<\/p>\n<p>Avec des renseignements de Carbuzz<\/p>\n<p>Le texte <a rel=\"nofollow\" href=\"https:\/\/annuelauto.ca\/la-fin-de-production-pour-la-volvo-s60\/\">La fin de production pour la Volvo S60<\/a> provient de <a rel=\"nofollow\" href=\"https:\/\/annuelauto.ca\">L&#8217;annuel de l&#8217;automobile &#8211; Actualit\u00e9 automobile<\/a><\/p>\n<p><\/p>\n","protected":false},"excerpt":{"rendered":"<p>La Volvo S60 2024 ne sera plus produite aux \u00c9tats-Unis apr\u00e8s cinq ann\u00e9es de production. La production s&#8217;arr\u00eatera fin juin \u00e0 l&#8217;usine de Ridgeville, en Caroline du Sud. Volvo se concentre sur la production de SUV, suivant une tendance observ\u00e9e chez d&#8217;autres constructeurs. Le march\u00e9 nord-am\u00e9ricain va bient\u00f4t dire adieu \u00e0 une autre berline. Volvo [&hellip;]<\/p>\n","protected":false},"author":8,"featured_media":167311,"comment_status":"close","ping_status":"closed","sticky":false,"template":"","format":"standard","meta":{"_monsterinsights_skip_tracking":false,"_monsterinsights_sitenote_active":false,"_monsterinsights_sitenote_note":"","_monsterinsights_sitenote_category":0,"footnotes":""},"categories":[101],"tags":[],"yoast_head":"<!-- This site is optimized with the Yoast SEO plugin v23.2 - https:\/\/yoast.com\/wordpress\/plugins\/seo\/ -->\n<title>La fin de production pour la Volvo S60 - CanadaMotorJobs.com<\/title>\n<meta name=\"description\" content=\"La fin de production pour la Volvo S60 - Benoit Charette - Annuel automobile - CanadaMotorJobs.com.\" \/>\n<meta name=\"robots\" content=\"index, follow, max-snippet:-1, max-image-preview:large, max-video-preview:-1\" \/>\n<meta property=\"og:locale\" content=\"fr_CA\" \/>\n<meta property=\"og:type\" content=\"article\" \/>\n<meta property=\"og:title\" content=\"La fin de production pour la Volvo S60 - CanadaMotorJobs.com\" \/>\n<meta property=\"og:description\" content=\"La fin de production pour la Volvo S60 - Benoit Charette - Annuel automobile - CanadaMotorJobs.com.\" \/>\n<meta property=\"og:url\" content=\"https:\/\/news.canadamotorjobs.com\/fr\/la-fin-de-production-pour-la-volvo-s60\/\" \/>\n<meta property=\"og:site_name\" content=\"CanadaMotorJobs.com\" \/>\n<meta property=\"article:publisher\" content=\"https:\/\/www.facebook.com\/canadamotorjobs\/\" \/>\n<meta property=\"article:published_time\" content=\"2024-06-18T10:39:11+00:00\" \/>\n<meta property=\"article:modified_time\" content=\"2024-06-18T10:45:30+00:00\" \/>\n<meta property=\"og:image\" content=\"https:\/\/news.canadamotorjobs.com\/wp-content\/uploads\/2024\/06\/294038-s60-recharge-t8-thunder-grey-1647010628.jpg\" \/>\n\t<meta property=\"og:image:width\" content=\"980\" \/>\n\t<meta property=\"og:image:height\" content=\"599\" \/>\n\t<meta property=\"og:image:type\" content=\"image\/jpeg\" \/>\n<meta name=\"author\" content=\"Benoit Charette\" \/>\n<meta name=\"twitter:card\" content=\"summary_large_image\" \/>\n<meta name=\"twitter:creator\" content=\"@canadamotorjobs\" \/>\n<meta name=\"twitter:site\" content=\"@canadamotorjobs\" \/>\n<meta name=\"twitter:label1\" content=\"\u00c9crit par\" \/>\n\t<meta name=\"twitter:data1\" content=\"Benoit Charette\" \/>\n\t<meta name=\"twitter:label2\" content=\"Estimation du temps de lecture\" \/>\n\t<meta name=\"twitter:data2\" content=\"2 minutes\" \/>\n<!-- \/ Yoast SEO plugin. -->","yoast_head_json":{"title":"La fin de production pour la Volvo S60 - CanadaMotorJobs.com","description":"La fin de production pour la Volvo S60 - Benoit Charette - Annuel automobile - CanadaMotorJobs.com.","robots":{"index":"index","follow":"follow","max-snippet":"max-snippet:-1","max-image-preview":"max-image-preview:large","max-video-preview":"max-video-preview:-1"},"og_locale":"fr_CA","og_type":"article","og_title":"La fin de production pour la Volvo S60 - CanadaMotorJobs.com","og_description":"La fin de production pour la Volvo S60 - Benoit Charette - Annuel automobile - CanadaMotorJobs.com.","og_url":"https:\/\/news.canadamotorjobs.com\/fr\/la-fin-de-production-pour-la-volvo-s60\/","og_site_name":"CanadaMotorJobs.com","article_publisher":"https:\/\/www.facebook.com\/canadamotorjobs\/","article_published_time":"2024-06-18T10:39:11+00:00","article_modified_time":"2024-06-18T10:45:30+00:00","og_image":[{"width":980,"height":599,"url":"https:\/\/news.canadamotorjobs.com\/wp-content\/uploads\/2024\/06\/294038-s60-recharge-t8-thunder-grey-1647010628.jpg","type":"image\/jpeg"}],"author":"Benoit Charette","twitter_card":"summary_large_image","twitter_creator":"@canadamotorjobs","twitter_site":"@canadamotorjobs","twitter_misc":{"\u00c9crit par":"Benoit Charette","Estimation du temps de lecture":"2 minutes"},"schema":{"@context":"https:\/\/schema.org","@graph":[{"@type":"Article","@id":"https:\/\/news.canadamotorjobs.com\/fr\/la-fin-de-production-pour-la-volvo-s60\/#article","isPartOf":{"@id":"https:\/\/news.canadamotorjobs.com\/fr\/la-fin-de-production-pour-la-volvo-s60\/"},"author":{"name":"Benoit Charette","@id":"https:\/\/news.canadamotorjobs.com\/#\/schema\/person\/51793d1f87d44011d7bcc2ed99269a90"},"headline":"La fin de production pour la Volvo S60","datePublished":"2024-06-18T10:39:11+00:00","dateModified":"2024-06-18T10:45:30+00:00","mainEntityOfPage":{"@id":"https:\/\/news.canadamotorjobs.com\/fr\/la-fin-de-production-pour-la-volvo-s60\/"},"wordCount":369,"publisher":{"@id":"https:\/\/news.canadamotorjobs.com\/#organization"},"image":{"@id":"https:\/\/news.canadamotorjobs.com\/fr\/la-fin-de-production-pour-la-volvo-s60\/#primaryimage"},"thumbnailUrl":"https:\/\/news.canadamotorjobs.com\/wp-content\/uploads\/2024\/06\/294038-s60-recharge-t8-thunder-grey-1647010628.jpg","articleSection":["Annuel automobile"],"inLanguage":"fr-CA"},{"@type":"WebPage","@id":"https:\/\/news.canadamotorjobs.com\/fr\/la-fin-de-production-pour-la-volvo-s60\/","url":"https:\/\/news.canadamotorjobs.com\/fr\/la-fin-de-production-pour-la-volvo-s60\/","name":"La fin de production pour la Volvo S60 - CanadaMotorJobs.com","isPartOf":{"@id":"https:\/\/news.canadamotorjobs.com\/#website"},"primaryImageOfPage":{"@id":"https:\/\/news.canadamotorjobs.com\/fr\/la-fin-de-production-pour-la-volvo-s60\/#primaryimage"},"image":{"@id":"https:\/\/news.canadamotorjobs.com\/fr\/la-fin-de-production-pour-la-volvo-s60\/#primaryimage"},"thumbnailUrl":"https:\/\/news.canadamotorjobs.com\/wp-content\/uploads\/2024\/06\/294038-s60-recharge-t8-thunder-grey-1647010628.jpg","datePublished":"2024-06-18T10:39:11+00:00","dateModified":"2024-06-18T10:45:30+00:00","description":"La fin de production pour la Volvo S60 - Benoit Charette - Annuel automobile - CanadaMotorJobs.com.","breadcrumb":{"@id":"https:\/\/news.canadamotorjobs.com\/fr\/la-fin-de-production-pour-la-volvo-s60\/#breadcrumb"},"inLanguage":"fr-CA","potentialAction":[{"@type":"ReadAction","target":["https:\/\/news.canadamotorjobs.com\/fr\/la-fin-de-production-pour-la-volvo-s60\/"]}]},{"@type":"ImageObject","inLanguage":"fr-CA","@id":"https:\/\/news.canadamotorjobs.com\/fr\/la-fin-de-production-pour-la-volvo-s60\/#primaryimage","url":"https:\/\/news.canadamotorjobs.com\/wp-content\/uploads\/2024\/06\/294038-s60-recharge-t8-thunder-grey-1647010628.jpg","contentUrl":"https:\/\/news.canadamotorjobs.com\/wp-content\/uploads\/2024\/06\/294038-s60-recharge-t8-thunder-grey-1647010628.jpg","width":980,"height":599},{"@type":"BreadcrumbList","@id":"https:\/\/news.canadamotorjobs.com\/fr\/la-fin-de-production-pour-la-volvo-s60\/#breadcrumb","itemListElement":[{"@type":"ListItem","position":1,"name":"Home","item":"https:\/\/news.canadamotorjobs.com\/fr\/blog\/"},{"@type":"ListItem","position":2,"name":"La fin de production pour la Volvo S60"}]},{"@type":"WebSite","@id":"https:\/\/news.canadamotorjobs.com\/#website","url":"https:\/\/news.canadamotorjobs.com\/","name":"CanadaMotorJobs.com","description":"Automotive Jobs","publisher":{"@id":"https:\/\/news.canadamotorjobs.com\/#organization"},"potentialAction":[{"@type":"SearchAction","target":{"@type":"EntryPoint","urlTemplate":"https:\/\/news.canadamotorjobs.com\/?s={search_term_string}"},"query-input":"required name=search_term_string"}],"inLanguage":"fr-CA"},{"@type":"Organization","@id":"https:\/\/news.canadamotorjobs.com\/#organization","name":"Canada Motor Jobs","url":"https:\/\/news.canadamotorjobs.com\/","logo":{"@type":"ImageObject","inLanguage":"fr-CA","@id":"https:\/\/news.canadamotorjobs.com\/#\/schema\/logo\/image\/","url":"https:\/\/news.canadamotorjobs.com\/wp-content\/uploads\/2022\/10\/logo-canada-motor-jobs-1.png","contentUrl":"https:\/\/news.canadamotorjobs.com\/wp-content\/uploads\/2022\/10\/logo-canada-motor-jobs-1.png","width":800,"height":400,"caption":"Canada Motor Jobs"},"image":{"@id":"https:\/\/news.canadamotorjobs.com\/#\/schema\/logo\/image\/"},"sameAs":["https:\/\/www.facebook.com\/canadamotorjobs\/","https:\/\/x.com\/canadamotorjobs","https:\/\/www.instagram.com\/canadamotorjobs\/","https:\/\/www.linkedin.com\/company\/canadamotorjobs"]},{"@type":"Person","@id":"https:\/\/news.canadamotorjobs.com\/#\/schema\/person\/51793d1f87d44011d7bcc2ed99269a90","name":"Benoit Charette","image":{"@type":"ImageObject","inLanguage":"fr-CA","@id":"https:\/\/news.canadamotorjobs.com\/#\/schema\/person\/image\/","url":"https:\/\/secure.gravatar.com\/avatar\/45f3d2eebcccd909668d7ce7ea7267b6?s=96&d=mm&r=g","contentUrl":"https:\/\/secure.gravatar.com\/avatar\/45f3d2eebcccd909668d7ce7ea7267b6?s=96&d=mm&r=g","caption":"Benoit Charette"},"description":"Benoit Charette \/ Propri\u00e9taire et r\u00e9dacteur en chef Benoit Charette pratique le journalisme automobile depuis bient\u00f4t 30 ans. Il a fait ses classes au c\u00f4t\u00e9 de Daniel H\u00e9raud et au Carnet de route de 1992 \u00e0 2001. Il est fondateur, copropri\u00e9taire et r\u00e9dacteur en chef de L\u2019Annuel de l\u2019automobile, qu\u2019il publie depuis 2001. Il a anim\u00e9 les \u00e9missions RPM et RPM+ sur V et les L\u00e9gendes de la route sur Historia. \u00c0 la radio depuis 1986, il reprend l\u2019antenne cette ann\u00e9e sur les ondes de Cogeco et participe pour la deuxi\u00e8me ann\u00e9e \u00e0 l\u2019\u00e9mission Passion Auto sur RDS en plus de mettre en ligne le site Web officiel de L\u2019Annuel de l\u2019automobile sur annuelauto.ca.","sameAs":["https:\/\/annuelauto.ca\/"],"url":"https:\/\/news.canadamotorjobs.com\/fr\/author\/benoit-charette\/"}]}},"_links":{"self":[{"href":"https:\/\/news.canadamotorjobs.com\/fr\/wp-json\/wp\/v2\/posts\/167309"}],"collection":[{"href":"https:\/\/news.canadamotorjobs.com\/fr\/wp-json\/wp\/v2\/posts"}],"about":[{"href":"https:\/\/news.canadamotorjobs.com\/fr\/wp-json\/wp\/v2\/types\/post"}],"author":[{"embeddable":true,"href":"https:\/\/news.canadamotorjobs.com\/fr\/wp-json\/wp\/v2\/users\/8"}],"replies":[{"embeddable":true,"href":"https:\/\/news.canadamotorjobs.com\/fr\/wp-json\/wp\/v2\/comments?post=167309"}],"version-history":[{"count":2,"href":"https:\/\/news.canadamotorjobs.com\/fr\/wp-json\/wp\/v2\/posts\/167309\/revisions"}],"predecessor-version":[{"id":167313,"href":"https:\/\/news.canadamotorjobs.com\/fr\/wp-json\/wp\/v2\/posts\/167309\/revisions\/167313"}],"wp:featuredmedia":[{"embeddable":true,"href":"https:\/\/news.canadamotorjobs.com\/fr\/wp-json\/wp\/v2\/media\/167311"}],"wp:attachment":[{"href":"https:\/\/news.canadamotorjobs.com\/fr\/wp-json\/wp\/v2\/media?parent=167309"}],"wp:term":[{"taxonomy":"category","embeddable":true,"href":"https:\/\/news.canadamotorjobs.com\/fr\/wp-json\/wp\/v2\/categories?post=167309"},{"taxonomy":"post_tag","embeddable":true,"href":"https:\/\/news.canadamotorjobs.com\/fr\/wp-json\/wp\/v2\/tags?post=167309"}],"curies":[{"name":"wp","href":"https:\/\/api.w.org\/{rel}","templated":true}]}}