{"id":167290,"date":"2024-06-18T06:20:35","date_gmt":"2024-06-18T10:20:35","guid":{"rendered":"https:\/\/news.canadamotorjobs.com\/?p=167290"},"modified":"2024-06-18T06:30:23","modified_gmt":"2024-06-18T10:30:23","slug":"fisker-depose-une-demande-de-protection-contre-les-creanciers-aux-etats-unis","status":"publish","type":"post","link":"https:\/\/news.canadamotorjobs.com\/fr\/fisker-depose-une-demande-de-protection-contre-les-creanciers-aux-etats-unis\/","title":{"rendered":"Fisker d\u00e9pose une demande de protection contre les cr\u00e9anciers aux \u00c9tats-Unis"},"content":{"rendered":"<\/p>\n<p>Le constructeur de v\u00e9hicules \u00e9lectriques Fisker a d\u00e9pos\u00e9 une demande de protection contre les cr\u00e9anciers en vertu du Chapitre 11 de la loi am\u00e9ricaine sur les faillites le 17 juin. Cette d\u00e9cision intervient apr\u00e8s des mois de difficult\u00e9s financi\u00e8res et de qualit\u00e9 avec son crossover Ocean, ainsi qu&#8217;une tentative infructueuse de partenariat avec un grand constructeur automobile.<\/p>\n<h3>Des pertes importantes et des tentatives de partenariat infructueuses<\/h3>\n<p>\nFisker a \u00e9t\u00e9 confront\u00e9 \u00e0 divers obstacles sur le march\u00e9 des v\u00e9hicules \u00e9lectriques, notamment des probl\u00e8mes de distribution et de qualit\u00e9 pour son mod\u00e8le Ocean. La soci\u00e9t\u00e9 a tent\u00e9 sans succ\u00e8s de former un partenariat avec un grand constructeur automobile, ce qui a entra\u00een\u00e9 des pertes de plusieurs centaines de millions de dollars. \u00ab Comme d&#8217;autres entreprises du secteur des v\u00e9hicules \u00e9lectriques, nous avons fait face \u00e0 divers vents contraires sur le march\u00e9 et des d\u00e9fis macro\u00e9conomiques qui ont affect\u00e9 notre capacit\u00e9 \u00e0 op\u00e9rer efficacement \u00bb, a d\u00e9clar\u00e9 Fisker dans un communiqu\u00e9. \u00ab Apr\u00e8s avoir \u00e9valu\u00e9 toutes les options pour notre entreprise, nous avons d\u00e9cid\u00e9 que la vente de nos actifs sous le Chapitre 11 \u00e9tait la voie la plus viable pour l&#8217;avenir de l&#8217;entreprise. \u00bb<\/p>\n<h3>Actifs et passifs estim\u00e9s<\/h3>\n<p>\nFisker Group Inc., la filiale op\u00e9rationnelle de Fisker Inc., a estim\u00e9 ses actifs entre 500 millions et 1 milliard de dollars et ses passifs entre 100 millions et 500 millions de dollars. La soci\u00e9t\u00e9 a d\u00e9pos\u00e9 une requ\u00eate en vertu du Chapitre 11 devant le tribunal des faillites des \u00c9tats-Unis \u00e0 Wilmington, dans le Delaware, apr\u00e8s avoir demand\u00e9 une protection similaire en Autriche en mai.<\/p>\n<h3>Op\u00e9rations r\u00e9duites et continuation des activit\u00e9s<\/h3>\n<p>\nSelon le site web de la soci\u00e9t\u00e9, Fisker compte une douzaine de concessionnaires franchis\u00e9s aux \u00c9tats-Unis. L&#8217;entreprise a annonc\u00e9 qu&#8217;elle prendra les mesures habituelles aupr\u00e8s du tribunal des faillites pour garantir la poursuite de ses op\u00e9rations r\u00e9duites, y compris le paiement des salaires de ses employ\u00e9s, la pr\u00e9servation de certains programmes clients et la r\u00e9mun\u00e9ration de certains fournisseurs. Fisker a \u00e9galement indiqu\u00e9 que sa suspension ant\u00e9rieure de la production resterait en vigueur.<\/p>\n<h3>Une fiert\u00e9 malgr\u00e9 tout<\/h3>\n<p>\nMalgr\u00e9 les difficult\u00e9s, Fisker a exprim\u00e9 sa fiert\u00e9 pour ses r\u00e9alisations. \u00ab Fisker a r\u00e9alis\u00e9 des progr\u00e8s incroyables depuis notre fondation, en mettant sur le march\u00e9 le SUV Ocean deux fois plus rapidement que pr\u00e9vu dans l&#8217;industrie automobile et en tenant notre promesse de livrer le v\u00e9hicule le plus durable au monde \u00bb, a d\u00e9clar\u00e9 la soci\u00e9t\u00e9.<\/p>\n<h3>Des avertissements financiers d\u00e8s f\u00e9vrier<\/h3>\n<p>\nEn f\u00e9vrier, Fisker avait d\u00e9j\u00e0 averti d&#8217;un doute substantiel quant \u00e0 sa capacit\u00e9 \u00e0 poursuivre ses activit\u00e9s, apr\u00e8s avoir enregistr\u00e9 une perte nette de 463 millions de dollars au quatri\u00e8me trimestre et annonc\u00e9 des licenciements. Le PDG Henrik Fisker avait \u00e9galement mentionn\u00e9 des n\u00e9gociations en cours avec un grand constructeur automobile pour un partenariat strat\u00e9gique, mais ces discussions ont \u00e9chou\u00e9 en mars. Des rapports ont sugg\u00e9r\u00e9 que ce constructeur \u00e9tait Nissan, bien que Fisker et Nissan n&#8217;aient pas comment\u00e9.<\/p>\n<h3>Chutes de prix et probl\u00e8mes de production<\/h3>\n<p>\nEn mars, Fisker a r\u00e9duit le prix de son mod\u00e8le Ocean, baissant le prix de la version haut de gamme de 24 000 dollars, pour atteindre 37 499 dollars hors frais de livraison. Toutefois, les difficult\u00e9s de production et de distribution ont persist\u00e9, avec seulement 2 561 enregistrements de v\u00e9hicules aux \u00c9tats-Unis entre janvier et avril 2023, et une production totale de plus de 10 000 v\u00e9hicules, mais seulement environ 4 700 livraisons.<\/p>\n<h3>Probl\u00e8mes de logiciels et enqu\u00eates de s\u00e9curit\u00e9<\/h3>\n<p>\nL&#8217;Ocean a \u00e9t\u00e9 vendu avec des logiciels incomplets, et l&#8217;entreprise a eu des difficult\u00e9s \u00e0 d\u00e9ployer des mises \u00e0 jour, ce qui a conduit \u00e0 des enqu\u00eates pr\u00e9liminaires de la NHTSA pour des probl\u00e8mes de s\u00e9curit\u00e9 pr\u00e9sum\u00e9s, y compris des pr\u00e9occupations concernant les freins et les loquets de porte.<\/p>\n<h3>Un avenir incertain et des pertes financi\u00e8res<\/h3>\n<p>\nLes pertes financi\u00e8res et les probl\u00e8mes de livraison ont culmin\u00e9 en f\u00e9vrier avec un avertissement de Fisker concernant sa capacit\u00e9 \u00e0 poursuivre ses activit\u00e9s. La soci\u00e9t\u00e9 avait engag\u00e9 un conseiller financier et un cabinet d&#8217;avocats pour pr\u00e9parer une \u00e9ventuelle d\u00e9claration de faillite. En juin, la valeur des actions de Fisker avait chut\u00e9 de 99 % par rapport \u00e0 l&#8217;ann\u00e9e pr\u00e9c\u00e9dente et les actions avaient \u00e9t\u00e9 retir\u00e9es de la Bourse de New York en mars pour non-respect du seuil de prix minimum. Avec ses d\u00e9fis actuels, l&#8217;avenir de Fisker reste incertain alors qu&#8217;il tente de restructurer ses op\u00e9rations et de se relever de cette crise financi\u00e8re.<\/p>\n<p>Avec des renseignements d&#8217;Auotomotive News<\/p>\n<p>Le texte <a rel=\"nofollow\" href=\"https:\/\/annuelauto.ca\/fisker-depose-une-demande-de-protection-contre-les-creanciers-aux-etats-unis\/\">Fisker d\u00e9pose une demande de protection contre les cr\u00e9anciers aux \u00c9tats-Unis<\/a> provient de <a rel=\"nofollow\" href=\"https:\/\/annuelauto.ca\">L&#8217;annuel de l&#8217;automobile &#8211; Actualit\u00e9 automobile<\/a><\/p>\n<p><\/p>\n","protected":false},"excerpt":{"rendered":"<p>Le constructeur de v\u00e9hicules \u00e9lectriques Fisker a d\u00e9pos\u00e9 une demande de protection contre les cr\u00e9anciers en vertu du Chapitre 11 de la loi am\u00e9ricaine sur les faillites le 17 juin. Cette d\u00e9cision intervient apr\u00e8s des mois de difficult\u00e9s financi\u00e8res et de qualit\u00e9 avec son crossover Ocean, ainsi qu&#8217;une tentative infructueuse de partenariat avec un grand [&hellip;]<\/p>\n","protected":false},"author":8,"featured_media":167292,"comment_status":"close","ping_status":"closed","sticky":false,"template":"","format":"standard","meta":{"_monsterinsights_skip_tracking":false,"_monsterinsights_sitenote_active":false,"_monsterinsights_sitenote_note":"","_monsterinsights_sitenote_category":0,"footnotes":""},"categories":[101],"tags":[],"yoast_head":"<!-- This site is optimized with the Yoast SEO plugin v23.2 - https:\/\/yoast.com\/wordpress\/plugins\/seo\/ -->\n<title>Fisker d\u00e9pose une demande de protection contre les cr\u00e9anciers aux \u00c9tats-Unis - CanadaMotorJobs.com<\/title>\n<meta name=\"description\" content=\"Fisker d\u00e9pose une demande de protection contre les cr\u00e9anciers aux \u00c9tats-Unis - Benoit Charette - Annuel automobile - CanadaMotorJobs.com.\" \/>\n<meta name=\"robots\" content=\"index, follow, max-snippet:-1, max-image-preview:large, max-video-preview:-1\" \/>\n<meta property=\"og:locale\" content=\"fr_CA\" \/>\n<meta property=\"og:type\" content=\"article\" \/>\n<meta property=\"og:title\" content=\"Fisker d\u00e9pose une demande de protection contre les cr\u00e9anciers aux \u00c9tats-Unis - CanadaMotorJobs.com\" \/>\n<meta property=\"og:description\" content=\"Fisker d\u00e9pose une demande de protection contre les cr\u00e9anciers aux \u00c9tats-Unis - Benoit Charette - Annuel automobile - CanadaMotorJobs.com.\" \/>\n<meta property=\"og:url\" content=\"https:\/\/news.canadamotorjobs.com\/fr\/fisker-depose-une-demande-de-protection-contre-les-creanciers-aux-etats-unis\/\" \/>\n<meta property=\"og:site_name\" content=\"CanadaMotorJobs.com\" \/>\n<meta property=\"article:publisher\" content=\"https:\/\/www.facebook.com\/canadamotorjobs\/\" \/>\n<meta property=\"article:published_time\" content=\"2024-06-18T10:20:35+00:00\" \/>\n<meta property=\"article:modified_time\" content=\"2024-06-18T10:30:23+00:00\" \/>\n<meta property=\"og:image\" content=\"https:\/\/news.canadamotorjobs.com\/wp-content\/uploads\/2024\/06\/Fisker-Ocean-orange-off-road-1024x711-1.jpg\" \/>\n\t<meta property=\"og:image:width\" content=\"1024\" \/>\n\t<meta property=\"og:image:height\" content=\"711\" \/>\n\t<meta property=\"og:image:type\" content=\"image\/jpeg\" \/>\n<meta name=\"author\" content=\"Benoit Charette\" \/>\n<meta name=\"twitter:card\" content=\"summary_large_image\" \/>\n<meta name=\"twitter:creator\" content=\"@canadamotorjobs\" \/>\n<meta name=\"twitter:site\" content=\"@canadamotorjobs\" \/>\n<meta name=\"twitter:label1\" content=\"\u00c9crit par\" \/>\n\t<meta name=\"twitter:data1\" content=\"Benoit Charette\" \/>\n\t<meta name=\"twitter:label2\" content=\"Estimation du temps de lecture\" \/>\n\t<meta name=\"twitter:data2\" content=\"4 minutes\" \/>\n<!-- \/ Yoast SEO plugin. -->","yoast_head_json":{"title":"Fisker d\u00e9pose une demande de protection contre les cr\u00e9anciers aux \u00c9tats-Unis - CanadaMotorJobs.com","description":"Fisker d\u00e9pose une demande de protection contre les cr\u00e9anciers aux \u00c9tats-Unis - Benoit Charette - Annuel automobile - CanadaMotorJobs.com.","robots":{"index":"index","follow":"follow","max-snippet":"max-snippet:-1","max-image-preview":"max-image-preview:large","max-video-preview":"max-video-preview:-1"},"og_locale":"fr_CA","og_type":"article","og_title":"Fisker d\u00e9pose une demande de protection contre les cr\u00e9anciers aux \u00c9tats-Unis - CanadaMotorJobs.com","og_description":"Fisker d\u00e9pose une demande de protection contre les cr\u00e9anciers aux \u00c9tats-Unis - Benoit Charette - Annuel automobile - CanadaMotorJobs.com.","og_url":"https:\/\/news.canadamotorjobs.com\/fr\/fisker-depose-une-demande-de-protection-contre-les-creanciers-aux-etats-unis\/","og_site_name":"CanadaMotorJobs.com","article_publisher":"https:\/\/www.facebook.com\/canadamotorjobs\/","article_published_time":"2024-06-18T10:20:35+00:00","article_modified_time":"2024-06-18T10:30:23+00:00","og_image":[{"width":1024,"height":711,"url":"https:\/\/news.canadamotorjobs.com\/wp-content\/uploads\/2024\/06\/Fisker-Ocean-orange-off-road-1024x711-1.jpg","type":"image\/jpeg"}],"author":"Benoit Charette","twitter_card":"summary_large_image","twitter_creator":"@canadamotorjobs","twitter_site":"@canadamotorjobs","twitter_misc":{"\u00c9crit par":"Benoit Charette","Estimation du temps de lecture":"4 minutes"},"schema":{"@context":"https:\/\/schema.org","@graph":[{"@type":"Article","@id":"https:\/\/news.canadamotorjobs.com\/fr\/fisker-depose-une-demande-de-protection-contre-les-creanciers-aux-etats-unis\/#article","isPartOf":{"@id":"https:\/\/news.canadamotorjobs.com\/fr\/fisker-depose-une-demande-de-protection-contre-les-creanciers-aux-etats-unis\/"},"author":{"name":"Benoit Charette","@id":"https:\/\/news.canadamotorjobs.com\/#\/schema\/person\/51793d1f87d44011d7bcc2ed99269a90"},"headline":"Fisker d\u00e9pose une demande de protection contre les cr\u00e9anciers aux \u00c9tats-Unis","datePublished":"2024-06-18T10:20:35+00:00","dateModified":"2024-06-18T10:30:23+00:00","mainEntityOfPage":{"@id":"https:\/\/news.canadamotorjobs.com\/fr\/fisker-depose-une-demande-de-protection-contre-les-creanciers-aux-etats-unis\/"},"wordCount":842,"publisher":{"@id":"https:\/\/news.canadamotorjobs.com\/#organization"},"image":{"@id":"https:\/\/news.canadamotorjobs.com\/fr\/fisker-depose-une-demande-de-protection-contre-les-creanciers-aux-etats-unis\/#primaryimage"},"thumbnailUrl":"https:\/\/news.canadamotorjobs.com\/wp-content\/uploads\/2024\/06\/Fisker-Ocean-orange-off-road-1024x711-1.jpg","articleSection":["Annuel automobile"],"inLanguage":"fr-CA"},{"@type":"WebPage","@id":"https:\/\/news.canadamotorjobs.com\/fr\/fisker-depose-une-demande-de-protection-contre-les-creanciers-aux-etats-unis\/","url":"https:\/\/news.canadamotorjobs.com\/fr\/fisker-depose-une-demande-de-protection-contre-les-creanciers-aux-etats-unis\/","name":"Fisker d\u00e9pose une demande de protection contre les cr\u00e9anciers aux \u00c9tats-Unis - CanadaMotorJobs.com","isPartOf":{"@id":"https:\/\/news.canadamotorjobs.com\/#website"},"primaryImageOfPage":{"@id":"https:\/\/news.canadamotorjobs.com\/fr\/fisker-depose-une-demande-de-protection-contre-les-creanciers-aux-etats-unis\/#primaryimage"},"image":{"@id":"https:\/\/news.canadamotorjobs.com\/fr\/fisker-depose-une-demande-de-protection-contre-les-creanciers-aux-etats-unis\/#primaryimage"},"thumbnailUrl":"https:\/\/news.canadamotorjobs.com\/wp-content\/uploads\/2024\/06\/Fisker-Ocean-orange-off-road-1024x711-1.jpg","datePublished":"2024-06-18T10:20:35+00:00","dateModified":"2024-06-18T10:30:23+00:00","description":"Fisker d\u00e9pose une demande de protection contre les cr\u00e9anciers aux \u00c9tats-Unis - Benoit Charette - Annuel automobile - CanadaMotorJobs.com.","breadcrumb":{"@id":"https:\/\/news.canadamotorjobs.com\/fr\/fisker-depose-une-demande-de-protection-contre-les-creanciers-aux-etats-unis\/#breadcrumb"},"inLanguage":"fr-CA","potentialAction":[{"@type":"ReadAction","target":["https:\/\/news.canadamotorjobs.com\/fr\/fisker-depose-une-demande-de-protection-contre-les-creanciers-aux-etats-unis\/"]}]},{"@type":"ImageObject","inLanguage":"fr-CA","@id":"https:\/\/news.canadamotorjobs.com\/fr\/fisker-depose-une-demande-de-protection-contre-les-creanciers-aux-etats-unis\/#primaryimage","url":"https:\/\/news.canadamotorjobs.com\/wp-content\/uploads\/2024\/06\/Fisker-Ocean-orange-off-road-1024x711-1.jpg","contentUrl":"https:\/\/news.canadamotorjobs.com\/wp-content\/uploads\/2024\/06\/Fisker-Ocean-orange-off-road-1024x711-1.jpg","width":1024,"height":711},{"@type":"BreadcrumbList","@id":"https:\/\/news.canadamotorjobs.com\/fr\/fisker-depose-une-demande-de-protection-contre-les-creanciers-aux-etats-unis\/#breadcrumb","itemListElement":[{"@type":"ListItem","position":1,"name":"Home","item":"https:\/\/news.canadamotorjobs.com\/fr\/blog\/"},{"@type":"ListItem","position":2,"name":"Fisker d\u00e9pose une demande de protection contre les cr\u00e9anciers aux \u00c9tats-Unis"}]},{"@type":"WebSite","@id":"https:\/\/news.canadamotorjobs.com\/#website","url":"https:\/\/news.canadamotorjobs.com\/","name":"CanadaMotorJobs.com","description":"Automotive Jobs","publisher":{"@id":"https:\/\/news.canadamotorjobs.com\/#organization"},"potentialAction":[{"@type":"SearchAction","target":{"@type":"EntryPoint","urlTemplate":"https:\/\/news.canadamotorjobs.com\/?s={search_term_string}"},"query-input":"required name=search_term_string"}],"inLanguage":"fr-CA"},{"@type":"Organization","@id":"https:\/\/news.canadamotorjobs.com\/#organization","name":"Canada Motor Jobs","url":"https:\/\/news.canadamotorjobs.com\/","logo":{"@type":"ImageObject","inLanguage":"fr-CA","@id":"https:\/\/news.canadamotorjobs.com\/#\/schema\/logo\/image\/","url":"https:\/\/news.canadamotorjobs.com\/wp-content\/uploads\/2022\/10\/logo-canada-motor-jobs-1.png","contentUrl":"https:\/\/news.canadamotorjobs.com\/wp-content\/uploads\/2022\/10\/logo-canada-motor-jobs-1.png","width":800,"height":400,"caption":"Canada Motor Jobs"},"image":{"@id":"https:\/\/news.canadamotorjobs.com\/#\/schema\/logo\/image\/"},"sameAs":["https:\/\/www.facebook.com\/canadamotorjobs\/","https:\/\/x.com\/canadamotorjobs","https:\/\/www.instagram.com\/canadamotorjobs\/","https:\/\/www.linkedin.com\/company\/canadamotorjobs"]},{"@type":"Person","@id":"https:\/\/news.canadamotorjobs.com\/#\/schema\/person\/51793d1f87d44011d7bcc2ed99269a90","name":"Benoit Charette","image":{"@type":"ImageObject","inLanguage":"fr-CA","@id":"https:\/\/news.canadamotorjobs.com\/#\/schema\/person\/image\/","url":"https:\/\/secure.gravatar.com\/avatar\/45f3d2eebcccd909668d7ce7ea7267b6?s=96&d=mm&r=g","contentUrl":"https:\/\/secure.gravatar.com\/avatar\/45f3d2eebcccd909668d7ce7ea7267b6?s=96&d=mm&r=g","caption":"Benoit Charette"},"description":"Benoit Charette \/ Propri\u00e9taire et r\u00e9dacteur en chef Benoit Charette pratique le journalisme automobile depuis bient\u00f4t 30 ans. Il a fait ses classes au c\u00f4t\u00e9 de Daniel H\u00e9raud et au Carnet de route de 1992 \u00e0 2001. Il est fondateur, copropri\u00e9taire et r\u00e9dacteur en chef de L\u2019Annuel de l\u2019automobile, qu\u2019il publie depuis 2001. Il a anim\u00e9 les \u00e9missions RPM et RPM+ sur V et les L\u00e9gendes de la route sur Historia. \u00c0 la radio depuis 1986, il reprend l\u2019antenne cette ann\u00e9e sur les ondes de Cogeco et participe pour la deuxi\u00e8me ann\u00e9e \u00e0 l\u2019\u00e9mission Passion Auto sur RDS en plus de mettre en ligne le site Web officiel de L\u2019Annuel de l\u2019automobile sur annuelauto.ca.","sameAs":["https:\/\/annuelauto.ca\/"],"url":"https:\/\/news.canadamotorjobs.com\/fr\/author\/benoit-charette\/"}]}},"_links":{"self":[{"href":"https:\/\/news.canadamotorjobs.com\/fr\/wp-json\/wp\/v2\/posts\/167290"}],"collection":[{"href":"https:\/\/news.canadamotorjobs.com\/fr\/wp-json\/wp\/v2\/posts"}],"about":[{"href":"https:\/\/news.canadamotorjobs.com\/fr\/wp-json\/wp\/v2\/types\/post"}],"author":[{"embeddable":true,"href":"https:\/\/news.canadamotorjobs.com\/fr\/wp-json\/wp\/v2\/users\/8"}],"replies":[{"embeddable":true,"href":"https:\/\/news.canadamotorjobs.com\/fr\/wp-json\/wp\/v2\/comments?post=167290"}],"version-history":[{"count":2,"href":"https:\/\/news.canadamotorjobs.com\/fr\/wp-json\/wp\/v2\/posts\/167290\/revisions"}],"predecessor-version":[{"id":167294,"href":"https:\/\/news.canadamotorjobs.com\/fr\/wp-json\/wp\/v2\/posts\/167290\/revisions\/167294"}],"wp:featuredmedia":[{"embeddable":true,"href":"https:\/\/news.canadamotorjobs.com\/fr\/wp-json\/wp\/v2\/media\/167292"}],"wp:attachment":[{"href":"https:\/\/news.canadamotorjobs.com\/fr\/wp-json\/wp\/v2\/media?parent=167290"}],"wp:term":[{"taxonomy":"category","embeddable":true,"href":"https:\/\/news.canadamotorjobs.com\/fr\/wp-json\/wp\/v2\/categories?post=167290"},{"taxonomy":"post_tag","embeddable":true,"href":"https:\/\/news.canadamotorjobs.com\/fr\/wp-json\/wp\/v2\/tags?post=167290"}],"curies":[{"name":"wp","href":"https:\/\/api.w.org\/{rel}","templated":true}]}}