{"id":167225,"date":"2024-06-16T15:33:01","date_gmt":"2024-06-16T19:33:01","guid":{"rendered":"https:\/\/news.canadamotorjobs.com\/?p=167225"},"modified":"2024-06-18T12:05:59","modified_gmt":"2024-06-18T16:05:59","slug":"les-concessionnaires-jaguar-land-rover-au-canada-veulent-poursuivre-le-constructeur","status":"publish","type":"post","link":"https:\/\/news.canadamotorjobs.com\/fr\/les-concessionnaires-jaguar-land-rover-au-canada-veulent-poursuivre-le-constructeur\/","title":{"rendered":"Les concessionnaires Jaguar \/ Land Rover au Canada veulent poursuivre le constructeur"},"content":{"rendered":"<\/p>\n<h2>Un changement radical vers les v\u00e9hicules \u00e9lectriques haut de gamme<\/h2>\n<p>Jaguar pr\u00e9voit un virage vers la vente de v\u00e9hicules \u00e9lectriques haut de gamme directement aux consommateurs en ligne. Ce changement pousse le constructeur \u00e0 exiger que les concessionnaires abandonnent leurs franchises, en \u00e9change de ce que ces derniers consid\u00e8rent comme une compensation inad\u00e9quate.<\/p>\n<h2>R\u00e9duction drastique du nombre de concessions et des ventes annuelles<\/h2>\n<p>Les concessionnaires JLR au Canada se pr\u00e9parent \u00e0 lancer une poursuite conjointe contre l&#8217;unit\u00e9 canadienne du constructeur. Selon des sources de l&#8217;industrie et des concessionnaires, l\u2019entreprise souhaite r\u00e9duire le nombre de concessions Jaguar, passer \u00e0 un mod\u00e8le de vente en ligne et limiter les ventes annuelles \u00e0 700 v\u00e9hicules, contre 8 000 auparavant, dans le cadre de sa nouvelle strat\u00e9gie de v\u00e9hicules \u00e9lectriques.<\/p>\n<h2>Des discussions infructueuses avec JLR Canada<\/h2>\n<p>Les concessionnaires n\u00e9gocient pour r\u00e9soudre ce diff\u00e9rend depuis plus de deux ans, mais les avanc\u00e9es sont limit\u00e9es. \u00ab Nous sommes assis sur une poudri\u00e8re en ce moment &#8230; et la m\u00e8che est allum\u00e9e \u00bb, a d\u00e9clar\u00e9 un concessionnaire sous couvert d&#8217;anonymat. Une source de l&#8217;industrie, au courant de la situation, a ajout\u00e9 que JLR Canada ne prend pas en compte les pr\u00e9occupations des concessionnaires.<\/p>\n<h2>Menace d&#8217;une action en justice imminente<\/h2>\n<p>Si aucune r\u00e9solution n&#8217;est trouv\u00e9e dans les prochaines semaines, une action en justice sera lanc\u00e9e, ont affirm\u00e9 deux concessionnaires. La situation s&#8217;intensifie alors que le constructeur n\u2019a pas encore montr\u00e9 d&#8217;engagement ferme pour trouver une solution.<\/p>\n<p>Avec les renseignements d\u2019Automotive News Canada<\/p>\n<p>Le texte <a rel=\"nofollow\" href=\"https:\/\/annuelauto.ca\/les-concessionnaires-jaguar-land-rover-au-canada-veulent-pour-suivre-le-constructeur\/\">Les concessionnaires Jaguar \/ Land Rover au Canada veulent pour suivre le constructeur<\/a> provient de <a rel=\"nofollow\" href=\"https:\/\/annuelauto.ca\">L&#8217;annuel de l&#8217;automobile &#8211; Actualit\u00e9 automobile<\/a><\/p>\n","protected":false},"excerpt":{"rendered":"<p>Un changement radical vers les v\u00e9hicules \u00e9lectriques haut de gamme Jaguar pr\u00e9voit un virage vers la vente de v\u00e9hicules \u00e9lectriques haut de gamme directement aux consommateurs en ligne. Ce changement pousse le constructeur \u00e0 exiger que les concessionnaires abandonnent leurs franchises, en \u00e9change de ce que ces derniers consid\u00e8rent comme une compensation inad\u00e9quate. R\u00e9duction drastique [&hellip;]<\/p>\n","protected":false},"author":8,"featured_media":167227,"comment_status":"close","ping_status":"closed","sticky":false,"template":"","format":"standard","meta":{"_monsterinsights_skip_tracking":false,"_monsterinsights_sitenote_active":false,"_monsterinsights_sitenote_note":"","_monsterinsights_sitenote_category":0,"footnotes":""},"categories":[101],"tags":[],"yoast_head":"<!-- This site is optimized with the Yoast SEO plugin v23.2 - https:\/\/yoast.com\/wordpress\/plugins\/seo\/ -->\n<title>Les concessionnaires Jaguar \/ Land Rover au Canada veulent poursuivre le constructeur - CanadaMotorJobs.com<\/title>\n<meta name=\"description\" content=\"Les concessionnaires Jaguar \/ Land Rover au Canada veulent poursuivre le constructeur - Benoit Charette - Annuel automobile - CanadaMotorJobs.com.\" \/>\n<meta name=\"robots\" content=\"index, follow, max-snippet:-1, max-image-preview:large, max-video-preview:-1\" \/>\n<meta property=\"og:locale\" content=\"fr_CA\" \/>\n<meta property=\"og:type\" content=\"article\" \/>\n<meta property=\"og:title\" content=\"Les concessionnaires Jaguar \/ Land Rover au Canada veulent poursuivre le constructeur - CanadaMotorJobs.com\" \/>\n<meta property=\"og:description\" content=\"Les concessionnaires Jaguar \/ Land Rover au Canada veulent poursuivre le constructeur - Benoit Charette - Annuel automobile - CanadaMotorJobs.com.\" \/>\n<meta property=\"og:url\" content=\"https:\/\/news.canadamotorjobs.com\/fr\/les-concessionnaires-jaguar-land-rover-au-canada-veulent-poursuivre-le-constructeur\/\" \/>\n<meta property=\"og:site_name\" content=\"CanadaMotorJobs.com\" \/>\n<meta property=\"article:publisher\" content=\"https:\/\/www.facebook.com\/canadamotorjobs\/\" \/>\n<meta property=\"article:published_time\" content=\"2024-06-16T19:33:01+00:00\" \/>\n<meta property=\"article:modified_time\" content=\"2024-06-18T16:05:59+00:00\" \/>\n<meta property=\"og:image\" content=\"https:\/\/news.canadamotorjobs.com\/wp-content\/uploads\/2024\/06\/F_Pace_R_Dynamic.jpg\" \/>\n\t<meta property=\"og:image:width\" content=\"1000\" \/>\n\t<meta property=\"og:image:height\" content=\"500\" \/>\n\t<meta property=\"og:image:type\" content=\"image\/jpeg\" \/>\n<meta name=\"author\" content=\"Benoit Charette\" \/>\n<meta name=\"twitter:card\" content=\"summary_large_image\" \/>\n<meta name=\"twitter:creator\" content=\"@canadamotorjobs\" \/>\n<meta name=\"twitter:site\" content=\"@canadamotorjobs\" \/>\n<meta name=\"twitter:label1\" content=\"\u00c9crit par\" \/>\n\t<meta name=\"twitter:data1\" content=\"Benoit Charette\" \/>\n\t<meta name=\"twitter:label2\" content=\"Estimation du temps de lecture\" \/>\n\t<meta name=\"twitter:data2\" content=\"2 minutes\" \/>\n<!-- \/ Yoast SEO plugin. -->","yoast_head_json":{"title":"Les concessionnaires Jaguar \/ Land Rover au Canada veulent poursuivre le constructeur - CanadaMotorJobs.com","description":"Les concessionnaires Jaguar \/ Land Rover au Canada veulent poursuivre le constructeur - Benoit Charette - Annuel automobile - CanadaMotorJobs.com.","robots":{"index":"index","follow":"follow","max-snippet":"max-snippet:-1","max-image-preview":"max-image-preview:large","max-video-preview":"max-video-preview:-1"},"og_locale":"fr_CA","og_type":"article","og_title":"Les concessionnaires Jaguar \/ Land Rover au Canada veulent poursuivre le constructeur - CanadaMotorJobs.com","og_description":"Les concessionnaires Jaguar \/ Land Rover au Canada veulent poursuivre le constructeur - Benoit Charette - Annuel automobile - CanadaMotorJobs.com.","og_url":"https:\/\/news.canadamotorjobs.com\/fr\/les-concessionnaires-jaguar-land-rover-au-canada-veulent-poursuivre-le-constructeur\/","og_site_name":"CanadaMotorJobs.com","article_publisher":"https:\/\/www.facebook.com\/canadamotorjobs\/","article_published_time":"2024-06-16T19:33:01+00:00","article_modified_time":"2024-06-18T16:05:59+00:00","og_image":[{"width":1000,"height":500,"url":"https:\/\/news.canadamotorjobs.com\/wp-content\/uploads\/2024\/06\/F_Pace_R_Dynamic.jpg","type":"image\/jpeg"}],"author":"Benoit Charette","twitter_card":"summary_large_image","twitter_creator":"@canadamotorjobs","twitter_site":"@canadamotorjobs","twitter_misc":{"\u00c9crit par":"Benoit Charette","Estimation du temps de lecture":"2 minutes"},"schema":{"@context":"https:\/\/schema.org","@graph":[{"@type":"Article","@id":"https:\/\/news.canadamotorjobs.com\/fr\/les-concessionnaires-jaguar-land-rover-au-canada-veulent-poursuivre-le-constructeur\/#article","isPartOf":{"@id":"https:\/\/news.canadamotorjobs.com\/fr\/les-concessionnaires-jaguar-land-rover-au-canada-veulent-poursuivre-le-constructeur\/"},"author":{"name":"Benoit Charette","@id":"https:\/\/news.canadamotorjobs.com\/#\/schema\/person\/51793d1f87d44011d7bcc2ed99269a90"},"headline":"Les concessionnaires Jaguar \/ Land Rover au Canada veulent poursuivre le constructeur","datePublished":"2024-06-16T19:33:01+00:00","dateModified":"2024-06-18T16:05:59+00:00","mainEntityOfPage":{"@id":"https:\/\/news.canadamotorjobs.com\/fr\/les-concessionnaires-jaguar-land-rover-au-canada-veulent-poursuivre-le-constructeur\/"},"wordCount":305,"publisher":{"@id":"https:\/\/news.canadamotorjobs.com\/#organization"},"image":{"@id":"https:\/\/news.canadamotorjobs.com\/fr\/les-concessionnaires-jaguar-land-rover-au-canada-veulent-poursuivre-le-constructeur\/#primaryimage"},"thumbnailUrl":"https:\/\/news.canadamotorjobs.com\/wp-content\/uploads\/2024\/06\/F_Pace_R_Dynamic.jpg","articleSection":["Annuel automobile"],"inLanguage":"fr-CA"},{"@type":"WebPage","@id":"https:\/\/news.canadamotorjobs.com\/fr\/les-concessionnaires-jaguar-land-rover-au-canada-veulent-poursuivre-le-constructeur\/","url":"https:\/\/news.canadamotorjobs.com\/fr\/les-concessionnaires-jaguar-land-rover-au-canada-veulent-poursuivre-le-constructeur\/","name":"Les concessionnaires Jaguar \/ Land Rover au Canada veulent poursuivre le constructeur - CanadaMotorJobs.com","isPartOf":{"@id":"https:\/\/news.canadamotorjobs.com\/#website"},"primaryImageOfPage":{"@id":"https:\/\/news.canadamotorjobs.com\/fr\/les-concessionnaires-jaguar-land-rover-au-canada-veulent-poursuivre-le-constructeur\/#primaryimage"},"image":{"@id":"https:\/\/news.canadamotorjobs.com\/fr\/les-concessionnaires-jaguar-land-rover-au-canada-veulent-poursuivre-le-constructeur\/#primaryimage"},"thumbnailUrl":"https:\/\/news.canadamotorjobs.com\/wp-content\/uploads\/2024\/06\/F_Pace_R_Dynamic.jpg","datePublished":"2024-06-16T19:33:01+00:00","dateModified":"2024-06-18T16:05:59+00:00","description":"Les concessionnaires Jaguar \/ Land Rover au Canada veulent poursuivre le constructeur - Benoit Charette - Annuel automobile - CanadaMotorJobs.com.","breadcrumb":{"@id":"https:\/\/news.canadamotorjobs.com\/fr\/les-concessionnaires-jaguar-land-rover-au-canada-veulent-poursuivre-le-constructeur\/#breadcrumb"},"inLanguage":"fr-CA","potentialAction":[{"@type":"ReadAction","target":["https:\/\/news.canadamotorjobs.com\/fr\/les-concessionnaires-jaguar-land-rover-au-canada-veulent-poursuivre-le-constructeur\/"]}]},{"@type":"ImageObject","inLanguage":"fr-CA","@id":"https:\/\/news.canadamotorjobs.com\/fr\/les-concessionnaires-jaguar-land-rover-au-canada-veulent-poursuivre-le-constructeur\/#primaryimage","url":"https:\/\/news.canadamotorjobs.com\/wp-content\/uploads\/2024\/06\/F_Pace_R_Dynamic.jpg","contentUrl":"https:\/\/news.canadamotorjobs.com\/wp-content\/uploads\/2024\/06\/F_Pace_R_Dynamic.jpg","width":1000,"height":500},{"@type":"BreadcrumbList","@id":"https:\/\/news.canadamotorjobs.com\/fr\/les-concessionnaires-jaguar-land-rover-au-canada-veulent-poursuivre-le-constructeur\/#breadcrumb","itemListElement":[{"@type":"ListItem","position":1,"name":"Home","item":"https:\/\/news.canadamotorjobs.com\/fr\/blog\/"},{"@type":"ListItem","position":2,"name":"Les concessionnaires Jaguar \/ Land Rover au Canada veulent poursuivre le constructeur"}]},{"@type":"WebSite","@id":"https:\/\/news.canadamotorjobs.com\/#website","url":"https:\/\/news.canadamotorjobs.com\/","name":"CanadaMotorJobs.com","description":"Automotive Jobs","publisher":{"@id":"https:\/\/news.canadamotorjobs.com\/#organization"},"potentialAction":[{"@type":"SearchAction","target":{"@type":"EntryPoint","urlTemplate":"https:\/\/news.canadamotorjobs.com\/?s={search_term_string}"},"query-input":"required name=search_term_string"}],"inLanguage":"fr-CA"},{"@type":"Organization","@id":"https:\/\/news.canadamotorjobs.com\/#organization","name":"Canada Motor Jobs","url":"https:\/\/news.canadamotorjobs.com\/","logo":{"@type":"ImageObject","inLanguage":"fr-CA","@id":"https:\/\/news.canadamotorjobs.com\/#\/schema\/logo\/image\/","url":"https:\/\/news.canadamotorjobs.com\/wp-content\/uploads\/2022\/10\/logo-canada-motor-jobs-1.png","contentUrl":"https:\/\/news.canadamotorjobs.com\/wp-content\/uploads\/2022\/10\/logo-canada-motor-jobs-1.png","width":800,"height":400,"caption":"Canada Motor Jobs"},"image":{"@id":"https:\/\/news.canadamotorjobs.com\/#\/schema\/logo\/image\/"},"sameAs":["https:\/\/www.facebook.com\/canadamotorjobs\/","https:\/\/x.com\/canadamotorjobs","https:\/\/www.instagram.com\/canadamotorjobs\/","https:\/\/www.linkedin.com\/company\/canadamotorjobs"]},{"@type":"Person","@id":"https:\/\/news.canadamotorjobs.com\/#\/schema\/person\/51793d1f87d44011d7bcc2ed99269a90","name":"Benoit Charette","image":{"@type":"ImageObject","inLanguage":"fr-CA","@id":"https:\/\/news.canadamotorjobs.com\/#\/schema\/person\/image\/","url":"https:\/\/secure.gravatar.com\/avatar\/45f3d2eebcccd909668d7ce7ea7267b6?s=96&d=mm&r=g","contentUrl":"https:\/\/secure.gravatar.com\/avatar\/45f3d2eebcccd909668d7ce7ea7267b6?s=96&d=mm&r=g","caption":"Benoit Charette"},"description":"Benoit Charette \/ Propri\u00e9taire et r\u00e9dacteur en chef Benoit Charette pratique le journalisme automobile depuis bient\u00f4t 30 ans. Il a fait ses classes au c\u00f4t\u00e9 de Daniel H\u00e9raud et au Carnet de route de 1992 \u00e0 2001. Il est fondateur, copropri\u00e9taire et r\u00e9dacteur en chef de L\u2019Annuel de l\u2019automobile, qu\u2019il publie depuis 2001. Il a anim\u00e9 les \u00e9missions RPM et RPM+ sur V et les L\u00e9gendes de la route sur Historia. \u00c0 la radio depuis 1986, il reprend l\u2019antenne cette ann\u00e9e sur les ondes de Cogeco et participe pour la deuxi\u00e8me ann\u00e9e \u00e0 l\u2019\u00e9mission Passion Auto sur RDS en plus de mettre en ligne le site Web officiel de L\u2019Annuel de l\u2019automobile sur annuelauto.ca.","sameAs":["https:\/\/annuelauto.ca\/"],"url":"https:\/\/news.canadamotorjobs.com\/fr\/author\/benoit-charette\/"}]}},"_links":{"self":[{"href":"https:\/\/news.canadamotorjobs.com\/fr\/wp-json\/wp\/v2\/posts\/167225"}],"collection":[{"href":"https:\/\/news.canadamotorjobs.com\/fr\/wp-json\/wp\/v2\/posts"}],"about":[{"href":"https:\/\/news.canadamotorjobs.com\/fr\/wp-json\/wp\/v2\/types\/post"}],"author":[{"embeddable":true,"href":"https:\/\/news.canadamotorjobs.com\/fr\/wp-json\/wp\/v2\/users\/8"}],"replies":[{"embeddable":true,"href":"https:\/\/news.canadamotorjobs.com\/fr\/wp-json\/wp\/v2\/comments?post=167225"}],"version-history":[{"count":6,"href":"https:\/\/news.canadamotorjobs.com\/fr\/wp-json\/wp\/v2\/posts\/167225\/revisions"}],"predecessor-version":[{"id":167358,"href":"https:\/\/news.canadamotorjobs.com\/fr\/wp-json\/wp\/v2\/posts\/167225\/revisions\/167358"}],"wp:featuredmedia":[{"embeddable":true,"href":"https:\/\/news.canadamotorjobs.com\/fr\/wp-json\/wp\/v2\/media\/167227"}],"wp:attachment":[{"href":"https:\/\/news.canadamotorjobs.com\/fr\/wp-json\/wp\/v2\/media?parent=167225"}],"wp:term":[{"taxonomy":"category","embeddable":true,"href":"https:\/\/news.canadamotorjobs.com\/fr\/wp-json\/wp\/v2\/categories?post=167225"},{"taxonomy":"post_tag","embeddable":true,"href":"https:\/\/news.canadamotorjobs.com\/fr\/wp-json\/wp\/v2\/tags?post=167225"}],"curies":[{"name":"wp","href":"https:\/\/api.w.org\/{rel}","templated":true}]}}