{"id":167198,"date":"2024-06-14T17:49:25","date_gmt":"2024-06-14T21:49:25","guid":{"rendered":"https:\/\/news.canadamotorjobs.com\/?p=167198"},"modified":"2024-06-14T18:00:49","modified_gmt":"2024-06-14T22:00:49","slug":"cest-la-fin-pour-la-nissan-gt-r","status":"publish","type":"post","link":"https:\/\/news.canadamotorjobs.com\/fr\/cest-la-fin-pour-la-nissan-gt-r\/","title":{"rendered":"C\u2019est la fin pour la Nissan GT-R"},"content":{"rendered":"<\/p>\n<p>Apr\u00e8s 17 ans \u00e0 captiver les amateurs de vitesse et d&#8217;excellence automobile, la production de la Nissan GT-R pour le march\u00e9 nord-am\u00e9ricain s&#8217;arr\u00eatera en octobre prochain. Depuis son lancement, la GT-R R35 a offert des performances comparables \u00e0 celles des supercars \u00e0 un prix abordable, s\u00e9duisant une nouvelle g\u00e9n\u00e9ration de passionn\u00e9s d&#8217;automobiles au Canada. Ce mod\u00e8le a surpass\u00e9 de nombreuses voitures de sport plus co\u00fbteuses sur les circuits, \u00e9tablissant un nouveau standard dans l&#8217;industrie.<\/p>\n<h3><strong>L&#8217;h\u00e9ritage m\u00e9morable de la GT-R<\/strong><\/h3>\n<p>\nIntroduite pour la premi\u00e8re fois en 1968 comme symbole de l&#8217;innovation technologique de Nissan, la GT-R a fait sensation lors de son d\u00e9voilement au Salon de l&#8217;auto de Tokyo. Sa version de production a \u00e9t\u00e9 lanc\u00e9e en 1969, capable de parcourir 400 m\u00e8tres en 16,1 secondes et d&#8217;atteindre une vitesse maximale de 200 km\/h.<\/p>\n<p>Pr\u00e8s de 40 ans plus tard, en 2008, la sixi\u00e8me g\u00e9n\u00e9ration, connue sous le nom de R35, a fait son entr\u00e9e sur le march\u00e9 canadien. Malgr\u00e9 plusieurs mises \u00e0 jour et restylages, la GT-R est rest\u00e9e fid\u00e8le \u00e0 ses racines en offrant des performances et une maniabilit\u00e9 exaltantes. Devenue une ic\u00f4ne dans le monde automobile, la GT-R a \u00e9galement laiss\u00e9 sa marque dans la culture populaire, apparaissant dans des films \u00e0 succ\u00e8s et des jeux vid\u00e9o.<\/p>\n<h3><strong>Le futur de la l\u00e9gendaire GT-R<\/strong><\/h3>\n<p>\nAvec la fin de la production de la R35 en Am\u00e9rique du Nord, l&#8217;avenir de la GT-R s&#8217;oriente vers de nouvelles directions. Nissan a confirm\u00e9 son intention de d\u00e9velopper un successeur, potentiellement \u00e9lectrique, pour cette l\u00e9gendaire s\u00e9rie de voitures de sport. Le concept Hyper Force, pr\u00e9sent\u00e9 au Salon de l&#8217;auto de Tokyo 2023, offre un aper\u00e7u de ce futur avec une puissance impressionnante de 1 341 chevaux gr\u00e2ce \u00e0 une combinaison de batteries \u00e0 l&#8217;\u00e9tat solide et de moteurs \u00e9lectriques.<\/p>\n<p>Fran\u00e7ois Bailly, vice-pr\u00e9sident senior de Nissan, a r\u00e9v\u00e9l\u00e9 que le d\u00e9veloppement de la R37, une potentielle premi\u00e8re GT-R \u00e9lectrique, est en cours. Cette nouvelle g\u00e9n\u00e9ration pourrait utiliser des batteries \u00e0 l&#8217;\u00e9tat solide, technologie que Nissan esp\u00e8re introduire d&#8217;ici 2028. La sortie de cette nouvelle GT-R pourrait donc ne pas avoir lieu avant plusieurs ann\u00e9es, mais promet de maintenir la tradition de performance et d&#8217;innovation qui a fait la renomm\u00e9e de ce mod\u00e8le.<\/p>\n<h3><strong>Conclusion<\/strong><\/h3>\n<p>\nLa Nissan GT-R, apr\u00e8s avoir marqu\u00e9 l&#8217;histoire de l&#8217;automobile et conquis de nombreux fans, se retire du march\u00e9 nord-am\u00e9ricain. Cependant, avec des projets ambitieux pour son successeur, la GT-R pourrait bien continuer \u00e0 incarner l&#8217;innovation et la performance pour les ann\u00e9es \u00e0 venir.<\/p>\n<p>Le texte <a rel=\"nofollow\" href=\"https:\/\/annuelauto.ca\/cest-la-fin-pour-la-nissan-gt-r\/\">C\u2019est la fin pour la Nissan GT-R<\/a> provient de <a rel=\"nofollow\" href=\"https:\/\/annuelauto.ca\">L&#8217;annuel de l&#8217;automobile &#8211; Actualit\u00e9 automobile<\/a><\/p>\n<p><\/p>\n","protected":false},"excerpt":{"rendered":"<p>Apr\u00e8s 17 ans \u00e0 captiver les amateurs de vitesse et d&#8217;excellence automobile, la production de la Nissan GT-R pour le march\u00e9 nord-am\u00e9ricain s&#8217;arr\u00eatera en octobre prochain. Depuis son lancement, la GT-R R35 a offert des performances comparables \u00e0 celles des supercars \u00e0 un prix abordable, s\u00e9duisant une nouvelle g\u00e9n\u00e9ration de passionn\u00e9s d&#8217;automobiles au Canada. Ce [&hellip;]<\/p>\n","protected":false},"author":8,"featured_media":167200,"comment_status":"close","ping_status":"closed","sticky":false,"template":"","format":"standard","meta":{"_monsterinsights_skip_tracking":false,"_monsterinsights_sitenote_active":false,"_monsterinsights_sitenote_note":"","_monsterinsights_sitenote_category":0,"footnotes":""},"categories":[101],"tags":[],"yoast_head":"<!-- This site is optimized with the Yoast SEO plugin v23.2 - https:\/\/yoast.com\/wordpress\/plugins\/seo\/ -->\n<title>C\u2019est la fin pour la Nissan GT-R - CanadaMotorJobs.com<\/title>\n<meta name=\"description\" content=\"C\u2019est la fin pour la Nissan GT-R - Benoit Charette - Annuel automobile - CanadaMotorJobs.com.\" \/>\n<meta name=\"robots\" content=\"index, follow, max-snippet:-1, max-image-preview:large, max-video-preview:-1\" \/>\n<meta property=\"og:locale\" content=\"fr_CA\" \/>\n<meta property=\"og:type\" content=\"article\" \/>\n<meta property=\"og:title\" content=\"C\u2019est la fin pour la Nissan GT-R - CanadaMotorJobs.com\" \/>\n<meta property=\"og:description\" content=\"C\u2019est la fin pour la Nissan GT-R - Benoit Charette - Annuel automobile - CanadaMotorJobs.com.\" \/>\n<meta property=\"og:url\" content=\"https:\/\/news.canadamotorjobs.com\/fr\/cest-la-fin-pour-la-nissan-gt-r\/\" \/>\n<meta property=\"og:site_name\" content=\"CanadaMotorJobs.com\" \/>\n<meta property=\"article:publisher\" content=\"https:\/\/www.facebook.com\/canadamotorjobs\/\" \/>\n<meta property=\"article:published_time\" content=\"2024-06-14T21:49:25+00:00\" \/>\n<meta property=\"article:modified_time\" content=\"2024-06-14T22:00:49+00:00\" \/>\n<meta property=\"og:image\" content=\"https:\/\/news.canadamotorjobs.com\/wp-content\/uploads\/2024\/06\/2024-nissan-gtr-with-spoiler-1920x1080-1.jpg\" \/>\n\t<meta property=\"og:image:width\" content=\"1920\" \/>\n\t<meta property=\"og:image:height\" content=\"1080\" \/>\n\t<meta property=\"og:image:type\" content=\"image\/jpeg\" \/>\n<meta name=\"author\" content=\"Benoit Charette\" \/>\n<meta name=\"twitter:card\" content=\"summary_large_image\" \/>\n<meta name=\"twitter:creator\" content=\"@canadamotorjobs\" \/>\n<meta name=\"twitter:site\" content=\"@canadamotorjobs\" \/>\n<meta name=\"twitter:label1\" content=\"\u00c9crit par\" \/>\n\t<meta name=\"twitter:data1\" content=\"Benoit Charette\" \/>\n\t<meta name=\"twitter:label2\" content=\"Estimation du temps de lecture\" \/>\n\t<meta name=\"twitter:data2\" content=\"2 minutes\" \/>\n<!-- \/ Yoast SEO plugin. -->","yoast_head_json":{"title":"C\u2019est la fin pour la Nissan GT-R - CanadaMotorJobs.com","description":"C\u2019est la fin pour la Nissan GT-R - Benoit Charette - Annuel automobile - CanadaMotorJobs.com.","robots":{"index":"index","follow":"follow","max-snippet":"max-snippet:-1","max-image-preview":"max-image-preview:large","max-video-preview":"max-video-preview:-1"},"og_locale":"fr_CA","og_type":"article","og_title":"C\u2019est la fin pour la Nissan GT-R - CanadaMotorJobs.com","og_description":"C\u2019est la fin pour la Nissan GT-R - Benoit Charette - Annuel automobile - CanadaMotorJobs.com.","og_url":"https:\/\/news.canadamotorjobs.com\/fr\/cest-la-fin-pour-la-nissan-gt-r\/","og_site_name":"CanadaMotorJobs.com","article_publisher":"https:\/\/www.facebook.com\/canadamotorjobs\/","article_published_time":"2024-06-14T21:49:25+00:00","article_modified_time":"2024-06-14T22:00:49+00:00","og_image":[{"width":1920,"height":1080,"url":"https:\/\/news.canadamotorjobs.com\/wp-content\/uploads\/2024\/06\/2024-nissan-gtr-with-spoiler-1920x1080-1.jpg","type":"image\/jpeg"}],"author":"Benoit Charette","twitter_card":"summary_large_image","twitter_creator":"@canadamotorjobs","twitter_site":"@canadamotorjobs","twitter_misc":{"\u00c9crit par":"Benoit Charette","Estimation du temps de lecture":"2 minutes"},"schema":{"@context":"https:\/\/schema.org","@graph":[{"@type":"Article","@id":"https:\/\/news.canadamotorjobs.com\/fr\/cest-la-fin-pour-la-nissan-gt-r\/#article","isPartOf":{"@id":"https:\/\/news.canadamotorjobs.com\/fr\/cest-la-fin-pour-la-nissan-gt-r\/"},"author":{"name":"Benoit Charette","@id":"https:\/\/news.canadamotorjobs.com\/#\/schema\/person\/51793d1f87d44011d7bcc2ed99269a90"},"headline":"C\u2019est la fin pour la Nissan GT-R","datePublished":"2024-06-14T21:49:25+00:00","dateModified":"2024-06-14T22:00:49+00:00","mainEntityOfPage":{"@id":"https:\/\/news.canadamotorjobs.com\/fr\/cest-la-fin-pour-la-nissan-gt-r\/"},"wordCount":483,"publisher":{"@id":"https:\/\/news.canadamotorjobs.com\/#organization"},"image":{"@id":"https:\/\/news.canadamotorjobs.com\/fr\/cest-la-fin-pour-la-nissan-gt-r\/#primaryimage"},"thumbnailUrl":"https:\/\/news.canadamotorjobs.com\/wp-content\/uploads\/2024\/06\/2024-nissan-gtr-with-spoiler-1920x1080-1.jpg","articleSection":["Annuel automobile"],"inLanguage":"fr-CA"},{"@type":"WebPage","@id":"https:\/\/news.canadamotorjobs.com\/fr\/cest-la-fin-pour-la-nissan-gt-r\/","url":"https:\/\/news.canadamotorjobs.com\/fr\/cest-la-fin-pour-la-nissan-gt-r\/","name":"C\u2019est la fin pour la Nissan GT-R - CanadaMotorJobs.com","isPartOf":{"@id":"https:\/\/news.canadamotorjobs.com\/#website"},"primaryImageOfPage":{"@id":"https:\/\/news.canadamotorjobs.com\/fr\/cest-la-fin-pour-la-nissan-gt-r\/#primaryimage"},"image":{"@id":"https:\/\/news.canadamotorjobs.com\/fr\/cest-la-fin-pour-la-nissan-gt-r\/#primaryimage"},"thumbnailUrl":"https:\/\/news.canadamotorjobs.com\/wp-content\/uploads\/2024\/06\/2024-nissan-gtr-with-spoiler-1920x1080-1.jpg","datePublished":"2024-06-14T21:49:25+00:00","dateModified":"2024-06-14T22:00:49+00:00","description":"C\u2019est la fin pour la Nissan GT-R - Benoit Charette - Annuel automobile - CanadaMotorJobs.com.","breadcrumb":{"@id":"https:\/\/news.canadamotorjobs.com\/fr\/cest-la-fin-pour-la-nissan-gt-r\/#breadcrumb"},"inLanguage":"fr-CA","potentialAction":[{"@type":"ReadAction","target":["https:\/\/news.canadamotorjobs.com\/fr\/cest-la-fin-pour-la-nissan-gt-r\/"]}]},{"@type":"ImageObject","inLanguage":"fr-CA","@id":"https:\/\/news.canadamotorjobs.com\/fr\/cest-la-fin-pour-la-nissan-gt-r\/#primaryimage","url":"https:\/\/news.canadamotorjobs.com\/wp-content\/uploads\/2024\/06\/2024-nissan-gtr-with-spoiler-1920x1080-1.jpg","contentUrl":"https:\/\/news.canadamotorjobs.com\/wp-content\/uploads\/2024\/06\/2024-nissan-gtr-with-spoiler-1920x1080-1.jpg","width":1920,"height":1080},{"@type":"BreadcrumbList","@id":"https:\/\/news.canadamotorjobs.com\/fr\/cest-la-fin-pour-la-nissan-gt-r\/#breadcrumb","itemListElement":[{"@type":"ListItem","position":1,"name":"Home","item":"https:\/\/news.canadamotorjobs.com\/fr\/blog\/"},{"@type":"ListItem","position":2,"name":"C\u2019est la fin pour la Nissan GT-R"}]},{"@type":"WebSite","@id":"https:\/\/news.canadamotorjobs.com\/#website","url":"https:\/\/news.canadamotorjobs.com\/","name":"CanadaMotorJobs.com","description":"Automotive Jobs","publisher":{"@id":"https:\/\/news.canadamotorjobs.com\/#organization"},"potentialAction":[{"@type":"SearchAction","target":{"@type":"EntryPoint","urlTemplate":"https:\/\/news.canadamotorjobs.com\/?s={search_term_string}"},"query-input":"required name=search_term_string"}],"inLanguage":"fr-CA"},{"@type":"Organization","@id":"https:\/\/news.canadamotorjobs.com\/#organization","name":"Canada Motor Jobs","url":"https:\/\/news.canadamotorjobs.com\/","logo":{"@type":"ImageObject","inLanguage":"fr-CA","@id":"https:\/\/news.canadamotorjobs.com\/#\/schema\/logo\/image\/","url":"https:\/\/news.canadamotorjobs.com\/wp-content\/uploads\/2022\/10\/logo-canada-motor-jobs-1.png","contentUrl":"https:\/\/news.canadamotorjobs.com\/wp-content\/uploads\/2022\/10\/logo-canada-motor-jobs-1.png","width":800,"height":400,"caption":"Canada Motor Jobs"},"image":{"@id":"https:\/\/news.canadamotorjobs.com\/#\/schema\/logo\/image\/"},"sameAs":["https:\/\/www.facebook.com\/canadamotorjobs\/","https:\/\/x.com\/canadamotorjobs","https:\/\/www.instagram.com\/canadamotorjobs\/","https:\/\/www.linkedin.com\/company\/canadamotorjobs"]},{"@type":"Person","@id":"https:\/\/news.canadamotorjobs.com\/#\/schema\/person\/51793d1f87d44011d7bcc2ed99269a90","name":"Benoit Charette","image":{"@type":"ImageObject","inLanguage":"fr-CA","@id":"https:\/\/news.canadamotorjobs.com\/#\/schema\/person\/image\/","url":"https:\/\/secure.gravatar.com\/avatar\/45f3d2eebcccd909668d7ce7ea7267b6?s=96&d=mm&r=g","contentUrl":"https:\/\/secure.gravatar.com\/avatar\/45f3d2eebcccd909668d7ce7ea7267b6?s=96&d=mm&r=g","caption":"Benoit Charette"},"description":"Benoit Charette \/ Propri\u00e9taire et r\u00e9dacteur en chef Benoit Charette pratique le journalisme automobile depuis bient\u00f4t 30 ans. Il a fait ses classes au c\u00f4t\u00e9 de Daniel H\u00e9raud et au Carnet de route de 1992 \u00e0 2001. Il est fondateur, copropri\u00e9taire et r\u00e9dacteur en chef de L\u2019Annuel de l\u2019automobile, qu\u2019il publie depuis 2001. Il a anim\u00e9 les \u00e9missions RPM et RPM+ sur V et les L\u00e9gendes de la route sur Historia. \u00c0 la radio depuis 1986, il reprend l\u2019antenne cette ann\u00e9e sur les ondes de Cogeco et participe pour la deuxi\u00e8me ann\u00e9e \u00e0 l\u2019\u00e9mission Passion Auto sur RDS en plus de mettre en ligne le site Web officiel de L\u2019Annuel de l\u2019automobile sur annuelauto.ca.","sameAs":["https:\/\/annuelauto.ca\/"],"url":"https:\/\/news.canadamotorjobs.com\/fr\/author\/benoit-charette\/"}]}},"_links":{"self":[{"href":"https:\/\/news.canadamotorjobs.com\/fr\/wp-json\/wp\/v2\/posts\/167198"}],"collection":[{"href":"https:\/\/news.canadamotorjobs.com\/fr\/wp-json\/wp\/v2\/posts"}],"about":[{"href":"https:\/\/news.canadamotorjobs.com\/fr\/wp-json\/wp\/v2\/types\/post"}],"author":[{"embeddable":true,"href":"https:\/\/news.canadamotorjobs.com\/fr\/wp-json\/wp\/v2\/users\/8"}],"replies":[{"embeddable":true,"href":"https:\/\/news.canadamotorjobs.com\/fr\/wp-json\/wp\/v2\/comments?post=167198"}],"version-history":[{"count":2,"href":"https:\/\/news.canadamotorjobs.com\/fr\/wp-json\/wp\/v2\/posts\/167198\/revisions"}],"predecessor-version":[{"id":167202,"href":"https:\/\/news.canadamotorjobs.com\/fr\/wp-json\/wp\/v2\/posts\/167198\/revisions\/167202"}],"wp:featuredmedia":[{"embeddable":true,"href":"https:\/\/news.canadamotorjobs.com\/fr\/wp-json\/wp\/v2\/media\/167200"}],"wp:attachment":[{"href":"https:\/\/news.canadamotorjobs.com\/fr\/wp-json\/wp\/v2\/media?parent=167198"}],"wp:term":[{"taxonomy":"category","embeddable":true,"href":"https:\/\/news.canadamotorjobs.com\/fr\/wp-json\/wp\/v2\/categories?post=167198"},{"taxonomy":"post_tag","embeddable":true,"href":"https:\/\/news.canadamotorjobs.com\/fr\/wp-json\/wp\/v2\/tags?post=167198"}],"curies":[{"name":"wp","href":"https:\/\/api.w.org\/{rel}","templated":true}]}}