{"id":167152,"date":"2024-06-14T08:18:51","date_gmt":"2024-06-14T12:18:51","guid":{"rendered":"https:\/\/news.canadamotorjobs.com\/?p=167152"},"modified":"2024-06-14T08:28:59","modified_gmt":"2024-06-14T12:28:59","slug":"porsche-canada-integrera-chargepoint-au-service-de-recharge-porsche","status":"publish","type":"post","link":"https:\/\/news.canadamotorjobs.com\/fr\/porsche-canada-integrera-chargepoint-au-service-de-recharge-porsche\/","title":{"rendered":"Porsche Canada int\u00e9grera ChargePoint au service de recharge Porsche"},"content":{"rendered":"<\/p>\n<p>Porsche Canada a annonc\u00e9 avoir sign\u00e9 une entente avec ChargePoint, un important fournisseur de solutions de recharge pour v\u00e9hicules \u00e9lectriques (VE), qui permettra l\u2019acc\u00e8s \u00e0 son r\u00e9seau de bornes de recharge avec le service de recharge Porsche. Gr\u00e2ce \u00e0 cette collaboration, les clients de Porsche auront maintenant acc\u00e8s \u00e0 plus de 20 000 bornes de recharge au Canada.<\/p>\n<p>Ce nouveau partenariat renforce notre int\u00e9gration avec Electrify Canada, permettant aux clients de v\u00e9hicules \u00e9lectriques et hybrides rechargeables Porsche de trouver et d\u2019utiliser les bornes de recharge de ChargePoint et de nos partenaires, puis de payer au moyen de l\u2019application My Porsche. Les nouvelles bornes de recharge seront accessibles au 4e trimestre de 2024.<\/p>\n<p>\u00ab Nous sommes ravis d\u2019offrir plus d\u2019options de recharge \u00e0 nos clients, a d\u00e9clar\u00e9 John Cappella, pr\u00e9sident-directeur g\u00e9n\u00e9ral d\u2019Automobiles Porsche Canada, Lt\u00e9e. Il s\u2019agit d\u2019une autre occasion d\u2019am\u00e9liorer consid\u00e9rablement notre exp\u00e9rience client, alors que nous attendons avec impatience, plus tard cette ann\u00e9e, l\u2019arriv\u00e9e du Taycan r\u00e9vis\u00e9 et du tout nouveau Macan enti\u00e8rement \u00e9lectrique. \u00bb<\/p>\n<p>\u00ab ChargePoint est honor\u00e9 d\u2019aider Porsche \u00e0 offrir aux conducteurs une exp\u00e9rience de recharge au niveau de sa r\u00e9putation, a d\u00e9clar\u00e9 Rick Wilmer, pr\u00e9sident-directeur g\u00e9n\u00e9ral de ChargePoint. Nous sommes heureux d\u2019offrir plus d\u2019options de recharge aux conducteurs de Porsche, et le logiciel ChargePoint am\u00e9liorera leur exp\u00e9rience gr\u00e2ce \u00e0 une solution de recharge int\u00e9gr\u00e9e et harmonieuse. \u00bb<\/p>\n<p>\u00c0 la fin de 2023, Porsche a annonc\u00e9 qu\u2019elle pr\u00e9voyait int\u00e9grer le port de recharge de la norme de recharge nord-am\u00e9ricaine (NACS) \u00e0 ses futurs v\u00e9hicules dans la r\u00e9gion de l\u2019Am\u00e9rique du Nord. De plus, l\u2019entreprise envisage l\u2019installation d\u2019adaptateurs dans les v\u00e9hicules existants pour leur donner acc\u00e8s au r\u00e9seau Supercharger de Tesla en 2025.<\/p>\n<p>Source: Porsche<\/p>\n<p>Le texte <a rel=\"nofollow\" href=\"https:\/\/annuelauto.ca\/porsche-canada-integrera-chargepoint-au-service-de-recharge-porsche\/\">Porsche Canada int\u00e9grera ChargePoint au service de recharge Porsche<\/a> provient de <a rel=\"nofollow\" href=\"https:\/\/annuelauto.ca\">L&#8217;annuel de l&#8217;automobile &#8211; Actualit\u00e9 automobile<\/a><\/p>\n<p><\/p>\n","protected":false},"excerpt":{"rendered":"<p>Porsche Canada a annonc\u00e9 avoir sign\u00e9 une entente avec ChargePoint, un important fournisseur de solutions de recharge pour v\u00e9hicules \u00e9lectriques (VE), qui permettra l\u2019acc\u00e8s \u00e0 son r\u00e9seau de bornes de recharge avec le service de recharge Porsche. Gr\u00e2ce \u00e0 cette collaboration, les clients de Porsche auront maintenant acc\u00e8s \u00e0 plus de 20 000 bornes de [&hellip;]<\/p>\n","protected":false},"author":8,"featured_media":167154,"comment_status":"close","ping_status":"closed","sticky":false,"template":"","format":"standard","meta":{"_monsterinsights_skip_tracking":false,"_monsterinsights_sitenote_active":false,"_monsterinsights_sitenote_note":"","_monsterinsights_sitenote_category":0,"footnotes":""},"categories":[101],"tags":[],"yoast_head":"<!-- This site is optimized with the Yoast SEO plugin v23.2 - https:\/\/yoast.com\/wordpress\/plugins\/seo\/ -->\n<title>Porsche Canada int\u00e9grera ChargePoint au service de recharge Porsche - CanadaMotorJobs.com<\/title>\n<meta name=\"description\" content=\"Porsche Canada int\u00e9grera ChargePoint au service de recharge Porsche - Benoit Charette - Annuel automobile - CanadaMotorJobs.com.\" \/>\n<meta name=\"robots\" content=\"index, follow, max-snippet:-1, max-image-preview:large, max-video-preview:-1\" \/>\n<meta property=\"og:locale\" content=\"fr_CA\" \/>\n<meta property=\"og:type\" content=\"article\" \/>\n<meta property=\"og:title\" content=\"Porsche Canada int\u00e9grera ChargePoint au service de recharge Porsche - CanadaMotorJobs.com\" \/>\n<meta property=\"og:description\" content=\"Porsche Canada int\u00e9grera ChargePoint au service de recharge Porsche - Benoit Charette - Annuel automobile - CanadaMotorJobs.com.\" \/>\n<meta property=\"og:url\" content=\"https:\/\/news.canadamotorjobs.com\/fr\/porsche-canada-integrera-chargepoint-au-service-de-recharge-porsche\/\" \/>\n<meta property=\"og:site_name\" content=\"CanadaMotorJobs.com\" \/>\n<meta property=\"article:publisher\" content=\"https:\/\/www.facebook.com\/canadamotorjobs\/\" \/>\n<meta property=\"article:published_time\" content=\"2024-06-14T12:18:51+00:00\" \/>\n<meta property=\"article:modified_time\" content=\"2024-06-14T12:28:59+00:00\" \/>\n<meta property=\"og:image\" content=\"https:\/\/news.canadamotorjobs.com\/wp-content\/uploads\/2024\/06\/TVPCNA2024056_PR_MACAN_CHARGEPOINT_PRESS_RELEASE-1-2.jpg\" \/>\n\t<meta property=\"og:image:width\" content=\"1935\" \/>\n\t<meta property=\"og:image:height\" content=\"1089\" \/>\n\t<meta property=\"og:image:type\" content=\"image\/jpeg\" \/>\n<meta name=\"author\" content=\"Benoit Charette\" \/>\n<meta name=\"twitter:card\" content=\"summary_large_image\" \/>\n<meta name=\"twitter:creator\" content=\"@canadamotorjobs\" \/>\n<meta name=\"twitter:site\" content=\"@canadamotorjobs\" \/>\n<meta name=\"twitter:label1\" content=\"\u00c9crit par\" \/>\n\t<meta name=\"twitter:data1\" content=\"Benoit Charette\" \/>\n\t<meta name=\"twitter:label2\" content=\"Estimation du temps de lecture\" \/>\n\t<meta name=\"twitter:data2\" content=\"2 minutes\" \/>\n<!-- \/ Yoast SEO plugin. -->","yoast_head_json":{"title":"Porsche Canada int\u00e9grera ChargePoint au service de recharge Porsche - CanadaMotorJobs.com","description":"Porsche Canada int\u00e9grera ChargePoint au service de recharge Porsche - Benoit Charette - Annuel automobile - CanadaMotorJobs.com.","robots":{"index":"index","follow":"follow","max-snippet":"max-snippet:-1","max-image-preview":"max-image-preview:large","max-video-preview":"max-video-preview:-1"},"og_locale":"fr_CA","og_type":"article","og_title":"Porsche Canada int\u00e9grera ChargePoint au service de recharge Porsche - CanadaMotorJobs.com","og_description":"Porsche Canada int\u00e9grera ChargePoint au service de recharge Porsche - Benoit Charette - Annuel automobile - CanadaMotorJobs.com.","og_url":"https:\/\/news.canadamotorjobs.com\/fr\/porsche-canada-integrera-chargepoint-au-service-de-recharge-porsche\/","og_site_name":"CanadaMotorJobs.com","article_publisher":"https:\/\/www.facebook.com\/canadamotorjobs\/","article_published_time":"2024-06-14T12:18:51+00:00","article_modified_time":"2024-06-14T12:28:59+00:00","og_image":[{"width":1935,"height":1089,"url":"https:\/\/news.canadamotorjobs.com\/wp-content\/uploads\/2024\/06\/TVPCNA2024056_PR_MACAN_CHARGEPOINT_PRESS_RELEASE-1-2.jpg","type":"image\/jpeg"}],"author":"Benoit Charette","twitter_card":"summary_large_image","twitter_creator":"@canadamotorjobs","twitter_site":"@canadamotorjobs","twitter_misc":{"\u00c9crit par":"Benoit Charette","Estimation du temps de lecture":"2 minutes"},"schema":{"@context":"https:\/\/schema.org","@graph":[{"@type":"Article","@id":"https:\/\/news.canadamotorjobs.com\/fr\/porsche-canada-integrera-chargepoint-au-service-de-recharge-porsche\/#article","isPartOf":{"@id":"https:\/\/news.canadamotorjobs.com\/fr\/porsche-canada-integrera-chargepoint-au-service-de-recharge-porsche\/"},"author":{"name":"Benoit Charette","@id":"https:\/\/news.canadamotorjobs.com\/#\/schema\/person\/51793d1f87d44011d7bcc2ed99269a90"},"headline":"Porsche Canada int\u00e9grera ChargePoint au service de recharge Porsche","datePublished":"2024-06-14T12:18:51+00:00","dateModified":"2024-06-14T12:28:59+00:00","mainEntityOfPage":{"@id":"https:\/\/news.canadamotorjobs.com\/fr\/porsche-canada-integrera-chargepoint-au-service-de-recharge-porsche\/"},"wordCount":349,"publisher":{"@id":"https:\/\/news.canadamotorjobs.com\/#organization"},"image":{"@id":"https:\/\/news.canadamotorjobs.com\/fr\/porsche-canada-integrera-chargepoint-au-service-de-recharge-porsche\/#primaryimage"},"thumbnailUrl":"https:\/\/news.canadamotorjobs.com\/wp-content\/uploads\/2024\/06\/TVPCNA2024056_PR_MACAN_CHARGEPOINT_PRESS_RELEASE-1-2.jpg","articleSection":["Annuel automobile"],"inLanguage":"fr-CA"},{"@type":"WebPage","@id":"https:\/\/news.canadamotorjobs.com\/fr\/porsche-canada-integrera-chargepoint-au-service-de-recharge-porsche\/","url":"https:\/\/news.canadamotorjobs.com\/fr\/porsche-canada-integrera-chargepoint-au-service-de-recharge-porsche\/","name":"Porsche Canada int\u00e9grera ChargePoint au service de recharge Porsche - CanadaMotorJobs.com","isPartOf":{"@id":"https:\/\/news.canadamotorjobs.com\/#website"},"primaryImageOfPage":{"@id":"https:\/\/news.canadamotorjobs.com\/fr\/porsche-canada-integrera-chargepoint-au-service-de-recharge-porsche\/#primaryimage"},"image":{"@id":"https:\/\/news.canadamotorjobs.com\/fr\/porsche-canada-integrera-chargepoint-au-service-de-recharge-porsche\/#primaryimage"},"thumbnailUrl":"https:\/\/news.canadamotorjobs.com\/wp-content\/uploads\/2024\/06\/TVPCNA2024056_PR_MACAN_CHARGEPOINT_PRESS_RELEASE-1-2.jpg","datePublished":"2024-06-14T12:18:51+00:00","dateModified":"2024-06-14T12:28:59+00:00","description":"Porsche Canada int\u00e9grera ChargePoint au service de recharge Porsche - Benoit Charette - Annuel automobile - CanadaMotorJobs.com.","breadcrumb":{"@id":"https:\/\/news.canadamotorjobs.com\/fr\/porsche-canada-integrera-chargepoint-au-service-de-recharge-porsche\/#breadcrumb"},"inLanguage":"fr-CA","potentialAction":[{"@type":"ReadAction","target":["https:\/\/news.canadamotorjobs.com\/fr\/porsche-canada-integrera-chargepoint-au-service-de-recharge-porsche\/"]}]},{"@type":"ImageObject","inLanguage":"fr-CA","@id":"https:\/\/news.canadamotorjobs.com\/fr\/porsche-canada-integrera-chargepoint-au-service-de-recharge-porsche\/#primaryimage","url":"https:\/\/news.canadamotorjobs.com\/wp-content\/uploads\/2024\/06\/TVPCNA2024056_PR_MACAN_CHARGEPOINT_PRESS_RELEASE-1-2.jpg","contentUrl":"https:\/\/news.canadamotorjobs.com\/wp-content\/uploads\/2024\/06\/TVPCNA2024056_PR_MACAN_CHARGEPOINT_PRESS_RELEASE-1-2.jpg","width":1935,"height":1089},{"@type":"BreadcrumbList","@id":"https:\/\/news.canadamotorjobs.com\/fr\/porsche-canada-integrera-chargepoint-au-service-de-recharge-porsche\/#breadcrumb","itemListElement":[{"@type":"ListItem","position":1,"name":"Home","item":"https:\/\/news.canadamotorjobs.com\/fr\/blog\/"},{"@type":"ListItem","position":2,"name":"Porsche Canada int\u00e9grera ChargePoint au service de recharge Porsche"}]},{"@type":"WebSite","@id":"https:\/\/news.canadamotorjobs.com\/#website","url":"https:\/\/news.canadamotorjobs.com\/","name":"CanadaMotorJobs.com","description":"Automotive Jobs","publisher":{"@id":"https:\/\/news.canadamotorjobs.com\/#organization"},"potentialAction":[{"@type":"SearchAction","target":{"@type":"EntryPoint","urlTemplate":"https:\/\/news.canadamotorjobs.com\/?s={search_term_string}"},"query-input":"required name=search_term_string"}],"inLanguage":"fr-CA"},{"@type":"Organization","@id":"https:\/\/news.canadamotorjobs.com\/#organization","name":"Canada Motor Jobs","url":"https:\/\/news.canadamotorjobs.com\/","logo":{"@type":"ImageObject","inLanguage":"fr-CA","@id":"https:\/\/news.canadamotorjobs.com\/#\/schema\/logo\/image\/","url":"https:\/\/news.canadamotorjobs.com\/wp-content\/uploads\/2022\/10\/logo-canada-motor-jobs-1.png","contentUrl":"https:\/\/news.canadamotorjobs.com\/wp-content\/uploads\/2022\/10\/logo-canada-motor-jobs-1.png","width":800,"height":400,"caption":"Canada Motor Jobs"},"image":{"@id":"https:\/\/news.canadamotorjobs.com\/#\/schema\/logo\/image\/"},"sameAs":["https:\/\/www.facebook.com\/canadamotorjobs\/","https:\/\/x.com\/canadamotorjobs","https:\/\/www.instagram.com\/canadamotorjobs\/","https:\/\/www.linkedin.com\/company\/canadamotorjobs"]},{"@type":"Person","@id":"https:\/\/news.canadamotorjobs.com\/#\/schema\/person\/51793d1f87d44011d7bcc2ed99269a90","name":"Benoit Charette","image":{"@type":"ImageObject","inLanguage":"fr-CA","@id":"https:\/\/news.canadamotorjobs.com\/#\/schema\/person\/image\/","url":"https:\/\/secure.gravatar.com\/avatar\/45f3d2eebcccd909668d7ce7ea7267b6?s=96&d=mm&r=g","contentUrl":"https:\/\/secure.gravatar.com\/avatar\/45f3d2eebcccd909668d7ce7ea7267b6?s=96&d=mm&r=g","caption":"Benoit Charette"},"description":"Benoit Charette \/ Propri\u00e9taire et r\u00e9dacteur en chef Benoit Charette pratique le journalisme automobile depuis bient\u00f4t 30 ans. Il a fait ses classes au c\u00f4t\u00e9 de Daniel H\u00e9raud et au Carnet de route de 1992 \u00e0 2001. Il est fondateur, copropri\u00e9taire et r\u00e9dacteur en chef de L\u2019Annuel de l\u2019automobile, qu\u2019il publie depuis 2001. Il a anim\u00e9 les \u00e9missions RPM et RPM+ sur V et les L\u00e9gendes de la route sur Historia. \u00c0 la radio depuis 1986, il reprend l\u2019antenne cette ann\u00e9e sur les ondes de Cogeco et participe pour la deuxi\u00e8me ann\u00e9e \u00e0 l\u2019\u00e9mission Passion Auto sur RDS en plus de mettre en ligne le site Web officiel de L\u2019Annuel de l\u2019automobile sur annuelauto.ca.","sameAs":["https:\/\/annuelauto.ca\/"],"url":"https:\/\/news.canadamotorjobs.com\/fr\/author\/benoit-charette\/"}]}},"_links":{"self":[{"href":"https:\/\/news.canadamotorjobs.com\/fr\/wp-json\/wp\/v2\/posts\/167152"}],"collection":[{"href":"https:\/\/news.canadamotorjobs.com\/fr\/wp-json\/wp\/v2\/posts"}],"about":[{"href":"https:\/\/news.canadamotorjobs.com\/fr\/wp-json\/wp\/v2\/types\/post"}],"author":[{"embeddable":true,"href":"https:\/\/news.canadamotorjobs.com\/fr\/wp-json\/wp\/v2\/users\/8"}],"replies":[{"embeddable":true,"href":"https:\/\/news.canadamotorjobs.com\/fr\/wp-json\/wp\/v2\/comments?post=167152"}],"version-history":[{"count":2,"href":"https:\/\/news.canadamotorjobs.com\/fr\/wp-json\/wp\/v2\/posts\/167152\/revisions"}],"predecessor-version":[{"id":167156,"href":"https:\/\/news.canadamotorjobs.com\/fr\/wp-json\/wp\/v2\/posts\/167152\/revisions\/167156"}],"wp:featuredmedia":[{"embeddable":true,"href":"https:\/\/news.canadamotorjobs.com\/fr\/wp-json\/wp\/v2\/media\/167154"}],"wp:attachment":[{"href":"https:\/\/news.canadamotorjobs.com\/fr\/wp-json\/wp\/v2\/media?parent=167152"}],"wp:term":[{"taxonomy":"category","embeddable":true,"href":"https:\/\/news.canadamotorjobs.com\/fr\/wp-json\/wp\/v2\/categories?post=167152"},{"taxonomy":"post_tag","embeddable":true,"href":"https:\/\/news.canadamotorjobs.com\/fr\/wp-json\/wp\/v2\/tags?post=167152"}],"curies":[{"name":"wp","href":"https:\/\/api.w.org\/{rel}","templated":true}]}}