{"id":167129,"date":"2024-06-14T08:03:33","date_gmt":"2024-06-14T12:03:33","guid":{"rendered":"https:\/\/news.canadamotorjobs.com\/?p=167129"},"modified":"2024-06-14T08:16:34","modified_gmt":"2024-06-14T12:16:34","slug":"volkswagen-de-grands-changements-a-venir-pour-la-gamme-2025","status":"publish","type":"post","link":"https:\/\/news.canadamotorjobs.com\/fr\/volkswagen-de-grands-changements-a-venir-pour-la-gamme-2025\/","title":{"rendered":"Volkswagen : De grands changements \u00e0 venir pour la gamme 2025"},"content":{"rendered":"<\/p>\n<p>Volkswagen pr\u00e9pare une s\u00e9rie de mises \u00e0 jour pour sa gamme 2025, incluant les mod\u00e8les Jetta, Tiguan, Golf GTI, Taos et Golf R. Ces changements, attendus pour fin 2024 ou d\u00e9but 2025, marquent une \u00e9tape cl\u00e9 pour la marque allemande. Cette initiative suit de pr\u00e8s l&#8217;introduction de l&#8217;ID. Buzz sur le march\u00e9 am\u00e9ricain et intervient apr\u00e8s le report de la berline \u00e9lectrique ID.7 pour une dur\u00e9e ind\u00e9termin\u00e9e. Les cinq mod\u00e8les en question ont \u00e9t\u00e9 r\u00e9guli\u00e8rement aper\u00e7us lors de tests ces derniers mois, suscitant une grande attente chez les amateurs de la marque.<\/p>\n<h3>Nouvelles versions attendues d\u00e8s fin 2024<\/h3>\n<p><\/p>\n<h3><strong>Une gamme enrichie et modernis\u00e9e<\/strong><\/h3>\n<p>\nLes nouvelles versions de la Jetta, Tiguan, Golf GTI, Taos et Golf R devraient arriver sur le march\u00e9 entre la fin 2024 et le d\u00e9but 2025, rejoignant ainsi une gamme d\u00e9j\u00e0 enrichie par l&#8217;Atlas et l&#8217;ID.4, tous deux ayant b\u00e9n\u00e9fici\u00e9 de mises \u00e0 jour importantes en 2024. Ces modifications ont permis de r\u00e9soudre de nombreux probl\u00e8mes pr\u00e9c\u00e9demment identifi\u00e9s. Volkswagen vise \u00e0 apporter des am\u00e9liorations notables \u00e0 ces mod\u00e8les, renfor\u00e7ant ainsi son offre sur le march\u00e9 nord-am\u00e9ricain.<\/p>\n<h3>Changements majeurs pour la Jetta et le Taos<\/h3>\n<p><\/p>\n<h3><strong>Un look renouvel\u00e9 et des technologies modernis\u00e9es<\/strong><\/h3>\n<p>\nPour la Jetta, Volkswagen pr\u00e9voit une l\u00e9g\u00e8re augmentation de la taille, visant \u00e0 combler le vide laiss\u00e9 par l&#8217;absence d&#8217;autres berlines dans sa gamme. La Jetta b\u00e9n\u00e9ficiera d&#8217;un design ext\u00e9rieur revisit\u00e9, avec des attentes \u00e9lev\u00e9es quant \u00e0 l&#8217;am\u00e9lioration de l&#8217;infodivertissement \u00e0 l&#8217;int\u00e9rieur, en ligne avec les grandes mises \u00e0 jour observ\u00e9es sur d&#8217;autres mod\u00e8les tels que la GTI.<\/p>\n<p>Le Taos, quant \u00e0 lui, recevra un rafra\u00eechissement significatif pr\u00e9vu pour le troisi\u00e8me trimestre de cette ann\u00e9e. Les mises \u00e0 jour incluront des am\u00e9liorations esth\u00e9tiques et technologiques similaires \u00e0 celles de la Jetta. Cependant, le v\u00e9ritable changement est attendu pour le Tiguan, qui b\u00e9n\u00e9ficiera d&#8217;une nouvelle g\u00e9n\u00e9ration inspir\u00e9e du VW Tayron chinois pour 2025. Cette nouvelle version promet une am\u00e9lioration majeure par rapport au mod\u00e8le actuel, avec une possible int\u00e9gration du groupe motopropulseur PHEV europ\u00e9en offrant jusqu&#8217;\u00e0 100 km d&#8217;autonomie en mode \u00e9lectrique.<\/p>\n<h3>R\u00e9volution dans les performances : la fin de la bo\u00eete manuelle pour la GTI<\/h3>\n<p><\/p>\n<h3><strong>Des moteurs plus puissants et des \u00e9ditions sp\u00e9ciales<\/strong><\/h3>\n<p>\nLe changement le plus marquant pour 2025 concerne la Golf GTI, qui abandonne pour la premi\u00e8re fois sa bo\u00eete manuelle, malgr\u00e9 des am\u00e9liorations dans presque tous les autres aspects. Pour compenser cette perte, Volkswagen lance un mod\u00e8le GTI Clubsport de 296 chevaux pour c\u00e9l\u00e9brer le 50e anniversaire de la GTI. Cette \u00e9dition sp\u00e9ciale, l&#8217;une des GTI les plus puissantes jamais fabriqu\u00e9es, ne sera malheureusement pas disponible aux \u00c9tats-Unis, laissant les fans am\u00e9ricains quelque peu d\u00e9\u00e7us.<\/p>\n<p>La Golf R, quant \u00e0 elle, deviendra la plus puissante de l&#8217;histoire de la marque, avec une puissance annonc\u00e9e de 328 chevaux pour ce mod\u00e8le \u00e0 traction int\u00e9grale. On esp\u00e8re que cette version \u00e9galera le couple de 420 Nm offert par la Golf R 333, introduite l&#8217;ann\u00e9e derni\u00e8re. M\u00eame si ce n&#8217;est pas le cas, elle devrait tout de m\u00eame surpasser des concurrentes comme la Corolla GR et la Subaru WRX. Il est \u00e9galement possible que Volkswagen lance une \u00e9dition limit\u00e9e Clubsport avant que la Golf R ne devienne \u00e9lectrique, mais cela d\u00e9pendra des d\u00e9cisions finales des designers de la marque.<\/p>\n<p>\u00a0<\/p>\n<p>Avec des renseignements de Carbuzz<\/p>\n<p>\u00a0<\/p>\n<p>Le texte <a rel=\"nofollow\" href=\"https:\/\/annuelauto.ca\/volkswagen-de-grands-changements-a-venir-pour-la-gamme-2025\/\">Volkswagen : De grands changements \u00e0 venir pour la gamme 2025<\/a> provient de <a rel=\"nofollow\" href=\"https:\/\/annuelauto.ca\">L&#8217;annuel de l&#8217;automobile &#8211; Actualit\u00e9 automobile<\/a><\/p>\n<p><\/p>\n","protected":false},"excerpt":{"rendered":"<p>Volkswagen pr\u00e9pare une s\u00e9rie de mises \u00e0 jour pour sa gamme 2025, incluant les mod\u00e8les Jetta, Tiguan, Golf GTI, Taos et Golf R. Ces changements, attendus pour fin 2024 ou d\u00e9but 2025, marquent une \u00e9tape cl\u00e9 pour la marque allemande. Cette initiative suit de pr\u00e8s l&#8217;introduction de l&#8217;ID. Buzz sur le march\u00e9 am\u00e9ricain et intervient [&hellip;]<\/p>\n","protected":false},"author":8,"featured_media":167131,"comment_status":"close","ping_status":"closed","sticky":false,"template":"","format":"standard","meta":{"_monsterinsights_skip_tracking":false,"_monsterinsights_sitenote_active":false,"_monsterinsights_sitenote_note":"","_monsterinsights_sitenote_category":0,"footnotes":""},"categories":[101],"tags":[],"yoast_head":"<!-- This site is optimized with the Yoast SEO plugin v23.2 - https:\/\/yoast.com\/wordpress\/plugins\/seo\/ -->\n<title>Volkswagen : De grands changements \u00e0 venir pour la gamme 2025 - CanadaMotorJobs.com<\/title>\n<meta name=\"description\" content=\"Volkswagen : De grands changements \u00e0 venir pour la gamme 2025 - Benoit Charette - Annuel automobile - CanadaMotorJobs.com.\" \/>\n<meta name=\"robots\" content=\"index, follow, max-snippet:-1, max-image-preview:large, max-video-preview:-1\" \/>\n<meta property=\"og:locale\" content=\"fr_CA\" \/>\n<meta property=\"og:type\" content=\"article\" \/>\n<meta property=\"og:title\" content=\"Volkswagen : De grands changements \u00e0 venir pour la gamme 2025 - CanadaMotorJobs.com\" \/>\n<meta property=\"og:description\" content=\"Volkswagen : De grands changements \u00e0 venir pour la gamme 2025 - Benoit Charette - Annuel automobile - CanadaMotorJobs.com.\" \/>\n<meta property=\"og:url\" content=\"https:\/\/news.canadamotorjobs.com\/fr\/volkswagen-de-grands-changements-a-venir-pour-la-gamme-2025\/\" \/>\n<meta property=\"og:site_name\" content=\"CanadaMotorJobs.com\" \/>\n<meta property=\"article:publisher\" content=\"https:\/\/www.facebook.com\/canadamotorjobs\/\" \/>\n<meta property=\"article:published_time\" content=\"2024-06-14T12:03:33+00:00\" \/>\n<meta property=\"article:modified_time\" content=\"2024-06-14T12:16:34+00:00\" \/>\n<meta property=\"og:image\" content=\"https:\/\/news.canadamotorjobs.com\/wp-content\/uploads\/2024\/06\/logo-story-volkswagen.jpg\" \/>\n\t<meta property=\"og:image:width\" content=\"1280\" \/>\n\t<meta property=\"og:image:height\" content=\"720\" \/>\n\t<meta property=\"og:image:type\" content=\"image\/jpeg\" \/>\n<meta name=\"author\" content=\"Benoit Charette\" \/>\n<meta name=\"twitter:card\" content=\"summary_large_image\" \/>\n<meta name=\"twitter:creator\" content=\"@canadamotorjobs\" \/>\n<meta name=\"twitter:site\" content=\"@canadamotorjobs\" \/>\n<meta name=\"twitter:label1\" content=\"\u00c9crit par\" \/>\n\t<meta name=\"twitter:data1\" content=\"Benoit Charette\" \/>\n\t<meta name=\"twitter:label2\" content=\"Estimation du temps de lecture\" \/>\n\t<meta name=\"twitter:data2\" content=\"3 minutes\" \/>\n<!-- \/ Yoast SEO plugin. -->","yoast_head_json":{"title":"Volkswagen : De grands changements \u00e0 venir pour la gamme 2025 - CanadaMotorJobs.com","description":"Volkswagen : De grands changements \u00e0 venir pour la gamme 2025 - Benoit Charette - Annuel automobile - CanadaMotorJobs.com.","robots":{"index":"index","follow":"follow","max-snippet":"max-snippet:-1","max-image-preview":"max-image-preview:large","max-video-preview":"max-video-preview:-1"},"og_locale":"fr_CA","og_type":"article","og_title":"Volkswagen : De grands changements \u00e0 venir pour la gamme 2025 - CanadaMotorJobs.com","og_description":"Volkswagen : De grands changements \u00e0 venir pour la gamme 2025 - Benoit Charette - Annuel automobile - CanadaMotorJobs.com.","og_url":"https:\/\/news.canadamotorjobs.com\/fr\/volkswagen-de-grands-changements-a-venir-pour-la-gamme-2025\/","og_site_name":"CanadaMotorJobs.com","article_publisher":"https:\/\/www.facebook.com\/canadamotorjobs\/","article_published_time":"2024-06-14T12:03:33+00:00","article_modified_time":"2024-06-14T12:16:34+00:00","og_image":[{"width":1280,"height":720,"url":"https:\/\/news.canadamotorjobs.com\/wp-content\/uploads\/2024\/06\/logo-story-volkswagen.jpg","type":"image\/jpeg"}],"author":"Benoit Charette","twitter_card":"summary_large_image","twitter_creator":"@canadamotorjobs","twitter_site":"@canadamotorjobs","twitter_misc":{"\u00c9crit par":"Benoit Charette","Estimation du temps de lecture":"3 minutes"},"schema":{"@context":"https:\/\/schema.org","@graph":[{"@type":"Article","@id":"https:\/\/news.canadamotorjobs.com\/fr\/volkswagen-de-grands-changements-a-venir-pour-la-gamme-2025\/#article","isPartOf":{"@id":"https:\/\/news.canadamotorjobs.com\/fr\/volkswagen-de-grands-changements-a-venir-pour-la-gamme-2025\/"},"author":{"name":"Benoit Charette","@id":"https:\/\/news.canadamotorjobs.com\/#\/schema\/person\/51793d1f87d44011d7bcc2ed99269a90"},"headline":"Volkswagen : De grands changements \u00e0 venir pour la gamme 2025","datePublished":"2024-06-14T12:03:33+00:00","dateModified":"2024-06-14T12:16:34+00:00","mainEntityOfPage":{"@id":"https:\/\/news.canadamotorjobs.com\/fr\/volkswagen-de-grands-changements-a-venir-pour-la-gamme-2025\/"},"wordCount":636,"publisher":{"@id":"https:\/\/news.canadamotorjobs.com\/#organization"},"image":{"@id":"https:\/\/news.canadamotorjobs.com\/fr\/volkswagen-de-grands-changements-a-venir-pour-la-gamme-2025\/#primaryimage"},"thumbnailUrl":"https:\/\/news.canadamotorjobs.com\/wp-content\/uploads\/2024\/06\/logo-story-volkswagen.jpg","articleSection":["Annuel automobile"],"inLanguage":"fr-CA"},{"@type":"WebPage","@id":"https:\/\/news.canadamotorjobs.com\/fr\/volkswagen-de-grands-changements-a-venir-pour-la-gamme-2025\/","url":"https:\/\/news.canadamotorjobs.com\/fr\/volkswagen-de-grands-changements-a-venir-pour-la-gamme-2025\/","name":"Volkswagen : De grands changements \u00e0 venir pour la gamme 2025 - CanadaMotorJobs.com","isPartOf":{"@id":"https:\/\/news.canadamotorjobs.com\/#website"},"primaryImageOfPage":{"@id":"https:\/\/news.canadamotorjobs.com\/fr\/volkswagen-de-grands-changements-a-venir-pour-la-gamme-2025\/#primaryimage"},"image":{"@id":"https:\/\/news.canadamotorjobs.com\/fr\/volkswagen-de-grands-changements-a-venir-pour-la-gamme-2025\/#primaryimage"},"thumbnailUrl":"https:\/\/news.canadamotorjobs.com\/wp-content\/uploads\/2024\/06\/logo-story-volkswagen.jpg","datePublished":"2024-06-14T12:03:33+00:00","dateModified":"2024-06-14T12:16:34+00:00","description":"Volkswagen : De grands changements \u00e0 venir pour la gamme 2025 - Benoit Charette - Annuel automobile - CanadaMotorJobs.com.","breadcrumb":{"@id":"https:\/\/news.canadamotorjobs.com\/fr\/volkswagen-de-grands-changements-a-venir-pour-la-gamme-2025\/#breadcrumb"},"inLanguage":"fr-CA","potentialAction":[{"@type":"ReadAction","target":["https:\/\/news.canadamotorjobs.com\/fr\/volkswagen-de-grands-changements-a-venir-pour-la-gamme-2025\/"]}]},{"@type":"ImageObject","inLanguage":"fr-CA","@id":"https:\/\/news.canadamotorjobs.com\/fr\/volkswagen-de-grands-changements-a-venir-pour-la-gamme-2025\/#primaryimage","url":"https:\/\/news.canadamotorjobs.com\/wp-content\/uploads\/2024\/06\/logo-story-volkswagen.jpg","contentUrl":"https:\/\/news.canadamotorjobs.com\/wp-content\/uploads\/2024\/06\/logo-story-volkswagen.jpg","width":1280,"height":720},{"@type":"BreadcrumbList","@id":"https:\/\/news.canadamotorjobs.com\/fr\/volkswagen-de-grands-changements-a-venir-pour-la-gamme-2025\/#breadcrumb","itemListElement":[{"@type":"ListItem","position":1,"name":"Home","item":"https:\/\/news.canadamotorjobs.com\/fr\/blog\/"},{"@type":"ListItem","position":2,"name":"Volkswagen : De grands changements \u00e0 venir pour la gamme 2025"}]},{"@type":"WebSite","@id":"https:\/\/news.canadamotorjobs.com\/#website","url":"https:\/\/news.canadamotorjobs.com\/","name":"CanadaMotorJobs.com","description":"Automotive Jobs","publisher":{"@id":"https:\/\/news.canadamotorjobs.com\/#organization"},"potentialAction":[{"@type":"SearchAction","target":{"@type":"EntryPoint","urlTemplate":"https:\/\/news.canadamotorjobs.com\/?s={search_term_string}"},"query-input":"required name=search_term_string"}],"inLanguage":"fr-CA"},{"@type":"Organization","@id":"https:\/\/news.canadamotorjobs.com\/#organization","name":"Canada Motor Jobs","url":"https:\/\/news.canadamotorjobs.com\/","logo":{"@type":"ImageObject","inLanguage":"fr-CA","@id":"https:\/\/news.canadamotorjobs.com\/#\/schema\/logo\/image\/","url":"https:\/\/news.canadamotorjobs.com\/wp-content\/uploads\/2022\/10\/logo-canada-motor-jobs-1.png","contentUrl":"https:\/\/news.canadamotorjobs.com\/wp-content\/uploads\/2022\/10\/logo-canada-motor-jobs-1.png","width":800,"height":400,"caption":"Canada Motor Jobs"},"image":{"@id":"https:\/\/news.canadamotorjobs.com\/#\/schema\/logo\/image\/"},"sameAs":["https:\/\/www.facebook.com\/canadamotorjobs\/","https:\/\/x.com\/canadamotorjobs","https:\/\/www.instagram.com\/canadamotorjobs\/","https:\/\/www.linkedin.com\/company\/canadamotorjobs"]},{"@type":"Person","@id":"https:\/\/news.canadamotorjobs.com\/#\/schema\/person\/51793d1f87d44011d7bcc2ed99269a90","name":"Benoit Charette","image":{"@type":"ImageObject","inLanguage":"fr-CA","@id":"https:\/\/news.canadamotorjobs.com\/#\/schema\/person\/image\/","url":"https:\/\/secure.gravatar.com\/avatar\/45f3d2eebcccd909668d7ce7ea7267b6?s=96&d=mm&r=g","contentUrl":"https:\/\/secure.gravatar.com\/avatar\/45f3d2eebcccd909668d7ce7ea7267b6?s=96&d=mm&r=g","caption":"Benoit Charette"},"description":"Benoit Charette \/ Propri\u00e9taire et r\u00e9dacteur en chef Benoit Charette pratique le journalisme automobile depuis bient\u00f4t 30 ans. Il a fait ses classes au c\u00f4t\u00e9 de Daniel H\u00e9raud et au Carnet de route de 1992 \u00e0 2001. Il est fondateur, copropri\u00e9taire et r\u00e9dacteur en chef de L\u2019Annuel de l\u2019automobile, qu\u2019il publie depuis 2001. Il a anim\u00e9 les \u00e9missions RPM et RPM+ sur V et les L\u00e9gendes de la route sur Historia. \u00c0 la radio depuis 1986, il reprend l\u2019antenne cette ann\u00e9e sur les ondes de Cogeco et participe pour la deuxi\u00e8me ann\u00e9e \u00e0 l\u2019\u00e9mission Passion Auto sur RDS en plus de mettre en ligne le site Web officiel de L\u2019Annuel de l\u2019automobile sur annuelauto.ca.","sameAs":["https:\/\/annuelauto.ca\/"],"url":"https:\/\/news.canadamotorjobs.com\/fr\/author\/benoit-charette\/"}]}},"_links":{"self":[{"href":"https:\/\/news.canadamotorjobs.com\/fr\/wp-json\/wp\/v2\/posts\/167129"}],"collection":[{"href":"https:\/\/news.canadamotorjobs.com\/fr\/wp-json\/wp\/v2\/posts"}],"about":[{"href":"https:\/\/news.canadamotorjobs.com\/fr\/wp-json\/wp\/v2\/types\/post"}],"author":[{"embeddable":true,"href":"https:\/\/news.canadamotorjobs.com\/fr\/wp-json\/wp\/v2\/users\/8"}],"replies":[{"embeddable":true,"href":"https:\/\/news.canadamotorjobs.com\/fr\/wp-json\/wp\/v2\/comments?post=167129"}],"version-history":[{"count":2,"href":"https:\/\/news.canadamotorjobs.com\/fr\/wp-json\/wp\/v2\/posts\/167129\/revisions"}],"predecessor-version":[{"id":167133,"href":"https:\/\/news.canadamotorjobs.com\/fr\/wp-json\/wp\/v2\/posts\/167129\/revisions\/167133"}],"wp:featuredmedia":[{"embeddable":true,"href":"https:\/\/news.canadamotorjobs.com\/fr\/wp-json\/wp\/v2\/media\/167131"}],"wp:attachment":[{"href":"https:\/\/news.canadamotorjobs.com\/fr\/wp-json\/wp\/v2\/media?parent=167129"}],"wp:term":[{"taxonomy":"category","embeddable":true,"href":"https:\/\/news.canadamotorjobs.com\/fr\/wp-json\/wp\/v2\/categories?post=167129"},{"taxonomy":"post_tag","embeddable":true,"href":"https:\/\/news.canadamotorjobs.com\/fr\/wp-json\/wp\/v2\/tags?post=167129"}],"curies":[{"name":"wp","href":"https:\/\/api.w.org\/{rel}","templated":true}]}}