{"id":167110,"date":"2024-06-14T07:48:24","date_gmt":"2024-06-14T11:48:24","guid":{"rendered":"https:\/\/news.canadamotorjobs.com\/?p=167110"},"modified":"2024-06-14T07:59:33","modified_gmt":"2024-06-14T11:59:33","slug":"jeep-prevoit-un-renegade-electrique-a-moins-de-25-000-us-pour-2027","status":"publish","type":"post","link":"https:\/\/news.canadamotorjobs.com\/fr\/jeep-prevoit-un-renegade-electrique-a-moins-de-25-000-us-pour-2027\/","title":{"rendered":"Jeep pr\u00e9voit un Renegade \u00e9lectrique \u00e0 moins de 25 000 $ US pour 2027"},"content":{"rendered":"<\/p>\n<p>Jeep a annonc\u00e9 son intention de lancer une version \u00e9lectrique de son VUS sous-compact Renegade, \u00e0 un prix inf\u00e9rieur \u00e0 25 000 $ US, d&#8217;ici 2027. Cette initiative s&#8217;inscrit dans une strat\u00e9gie plus large visant \u00e0 augmenter ses ventes mondiales de 50 % par rapport \u00e0 l&#8217;ann\u00e9e derni\u00e8re, en atteignant 1,5 million de v\u00e9hicules vendus.<\/p>\n<h3><strong>Produire plus dans des pays \u00e0 faible co\u00fbt<\/strong><\/h3>\n<p>\nPour atteindre cet objectif, Jeep pr\u00e9voit de concentrer plus de la moiti\u00e9 de sa production annuelle dans des pays \u00e0 faible co\u00fbt d&#8217;ici 2027, contre un tiers aujourd&#8217;hui. Cela fait partie d&#8217;un plan global annonc\u00e9 par le groupe Stellantis, lors d&#8217;une journ\u00e9e d\u00e9di\u00e9e aux investisseurs \u00e0 Auburn Hills, au Michigan.<\/p>\n<h3><strong>La Renegade \u00e9lectrique et d&#8217;autres mod\u00e8les \u00e0 venir<\/strong><\/h3>\n<p>\nLa Renegade \u00e9lectrique, qui devrait \u00eatre lanc\u00e9e autour de 2027, viendra compl\u00e9ter une gamme de 13 mod\u00e8les hybrides et \u00e9lectriques que Jeep pr\u00e9voit d&#8217;introduire. Ce v\u00e9hicule s&#8217;inscrit dans la volont\u00e9 de la marque de couvrir 85 % du march\u00e9 nord-am\u00e9ricain, contre 45 % actuellement. En 2025, un autre mod\u00e8le, potentiellement sous le nom Cherokee, pourrait \u00e9galement faire son apparition.<\/p>\n<p><strong>Carlos Tavares, PDG de Stellantis, a qualifi\u00e9 le prix de 25 000 $ de \u00ab point id\u00e9al \u00bb pour les v\u00e9hicules \u00e9lectriques abordables.<\/strong><\/p>\n<h3>Mise \u00e0 jour sur Chrysler : Trois nouveaux produits en route<\/h3>\n<p><\/p>\n<h3><strong>Un avenir \u00e9lectrique pour Chrysler<\/strong><\/h3>\n<p>\nContrairement \u00e0 Jeep, Chrysler, qui ne propose actuellement que le minivan Pacifica apr\u00e8s avoir arr\u00eat\u00e9 la production de la Chrysler 300 en d\u00e9cembre, se pr\u00e9pare \u00e0 un avenir tout \u00e9lectrique. Trois nouveaux produits sont pr\u00e9vus pour les ann\u00e9es \u00e0 venir, avec une premi\u00e8re voiture \u00e9lectrique d\u00e8s 2025. L&#8217;avenir de la marque sera \u00e9valu\u00e9 en fonction de la r\u00e9ception de ces nouveaux mod\u00e8les par les consommateurs.<\/p>\n<p><strong>Chrysler doit avancer \u00ab pas \u00e0 pas \u00bb selon Tavares, avec une \u00e9lectrification totale pr\u00e9vue pour 2028.<\/strong><\/p>\n<h3>D\u00e9fis aux \u00c9tats-Unis pour Stellantis<\/h3>\n<p>\n<strong>Une baisse des ventes et des inefficacit\u00e9s \u00e0 r\u00e9soudre<\/strong><\/p>\n<p>En 2023, les ventes de Stellantis aux \u00c9tats-Unis ont diminu\u00e9 de 1,3 %. Carlos Tavares a \u00e9voqu\u00e9 des conditions de march\u00e9 difficiles et un exc\u00e8s d&#8217;inventaire comme causes principales. Il a \u00e9galement soulign\u00e9 des inefficacit\u00e9s dans certaines usines, n\u00e9cessitant une \u00ab transformation significative \u00bb pour au moins deux d&#8217;entre elles.<\/p>\n<p><strong>Les n\u00e9gociations avec le syndicat United Auto Workers ont \u00e9galement occup\u00e9 une grande partie de l&#8217;ann\u00e9e, retardant la prise de mesures correctives.<\/strong><\/p>\n<h3>La concurrence chinoise : une pr\u00e9paration offensive<\/h3>\n<p><\/p>\n<h3><strong>Un march\u00e9 mondial de plus en plus comp\u00e9titif<\/strong><\/h3>\n<p>\nFace \u00e0 la concurrence croissante des constructeurs chinois comme BYD et Chery, Tavares a affirm\u00e9 que Stellantis se concentrerait sur la r\u00e9duction des co\u00fbts plut\u00f4t que sur une strat\u00e9gie d\u00e9fensive reposant sur des tarifs douaniers. Il a critiqu\u00e9 ces derniers, affirmant qu&#8217;ils masquaient le manque de comp\u00e9titivit\u00e9 des constructeurs europ\u00e9ens.<\/p>\n<p><strong>Stellantis, selon Tavares, continuera \u00e0 adopter une strat\u00e9gie \u00ab l\u00e9g\u00e8re en actifs \u00bb en Chine, en se concentrant sur l&#8217;exportation plut\u00f4t que la production locale.<\/strong><\/p>\n<h3>Le march\u00e9 europ\u00e9en : une nouvelle donne avec des tarifs sur les EV chinois<\/h3>\n<p><\/p>\n<h3><strong>L&#8217;Europe impose des droits de douane \u00e9lev\u00e9s<\/strong><\/h3>\n<p>\nLa journ\u00e9e des investisseurs de Stellantis s&#8217;est tenue apr\u00e8s l&#8217;annonce par l&#8217;Union europ\u00e9enne de l&#8217;imposition de droits de douane suppl\u00e9mentaires allant jusqu&#8217;\u00e0 38,1 % sur les v\u00e9hicules \u00e9lectriques import\u00e9s de Chine, \u00e0 partir de juillet. Cette d\u00e9cision suit de pr\u00e8s une augmentation des droits de douane par les \u00c9tats-Unis sur les EV chinois, pass\u00e9s \u00e0 100 %.<\/p>\n<p><strong>Tavares a r\u00e9affirm\u00e9 que Stellantis ne voulait pas \u00eatre d\u00e9fensive, mais plut\u00f4t proactive dans ce contexte de comp\u00e9tition accrue.<\/strong><\/p>\n<p>Avec des renseignements d&#8217;Automotive News<\/p>\n<p>\u00a0<\/p>\n<p>Le texte <a rel=\"nofollow\" href=\"https:\/\/annuelauto.ca\/jeep-prevoit-un-renegade-electrique-a-moins-de-25-000-us-pour-2027\/\">Jeep pr\u00e9voit un Renegade \u00e9lectrique \u00e0 moins de 25 000 $ US pour 2027<\/a> provient de <a rel=\"nofollow\" href=\"https:\/\/annuelauto.ca\">L&#8217;annuel de l&#8217;automobile &#8211; Actualit\u00e9 automobile<\/a><\/p>\n<p><\/p>\n","protected":false},"excerpt":{"rendered":"<p>Jeep a annonc\u00e9 son intention de lancer une version \u00e9lectrique de son VUS sous-compact Renegade, \u00e0 un prix inf\u00e9rieur \u00e0 25 000 $ US, d&#8217;ici 2027. Cette initiative s&#8217;inscrit dans une strat\u00e9gie plus large visant \u00e0 augmenter ses ventes mondiales de 50 % par rapport \u00e0 l&#8217;ann\u00e9e derni\u00e8re, en atteignant 1,5 million de v\u00e9hicules vendus. [&hellip;]<\/p>\n","protected":false},"author":8,"featured_media":167112,"comment_status":"close","ping_status":"closed","sticky":false,"template":"","format":"standard","meta":{"_monsterinsights_skip_tracking":false,"_monsterinsights_sitenote_active":false,"_monsterinsights_sitenote_note":"","_monsterinsights_sitenote_category":0,"footnotes":""},"categories":[101],"tags":[],"yoast_head":"<!-- This site is optimized with the Yoast SEO plugin v23.2 - https:\/\/yoast.com\/wordpress\/plugins\/seo\/ -->\n<title>Jeep pr\u00e9voit un Renegade \u00e9lectrique \u00e0 moins de 25 000 $ US pour 2027 - CanadaMotorJobs.com<\/title>\n<meta name=\"description\" content=\"Jeep pr\u00e9voit un Renegade \u00e9lectrique \u00e0 moins de 25 000 $ US pour 2027 - Benoit Charette - Annuel automobile - CanadaMotorJobs.com.\" \/>\n<meta name=\"robots\" content=\"index, follow, max-snippet:-1, max-image-preview:large, max-video-preview:-1\" \/>\n<meta property=\"og:locale\" content=\"fr_CA\" \/>\n<meta property=\"og:type\" content=\"article\" \/>\n<meta property=\"og:title\" content=\"Jeep pr\u00e9voit un Renegade \u00e9lectrique \u00e0 moins de 25 000 $ US pour 2027 - CanadaMotorJobs.com\" \/>\n<meta property=\"og:description\" content=\"Jeep pr\u00e9voit un Renegade \u00e9lectrique \u00e0 moins de 25 000 $ US pour 2027 - Benoit Charette - Annuel automobile - CanadaMotorJobs.com.\" \/>\n<meta property=\"og:url\" content=\"https:\/\/news.canadamotorjobs.com\/fr\/jeep-prevoit-un-renegade-electrique-a-moins-de-25-000-us-pour-2027\/\" \/>\n<meta property=\"og:site_name\" content=\"CanadaMotorJobs.com\" \/>\n<meta property=\"article:publisher\" content=\"https:\/\/www.facebook.com\/canadamotorjobs\/\" \/>\n<meta property=\"article:published_time\" content=\"2024-06-14T11:48:24+00:00\" \/>\n<meta property=\"article:modified_time\" content=\"2024-06-14T11:59:33+00:00\" \/>\n<meta property=\"og:image\" content=\"https:\/\/news.canadamotorjobs.com\/wp-content\/uploads\/2024\/06\/jee-ren-03.jpg\" \/>\n\t<meta property=\"og:image:width\" content=\"1024\" \/>\n\t<meta property=\"og:image:height\" content=\"683\" \/>\n\t<meta property=\"og:image:type\" content=\"image\/jpeg\" \/>\n<meta name=\"author\" content=\"Benoit Charette\" \/>\n<meta name=\"twitter:card\" content=\"summary_large_image\" \/>\n<meta name=\"twitter:creator\" content=\"@canadamotorjobs\" \/>\n<meta name=\"twitter:site\" content=\"@canadamotorjobs\" \/>\n<meta name=\"twitter:label1\" content=\"\u00c9crit par\" \/>\n\t<meta name=\"twitter:data1\" content=\"Benoit Charette\" \/>\n\t<meta name=\"twitter:label2\" content=\"Estimation du temps de lecture\" \/>\n\t<meta name=\"twitter:data2\" content=\"3 minutes\" \/>\n<!-- \/ Yoast SEO plugin. -->","yoast_head_json":{"title":"Jeep pr\u00e9voit un Renegade \u00e9lectrique \u00e0 moins de 25 000 $ US pour 2027 - CanadaMotorJobs.com","description":"Jeep pr\u00e9voit un Renegade \u00e9lectrique \u00e0 moins de 25 000 $ US pour 2027 - Benoit Charette - Annuel automobile - CanadaMotorJobs.com.","robots":{"index":"index","follow":"follow","max-snippet":"max-snippet:-1","max-image-preview":"max-image-preview:large","max-video-preview":"max-video-preview:-1"},"og_locale":"fr_CA","og_type":"article","og_title":"Jeep pr\u00e9voit un Renegade \u00e9lectrique \u00e0 moins de 25 000 $ US pour 2027 - CanadaMotorJobs.com","og_description":"Jeep pr\u00e9voit un Renegade \u00e9lectrique \u00e0 moins de 25 000 $ US pour 2027 - Benoit Charette - Annuel automobile - CanadaMotorJobs.com.","og_url":"https:\/\/news.canadamotorjobs.com\/fr\/jeep-prevoit-un-renegade-electrique-a-moins-de-25-000-us-pour-2027\/","og_site_name":"CanadaMotorJobs.com","article_publisher":"https:\/\/www.facebook.com\/canadamotorjobs\/","article_published_time":"2024-06-14T11:48:24+00:00","article_modified_time":"2024-06-14T11:59:33+00:00","og_image":[{"width":1024,"height":683,"url":"https:\/\/news.canadamotorjobs.com\/wp-content\/uploads\/2024\/06\/jee-ren-03.jpg","type":"image\/jpeg"}],"author":"Benoit Charette","twitter_card":"summary_large_image","twitter_creator":"@canadamotorjobs","twitter_site":"@canadamotorjobs","twitter_misc":{"\u00c9crit par":"Benoit Charette","Estimation du temps de lecture":"3 minutes"},"schema":{"@context":"https:\/\/schema.org","@graph":[{"@type":"Article","@id":"https:\/\/news.canadamotorjobs.com\/fr\/jeep-prevoit-un-renegade-electrique-a-moins-de-25-000-us-pour-2027\/#article","isPartOf":{"@id":"https:\/\/news.canadamotorjobs.com\/fr\/jeep-prevoit-un-renegade-electrique-a-moins-de-25-000-us-pour-2027\/"},"author":{"name":"Benoit Charette","@id":"https:\/\/news.canadamotorjobs.com\/#\/schema\/person\/51793d1f87d44011d7bcc2ed99269a90"},"headline":"Jeep pr\u00e9voit un Renegade \u00e9lectrique \u00e0 moins de 25 000 $ US pour 2027","datePublished":"2024-06-14T11:48:24+00:00","dateModified":"2024-06-14T11:59:33+00:00","mainEntityOfPage":{"@id":"https:\/\/news.canadamotorjobs.com\/fr\/jeep-prevoit-un-renegade-electrique-a-moins-de-25-000-us-pour-2027\/"},"wordCount":644,"publisher":{"@id":"https:\/\/news.canadamotorjobs.com\/#organization"},"image":{"@id":"https:\/\/news.canadamotorjobs.com\/fr\/jeep-prevoit-un-renegade-electrique-a-moins-de-25-000-us-pour-2027\/#primaryimage"},"thumbnailUrl":"https:\/\/news.canadamotorjobs.com\/wp-content\/uploads\/2024\/06\/jee-ren-03.jpg","articleSection":["Annuel automobile"],"inLanguage":"fr-CA"},{"@type":"WebPage","@id":"https:\/\/news.canadamotorjobs.com\/fr\/jeep-prevoit-un-renegade-electrique-a-moins-de-25-000-us-pour-2027\/","url":"https:\/\/news.canadamotorjobs.com\/fr\/jeep-prevoit-un-renegade-electrique-a-moins-de-25-000-us-pour-2027\/","name":"Jeep pr\u00e9voit un Renegade \u00e9lectrique \u00e0 moins de 25 000 $ US pour 2027 - CanadaMotorJobs.com","isPartOf":{"@id":"https:\/\/news.canadamotorjobs.com\/#website"},"primaryImageOfPage":{"@id":"https:\/\/news.canadamotorjobs.com\/fr\/jeep-prevoit-un-renegade-electrique-a-moins-de-25-000-us-pour-2027\/#primaryimage"},"image":{"@id":"https:\/\/news.canadamotorjobs.com\/fr\/jeep-prevoit-un-renegade-electrique-a-moins-de-25-000-us-pour-2027\/#primaryimage"},"thumbnailUrl":"https:\/\/news.canadamotorjobs.com\/wp-content\/uploads\/2024\/06\/jee-ren-03.jpg","datePublished":"2024-06-14T11:48:24+00:00","dateModified":"2024-06-14T11:59:33+00:00","description":"Jeep pr\u00e9voit un Renegade \u00e9lectrique \u00e0 moins de 25 000 $ US pour 2027 - Benoit Charette - Annuel automobile - CanadaMotorJobs.com.","breadcrumb":{"@id":"https:\/\/news.canadamotorjobs.com\/fr\/jeep-prevoit-un-renegade-electrique-a-moins-de-25-000-us-pour-2027\/#breadcrumb"},"inLanguage":"fr-CA","potentialAction":[{"@type":"ReadAction","target":["https:\/\/news.canadamotorjobs.com\/fr\/jeep-prevoit-un-renegade-electrique-a-moins-de-25-000-us-pour-2027\/"]}]},{"@type":"ImageObject","inLanguage":"fr-CA","@id":"https:\/\/news.canadamotorjobs.com\/fr\/jeep-prevoit-un-renegade-electrique-a-moins-de-25-000-us-pour-2027\/#primaryimage","url":"https:\/\/news.canadamotorjobs.com\/wp-content\/uploads\/2024\/06\/jee-ren-03.jpg","contentUrl":"https:\/\/news.canadamotorjobs.com\/wp-content\/uploads\/2024\/06\/jee-ren-03.jpg","width":1024,"height":683},{"@type":"BreadcrumbList","@id":"https:\/\/news.canadamotorjobs.com\/fr\/jeep-prevoit-un-renegade-electrique-a-moins-de-25-000-us-pour-2027\/#breadcrumb","itemListElement":[{"@type":"ListItem","position":1,"name":"Home","item":"https:\/\/news.canadamotorjobs.com\/fr\/blog\/"},{"@type":"ListItem","position":2,"name":"Jeep pr\u00e9voit un Renegade \u00e9lectrique \u00e0 moins de 25 000 $ US pour 2027"}]},{"@type":"WebSite","@id":"https:\/\/news.canadamotorjobs.com\/#website","url":"https:\/\/news.canadamotorjobs.com\/","name":"CanadaMotorJobs.com","description":"Automotive Jobs","publisher":{"@id":"https:\/\/news.canadamotorjobs.com\/#organization"},"potentialAction":[{"@type":"SearchAction","target":{"@type":"EntryPoint","urlTemplate":"https:\/\/news.canadamotorjobs.com\/?s={search_term_string}"},"query-input":"required name=search_term_string"}],"inLanguage":"fr-CA"},{"@type":"Organization","@id":"https:\/\/news.canadamotorjobs.com\/#organization","name":"Canada Motor Jobs","url":"https:\/\/news.canadamotorjobs.com\/","logo":{"@type":"ImageObject","inLanguage":"fr-CA","@id":"https:\/\/news.canadamotorjobs.com\/#\/schema\/logo\/image\/","url":"https:\/\/news.canadamotorjobs.com\/wp-content\/uploads\/2022\/10\/logo-canada-motor-jobs-1.png","contentUrl":"https:\/\/news.canadamotorjobs.com\/wp-content\/uploads\/2022\/10\/logo-canada-motor-jobs-1.png","width":800,"height":400,"caption":"Canada Motor Jobs"},"image":{"@id":"https:\/\/news.canadamotorjobs.com\/#\/schema\/logo\/image\/"},"sameAs":["https:\/\/www.facebook.com\/canadamotorjobs\/","https:\/\/x.com\/canadamotorjobs","https:\/\/www.instagram.com\/canadamotorjobs\/","https:\/\/www.linkedin.com\/company\/canadamotorjobs"]},{"@type":"Person","@id":"https:\/\/news.canadamotorjobs.com\/#\/schema\/person\/51793d1f87d44011d7bcc2ed99269a90","name":"Benoit Charette","image":{"@type":"ImageObject","inLanguage":"fr-CA","@id":"https:\/\/news.canadamotorjobs.com\/#\/schema\/person\/image\/","url":"https:\/\/secure.gravatar.com\/avatar\/45f3d2eebcccd909668d7ce7ea7267b6?s=96&d=mm&r=g","contentUrl":"https:\/\/secure.gravatar.com\/avatar\/45f3d2eebcccd909668d7ce7ea7267b6?s=96&d=mm&r=g","caption":"Benoit Charette"},"description":"Benoit Charette \/ Propri\u00e9taire et r\u00e9dacteur en chef Benoit Charette pratique le journalisme automobile depuis bient\u00f4t 30 ans. Il a fait ses classes au c\u00f4t\u00e9 de Daniel H\u00e9raud et au Carnet de route de 1992 \u00e0 2001. Il est fondateur, copropri\u00e9taire et r\u00e9dacteur en chef de L\u2019Annuel de l\u2019automobile, qu\u2019il publie depuis 2001. Il a anim\u00e9 les \u00e9missions RPM et RPM+ sur V et les L\u00e9gendes de la route sur Historia. \u00c0 la radio depuis 1986, il reprend l\u2019antenne cette ann\u00e9e sur les ondes de Cogeco et participe pour la deuxi\u00e8me ann\u00e9e \u00e0 l\u2019\u00e9mission Passion Auto sur RDS en plus de mettre en ligne le site Web officiel de L\u2019Annuel de l\u2019automobile sur annuelauto.ca.","sameAs":["https:\/\/annuelauto.ca\/"],"url":"https:\/\/news.canadamotorjobs.com\/fr\/author\/benoit-charette\/"}]}},"_links":{"self":[{"href":"https:\/\/news.canadamotorjobs.com\/fr\/wp-json\/wp\/v2\/posts\/167110"}],"collection":[{"href":"https:\/\/news.canadamotorjobs.com\/fr\/wp-json\/wp\/v2\/posts"}],"about":[{"href":"https:\/\/news.canadamotorjobs.com\/fr\/wp-json\/wp\/v2\/types\/post"}],"author":[{"embeddable":true,"href":"https:\/\/news.canadamotorjobs.com\/fr\/wp-json\/wp\/v2\/users\/8"}],"replies":[{"embeddable":true,"href":"https:\/\/news.canadamotorjobs.com\/fr\/wp-json\/wp\/v2\/comments?post=167110"}],"version-history":[{"count":2,"href":"https:\/\/news.canadamotorjobs.com\/fr\/wp-json\/wp\/v2\/posts\/167110\/revisions"}],"predecessor-version":[{"id":167114,"href":"https:\/\/news.canadamotorjobs.com\/fr\/wp-json\/wp\/v2\/posts\/167110\/revisions\/167114"}],"wp:featuredmedia":[{"embeddable":true,"href":"https:\/\/news.canadamotorjobs.com\/fr\/wp-json\/wp\/v2\/media\/167112"}],"wp:attachment":[{"href":"https:\/\/news.canadamotorjobs.com\/fr\/wp-json\/wp\/v2\/media?parent=167110"}],"wp:term":[{"taxonomy":"category","embeddable":true,"href":"https:\/\/news.canadamotorjobs.com\/fr\/wp-json\/wp\/v2\/categories?post=167110"},{"taxonomy":"post_tag","embeddable":true,"href":"https:\/\/news.canadamotorjobs.com\/fr\/wp-json\/wp\/v2\/tags?post=167110"}],"curies":[{"name":"wp","href":"https:\/\/api.w.org\/{rel}","templated":true}]}}