{"id":167041,"date":"2024-06-13T07:13:33","date_gmt":"2024-06-13T11:13:33","guid":{"rendered":"https:\/\/news.canadamotorjobs.com\/?p=167041"},"modified":"2024-06-13T07:14:13","modified_gmt":"2024-06-13T11:14:13","slug":"plus-de-40-des-acheteurs-de-vehicules-electriques-aux-etats-unis-envisagent-de-revenir-aux-moteurs-a-combustion","status":"publish","type":"post","link":"https:\/\/news.canadamotorjobs.com\/fr\/plus-de-40-des-acheteurs-de-vehicules-electriques-aux-etats-unis-envisagent-de-revenir-aux-moteurs-a-combustion\/","title":{"rendered":"Plus de 40 % des acheteurs de v\u00e9hicules \u00e9lectriques aux \u00c9tats-Unis envisagent de revenir aux moteurs \u00e0 combustion"},"content":{"rendered":"<\/p>\n<p>Un sondage men\u00e9 par le cabinet McKinsey &amp; Co. r\u00e9v\u00e8le que plus de 40 % des propri\u00e9taires de v\u00e9hicules \u00e9lectriques (V\u00c9S) aux \u00c9tats-Unis pourraient opter pour un v\u00e9hicule \u00e0 moteur \u00e0 combustion lors de leur prochain achat. Ce retour aux sources est principalement motiv\u00e9 par des pr\u00e9occupations li\u00e9es \u00e0 l&#8217;infrastructure de recharge et aux co\u00fbts \u00e9lev\u00e9s d&#8217;entretien des V\u00c9S.<\/p>\n<h3>L&#8217;infrastructure de recharge, une pierre d&#8217;achoppement majeure<\/h3>\n<p>\nSelon l&#8217;\u00e9tude, 29 % des propri\u00e9taires de V\u00c9S dans le monde envisagent de retourner aux moteurs \u00e0 combustion. Ce chiffre atteint 46 % aux \u00c9tats-Unis. La principale inqui\u00e9tude des consommateurs concerne l&#8217;inad\u00e9quation de l&#8217;infrastructure de recharge publique. En outre, les co\u00fbts \u00e9lev\u00e9s d&#8217;entretien et l&#8217;impact n\u00e9gatif sur les longs trajets sont \u00e9galement cit\u00e9s comme des freins \u00e0 l&#8217;adoption des V\u00c9S.<\/p>\n<h3>Un d\u00e9ploiement lent des bornes de recharge<\/h3>\n<p>\nLe d\u00e9ploiement des infrastructures de recharge aux \u00c9tats-Unis est encore limit\u00e9. Deux ans apr\u00e8s la cr\u00e9ation du programme national d&#8217;infrastructures pour v\u00e9hicules \u00e9lectriques (NEVI), seules huit stations sont op\u00e9rationnelles. \u00c0 la fin mai, seulement 23 \u00c9tats avaient commenc\u00e9 \u00e0 distribuer les financements issus des 5 milliards de dollars allou\u00e9s par le programme f\u00e9d\u00e9ral.<\/p>\n<h3>La visibilit\u00e9 des bornes de recharge en question<\/h3>\n<p>\nContrairement aux stations-service clairement indiqu\u00e9es sur les panneaux routiers pr\u00e8s des sorties d&#8217;autoroute, les bornes de recharge pour VE restent souvent difficiles \u00e0 trouver et peu visibles. &#8220;Une partie de la disponibilit\u00e9, c&#8217;est la visibilit\u00e9&#8221;, explique Kampshoff. &#8220;On ne peut pas cacher les bornes de recharge derri\u00e8re un Walmart.&#8221; Cette situation n&#8217;est pas unique aux \u00c9tats-Unis. Seulement 9 % des r\u00e9pondants mondiaux estiment que l&#8217;infrastructure de recharge publique est suffisante pour r\u00e9pondre \u00e0 leurs besoins.<\/p>\n<h3>Des attentes accrues en mati\u00e8re d&#8217;autonomie<\/h3>\n<p>\nLes pr\u00e9occupations li\u00e9es \u00e0 la recharge sont exacerb\u00e9es par les attentes en mati\u00e8re d&#8217;autonomie des v\u00e9hicules. Les consommateurs exigent aujourd&#8217;hui une autonomie minimale de 470 km, contre 435 km en 2022. Or, la gamme de produits disponibles sur le march\u00e9 n&#8217;a pas \u00e9volu\u00e9 aussi rapidement, selon McKinsey.<\/p>\n<h3>Une adoption des v\u00e9hicules \u00e9lectriques encore timide<\/h3>\n<p>\nMcKinsey a interrog\u00e9 plus de 30 000 consommateurs dans 15 pays repr\u00e9sentant plus de 80 % du volume des ventes mondiales pour son enqu\u00eate biennale. Les r\u00e9sultats montrent que les consommateurs sont l\u00e9g\u00e8rement plus enclins \u00e0 envisager des v\u00e9hicules \u00e9lectrifi\u00e9s qu&#8217;il y a deux ans. Ainsi, 38 % des non-propri\u00e9taires de V\u00c9S envisagent d&#8217;acqu\u00e9rir un hybride rechargeable ou un VE pour leur prochain v\u00e9hicule, contre 37 % en 2022.<\/p>\n<h3>Une planification complexe pour l&#8217;industrie automobile<\/h3>\n<p>\nLes pr\u00e9f\u00e9rences vari\u00e9es des consommateurs pour les V\u00c9S, les hybrides et les moteurs \u00e0 combustion, combin\u00e9es \u00e0 des r\u00e9glementations changeantes \u00e0 travers le monde, compliquent la planification pour l&#8217;industrie automobile et sa cha\u00eene d&#8217;approvisionnement. &#8220;Les constructeurs et les fournisseurs doivent d\u00e9sormais investir dans plusieurs technologies&#8221;, explique Kevin Laczkowski, co-directeur mondial de la pratique automobile et assemblage chez McKinsey. &#8220;C&#8217;est l&#8217;incertitude ultime en ce moment, comme presque jamais auparavant.&#8221;<\/p>\n<h3>Conclusion<\/h3>\n<p>\nLe retour en arri\u00e8re envisag\u00e9 par un grand nombre d&#8217;acheteurs de V\u00c9S met en lumi\u00e8re les d\u00e9fis persistants de l&#8217;infrastructure de recharge et les pr\u00e9occupations des consommateurs en mati\u00e8re de co\u00fbts et d&#8217;autonomie. L&#8217;industrie automobile devra relever ces d\u00e9fis pour convaincre davantage de consommateurs d&#8217;adopter durablement les v\u00e9hicules \u00e9lectriques.<\/p>\n<p>Avec des renseignements d\u2019Automotive News<\/p>\n<p>Le texte <a rel=\"nofollow\" href=\"https:\/\/annuelauto.ca\/plus-de-40-des-acheteurs-de-vehicules-electriques-aux-etats-unis-envisagent-de-revenir-aux-moteurs-a-combustion\/\">Plus de 40 % des acheteurs de v\u00e9hicules \u00e9lectriques aux \u00c9tats-Unis envisagent de revenir aux moteurs \u00e0 combustion<\/a> provient de <a rel=\"nofollow\" href=\"https:\/\/annuelauto.ca\">L&#8217;annuel de l&#8217;automobile &#8211; Actualit\u00e9 automobile<\/a><\/p>\n<p><\/p>\n","protected":false},"excerpt":{"rendered":"<p>Un sondage men\u00e9 par le cabinet McKinsey &amp; Co. r\u00e9v\u00e8le que plus de 40 % des propri\u00e9taires de v\u00e9hicules \u00e9lectriques (V\u00c9S) aux \u00c9tats-Unis pourraient opter pour un v\u00e9hicule \u00e0 moteur \u00e0 combustion lors de leur prochain achat. Ce retour aux sources est principalement motiv\u00e9 par des pr\u00e9occupations li\u00e9es \u00e0 l&#8217;infrastructure de recharge et aux co\u00fbts [&hellip;]<\/p>\n","protected":false},"author":8,"featured_media":167043,"comment_status":"close","ping_status":"closed","sticky":false,"template":"","format":"standard","meta":{"_monsterinsights_skip_tracking":false,"_monsterinsights_sitenote_active":false,"_monsterinsights_sitenote_note":"","_monsterinsights_sitenote_category":0,"footnotes":""},"categories":[101],"tags":[],"yoast_head":"<!-- This site is optimized with the Yoast SEO plugin v23.2 - https:\/\/yoast.com\/wordpress\/plugins\/seo\/ -->\n<title>Plus de 40 % des acheteurs de v\u00e9hicules \u00e9lectriques aux \u00c9tats-Unis envisagent de revenir aux moteurs \u00e0 combustion - CanadaMotorJobs.com<\/title>\n<meta name=\"description\" content=\"Plus de 40 % des acheteurs de v\u00e9hicules \u00e9lectriques aux \u00c9tats-Unis envisagent de revenir aux moteurs \u00e0 combustion - Benoit Charette - Annuel automobile - CanadaMotorJobs.com.\" \/>\n<meta name=\"robots\" content=\"index, follow, max-snippet:-1, max-image-preview:large, max-video-preview:-1\" \/>\n<meta property=\"og:locale\" content=\"fr_CA\" \/>\n<meta property=\"og:type\" content=\"article\" \/>\n<meta property=\"og:title\" content=\"Plus de 40 % des acheteurs de v\u00e9hicules \u00e9lectriques aux \u00c9tats-Unis envisagent de revenir aux moteurs \u00e0 combustion - CanadaMotorJobs.com\" \/>\n<meta property=\"og:description\" content=\"Plus de 40 % des acheteurs de v\u00e9hicules \u00e9lectriques aux \u00c9tats-Unis envisagent de revenir aux moteurs \u00e0 combustion - Benoit Charette - Annuel automobile - CanadaMotorJobs.com.\" \/>\n<meta property=\"og:url\" content=\"https:\/\/news.canadamotorjobs.com\/fr\/plus-de-40-des-acheteurs-de-vehicules-electriques-aux-etats-unis-envisagent-de-revenir-aux-moteurs-a-combustion\/\" \/>\n<meta property=\"og:site_name\" content=\"CanadaMotorJobs.com\" \/>\n<meta property=\"article:publisher\" content=\"https:\/\/www.facebook.com\/canadamotorjobs\/\" \/>\n<meta property=\"article:published_time\" content=\"2024-06-13T11:13:33+00:00\" \/>\n<meta property=\"article:modified_time\" content=\"2024-06-13T11:14:13+00:00\" \/>\n<meta property=\"og:image\" content=\"https:\/\/news.canadamotorjobs.com\/wp-content\/uploads\/2024\/06\/Mac-Electric-Featured-Image-Template-5.png\" \/>\n\t<meta property=\"og:image:width\" content=\"1200\" \/>\n\t<meta property=\"og:image:height\" content=\"628\" \/>\n\t<meta property=\"og:image:type\" content=\"image\/png\" \/>\n<meta name=\"author\" content=\"Benoit Charette\" \/>\n<meta name=\"twitter:card\" content=\"summary_large_image\" \/>\n<meta name=\"twitter:creator\" content=\"@canadamotorjobs\" \/>\n<meta name=\"twitter:site\" content=\"@canadamotorjobs\" \/>\n<meta name=\"twitter:label1\" content=\"\u00c9crit par\" \/>\n\t<meta name=\"twitter:data1\" content=\"Benoit Charette\" \/>\n\t<meta name=\"twitter:label2\" content=\"Estimation du temps de lecture\" \/>\n\t<meta name=\"twitter:data2\" content=\"3 minutes\" \/>\n<!-- \/ Yoast SEO plugin. -->","yoast_head_json":{"title":"Plus de 40 % des acheteurs de v\u00e9hicules \u00e9lectriques aux \u00c9tats-Unis envisagent de revenir aux moteurs \u00e0 combustion - CanadaMotorJobs.com","description":"Plus de 40 % des acheteurs de v\u00e9hicules \u00e9lectriques aux \u00c9tats-Unis envisagent de revenir aux moteurs \u00e0 combustion - Benoit Charette - Annuel automobile - CanadaMotorJobs.com.","robots":{"index":"index","follow":"follow","max-snippet":"max-snippet:-1","max-image-preview":"max-image-preview:large","max-video-preview":"max-video-preview:-1"},"og_locale":"fr_CA","og_type":"article","og_title":"Plus de 40 % des acheteurs de v\u00e9hicules \u00e9lectriques aux \u00c9tats-Unis envisagent de revenir aux moteurs \u00e0 combustion - CanadaMotorJobs.com","og_description":"Plus de 40 % des acheteurs de v\u00e9hicules \u00e9lectriques aux \u00c9tats-Unis envisagent de revenir aux moteurs \u00e0 combustion - Benoit Charette - Annuel automobile - CanadaMotorJobs.com.","og_url":"https:\/\/news.canadamotorjobs.com\/fr\/plus-de-40-des-acheteurs-de-vehicules-electriques-aux-etats-unis-envisagent-de-revenir-aux-moteurs-a-combustion\/","og_site_name":"CanadaMotorJobs.com","article_publisher":"https:\/\/www.facebook.com\/canadamotorjobs\/","article_published_time":"2024-06-13T11:13:33+00:00","article_modified_time":"2024-06-13T11:14:13+00:00","og_image":[{"width":1200,"height":628,"url":"https:\/\/news.canadamotorjobs.com\/wp-content\/uploads\/2024\/06\/Mac-Electric-Featured-Image-Template-5.png","type":"image\/png"}],"author":"Benoit Charette","twitter_card":"summary_large_image","twitter_creator":"@canadamotorjobs","twitter_site":"@canadamotorjobs","twitter_misc":{"\u00c9crit par":"Benoit Charette","Estimation du temps de lecture":"3 minutes"},"schema":{"@context":"https:\/\/schema.org","@graph":[{"@type":"Article","@id":"https:\/\/news.canadamotorjobs.com\/fr\/plus-de-40-des-acheteurs-de-vehicules-electriques-aux-etats-unis-envisagent-de-revenir-aux-moteurs-a-combustion\/#article","isPartOf":{"@id":"https:\/\/news.canadamotorjobs.com\/fr\/plus-de-40-des-acheteurs-de-vehicules-electriques-aux-etats-unis-envisagent-de-revenir-aux-moteurs-a-combustion\/"},"author":{"name":"Benoit Charette","@id":"https:\/\/news.canadamotorjobs.com\/#\/schema\/person\/51793d1f87d44011d7bcc2ed99269a90"},"headline":"Plus de 40 % des acheteurs de v\u00e9hicules \u00e9lectriques aux \u00c9tats-Unis envisagent de revenir aux moteurs \u00e0 combustion","datePublished":"2024-06-13T11:13:33+00:00","dateModified":"2024-06-13T11:14:13+00:00","mainEntityOfPage":{"@id":"https:\/\/news.canadamotorjobs.com\/fr\/plus-de-40-des-acheteurs-de-vehicules-electriques-aux-etats-unis-envisagent-de-revenir-aux-moteurs-a-combustion\/"},"wordCount":634,"publisher":{"@id":"https:\/\/news.canadamotorjobs.com\/#organization"},"image":{"@id":"https:\/\/news.canadamotorjobs.com\/fr\/plus-de-40-des-acheteurs-de-vehicules-electriques-aux-etats-unis-envisagent-de-revenir-aux-moteurs-a-combustion\/#primaryimage"},"thumbnailUrl":"https:\/\/news.canadamotorjobs.com\/wp-content\/uploads\/2024\/06\/Mac-Electric-Featured-Image-Template-5.png","articleSection":["Annuel automobile"],"inLanguage":"fr-CA"},{"@type":"WebPage","@id":"https:\/\/news.canadamotorjobs.com\/fr\/plus-de-40-des-acheteurs-de-vehicules-electriques-aux-etats-unis-envisagent-de-revenir-aux-moteurs-a-combustion\/","url":"https:\/\/news.canadamotorjobs.com\/fr\/plus-de-40-des-acheteurs-de-vehicules-electriques-aux-etats-unis-envisagent-de-revenir-aux-moteurs-a-combustion\/","name":"Plus de 40 % des acheteurs de v\u00e9hicules \u00e9lectriques aux \u00c9tats-Unis envisagent de revenir aux moteurs \u00e0 combustion - CanadaMotorJobs.com","isPartOf":{"@id":"https:\/\/news.canadamotorjobs.com\/#website"},"primaryImageOfPage":{"@id":"https:\/\/news.canadamotorjobs.com\/fr\/plus-de-40-des-acheteurs-de-vehicules-electriques-aux-etats-unis-envisagent-de-revenir-aux-moteurs-a-combustion\/#primaryimage"},"image":{"@id":"https:\/\/news.canadamotorjobs.com\/fr\/plus-de-40-des-acheteurs-de-vehicules-electriques-aux-etats-unis-envisagent-de-revenir-aux-moteurs-a-combustion\/#primaryimage"},"thumbnailUrl":"https:\/\/news.canadamotorjobs.com\/wp-content\/uploads\/2024\/06\/Mac-Electric-Featured-Image-Template-5.png","datePublished":"2024-06-13T11:13:33+00:00","dateModified":"2024-06-13T11:14:13+00:00","description":"Plus de 40 % des acheteurs de v\u00e9hicules \u00e9lectriques aux \u00c9tats-Unis envisagent de revenir aux moteurs \u00e0 combustion - Benoit Charette - Annuel automobile - CanadaMotorJobs.com.","breadcrumb":{"@id":"https:\/\/news.canadamotorjobs.com\/fr\/plus-de-40-des-acheteurs-de-vehicules-electriques-aux-etats-unis-envisagent-de-revenir-aux-moteurs-a-combustion\/#breadcrumb"},"inLanguage":"fr-CA","potentialAction":[{"@type":"ReadAction","target":["https:\/\/news.canadamotorjobs.com\/fr\/plus-de-40-des-acheteurs-de-vehicules-electriques-aux-etats-unis-envisagent-de-revenir-aux-moteurs-a-combustion\/"]}]},{"@type":"ImageObject","inLanguage":"fr-CA","@id":"https:\/\/news.canadamotorjobs.com\/fr\/plus-de-40-des-acheteurs-de-vehicules-electriques-aux-etats-unis-envisagent-de-revenir-aux-moteurs-a-combustion\/#primaryimage","url":"https:\/\/news.canadamotorjobs.com\/wp-content\/uploads\/2024\/06\/Mac-Electric-Featured-Image-Template-5.png","contentUrl":"https:\/\/news.canadamotorjobs.com\/wp-content\/uploads\/2024\/06\/Mac-Electric-Featured-Image-Template-5.png","width":1200,"height":628},{"@type":"BreadcrumbList","@id":"https:\/\/news.canadamotorjobs.com\/fr\/plus-de-40-des-acheteurs-de-vehicules-electriques-aux-etats-unis-envisagent-de-revenir-aux-moteurs-a-combustion\/#breadcrumb","itemListElement":[{"@type":"ListItem","position":1,"name":"Home","item":"https:\/\/news.canadamotorjobs.com\/fr\/blog\/"},{"@type":"ListItem","position":2,"name":"Plus de 40 % des acheteurs de v\u00e9hicules \u00e9lectriques aux \u00c9tats-Unis envisagent de revenir aux moteurs \u00e0 combustion"}]},{"@type":"WebSite","@id":"https:\/\/news.canadamotorjobs.com\/#website","url":"https:\/\/news.canadamotorjobs.com\/","name":"CanadaMotorJobs.com","description":"Automotive Jobs","publisher":{"@id":"https:\/\/news.canadamotorjobs.com\/#organization"},"potentialAction":[{"@type":"SearchAction","target":{"@type":"EntryPoint","urlTemplate":"https:\/\/news.canadamotorjobs.com\/?s={search_term_string}"},"query-input":"required name=search_term_string"}],"inLanguage":"fr-CA"},{"@type":"Organization","@id":"https:\/\/news.canadamotorjobs.com\/#organization","name":"Canada Motor Jobs","url":"https:\/\/news.canadamotorjobs.com\/","logo":{"@type":"ImageObject","inLanguage":"fr-CA","@id":"https:\/\/news.canadamotorjobs.com\/#\/schema\/logo\/image\/","url":"https:\/\/news.canadamotorjobs.com\/wp-content\/uploads\/2022\/10\/logo-canada-motor-jobs-1.png","contentUrl":"https:\/\/news.canadamotorjobs.com\/wp-content\/uploads\/2022\/10\/logo-canada-motor-jobs-1.png","width":800,"height":400,"caption":"Canada Motor Jobs"},"image":{"@id":"https:\/\/news.canadamotorjobs.com\/#\/schema\/logo\/image\/"},"sameAs":["https:\/\/www.facebook.com\/canadamotorjobs\/","https:\/\/x.com\/canadamotorjobs","https:\/\/www.instagram.com\/canadamotorjobs\/","https:\/\/www.linkedin.com\/company\/canadamotorjobs"]},{"@type":"Person","@id":"https:\/\/news.canadamotorjobs.com\/#\/schema\/person\/51793d1f87d44011d7bcc2ed99269a90","name":"Benoit Charette","image":{"@type":"ImageObject","inLanguage":"fr-CA","@id":"https:\/\/news.canadamotorjobs.com\/#\/schema\/person\/image\/","url":"https:\/\/secure.gravatar.com\/avatar\/45f3d2eebcccd909668d7ce7ea7267b6?s=96&d=mm&r=g","contentUrl":"https:\/\/secure.gravatar.com\/avatar\/45f3d2eebcccd909668d7ce7ea7267b6?s=96&d=mm&r=g","caption":"Benoit Charette"},"description":"Benoit Charette \/ Propri\u00e9taire et r\u00e9dacteur en chef Benoit Charette pratique le journalisme automobile depuis bient\u00f4t 30 ans. Il a fait ses classes au c\u00f4t\u00e9 de Daniel H\u00e9raud et au Carnet de route de 1992 \u00e0 2001. Il est fondateur, copropri\u00e9taire et r\u00e9dacteur en chef de L\u2019Annuel de l\u2019automobile, qu\u2019il publie depuis 2001. Il a anim\u00e9 les \u00e9missions RPM et RPM+ sur V et les L\u00e9gendes de la route sur Historia. \u00c0 la radio depuis 1986, il reprend l\u2019antenne cette ann\u00e9e sur les ondes de Cogeco et participe pour la deuxi\u00e8me ann\u00e9e \u00e0 l\u2019\u00e9mission Passion Auto sur RDS en plus de mettre en ligne le site Web officiel de L\u2019Annuel de l\u2019automobile sur annuelauto.ca.","sameAs":["https:\/\/annuelauto.ca\/"],"url":"https:\/\/news.canadamotorjobs.com\/fr\/author\/benoit-charette\/"}]}},"_links":{"self":[{"href":"https:\/\/news.canadamotorjobs.com\/fr\/wp-json\/wp\/v2\/posts\/167041"}],"collection":[{"href":"https:\/\/news.canadamotorjobs.com\/fr\/wp-json\/wp\/v2\/posts"}],"about":[{"href":"https:\/\/news.canadamotorjobs.com\/fr\/wp-json\/wp\/v2\/types\/post"}],"author":[{"embeddable":true,"href":"https:\/\/news.canadamotorjobs.com\/fr\/wp-json\/wp\/v2\/users\/8"}],"replies":[{"embeddable":true,"href":"https:\/\/news.canadamotorjobs.com\/fr\/wp-json\/wp\/v2\/comments?post=167041"}],"version-history":[{"count":2,"href":"https:\/\/news.canadamotorjobs.com\/fr\/wp-json\/wp\/v2\/posts\/167041\/revisions"}],"predecessor-version":[{"id":167045,"href":"https:\/\/news.canadamotorjobs.com\/fr\/wp-json\/wp\/v2\/posts\/167041\/revisions\/167045"}],"wp:featuredmedia":[{"embeddable":true,"href":"https:\/\/news.canadamotorjobs.com\/fr\/wp-json\/wp\/v2\/media\/167043"}],"wp:attachment":[{"href":"https:\/\/news.canadamotorjobs.com\/fr\/wp-json\/wp\/v2\/media?parent=167041"}],"wp:term":[{"taxonomy":"category","embeddable":true,"href":"https:\/\/news.canadamotorjobs.com\/fr\/wp-json\/wp\/v2\/categories?post=167041"},{"taxonomy":"post_tag","embeddable":true,"href":"https:\/\/news.canadamotorjobs.com\/fr\/wp-json\/wp\/v2\/tags?post=167041"}],"curies":[{"name":"wp","href":"https:\/\/api.w.org\/{rel}","templated":true}]}}