{"id":167018,"date":"2024-06-12T08:33:51","date_gmt":"2024-06-12T12:33:51","guid":{"rendered":"https:\/\/news.canadamotorjobs.com\/?p=167018"},"modified":"2024-06-12T08:44:32","modified_gmt":"2024-06-12T12:44:32","slug":"lunion-europeenne-imposera-de-nouvelles-taxes-sur-les-vehicules-electriques-chinois","status":"publish","type":"post","link":"https:\/\/news.canadamotorjobs.com\/fr\/lunion-europeenne-imposera-de-nouvelles-taxes-sur-les-vehicules-electriques-chinois\/","title":{"rendered":"L\u2019Union Europ\u00e9enne imposera de nouvelles taxes sur les v\u00e9hicules \u00e9lectriques Chinois"},"content":{"rendered":"<\/p>\n<p>Apr\u00e8s les \u00c9tats-Unis, c\u2019est au tour de l&#8217;Union europ\u00e9enne d\u2019annonc\u00e9 qu&#8217;elle imposera des taxes suppl\u00e9mentaires pouvant aller jusqu&#8217;\u00e0 38,1 % sur les v\u00e9hicules \u00e9lectriques en provenance de Chine \u00e0 partir du mois de juillet, augmentant ainsi les tensions dans la guerre commerciale mondiale et rendant plus co\u00fbteuse la vente de voitures en Europe pour des entreprises comme BYD Co. et Tesla Inc.<\/p>\n<h3><strong>Les Constructeurs Chinois Notifi\u00e9s des Nouvelles Taxes<\/strong><\/h3>\n<p>\nLa Commission europ\u00e9enne a formellement notifi\u00e9 les constructeurs automobiles, dont BYD Co., Geely Automobile Holdings et SAIC Motor Corp., de l&#8217;application de ces taxes autour du 4 juillet. Cette d\u00e9cision fait suite \u00e0 une enqu\u00eate sur les subventions, commenc\u00e9e l&#8217;ann\u00e9e derni\u00e8re. Les fabricants chinois de v\u00e9hicules \u00e9lectriques ont intensifi\u00e9 leur pr\u00e9sence en Europe, profitant d&#8217;une guerre des prix domestique et de leur avance technologique.<\/p>\n<h3><strong>D\u00e9tails des Taxes : Qui Est Concern\u00e9 ?<\/strong><\/h3>\n<p>\nLes droits individuels impos\u00e9s seront de 17,4 % pour BYD, de 20 % pour Geely et de 38,1 % pour SAIC, a annonc\u00e9 la commission mercredi. Les autres producteurs non \u00e9chantillonn\u00e9s par la commission seront soumis \u00e0 une taxe de 21 %, tandis que les constructeurs qui n&#8217;ont pas coop\u00e9r\u00e9 \u00e0 l&#8217;enqu\u00eate de l&#8217;UE se verront appliquer un taux de 38,1 %.<\/p>\n<h3><strong>La Chine Pr\u00eate \u00e0 Contre-Attaquer<\/strong><\/h3>\n<p>\nLa Chine a signal\u00e9 qu&#8217;elle \u00e9tait pr\u00eate \u00e0 riposter, mena\u00e7ant de prendre des mesures contre l&#8217;agriculture, l&#8217;aviation et les voitures \u00e0 gros moteurs. P\u00e9kin a d\u00e9j\u00e0 lanc\u00e9 une enqu\u00eate sur certains types de spiritueux europ\u00e9ens et une d\u00e9cision pourrait \u00eatre annonc\u00e9e prochainement.<\/p>\n<h3><strong>Impact sur les March\u00e9s Financiers<\/strong><\/h3>\n<p>\nLes actions li\u00e9es aux fabricants chinois de v\u00e9hicules \u00e9lectriques ont chut\u00e9 \u00e0 Hong Kong avant la d\u00e9cision de l&#8217;UE. Geely Automobile Holdings et XPeng Inc. ont enregistr\u00e9 des baisses d&#8217;environ 8 % cette semaine, tandis que BYD Co. a perdu environ 3 %.<\/p>\n<h3><strong>Les Constructeurs Occidentaux \u00c9galement Touch\u00e9s<\/strong><\/h3>\n<p>\nBien que l&#8217;enqu\u00eate ait cibl\u00e9 les constructeurs chinois, les taux plus \u00e9lev\u00e9s \u2014 passant de 10 % actuellement \u2014 affecteront \u00e9galement plusieurs constructeurs occidentaux, notamment Tesla, qui exp\u00e9die le Model 3 de Shanghai vers l&#8217;Europe, ainsi que BMW Group et Renault SA. La taxe actuelle sur les importations de voitures particuli\u00e8res de l&#8217;Europe vers la Chine est de 15 %.<\/p>\n<h3><strong>Des Mesures pour Prot\u00e9ger l\u2019Industrie Europ\u00e9enne<\/strong><\/h3>\n<p>\nCes mesures arrivent alors que l&#8217;UE cherche \u00e0 prot\u00e9ger l&#8217;industrie automobile de la r\u00e9gion, qui g\u00e9n\u00e8re des millions d&#8217;emplois bien r\u00e9mun\u00e9r\u00e9s, tout en poursuivant un agenda \u00e9cologique visant \u00e0 r\u00e9duire les \u00e9missions de CO2 des transports. Les ambitions de l&#8217;UE en mati\u00e8re de v\u00e9hicules \u00e9lectriques, avec une interdiction effective de la vente de voitures \u00e0 moteur \u00e0 combustion d&#8217;ici 2035, ont rencontr\u00e9 des obstacles ces derniers mois, des march\u00e9s comme l&#8217;Allemagne ayant supprim\u00e9 les incitations \u00e0 l&#8217;achat.<\/p>\n<h3><strong>Les Inqui\u00e9tudes des Constructeurs Allemands<\/strong><\/h3>\n<p>\nLe chancelier allemand Olaf Scholz a mis en garde contre les restrictions sur le commerce automobile avec la Chine, d\u00e9clarant plus t\u00f4t ce mois-ci : \u00ab Nous ne fermons pas nos march\u00e9s aux entreprises \u00e9trang\u00e8res, car nous ne voulons pas cela pour nos entreprises non plus. \u00bb Les constructeurs allemands, dont Volkswagen et BMW, seraient les plus touch\u00e9s par un conflit commercial, ayant collectivement vendu 4,6 millions de voitures en Chine en 2022.<\/p>\n<h3><strong>Les R\u00e9actions des Constructeurs Occidentaux<\/strong><\/h3>\n<p>\nLes fabricants occidentaux ont largement rejet\u00e9 ces taxes, le PDG de Mercedes-Benz Group, Ola K\u00e4llenius, appelant \u00e0 l&#8217;ouverture des march\u00e9s. Le constructeur de voitures de luxe, pour qui la Chine repr\u00e9sente 36 % des livraisons totales, est particuli\u00e8rement vuln\u00e9rable aux repr\u00e9sailles car il importe tous ses mod\u00e8les S-Class et Maybach en Chine. Ce pays est \u00e9galement le plus grand march\u00e9 pour Volkswagen et BMW.<\/p>\n<h3><strong>Contexte des Enqu\u00eates Commerciales de l&#8217;UE<\/strong><\/h3>\n<p>\nL&#8217;UE a ouvert une s\u00e9rie d&#8217;enqu\u00eates commerciales contre P\u00e9kin pour dumping et subventions d\u00e9loyales, notamment dans le secteur des technologies propres, apr\u00e8s avoir perdu une grande partie de son secteur solaire au profit de la Chine il y a une d\u00e9cennie.<\/p>\n<h3><strong>Mesures Similaires des \u00c9tats-Unis<\/strong><\/h3>\n<p>\nCes mesures concernant les v\u00e9hicules \u00e9lectriques font suite \u00e0 celles des \u00c9tats-Unis, qui ont introduit le mois dernier une taxe de 100 % sur les importations de v\u00e9hicules \u00e9lectriques chinois, bien que cette mesure soit plus symbolique, car peu de v\u00e9hicules sont actuellement exp\u00e9di\u00e9s.<\/p>\n<p>\u00a0<\/p>\n<p>Avec des renseignements d\u2019Automotive News<\/p>\n<p>\u00a0<\/p>\n<p>Le texte <a rel=\"nofollow\" href=\"https:\/\/annuelauto.ca\/lunion-europeenne-imposera-de-nouvelles-taxes-sur-les-vehicules-electriques-chinois\/\">L\u2019Union Europ\u00e9enne imposera de nouvelles taxes sur les v\u00e9hicules \u00e9lectriques Chinois<\/a> provient de <a rel=\"nofollow\" href=\"https:\/\/annuelauto.ca\">L&#8217;annuel de l&#8217;automobile &#8211; Actualit\u00e9 automobile<\/a><\/p>\n<p><\/p>\n","protected":false},"excerpt":{"rendered":"<p>Apr\u00e8s les \u00c9tats-Unis, c\u2019est au tour de l&#8217;Union europ\u00e9enne d\u2019annonc\u00e9 qu&#8217;elle imposera des taxes suppl\u00e9mentaires pouvant aller jusqu&#8217;\u00e0 38,1 % sur les v\u00e9hicules \u00e9lectriques en provenance de Chine \u00e0 partir du mois de juillet, augmentant ainsi les tensions dans la guerre commerciale mondiale et rendant plus co\u00fbteuse la vente de voitures en Europe pour des [&hellip;]<\/p>\n","protected":false},"author":8,"featured_media":167020,"comment_status":"close","ping_status":"closed","sticky":false,"template":"","format":"standard","meta":{"_monsterinsights_skip_tracking":false,"_monsterinsights_sitenote_active":false,"_monsterinsights_sitenote_note":"","_monsterinsights_sitenote_category":0,"footnotes":""},"categories":[101],"tags":[],"yoast_head":"<!-- This site is optimized with the Yoast SEO plugin v23.2 - https:\/\/yoast.com\/wordpress\/plugins\/seo\/ -->\n<title>L\u2019Union Europ\u00e9enne imposera de nouvelles taxes sur les v\u00e9hicules \u00e9lectriques Chinois - CanadaMotorJobs.com<\/title>\n<meta name=\"description\" content=\"L\u2019Union Europ\u00e9enne imposera de nouvelles taxes sur les v\u00e9hicules \u00e9lectriques Chinois - Benoit Charette - Annuel automobile - CanadaMotorJobs.com.\" \/>\n<meta name=\"robots\" content=\"index, follow, max-snippet:-1, max-image-preview:large, max-video-preview:-1\" \/>\n<meta property=\"og:locale\" content=\"fr_CA\" \/>\n<meta property=\"og:type\" content=\"article\" \/>\n<meta property=\"og:title\" content=\"L\u2019Union Europ\u00e9enne imposera de nouvelles taxes sur les v\u00e9hicules \u00e9lectriques Chinois - CanadaMotorJobs.com\" \/>\n<meta property=\"og:description\" content=\"L\u2019Union Europ\u00e9enne imposera de nouvelles taxes sur les v\u00e9hicules \u00e9lectriques Chinois - Benoit Charette - Annuel automobile - CanadaMotorJobs.com.\" \/>\n<meta property=\"og:url\" content=\"https:\/\/news.canadamotorjobs.com\/fr\/lunion-europeenne-imposera-de-nouvelles-taxes-sur-les-vehicules-electriques-chinois\/\" \/>\n<meta property=\"og:site_name\" content=\"CanadaMotorJobs.com\" \/>\n<meta property=\"article:publisher\" content=\"https:\/\/www.facebook.com\/canadamotorjobs\/\" \/>\n<meta property=\"article:published_time\" content=\"2024-06-12T12:33:51+00:00\" \/>\n<meta property=\"article:modified_time\" content=\"2024-06-12T12:44:32+00:00\" \/>\n<meta property=\"og:image\" content=\"https:\/\/news.canadamotorjobs.com\/wp-content\/uploads\/2024\/06\/2023072012231025.jpg\" \/>\n\t<meta property=\"og:image:width\" content=\"1283\" \/>\n\t<meta property=\"og:image:height\" content=\"697\" \/>\n\t<meta property=\"og:image:type\" content=\"image\/jpeg\" \/>\n<meta name=\"author\" content=\"Benoit Charette\" \/>\n<meta name=\"twitter:card\" content=\"summary_large_image\" \/>\n<meta name=\"twitter:creator\" content=\"@canadamotorjobs\" \/>\n<meta name=\"twitter:site\" content=\"@canadamotorjobs\" \/>\n<meta name=\"twitter:label1\" content=\"\u00c9crit par\" \/>\n\t<meta name=\"twitter:data1\" content=\"Benoit Charette\" \/>\n\t<meta name=\"twitter:label2\" content=\"Estimation du temps de lecture\" \/>\n\t<meta name=\"twitter:data2\" content=\"4 minutes\" \/>\n<!-- \/ Yoast SEO plugin. -->","yoast_head_json":{"title":"L\u2019Union Europ\u00e9enne imposera de nouvelles taxes sur les v\u00e9hicules \u00e9lectriques Chinois - CanadaMotorJobs.com","description":"L\u2019Union Europ\u00e9enne imposera de nouvelles taxes sur les v\u00e9hicules \u00e9lectriques Chinois - Benoit Charette - Annuel automobile - CanadaMotorJobs.com.","robots":{"index":"index","follow":"follow","max-snippet":"max-snippet:-1","max-image-preview":"max-image-preview:large","max-video-preview":"max-video-preview:-1"},"og_locale":"fr_CA","og_type":"article","og_title":"L\u2019Union Europ\u00e9enne imposera de nouvelles taxes sur les v\u00e9hicules \u00e9lectriques Chinois - CanadaMotorJobs.com","og_description":"L\u2019Union Europ\u00e9enne imposera de nouvelles taxes sur les v\u00e9hicules \u00e9lectriques Chinois - Benoit Charette - Annuel automobile - CanadaMotorJobs.com.","og_url":"https:\/\/news.canadamotorjobs.com\/fr\/lunion-europeenne-imposera-de-nouvelles-taxes-sur-les-vehicules-electriques-chinois\/","og_site_name":"CanadaMotorJobs.com","article_publisher":"https:\/\/www.facebook.com\/canadamotorjobs\/","article_published_time":"2024-06-12T12:33:51+00:00","article_modified_time":"2024-06-12T12:44:32+00:00","og_image":[{"width":1283,"height":697,"url":"https:\/\/news.canadamotorjobs.com\/wp-content\/uploads\/2024\/06\/2023072012231025.jpg","type":"image\/jpeg"}],"author":"Benoit Charette","twitter_card":"summary_large_image","twitter_creator":"@canadamotorjobs","twitter_site":"@canadamotorjobs","twitter_misc":{"\u00c9crit par":"Benoit Charette","Estimation du temps de lecture":"4 minutes"},"schema":{"@context":"https:\/\/schema.org","@graph":[{"@type":"Article","@id":"https:\/\/news.canadamotorjobs.com\/fr\/lunion-europeenne-imposera-de-nouvelles-taxes-sur-les-vehicules-electriques-chinois\/#article","isPartOf":{"@id":"https:\/\/news.canadamotorjobs.com\/fr\/lunion-europeenne-imposera-de-nouvelles-taxes-sur-les-vehicules-electriques-chinois\/"},"author":{"name":"Benoit Charette","@id":"https:\/\/news.canadamotorjobs.com\/#\/schema\/person\/51793d1f87d44011d7bcc2ed99269a90"},"headline":"L\u2019Union Europ\u00e9enne imposera de nouvelles taxes sur les v\u00e9hicules \u00e9lectriques Chinois","datePublished":"2024-06-12T12:33:51+00:00","dateModified":"2024-06-12T12:44:32+00:00","mainEntityOfPage":{"@id":"https:\/\/news.canadamotorjobs.com\/fr\/lunion-europeenne-imposera-de-nouvelles-taxes-sur-les-vehicules-electriques-chinois\/"},"wordCount":789,"publisher":{"@id":"https:\/\/news.canadamotorjobs.com\/#organization"},"image":{"@id":"https:\/\/news.canadamotorjobs.com\/fr\/lunion-europeenne-imposera-de-nouvelles-taxes-sur-les-vehicules-electriques-chinois\/#primaryimage"},"thumbnailUrl":"https:\/\/news.canadamotorjobs.com\/wp-content\/uploads\/2024\/06\/2023072012231025.jpg","articleSection":["Annuel automobile"],"inLanguage":"fr-CA"},{"@type":"WebPage","@id":"https:\/\/news.canadamotorjobs.com\/fr\/lunion-europeenne-imposera-de-nouvelles-taxes-sur-les-vehicules-electriques-chinois\/","url":"https:\/\/news.canadamotorjobs.com\/fr\/lunion-europeenne-imposera-de-nouvelles-taxes-sur-les-vehicules-electriques-chinois\/","name":"L\u2019Union Europ\u00e9enne imposera de nouvelles taxes sur les v\u00e9hicules \u00e9lectriques Chinois - CanadaMotorJobs.com","isPartOf":{"@id":"https:\/\/news.canadamotorjobs.com\/#website"},"primaryImageOfPage":{"@id":"https:\/\/news.canadamotorjobs.com\/fr\/lunion-europeenne-imposera-de-nouvelles-taxes-sur-les-vehicules-electriques-chinois\/#primaryimage"},"image":{"@id":"https:\/\/news.canadamotorjobs.com\/fr\/lunion-europeenne-imposera-de-nouvelles-taxes-sur-les-vehicules-electriques-chinois\/#primaryimage"},"thumbnailUrl":"https:\/\/news.canadamotorjobs.com\/wp-content\/uploads\/2024\/06\/2023072012231025.jpg","datePublished":"2024-06-12T12:33:51+00:00","dateModified":"2024-06-12T12:44:32+00:00","description":"L\u2019Union Europ\u00e9enne imposera de nouvelles taxes sur les v\u00e9hicules \u00e9lectriques Chinois - Benoit Charette - Annuel automobile - CanadaMotorJobs.com.","breadcrumb":{"@id":"https:\/\/news.canadamotorjobs.com\/fr\/lunion-europeenne-imposera-de-nouvelles-taxes-sur-les-vehicules-electriques-chinois\/#breadcrumb"},"inLanguage":"fr-CA","potentialAction":[{"@type":"ReadAction","target":["https:\/\/news.canadamotorjobs.com\/fr\/lunion-europeenne-imposera-de-nouvelles-taxes-sur-les-vehicules-electriques-chinois\/"]}]},{"@type":"ImageObject","inLanguage":"fr-CA","@id":"https:\/\/news.canadamotorjobs.com\/fr\/lunion-europeenne-imposera-de-nouvelles-taxes-sur-les-vehicules-electriques-chinois\/#primaryimage","url":"https:\/\/news.canadamotorjobs.com\/wp-content\/uploads\/2024\/06\/2023072012231025.jpg","contentUrl":"https:\/\/news.canadamotorjobs.com\/wp-content\/uploads\/2024\/06\/2023072012231025.jpg","width":1283,"height":697},{"@type":"BreadcrumbList","@id":"https:\/\/news.canadamotorjobs.com\/fr\/lunion-europeenne-imposera-de-nouvelles-taxes-sur-les-vehicules-electriques-chinois\/#breadcrumb","itemListElement":[{"@type":"ListItem","position":1,"name":"Home","item":"https:\/\/news.canadamotorjobs.com\/fr\/blog\/"},{"@type":"ListItem","position":2,"name":"L\u2019Union Europ\u00e9enne imposera de nouvelles taxes sur les v\u00e9hicules \u00e9lectriques Chinois"}]},{"@type":"WebSite","@id":"https:\/\/news.canadamotorjobs.com\/#website","url":"https:\/\/news.canadamotorjobs.com\/","name":"CanadaMotorJobs.com","description":"Automotive Jobs","publisher":{"@id":"https:\/\/news.canadamotorjobs.com\/#organization"},"potentialAction":[{"@type":"SearchAction","target":{"@type":"EntryPoint","urlTemplate":"https:\/\/news.canadamotorjobs.com\/?s={search_term_string}"},"query-input":"required name=search_term_string"}],"inLanguage":"fr-CA"},{"@type":"Organization","@id":"https:\/\/news.canadamotorjobs.com\/#organization","name":"Canada Motor Jobs","url":"https:\/\/news.canadamotorjobs.com\/","logo":{"@type":"ImageObject","inLanguage":"fr-CA","@id":"https:\/\/news.canadamotorjobs.com\/#\/schema\/logo\/image\/","url":"https:\/\/news.canadamotorjobs.com\/wp-content\/uploads\/2022\/10\/logo-canada-motor-jobs-1.png","contentUrl":"https:\/\/news.canadamotorjobs.com\/wp-content\/uploads\/2022\/10\/logo-canada-motor-jobs-1.png","width":800,"height":400,"caption":"Canada Motor Jobs"},"image":{"@id":"https:\/\/news.canadamotorjobs.com\/#\/schema\/logo\/image\/"},"sameAs":["https:\/\/www.facebook.com\/canadamotorjobs\/","https:\/\/x.com\/canadamotorjobs","https:\/\/www.instagram.com\/canadamotorjobs\/","https:\/\/www.linkedin.com\/company\/canadamotorjobs"]},{"@type":"Person","@id":"https:\/\/news.canadamotorjobs.com\/#\/schema\/person\/51793d1f87d44011d7bcc2ed99269a90","name":"Benoit Charette","image":{"@type":"ImageObject","inLanguage":"fr-CA","@id":"https:\/\/news.canadamotorjobs.com\/#\/schema\/person\/image\/","url":"https:\/\/secure.gravatar.com\/avatar\/45f3d2eebcccd909668d7ce7ea7267b6?s=96&d=mm&r=g","contentUrl":"https:\/\/secure.gravatar.com\/avatar\/45f3d2eebcccd909668d7ce7ea7267b6?s=96&d=mm&r=g","caption":"Benoit Charette"},"description":"Benoit Charette \/ Propri\u00e9taire et r\u00e9dacteur en chef Benoit Charette pratique le journalisme automobile depuis bient\u00f4t 30 ans. Il a fait ses classes au c\u00f4t\u00e9 de Daniel H\u00e9raud et au Carnet de route de 1992 \u00e0 2001. Il est fondateur, copropri\u00e9taire et r\u00e9dacteur en chef de L\u2019Annuel de l\u2019automobile, qu\u2019il publie depuis 2001. Il a anim\u00e9 les \u00e9missions RPM et RPM+ sur V et les L\u00e9gendes de la route sur Historia. \u00c0 la radio depuis 1986, il reprend l\u2019antenne cette ann\u00e9e sur les ondes de Cogeco et participe pour la deuxi\u00e8me ann\u00e9e \u00e0 l\u2019\u00e9mission Passion Auto sur RDS en plus de mettre en ligne le site Web officiel de L\u2019Annuel de l\u2019automobile sur annuelauto.ca.","sameAs":["https:\/\/annuelauto.ca\/"],"url":"https:\/\/news.canadamotorjobs.com\/fr\/author\/benoit-charette\/"}]}},"_links":{"self":[{"href":"https:\/\/news.canadamotorjobs.com\/fr\/wp-json\/wp\/v2\/posts\/167018"}],"collection":[{"href":"https:\/\/news.canadamotorjobs.com\/fr\/wp-json\/wp\/v2\/posts"}],"about":[{"href":"https:\/\/news.canadamotorjobs.com\/fr\/wp-json\/wp\/v2\/types\/post"}],"author":[{"embeddable":true,"href":"https:\/\/news.canadamotorjobs.com\/fr\/wp-json\/wp\/v2\/users\/8"}],"replies":[{"embeddable":true,"href":"https:\/\/news.canadamotorjobs.com\/fr\/wp-json\/wp\/v2\/comments?post=167018"}],"version-history":[{"count":2,"href":"https:\/\/news.canadamotorjobs.com\/fr\/wp-json\/wp\/v2\/posts\/167018\/revisions"}],"predecessor-version":[{"id":167022,"href":"https:\/\/news.canadamotorjobs.com\/fr\/wp-json\/wp\/v2\/posts\/167018\/revisions\/167022"}],"wp:featuredmedia":[{"embeddable":true,"href":"https:\/\/news.canadamotorjobs.com\/fr\/wp-json\/wp\/v2\/media\/167020"}],"wp:attachment":[{"href":"https:\/\/news.canadamotorjobs.com\/fr\/wp-json\/wp\/v2\/media?parent=167018"}],"wp:term":[{"taxonomy":"category","embeddable":true,"href":"https:\/\/news.canadamotorjobs.com\/fr\/wp-json\/wp\/v2\/categories?post=167018"},{"taxonomy":"post_tag","embeddable":true,"href":"https:\/\/news.canadamotorjobs.com\/fr\/wp-json\/wp\/v2\/tags?post=167018"}],"curies":[{"name":"wp","href":"https:\/\/api.w.org\/{rel}","templated":true}]}}