{"id":166922,"date":"2024-06-11T07:46:42","date_gmt":"2024-06-11T11:46:42","guid":{"rendered":"https:\/\/news.canadamotorjobs.com\/?p=166922"},"modified":"2024-06-11T14:44:07","modified_gmt":"2024-06-11T18:44:07","slug":"northvolt-six-les-travaux-du-megaprojet-de-batteries-reprennent-en-monteregie","status":"publish","type":"post","link":"https:\/\/news.canadamotorjobs.com\/fr\/northvolt-six-les-travaux-du-megaprojet-de-batteries-reprennent-en-monteregie\/","title":{"rendered":"Northvolt Six: les travaux du m\u00e9gaprojet de batteries reprennent en Mont\u00e9r\u00e9gie"},"content":{"rendered":"<\/p>\n<p>Le fabricant su\u00e9dois de batteries, Northvolt, a red\u00e9marr\u00e9 les travaux de construction de son complexe industriel Northvolt Six, situ\u00e9 entre Saint-Basile-le-Grand et McMasterville en Mont\u00e9r\u00e9gie. Apr\u00e8s avoir obtenu les autorisations n\u00e9cessaires du minist\u00e8re de l\u2019Environnement et les permis municipaux, l\u2019entreprise a officiellement donn\u00e9 le coup d\u2019envoi \u00e0 ce qui deviendra le plus grand site de production de batteries pour v\u00e9hicules \u00e9lectriques au Canada.<\/p>\n<h3><strong>Travaux intensifs et perturbations de la circulation<\/strong><\/h3>\n<p>\nDans un communiqu\u00e9, Northvolt a pr\u00e9cis\u00e9 que des travaux importants se d\u00e9rouleront du lundi au samedi de 7 h \u00e0 21 h. Au cours de l\u2019\u00e9t\u00e9, les \u00e9quipes s\u2019affaireront \u00e0 \u00e9largir et prolonger la voie d\u2019acc\u00e8s, \u00e0 installer des inclusions rigides dans le sol et \u00e0 poser les fondations du premier b\u00e2timent sur la partie Saint-Basile-le-Grand du site.<\/p>\n<p>La circulation locale sera fortement impact\u00e9e, avec 350 \u00e0 500 camions traversant le site quotidiennement via la route 223. Northvolt a publi\u00e9 les parcours de camionnage sur la section Info-Travaux de son site web pour informer les r\u00e9sidents. Une route d\u2019acc\u00e8s direct au chantier via le boulevard Sir-Wilfrid-Laurier (route 116) devrait \u00eatre ouverte \u00e0 la fin de l\u2019\u00e9t\u00e9 pour faciliter le transport et r\u00e9duire les perturbations locales.<\/p>\n<h3><strong>Mesures pour minimiser les impacts environnementaux et sociaux<\/strong><\/h3>\n<p>\nNorthvolt s\u2019engage \u00e0 mettre en \u0153uvre une s\u00e9rie de mesures pour att\u00e9nuer l\u2019impact des travaux sur le voisinage. Cela inclut la pr\u00e9sence de surveillants aux entr\u00e9es du chantier, le nettoyage des roues des camions, l&#8217;ajout de toiles sur les bennes, une signalisation accrue et l&#8217;utilisation de radars pour assurer la s\u00e9curit\u00e9 des pi\u00e9tons et des automobilistes. Un plan de surveillance sonore sera \u00e9galement mis en place pour surveiller les niveaux de bruit g\u00e9n\u00e9r\u00e9s par le chantier.<\/p>\n<h3><strong>Engagements environnementaux de Northvolt face aux critiques<\/strong><\/h3>\n<p>\nNorthvolt a \u00e9t\u00e9 critiqu\u00e9 pour son impact environnemental, notamment par une communaut\u00e9 autochtone et des groupes \u00e9cologistes. L\u2019entreprise a d\u00e9pos\u00e9 un plan de gestion environnementale au MELCCFP, pr\u00e9voyant des syst\u00e8mes de traitement des eaux pluviales, des bassins de r\u00e9tention, des syst\u00e8mes de filtration, ainsi qu\u2019une surveillance continue de la qualit\u00e9 de l\u2019eau.<\/p>\n<p>Des barri\u00e8res \u00e0 s\u00e9diments seront install\u00e9es pour prot\u00e9ger l\u2019environnement local, et des cl\u00f4tures d\u2019exclusion emp\u00eacheront les tortues de p\u00e9n\u00e9trer dans la zone de travaux. Pour prot\u00e9ger l&#8217;habitat potentiel du petit blongios, un biologiste sera pr\u00e9sent sur site pour contr\u00f4ler les niveaux sonores.<\/p>\n<p>Les sols contamin\u00e9s seront trait\u00e9s conform\u00e9ment aux normes du minist\u00e8re de l\u2019Environnement, avec une surveillance rigoureuse pour caract\u00e9riser les sols et suivre les excavations. Northvolt promet une tra\u00e7abilit\u00e9 compl\u00e8te des sols contamin\u00e9s du site jusqu\u2019\u00e0 leur destination finale.<\/p>\n<h3><strong>Investissements et controverse autour des \u00e9valuations environnementales<\/strong><\/h3>\n<p>\nLe gouvernement du Qu\u00e9bec a \u00e9t\u00e9 accus\u00e9 d\u2019avoir facilit\u00e9 l\u2019approbation du projet en modifiant ses r\u00e8glements pour \u00e9viter une \u00e9valuation par le BAPE, suscitant des critiques de la part de certaines organisations environnementales.<\/p>\n<p>Le projet, qui repr\u00e9sente un investissement de 7,3 milliards de dollars de la part des gouvernements du Qu\u00e9bec et du Canada, s\u2019\u00e9tend sur une superficie \u00e9quivalente \u00e0 318 terrains de football am\u00e9ricain. Plus de 3000 personnes travailleront dans ce vaste complexe, qui devrait commencer \u00e0 produire des batteries d\u00e8s 2026. Northvolt pr\u00e9voit que le site produira suffisamment de cellules de batteries pour alimenter un million de v\u00e9hicules par an. Ottawa a promis que ces batteries seront parmi les plus \u00e9cologiques au monde lors de l&#8217;annonce du projet en septembre 2023.<\/p>\n<h3><strong>Expansions internationales de Northvolt<\/strong><\/h3>\n<p>\nEn plus du projet canadien, Northvolt d\u00e9veloppe des projets en Pologne, en Allemagne, en Norv\u00e8ge, au Portugal et aux \u00c9tats-Unis pour r\u00e9pondre \u00e0 des commandes de 55 milliards de dollars de constructeurs tels que BMW, Fluence, Scania, Volvo Cars et Volkswagen.<\/p>\n<p>\u00a0<\/p>\n<p>Avec des renseignements de Radio-Canada<\/p>\n<p>\u00a0<\/p>\n<p>\u00a0<\/p>\n<p>Le texte <a rel=\"nofollow\" href=\"https:\/\/annuelauto.ca\/northvolt-six-travaux-de-son-megaprojet-de-batteries-en-monteregie\/\">Northvolt Six: les travaux du m\u00e9gaprojet de batteries reprennent en Mont\u00e9r\u00e9gie<\/a> provient de <a rel=\"nofollow\" href=\"https:\/\/annuelauto.ca\">L&#8217;annuel de l&#8217;automobile &#8211; Actualit\u00e9 automobile<\/a><\/p>\n<p><\/p>\n","protected":false},"excerpt":{"rendered":"<p>Le fabricant su\u00e9dois de batteries, Northvolt, a red\u00e9marr\u00e9 les travaux de construction de son complexe industriel Northvolt Six, situ\u00e9 entre Saint-Basile-le-Grand et McMasterville en Mont\u00e9r\u00e9gie. Apr\u00e8s avoir obtenu les autorisations n\u00e9cessaires du minist\u00e8re de l\u2019Environnement et les permis municipaux, l\u2019entreprise a officiellement donn\u00e9 le coup d\u2019envoi \u00e0 ce qui deviendra le plus grand site de [&hellip;]<\/p>\n","protected":false},"author":8,"featured_media":166924,"comment_status":"close","ping_status":"closed","sticky":false,"template":"","format":"standard","meta":{"_monsterinsights_skip_tracking":false,"_monsterinsights_sitenote_active":false,"_monsterinsights_sitenote_note":"","_monsterinsights_sitenote_category":0,"footnotes":""},"categories":[101],"tags":[],"yoast_head":"<!-- This site is optimized with the Yoast SEO plugin v23.2 - https:\/\/yoast.com\/wordpress\/plugins\/seo\/ -->\n<title>Northvolt Six: les travaux du m\u00e9gaprojet de batteries reprennent en Mont\u00e9r\u00e9gie - CanadaMotorJobs.com<\/title>\n<meta name=\"description\" content=\"Northvolt Six: les travaux du m\u00e9gaprojet de batteries reprennent en Mont\u00e9r\u00e9gie - Benoit Charette - Annuel automobile - CanadaMotorJobs.com.\" \/>\n<meta name=\"robots\" content=\"index, follow, max-snippet:-1, max-image-preview:large, max-video-preview:-1\" \/>\n<meta property=\"og:locale\" content=\"fr_CA\" \/>\n<meta property=\"og:type\" content=\"article\" \/>\n<meta property=\"og:title\" content=\"Northvolt Six: les travaux du m\u00e9gaprojet de batteries reprennent en Mont\u00e9r\u00e9gie - CanadaMotorJobs.com\" \/>\n<meta property=\"og:description\" content=\"Northvolt Six: les travaux du m\u00e9gaprojet de batteries reprennent en Mont\u00e9r\u00e9gie - Benoit Charette - Annuel automobile - CanadaMotorJobs.com.\" \/>\n<meta property=\"og:url\" content=\"https:\/\/news.canadamotorjobs.com\/fr\/northvolt-six-les-travaux-du-megaprojet-de-batteries-reprennent-en-monteregie\/\" \/>\n<meta property=\"og:site_name\" content=\"CanadaMotorJobs.com\" \/>\n<meta property=\"article:publisher\" content=\"https:\/\/www.facebook.com\/canadamotorjobs\/\" \/>\n<meta property=\"article:published_time\" content=\"2024-06-11T11:46:42+00:00\" \/>\n<meta property=\"article:modified_time\" content=\"2024-06-11T18:44:07+00:00\" \/>\n<meta property=\"og:image\" content=\"https:\/\/news.canadamotorjobs.com\/wp-content\/uploads\/2024\/06\/20210216073901-d7cc67d59ff12cacc1daaeafd19ba9ef-4.jpeg\" \/>\n\t<meta property=\"og:image:width\" content=\"1348\" \/>\n\t<meta property=\"og:image:height\" content=\"900\" \/>\n\t<meta property=\"og:image:type\" content=\"image\/jpeg\" \/>\n<meta name=\"author\" content=\"Benoit Charette\" \/>\n<meta name=\"twitter:card\" content=\"summary_large_image\" \/>\n<meta name=\"twitter:creator\" content=\"@canadamotorjobs\" \/>\n<meta name=\"twitter:site\" content=\"@canadamotorjobs\" \/>\n<meta name=\"twitter:label1\" content=\"\u00c9crit par\" \/>\n\t<meta name=\"twitter:data1\" content=\"Benoit Charette\" \/>\n\t<meta name=\"twitter:label2\" content=\"Estimation du temps de lecture\" \/>\n\t<meta name=\"twitter:data2\" content=\"3 minutes\" \/>\n<!-- \/ Yoast SEO plugin. -->","yoast_head_json":{"title":"Northvolt Six: les travaux du m\u00e9gaprojet de batteries reprennent en Mont\u00e9r\u00e9gie - CanadaMotorJobs.com","description":"Northvolt Six: les travaux du m\u00e9gaprojet de batteries reprennent en Mont\u00e9r\u00e9gie - Benoit Charette - Annuel automobile - CanadaMotorJobs.com.","robots":{"index":"index","follow":"follow","max-snippet":"max-snippet:-1","max-image-preview":"max-image-preview:large","max-video-preview":"max-video-preview:-1"},"og_locale":"fr_CA","og_type":"article","og_title":"Northvolt Six: les travaux du m\u00e9gaprojet de batteries reprennent en Mont\u00e9r\u00e9gie - CanadaMotorJobs.com","og_description":"Northvolt Six: les travaux du m\u00e9gaprojet de batteries reprennent en Mont\u00e9r\u00e9gie - Benoit Charette - Annuel automobile - CanadaMotorJobs.com.","og_url":"https:\/\/news.canadamotorjobs.com\/fr\/northvolt-six-les-travaux-du-megaprojet-de-batteries-reprennent-en-monteregie\/","og_site_name":"CanadaMotorJobs.com","article_publisher":"https:\/\/www.facebook.com\/canadamotorjobs\/","article_published_time":"2024-06-11T11:46:42+00:00","article_modified_time":"2024-06-11T18:44:07+00:00","og_image":[{"width":1348,"height":900,"url":"https:\/\/news.canadamotorjobs.com\/wp-content\/uploads\/2024\/06\/20210216073901-d7cc67d59ff12cacc1daaeafd19ba9ef-4.jpeg","type":"image\/jpeg"}],"author":"Benoit Charette","twitter_card":"summary_large_image","twitter_creator":"@canadamotorjobs","twitter_site":"@canadamotorjobs","twitter_misc":{"\u00c9crit par":"Benoit Charette","Estimation du temps de lecture":"3 minutes"},"schema":{"@context":"https:\/\/schema.org","@graph":[{"@type":"Article","@id":"https:\/\/news.canadamotorjobs.com\/fr\/northvolt-six-les-travaux-du-megaprojet-de-batteries-reprennent-en-monteregie\/#article","isPartOf":{"@id":"https:\/\/news.canadamotorjobs.com\/fr\/northvolt-six-les-travaux-du-megaprojet-de-batteries-reprennent-en-monteregie\/"},"author":{"name":"Benoit Charette","@id":"https:\/\/news.canadamotorjobs.com\/#\/schema\/person\/51793d1f87d44011d7bcc2ed99269a90"},"headline":"Northvolt Six: les travaux du m\u00e9gaprojet de batteries reprennent en Mont\u00e9r\u00e9gie","datePublished":"2024-06-11T11:46:42+00:00","dateModified":"2024-06-11T18:44:07+00:00","mainEntityOfPage":{"@id":"https:\/\/news.canadamotorjobs.com\/fr\/northvolt-six-les-travaux-du-megaprojet-de-batteries-reprennent-en-monteregie\/"},"wordCount":697,"publisher":{"@id":"https:\/\/news.canadamotorjobs.com\/#organization"},"image":{"@id":"https:\/\/news.canadamotorjobs.com\/fr\/northvolt-six-les-travaux-du-megaprojet-de-batteries-reprennent-en-monteregie\/#primaryimage"},"thumbnailUrl":"https:\/\/news.canadamotorjobs.com\/wp-content\/uploads\/2024\/06\/20210216073901-d7cc67d59ff12cacc1daaeafd19ba9ef-4.jpeg","articleSection":["Annuel automobile"],"inLanguage":"fr-CA"},{"@type":"WebPage","@id":"https:\/\/news.canadamotorjobs.com\/fr\/northvolt-six-les-travaux-du-megaprojet-de-batteries-reprennent-en-monteregie\/","url":"https:\/\/news.canadamotorjobs.com\/fr\/northvolt-six-les-travaux-du-megaprojet-de-batteries-reprennent-en-monteregie\/","name":"Northvolt Six: les travaux du m\u00e9gaprojet de batteries reprennent en Mont\u00e9r\u00e9gie - CanadaMotorJobs.com","isPartOf":{"@id":"https:\/\/news.canadamotorjobs.com\/#website"},"primaryImageOfPage":{"@id":"https:\/\/news.canadamotorjobs.com\/fr\/northvolt-six-les-travaux-du-megaprojet-de-batteries-reprennent-en-monteregie\/#primaryimage"},"image":{"@id":"https:\/\/news.canadamotorjobs.com\/fr\/northvolt-six-les-travaux-du-megaprojet-de-batteries-reprennent-en-monteregie\/#primaryimage"},"thumbnailUrl":"https:\/\/news.canadamotorjobs.com\/wp-content\/uploads\/2024\/06\/20210216073901-d7cc67d59ff12cacc1daaeafd19ba9ef-4.jpeg","datePublished":"2024-06-11T11:46:42+00:00","dateModified":"2024-06-11T18:44:07+00:00","description":"Northvolt Six: les travaux du m\u00e9gaprojet de batteries reprennent en Mont\u00e9r\u00e9gie - Benoit Charette - Annuel automobile - CanadaMotorJobs.com.","breadcrumb":{"@id":"https:\/\/news.canadamotorjobs.com\/fr\/northvolt-six-les-travaux-du-megaprojet-de-batteries-reprennent-en-monteregie\/#breadcrumb"},"inLanguage":"fr-CA","potentialAction":[{"@type":"ReadAction","target":["https:\/\/news.canadamotorjobs.com\/fr\/northvolt-six-les-travaux-du-megaprojet-de-batteries-reprennent-en-monteregie\/"]}]},{"@type":"ImageObject","inLanguage":"fr-CA","@id":"https:\/\/news.canadamotorjobs.com\/fr\/northvolt-six-les-travaux-du-megaprojet-de-batteries-reprennent-en-monteregie\/#primaryimage","url":"https:\/\/news.canadamotorjobs.com\/wp-content\/uploads\/2024\/06\/20210216073901-d7cc67d59ff12cacc1daaeafd19ba9ef-4.jpeg","contentUrl":"https:\/\/news.canadamotorjobs.com\/wp-content\/uploads\/2024\/06\/20210216073901-d7cc67d59ff12cacc1daaeafd19ba9ef-4.jpeg","width":1348,"height":900},{"@type":"BreadcrumbList","@id":"https:\/\/news.canadamotorjobs.com\/fr\/northvolt-six-les-travaux-du-megaprojet-de-batteries-reprennent-en-monteregie\/#breadcrumb","itemListElement":[{"@type":"ListItem","position":1,"name":"Home","item":"https:\/\/news.canadamotorjobs.com\/fr\/blog\/"},{"@type":"ListItem","position":2,"name":"Northvolt Six: les travaux du m\u00e9gaprojet de batteries reprennent en Mont\u00e9r\u00e9gie"}]},{"@type":"WebSite","@id":"https:\/\/news.canadamotorjobs.com\/#website","url":"https:\/\/news.canadamotorjobs.com\/","name":"CanadaMotorJobs.com","description":"Automotive Jobs","publisher":{"@id":"https:\/\/news.canadamotorjobs.com\/#organization"},"potentialAction":[{"@type":"SearchAction","target":{"@type":"EntryPoint","urlTemplate":"https:\/\/news.canadamotorjobs.com\/?s={search_term_string}"},"query-input":"required name=search_term_string"}],"inLanguage":"fr-CA"},{"@type":"Organization","@id":"https:\/\/news.canadamotorjobs.com\/#organization","name":"Canada Motor Jobs","url":"https:\/\/news.canadamotorjobs.com\/","logo":{"@type":"ImageObject","inLanguage":"fr-CA","@id":"https:\/\/news.canadamotorjobs.com\/#\/schema\/logo\/image\/","url":"https:\/\/news.canadamotorjobs.com\/wp-content\/uploads\/2022\/10\/logo-canada-motor-jobs-1.png","contentUrl":"https:\/\/news.canadamotorjobs.com\/wp-content\/uploads\/2022\/10\/logo-canada-motor-jobs-1.png","width":800,"height":400,"caption":"Canada Motor Jobs"},"image":{"@id":"https:\/\/news.canadamotorjobs.com\/#\/schema\/logo\/image\/"},"sameAs":["https:\/\/www.facebook.com\/canadamotorjobs\/","https:\/\/x.com\/canadamotorjobs","https:\/\/www.instagram.com\/canadamotorjobs\/","https:\/\/www.linkedin.com\/company\/canadamotorjobs"]},{"@type":"Person","@id":"https:\/\/news.canadamotorjobs.com\/#\/schema\/person\/51793d1f87d44011d7bcc2ed99269a90","name":"Benoit Charette","image":{"@type":"ImageObject","inLanguage":"fr-CA","@id":"https:\/\/news.canadamotorjobs.com\/#\/schema\/person\/image\/","url":"https:\/\/secure.gravatar.com\/avatar\/45f3d2eebcccd909668d7ce7ea7267b6?s=96&d=mm&r=g","contentUrl":"https:\/\/secure.gravatar.com\/avatar\/45f3d2eebcccd909668d7ce7ea7267b6?s=96&d=mm&r=g","caption":"Benoit Charette"},"description":"Benoit Charette \/ Propri\u00e9taire et r\u00e9dacteur en chef Benoit Charette pratique le journalisme automobile depuis bient\u00f4t 30 ans. Il a fait ses classes au c\u00f4t\u00e9 de Daniel H\u00e9raud et au Carnet de route de 1992 \u00e0 2001. Il est fondateur, copropri\u00e9taire et r\u00e9dacteur en chef de L\u2019Annuel de l\u2019automobile, qu\u2019il publie depuis 2001. Il a anim\u00e9 les \u00e9missions RPM et RPM+ sur V et les L\u00e9gendes de la route sur Historia. \u00c0 la radio depuis 1986, il reprend l\u2019antenne cette ann\u00e9e sur les ondes de Cogeco et participe pour la deuxi\u00e8me ann\u00e9e \u00e0 l\u2019\u00e9mission Passion Auto sur RDS en plus de mettre en ligne le site Web officiel de L\u2019Annuel de l\u2019automobile sur annuelauto.ca.","sameAs":["https:\/\/annuelauto.ca\/"],"url":"https:\/\/news.canadamotorjobs.com\/fr\/author\/benoit-charette\/"}]}},"_links":{"self":[{"href":"https:\/\/news.canadamotorjobs.com\/fr\/wp-json\/wp\/v2\/posts\/166922"}],"collection":[{"href":"https:\/\/news.canadamotorjobs.com\/fr\/wp-json\/wp\/v2\/posts"}],"about":[{"href":"https:\/\/news.canadamotorjobs.com\/fr\/wp-json\/wp\/v2\/types\/post"}],"author":[{"embeddable":true,"href":"https:\/\/news.canadamotorjobs.com\/fr\/wp-json\/wp\/v2\/users\/8"}],"replies":[{"embeddable":true,"href":"https:\/\/news.canadamotorjobs.com\/fr\/wp-json\/wp\/v2\/comments?post=166922"}],"version-history":[{"count":2,"href":"https:\/\/news.canadamotorjobs.com\/fr\/wp-json\/wp\/v2\/posts\/166922\/revisions"}],"predecessor-version":[{"id":166926,"href":"https:\/\/news.canadamotorjobs.com\/fr\/wp-json\/wp\/v2\/posts\/166922\/revisions\/166926"}],"wp:featuredmedia":[{"embeddable":true,"href":"https:\/\/news.canadamotorjobs.com\/fr\/wp-json\/wp\/v2\/media\/166924"}],"wp:attachment":[{"href":"https:\/\/news.canadamotorjobs.com\/fr\/wp-json\/wp\/v2\/media?parent=166922"}],"wp:term":[{"taxonomy":"category","embeddable":true,"href":"https:\/\/news.canadamotorjobs.com\/fr\/wp-json\/wp\/v2\/categories?post=166922"},{"taxonomy":"post_tag","embeddable":true,"href":"https:\/\/news.canadamotorjobs.com\/fr\/wp-json\/wp\/v2\/tags?post=166922"}],"curies":[{"name":"wp","href":"https:\/\/api.w.org\/{rel}","templated":true}]}}