{"id":166880,"date":"2024-06-11T14:24:25","date_gmt":"2024-06-11T18:24:25","guid":{"rendered":"https:\/\/news.canadamotorjobs.com\/?p=166880"},"modified":"2024-06-11T14:29:21","modified_gmt":"2024-06-11T18:29:21","slug":"ce-chargeur-solaire-pour-voiture-electrique-cartonne-sur-tiktok","status":"publish","type":"post","link":"https:\/\/news.canadamotorjobs.com\/fr\/ce-chargeur-solaire-pour-voiture-electrique-cartonne-sur-tiktok\/","title":{"rendered":"Ce chargeur solaire pour voiture \u00e9lectrique cartonne sur TikTok"},"content":{"rendered":"<\/p>\n<p style=\"font-weight: 400\">La soci\u00e9t\u00e9 am\u00e9ricaine GoSun con\u00e7oit depuis quelques ann\u00e9es divers articles d\u2019usage courant aliment\u00e9s par l\u2019\u00e9nergie solaire. Elle vient de lancer un chargeur pour v\u00e9hicule \u00e9lectrique dont la vid\u00e9o promotionnelle conna\u00eet un succ\u00e8s fou sur TikTok. Est-ce la r\u00e9volution solaire tant attendue?<\/p>\n<p><\/p>\n<p style=\"font-weight: 400\">La vid\u00e9o en question a amass\u00e9 plus d\u2019un million de visionnements en quelques heures \u00e0 peine sur TikTok. Clairement, \u00e7a int\u00e9resse bien des gens.<\/p>\n<p><\/p>\n<p style=\"font-weight: 400\">Sauf que\u2026<\/p>\n<p><\/p>\n<p style=\"font-weight: 400\">Il faut relativiser, car on n\u2019a surtout <a href=\"https:\/\/gosun.co\/pages\/ev-solar-charger\">pas invent\u00e9<\/a> la voiture solaire. L\u2019accessoire cr\u00e9\u00e9 par GoSun se d\u00e9ploie sur le pare-brise, le coffre, le capot et tout le reste de son v\u00e9hicule \u00e0 partir de sa base, qui se fixe sur le support \u00e0 bagage sur le toit du v\u00e9hicule. Il est compos\u00e9 de plusieurs panneaux solaires qui cr\u00e9ent ensemble une puissance de 1200 watts qui peuvent servir \u00e0 recharger directement la batterie de son v\u00e9hicule. Quand ils sont rang\u00e9s, les capteurs g\u00e9n\u00e8rent quand m\u00eame 200 watts qui peuvent charger une batterie int\u00e9gr\u00e9e \u00e0 leur bo\u00eete de rangement.<\/p>\n<p><\/p>\n<p style=\"font-weight: 400\">Quand le v\u00e9hicule est \u00e0 l\u2019arr\u00eat, on peut brancher les panneaux solaires \u00e0 son chargeur. GoSun calcule qu\u2019on peut r\u00e9cup\u00e9rer jusqu\u2019\u00e0 50 km d\u2019autonomie par une journ\u00e9e ensoleill\u00e9e normale, ce qui normalement est suffisant pour aller de la maison au boulot, puis d\u2019en revenir.<\/p>\n<p><\/p>\n<p style=\"font-weight: 400\">Bref, on peut garder la batterie de son v\u00e9hicule toujours pleine, ou presque, sans avoir \u00e0 payer pour se brancher \u00e0 une borne publique, ou sans avoir \u00e0 consommer davantage d\u2019\u00e9lectricit\u00e9 provenant du r\u00e9seau d\u2019Hydro-Qu\u00e9bec.<\/p>\n<p><\/p>\n<p style=\"font-weight: 400\">On s\u2019entend que vu le prix de l\u2019\u00e9lectricit\u00e9 au Qu\u00e9bec, l\u2019aspect financier de l\u2019affaire n\u2019est pas aussi crucial qu\u2019ailleurs en Am\u00e9rique du Nord, o\u00f9 \u00e7a co\u00fbte un peu plus cher de se brancher.<\/p>\n<p><\/p>\n<p style=\"font-weight: 400\">D\u2019ailleurs, m\u00eame si l\u2019id\u00e9e n\u2019est pas d\u00e9nu\u00e9e d\u2019int\u00e9r\u00eat, elle risque de rebuter bien des gens quand ils verront combien co\u00fbte ce chargeur solaire. GoSun le vend pour 3000$US, soit un peu plus de 4100$CA. La livraison des premiers exemplaires aura lieu en 2025.<\/p>\n<p><\/p>\n<p style=\"font-weight: 400\">Aux \u00c9tats-Unis, GoSun pense que son chargeur peut \u00eatre \u00e9ligible \u00e0 une remise gouvernementale de 30%, ce qui rend le prix un peu moins \u00e9lev\u00e9. Au Canada, il existe aussi un programme d\u2019aide \u00e0 l\u2019achat d\u2019\u00e9quipement solaire pour la maison. On ne sait pas s\u2019il s\u2019appliquer sur ce chargeur, mais si c\u2019est le cas, la somme maximale est de 5000$.<\/p>\n<p>\n<span style=\"font-weight: 400\">\u00c7a vaudrait la peine de voir si \u00e7a s\u2019applique\u2026<\/span><\/p>\n<p>Le texte <a rel=\"nofollow\" href=\"https:\/\/annuelauto.ca\/ce-chargeur-solaire-pour-voiture-electrique-cartonne-sur-tiktok\/\">Ce chargeur solaire pour voiture \u00e9lectrique cartonne sur TikTok<\/a> provient de <a rel=\"nofollow\" href=\"https:\/\/annuelauto.ca\">L&#8217;annuel de l&#8217;automobile &#8211; Actualit\u00e9 automobile<\/a><\/p>\n<p><\/p>\n","protected":false},"excerpt":{"rendered":"<p>La soci\u00e9t\u00e9 am\u00e9ricaine GoSun con\u00e7oit depuis quelques ann\u00e9es divers articles d\u2019usage courant aliment\u00e9s par l\u2019\u00e9nergie solaire. Elle vient de lancer un chargeur pour v\u00e9hicule \u00e9lectrique dont la vid\u00e9o promotionnelle conna\u00eet un succ\u00e8s fou sur TikTok. Est-ce la r\u00e9volution solaire tant attendue? La vid\u00e9o en question a amass\u00e9 plus d\u2019un million de visionnements en quelques heures [&hellip;]<\/p>\n","protected":false},"author":8,"featured_media":166882,"comment_status":"close","ping_status":"closed","sticky":false,"template":"","format":"standard","meta":{"_monsterinsights_skip_tracking":false,"_monsterinsights_sitenote_active":false,"_monsterinsights_sitenote_note":"","_monsterinsights_sitenote_category":0,"footnotes":""},"categories":[101],"tags":[],"yoast_head":"<!-- This site is optimized with the Yoast SEO plugin v23.2 - https:\/\/yoast.com\/wordpress\/plugins\/seo\/ -->\n<title>Ce chargeur solaire pour voiture \u00e9lectrique cartonne sur TikTok - CanadaMotorJobs.com<\/title>\n<meta name=\"description\" content=\"Ce chargeur solaire pour voiture \u00e9lectrique cartonne sur TikTok - Benoit Charette - Annuel automobile - CanadaMotorJobs.com.\" \/>\n<meta name=\"robots\" content=\"index, follow, max-snippet:-1, max-image-preview:large, max-video-preview:-1\" \/>\n<meta property=\"og:locale\" content=\"fr_CA\" \/>\n<meta property=\"og:type\" content=\"article\" \/>\n<meta property=\"og:title\" content=\"Ce chargeur solaire pour voiture \u00e9lectrique cartonne sur TikTok - CanadaMotorJobs.com\" \/>\n<meta property=\"og:description\" content=\"Ce chargeur solaire pour voiture \u00e9lectrique cartonne sur TikTok - Benoit Charette - Annuel automobile - CanadaMotorJobs.com.\" \/>\n<meta property=\"og:url\" content=\"https:\/\/news.canadamotorjobs.com\/fr\/ce-chargeur-solaire-pour-voiture-electrique-cartonne-sur-tiktok\/\" \/>\n<meta property=\"og:site_name\" content=\"CanadaMotorJobs.com\" \/>\n<meta property=\"article:publisher\" content=\"https:\/\/www.facebook.com\/canadamotorjobs\/\" \/>\n<meta property=\"article:published_time\" content=\"2024-06-11T18:24:25+00:00\" \/>\n<meta property=\"article:modified_time\" content=\"2024-06-11T18:29:21+00:00\" \/>\n<meta property=\"og:image\" content=\"https:\/\/news.canadamotorjobs.com\/wp-content\/uploads\/2024\/06\/GoSun.png\" \/>\n\t<meta property=\"og:image:width\" content=\"906\" \/>\n\t<meta property=\"og:image:height\" content=\"579\" \/>\n\t<meta property=\"og:image:type\" content=\"image\/png\" \/>\n<meta name=\"author\" content=\"Benoit Charette\" \/>\n<meta name=\"twitter:card\" content=\"summary_large_image\" \/>\n<meta name=\"twitter:creator\" content=\"@canadamotorjobs\" \/>\n<meta name=\"twitter:site\" content=\"@canadamotorjobs\" \/>\n<meta name=\"twitter:label1\" content=\"\u00c9crit par\" \/>\n\t<meta name=\"twitter:data1\" content=\"Benoit Charette\" \/>\n\t<meta name=\"twitter:label2\" content=\"Estimation du temps de lecture\" \/>\n\t<meta name=\"twitter:data2\" content=\"2 minutes\" \/>\n<!-- \/ Yoast SEO plugin. -->","yoast_head_json":{"title":"Ce chargeur solaire pour voiture \u00e9lectrique cartonne sur TikTok - CanadaMotorJobs.com","description":"Ce chargeur solaire pour voiture \u00e9lectrique cartonne sur TikTok - Benoit Charette - Annuel automobile - CanadaMotorJobs.com.","robots":{"index":"index","follow":"follow","max-snippet":"max-snippet:-1","max-image-preview":"max-image-preview:large","max-video-preview":"max-video-preview:-1"},"og_locale":"fr_CA","og_type":"article","og_title":"Ce chargeur solaire pour voiture \u00e9lectrique cartonne sur TikTok - CanadaMotorJobs.com","og_description":"Ce chargeur solaire pour voiture \u00e9lectrique cartonne sur TikTok - Benoit Charette - Annuel automobile - CanadaMotorJobs.com.","og_url":"https:\/\/news.canadamotorjobs.com\/fr\/ce-chargeur-solaire-pour-voiture-electrique-cartonne-sur-tiktok\/","og_site_name":"CanadaMotorJobs.com","article_publisher":"https:\/\/www.facebook.com\/canadamotorjobs\/","article_published_time":"2024-06-11T18:24:25+00:00","article_modified_time":"2024-06-11T18:29:21+00:00","og_image":[{"width":906,"height":579,"url":"https:\/\/news.canadamotorjobs.com\/wp-content\/uploads\/2024\/06\/GoSun.png","type":"image\/png"}],"author":"Benoit Charette","twitter_card":"summary_large_image","twitter_creator":"@canadamotorjobs","twitter_site":"@canadamotorjobs","twitter_misc":{"\u00c9crit par":"Benoit Charette","Estimation du temps de lecture":"2 minutes"},"schema":{"@context":"https:\/\/schema.org","@graph":[{"@type":"Article","@id":"https:\/\/news.canadamotorjobs.com\/fr\/ce-chargeur-solaire-pour-voiture-electrique-cartonne-sur-tiktok\/#article","isPartOf":{"@id":"https:\/\/news.canadamotorjobs.com\/fr\/ce-chargeur-solaire-pour-voiture-electrique-cartonne-sur-tiktok\/"},"author":{"name":"Benoit Charette","@id":"https:\/\/news.canadamotorjobs.com\/#\/schema\/person\/51793d1f87d44011d7bcc2ed99269a90"},"headline":"Ce chargeur solaire pour voiture \u00e9lectrique cartonne sur TikTok","datePublished":"2024-06-11T18:24:25+00:00","dateModified":"2024-06-11T18:29:21+00:00","mainEntityOfPage":{"@id":"https:\/\/news.canadamotorjobs.com\/fr\/ce-chargeur-solaire-pour-voiture-electrique-cartonne-sur-tiktok\/"},"wordCount":472,"publisher":{"@id":"https:\/\/news.canadamotorjobs.com\/#organization"},"image":{"@id":"https:\/\/news.canadamotorjobs.com\/fr\/ce-chargeur-solaire-pour-voiture-electrique-cartonne-sur-tiktok\/#primaryimage"},"thumbnailUrl":"https:\/\/news.canadamotorjobs.com\/wp-content\/uploads\/2024\/06\/GoSun.png","articleSection":["Annuel automobile"],"inLanguage":"fr-CA"},{"@type":"WebPage","@id":"https:\/\/news.canadamotorjobs.com\/fr\/ce-chargeur-solaire-pour-voiture-electrique-cartonne-sur-tiktok\/","url":"https:\/\/news.canadamotorjobs.com\/fr\/ce-chargeur-solaire-pour-voiture-electrique-cartonne-sur-tiktok\/","name":"Ce chargeur solaire pour voiture \u00e9lectrique cartonne sur TikTok - CanadaMotorJobs.com","isPartOf":{"@id":"https:\/\/news.canadamotorjobs.com\/#website"},"primaryImageOfPage":{"@id":"https:\/\/news.canadamotorjobs.com\/fr\/ce-chargeur-solaire-pour-voiture-electrique-cartonne-sur-tiktok\/#primaryimage"},"image":{"@id":"https:\/\/news.canadamotorjobs.com\/fr\/ce-chargeur-solaire-pour-voiture-electrique-cartonne-sur-tiktok\/#primaryimage"},"thumbnailUrl":"https:\/\/news.canadamotorjobs.com\/wp-content\/uploads\/2024\/06\/GoSun.png","datePublished":"2024-06-11T18:24:25+00:00","dateModified":"2024-06-11T18:29:21+00:00","description":"Ce chargeur solaire pour voiture \u00e9lectrique cartonne sur TikTok - Benoit Charette - Annuel automobile - CanadaMotorJobs.com.","breadcrumb":{"@id":"https:\/\/news.canadamotorjobs.com\/fr\/ce-chargeur-solaire-pour-voiture-electrique-cartonne-sur-tiktok\/#breadcrumb"},"inLanguage":"fr-CA","potentialAction":[{"@type":"ReadAction","target":["https:\/\/news.canadamotorjobs.com\/fr\/ce-chargeur-solaire-pour-voiture-electrique-cartonne-sur-tiktok\/"]}]},{"@type":"ImageObject","inLanguage":"fr-CA","@id":"https:\/\/news.canadamotorjobs.com\/fr\/ce-chargeur-solaire-pour-voiture-electrique-cartonne-sur-tiktok\/#primaryimage","url":"https:\/\/news.canadamotorjobs.com\/wp-content\/uploads\/2024\/06\/GoSun.png","contentUrl":"https:\/\/news.canadamotorjobs.com\/wp-content\/uploads\/2024\/06\/GoSun.png","width":906,"height":579},{"@type":"BreadcrumbList","@id":"https:\/\/news.canadamotorjobs.com\/fr\/ce-chargeur-solaire-pour-voiture-electrique-cartonne-sur-tiktok\/#breadcrumb","itemListElement":[{"@type":"ListItem","position":1,"name":"Home","item":"https:\/\/news.canadamotorjobs.com\/fr\/blog\/"},{"@type":"ListItem","position":2,"name":"Ce chargeur solaire pour voiture \u00e9lectrique cartonne sur TikTok"}]},{"@type":"WebSite","@id":"https:\/\/news.canadamotorjobs.com\/#website","url":"https:\/\/news.canadamotorjobs.com\/","name":"CanadaMotorJobs.com","description":"Automotive Jobs","publisher":{"@id":"https:\/\/news.canadamotorjobs.com\/#organization"},"potentialAction":[{"@type":"SearchAction","target":{"@type":"EntryPoint","urlTemplate":"https:\/\/news.canadamotorjobs.com\/?s={search_term_string}"},"query-input":"required name=search_term_string"}],"inLanguage":"fr-CA"},{"@type":"Organization","@id":"https:\/\/news.canadamotorjobs.com\/#organization","name":"Canada Motor Jobs","url":"https:\/\/news.canadamotorjobs.com\/","logo":{"@type":"ImageObject","inLanguage":"fr-CA","@id":"https:\/\/news.canadamotorjobs.com\/#\/schema\/logo\/image\/","url":"https:\/\/news.canadamotorjobs.com\/wp-content\/uploads\/2022\/10\/logo-canada-motor-jobs-1.png","contentUrl":"https:\/\/news.canadamotorjobs.com\/wp-content\/uploads\/2022\/10\/logo-canada-motor-jobs-1.png","width":800,"height":400,"caption":"Canada Motor Jobs"},"image":{"@id":"https:\/\/news.canadamotorjobs.com\/#\/schema\/logo\/image\/"},"sameAs":["https:\/\/www.facebook.com\/canadamotorjobs\/","https:\/\/x.com\/canadamotorjobs","https:\/\/www.instagram.com\/canadamotorjobs\/","https:\/\/www.linkedin.com\/company\/canadamotorjobs"]},{"@type":"Person","@id":"https:\/\/news.canadamotorjobs.com\/#\/schema\/person\/51793d1f87d44011d7bcc2ed99269a90","name":"Benoit Charette","image":{"@type":"ImageObject","inLanguage":"fr-CA","@id":"https:\/\/news.canadamotorjobs.com\/#\/schema\/person\/image\/","url":"https:\/\/secure.gravatar.com\/avatar\/45f3d2eebcccd909668d7ce7ea7267b6?s=96&d=mm&r=g","contentUrl":"https:\/\/secure.gravatar.com\/avatar\/45f3d2eebcccd909668d7ce7ea7267b6?s=96&d=mm&r=g","caption":"Benoit Charette"},"description":"Benoit Charette \/ Propri\u00e9taire et r\u00e9dacteur en chef Benoit Charette pratique le journalisme automobile depuis bient\u00f4t 30 ans. Il a fait ses classes au c\u00f4t\u00e9 de Daniel H\u00e9raud et au Carnet de route de 1992 \u00e0 2001. Il est fondateur, copropri\u00e9taire et r\u00e9dacteur en chef de L\u2019Annuel de l\u2019automobile, qu\u2019il publie depuis 2001. Il a anim\u00e9 les \u00e9missions RPM et RPM+ sur V et les L\u00e9gendes de la route sur Historia. \u00c0 la radio depuis 1986, il reprend l\u2019antenne cette ann\u00e9e sur les ondes de Cogeco et participe pour la deuxi\u00e8me ann\u00e9e \u00e0 l\u2019\u00e9mission Passion Auto sur RDS en plus de mettre en ligne le site Web officiel de L\u2019Annuel de l\u2019automobile sur annuelauto.ca.","sameAs":["https:\/\/annuelauto.ca\/"],"url":"https:\/\/news.canadamotorjobs.com\/fr\/author\/benoit-charette\/"}]}},"_links":{"self":[{"href":"https:\/\/news.canadamotorjobs.com\/fr\/wp-json\/wp\/v2\/posts\/166880"}],"collection":[{"href":"https:\/\/news.canadamotorjobs.com\/fr\/wp-json\/wp\/v2\/posts"}],"about":[{"href":"https:\/\/news.canadamotorjobs.com\/fr\/wp-json\/wp\/v2\/types\/post"}],"author":[{"embeddable":true,"href":"https:\/\/news.canadamotorjobs.com\/fr\/wp-json\/wp\/v2\/users\/8"}],"replies":[{"embeddable":true,"href":"https:\/\/news.canadamotorjobs.com\/fr\/wp-json\/wp\/v2\/comments?post=166880"}],"version-history":[{"count":2,"href":"https:\/\/news.canadamotorjobs.com\/fr\/wp-json\/wp\/v2\/posts\/166880\/revisions"}],"predecessor-version":[{"id":166884,"href":"https:\/\/news.canadamotorjobs.com\/fr\/wp-json\/wp\/v2\/posts\/166880\/revisions\/166884"}],"wp:featuredmedia":[{"embeddable":true,"href":"https:\/\/news.canadamotorjobs.com\/fr\/wp-json\/wp\/v2\/media\/166882"}],"wp:attachment":[{"href":"https:\/\/news.canadamotorjobs.com\/fr\/wp-json\/wp\/v2\/media?parent=166880"}],"wp:term":[{"taxonomy":"category","embeddable":true,"href":"https:\/\/news.canadamotorjobs.com\/fr\/wp-json\/wp\/v2\/categories?post=166880"},{"taxonomy":"post_tag","embeddable":true,"href":"https:\/\/news.canadamotorjobs.com\/fr\/wp-json\/wp\/v2\/tags?post=166880"}],"curies":[{"name":"wp","href":"https:\/\/api.w.org\/{rel}","templated":true}]}}