{"id":166857,"date":"2024-06-11T14:26:35","date_gmt":"2024-06-11T18:26:35","guid":{"rendered":"https:\/\/news.canadamotorjobs.com\/?p=166857"},"modified":"2024-06-11T14:29:11","modified_gmt":"2024-06-11T18:29:11","slug":"pas-de-nouvelle-version-du-model-y-a-lhorizon-pour-tesla","status":"publish","type":"post","link":"https:\/\/news.canadamotorjobs.com\/fr\/pas-de-nouvelle-version-du-model-y-a-lhorizon-pour-tesla\/","title":{"rendered":"Pas de nouvelle version du Model Y \u00e0 l\u2019horizon pour Tesla"},"content":{"rendered":"<\/p>\n<p style=\"font-weight: 400\">C\u2019est le grand patron de Tesla Elon Musk qui l\u2019a dit\u00a0: le Model Y n\u2019aura pas droit \u00e0 une nouvelle version cette ann\u00e9e, contrairement \u00e0 la Model 3, qui vient justement de subir une l\u00e9g\u00e8re refonte. Il faut dire que les amateurs de la marque attendent ce nouveau mod\u00e8le, surnomm\u00e9 Juniper, avec de plus en plus d\u2019impatience.<\/p>\n<p><\/p>\n<p style=\"font-weight: 400\">On doit dire que les investisseurs aussi ont l\u2019air d\u2019avoir h\u00e2te que Tesla propose quelque chose de nouveau pour continuer d\u2019attirer les acheteurs. Le constructeur californien ne va pas si mal, mais disons que son rythme de vente a quelque peu ralenti, ces derniers mois. Et quand on regarde l\u2019information qui circule \u00e0 propos du Model Y Juniper, on imagine que \u00e7a aiderait <a href=\"https:\/\/annuelauto.ca\/tesla-model-y-superchargee\/\">ce petit VUS tout \u00e9lectrique<\/a> \u00e0 conserver son titre de v\u00e9hicule le plus vendu sur la plan\u00e8te.<\/p>\n<p><\/p>\n<p style=\"font-weight: 400\">\u00c9videmment, on ne sait rien d\u2019officiel \u00e0 propos d\u2019un \u00e9ventuel successeur au Model Y actuel. Mais une mise \u00e0 jour du mod\u00e8le signifierait sans doute une am\u00e9lioration de sa technologie motrice, et donc, une meilleure autonomie, et une am\u00e9lioration de sa technique d\u2019assemblage, donc un co\u00fbt de production moins \u00e9lev\u00e9.<\/p>\n<p><\/p>\n<p style=\"font-weight: 400\">Et un v\u00e9hicule \u00e9lectrique sign\u00e9 Tesla qui irait plus loin entre deux recharges et qui co\u00fbterait un peu moins cher, tout le monde devine que ce serait un autre beau petit succ\u00e8s commercial\u2026 Sauf que ce ne sera pas pour cette ann\u00e9e. C\u2019est ce qu\u2019a dit Elon Musk la semaine derni\u00e8re.<\/p>\n<p><\/p>\n<p style=\"font-weight: 400\">Ce que Musk a dit derni\u00e8rement, aussi, c\u2019est que Tesla va livrer t\u00f4t en 2025 un nouveau mod\u00e8le tout \u00e9lectrique plus abordable que les mod\u00e8les actuellement en march\u00e9. Le prix de d\u00e9tail vis\u00e9 est de 30\u00a0000 $US, soit environ 40\u00a0000\u00a0$CA. Il n\u2019a fait aucune r\u00e9f\u00e9rence directe \u00e0 un \u00abtout nouveau\u00bb mod\u00e8le, comme celui qu\u2019on a surnomm\u00e9 au fil du temps le Model 2.<\/p>\n<p><\/p>\n<p style=\"font-weight: 400\">Est-ce que Tesla pr\u00e9parerait un Model Y plus performant et plus abordable pour 2025, pour remplir cette promesse? Probablement pas, mais ce n\u2019est pas impossible non plus.<\/p>\n<p>\n<span style=\"font-weight: 400\">\u00c0 suivre, donc. Mais en 2025 seulement.<\/span><\/p>\n<p>Le texte <a rel=\"nofollow\" href=\"https:\/\/annuelauto.ca\/pas-de-nouvelle-version-du-model-y-a-lhorizon-pour-tesla\/\">Pas de nouvelle version du Model Y \u00e0 l\u2019horizon pour Tesla<\/a> provient de <a rel=\"nofollow\" href=\"https:\/\/annuelauto.ca\">L&#8217;annuel de l&#8217;automobile &#8211; Actualit\u00e9 automobile<\/a><\/p>\n<p><\/p>\n","protected":false},"excerpt":{"rendered":"<p>C\u2019est le grand patron de Tesla Elon Musk qui l\u2019a dit\u00a0: le Model Y n\u2019aura pas droit \u00e0 une nouvelle version cette ann\u00e9e, contrairement \u00e0 la Model 3, qui vient justement de subir une l\u00e9g\u00e8re refonte. Il faut dire que les amateurs de la marque attendent ce nouveau mod\u00e8le, surnomm\u00e9 Juniper, avec de plus en [&hellip;]<\/p>\n","protected":false},"author":8,"featured_media":166859,"comment_status":"close","ping_status":"closed","sticky":false,"template":"","format":"standard","meta":{"_monsterinsights_skip_tracking":false,"_monsterinsights_sitenote_active":false,"_monsterinsights_sitenote_note":"","_monsterinsights_sitenote_category":0,"footnotes":""},"categories":[101],"tags":[],"yoast_head":"<!-- This site is optimized with the Yoast SEO plugin v23.2 - https:\/\/yoast.com\/wordpress\/plugins\/seo\/ -->\n<title>Pas de nouvelle version du Model Y \u00e0 l\u2019horizon pour Tesla - CanadaMotorJobs.com<\/title>\n<meta name=\"description\" content=\"Pas de nouvelle version du Model Y \u00e0 l\u2019horizon pour Tesla - Benoit Charette - Annuel automobile - CanadaMotorJobs.com.\" \/>\n<meta name=\"robots\" content=\"index, follow, max-snippet:-1, max-image-preview:large, max-video-preview:-1\" \/>\n<meta property=\"og:locale\" content=\"fr_CA\" \/>\n<meta property=\"og:type\" content=\"article\" \/>\n<meta property=\"og:title\" content=\"Pas de nouvelle version du Model Y \u00e0 l\u2019horizon pour Tesla - CanadaMotorJobs.com\" \/>\n<meta property=\"og:description\" content=\"Pas de nouvelle version du Model Y \u00e0 l\u2019horizon pour Tesla - Benoit Charette - Annuel automobile - CanadaMotorJobs.com.\" \/>\n<meta property=\"og:url\" content=\"https:\/\/news.canadamotorjobs.com\/fr\/pas-de-nouvelle-version-du-model-y-a-lhorizon-pour-tesla\/\" \/>\n<meta property=\"og:site_name\" content=\"CanadaMotorJobs.com\" \/>\n<meta property=\"article:publisher\" content=\"https:\/\/www.facebook.com\/canadamotorjobs\/\" \/>\n<meta property=\"article:published_time\" content=\"2024-06-11T18:26:35+00:00\" \/>\n<meta property=\"article:modified_time\" content=\"2024-06-11T18:29:11+00:00\" \/>\n<meta property=\"og:image\" content=\"https:\/\/news.canadamotorjobs.com\/wp-content\/uploads\/2024\/06\/tesla_model-y_midnight-cherry-red-2.jpg\" \/>\n\t<meta property=\"og:image:width\" content=\"1200\" \/>\n\t<meta property=\"og:image:height\" content=\"675\" \/>\n\t<meta property=\"og:image:type\" content=\"image\/jpeg\" \/>\n<meta name=\"author\" content=\"Benoit Charette\" \/>\n<meta name=\"twitter:card\" content=\"summary_large_image\" \/>\n<meta name=\"twitter:creator\" content=\"@canadamotorjobs\" \/>\n<meta name=\"twitter:site\" content=\"@canadamotorjobs\" \/>\n<meta name=\"twitter:label1\" content=\"\u00c9crit par\" \/>\n\t<meta name=\"twitter:data1\" content=\"Benoit Charette\" \/>\n\t<meta name=\"twitter:label2\" content=\"Estimation du temps de lecture\" \/>\n\t<meta name=\"twitter:data2\" content=\"2 minutes\" \/>\n<!-- \/ Yoast SEO plugin. -->","yoast_head_json":{"title":"Pas de nouvelle version du Model Y \u00e0 l\u2019horizon pour Tesla - CanadaMotorJobs.com","description":"Pas de nouvelle version du Model Y \u00e0 l\u2019horizon pour Tesla - Benoit Charette - Annuel automobile - CanadaMotorJobs.com.","robots":{"index":"index","follow":"follow","max-snippet":"max-snippet:-1","max-image-preview":"max-image-preview:large","max-video-preview":"max-video-preview:-1"},"og_locale":"fr_CA","og_type":"article","og_title":"Pas de nouvelle version du Model Y \u00e0 l\u2019horizon pour Tesla - CanadaMotorJobs.com","og_description":"Pas de nouvelle version du Model Y \u00e0 l\u2019horizon pour Tesla - Benoit Charette - Annuel automobile - CanadaMotorJobs.com.","og_url":"https:\/\/news.canadamotorjobs.com\/fr\/pas-de-nouvelle-version-du-model-y-a-lhorizon-pour-tesla\/","og_site_name":"CanadaMotorJobs.com","article_publisher":"https:\/\/www.facebook.com\/canadamotorjobs\/","article_published_time":"2024-06-11T18:26:35+00:00","article_modified_time":"2024-06-11T18:29:11+00:00","og_image":[{"width":1200,"height":675,"url":"https:\/\/news.canadamotorjobs.com\/wp-content\/uploads\/2024\/06\/tesla_model-y_midnight-cherry-red-2.jpg","type":"image\/jpeg"}],"author":"Benoit Charette","twitter_card":"summary_large_image","twitter_creator":"@canadamotorjobs","twitter_site":"@canadamotorjobs","twitter_misc":{"\u00c9crit par":"Benoit Charette","Estimation du temps de lecture":"2 minutes"},"schema":{"@context":"https:\/\/schema.org","@graph":[{"@type":"Article","@id":"https:\/\/news.canadamotorjobs.com\/fr\/pas-de-nouvelle-version-du-model-y-a-lhorizon-pour-tesla\/#article","isPartOf":{"@id":"https:\/\/news.canadamotorjobs.com\/fr\/pas-de-nouvelle-version-du-model-y-a-lhorizon-pour-tesla\/"},"author":{"name":"Benoit Charette","@id":"https:\/\/news.canadamotorjobs.com\/#\/schema\/person\/51793d1f87d44011d7bcc2ed99269a90"},"headline":"Pas de nouvelle version du Model Y \u00e0 l\u2019horizon pour Tesla","datePublished":"2024-06-11T18:26:35+00:00","dateModified":"2024-06-11T18:29:11+00:00","mainEntityOfPage":{"@id":"https:\/\/news.canadamotorjobs.com\/fr\/pas-de-nouvelle-version-du-model-y-a-lhorizon-pour-tesla\/"},"wordCount":397,"publisher":{"@id":"https:\/\/news.canadamotorjobs.com\/#organization"},"image":{"@id":"https:\/\/news.canadamotorjobs.com\/fr\/pas-de-nouvelle-version-du-model-y-a-lhorizon-pour-tesla\/#primaryimage"},"thumbnailUrl":"https:\/\/news.canadamotorjobs.com\/wp-content\/uploads\/2024\/06\/tesla_model-y_midnight-cherry-red-2.jpg","articleSection":["Annuel automobile"],"inLanguage":"fr-CA"},{"@type":"WebPage","@id":"https:\/\/news.canadamotorjobs.com\/fr\/pas-de-nouvelle-version-du-model-y-a-lhorizon-pour-tesla\/","url":"https:\/\/news.canadamotorjobs.com\/fr\/pas-de-nouvelle-version-du-model-y-a-lhorizon-pour-tesla\/","name":"Pas de nouvelle version du Model Y \u00e0 l\u2019horizon pour Tesla - CanadaMotorJobs.com","isPartOf":{"@id":"https:\/\/news.canadamotorjobs.com\/#website"},"primaryImageOfPage":{"@id":"https:\/\/news.canadamotorjobs.com\/fr\/pas-de-nouvelle-version-du-model-y-a-lhorizon-pour-tesla\/#primaryimage"},"image":{"@id":"https:\/\/news.canadamotorjobs.com\/fr\/pas-de-nouvelle-version-du-model-y-a-lhorizon-pour-tesla\/#primaryimage"},"thumbnailUrl":"https:\/\/news.canadamotorjobs.com\/wp-content\/uploads\/2024\/06\/tesla_model-y_midnight-cherry-red-2.jpg","datePublished":"2024-06-11T18:26:35+00:00","dateModified":"2024-06-11T18:29:11+00:00","description":"Pas de nouvelle version du Model Y \u00e0 l\u2019horizon pour Tesla - Benoit Charette - Annuel automobile - CanadaMotorJobs.com.","breadcrumb":{"@id":"https:\/\/news.canadamotorjobs.com\/fr\/pas-de-nouvelle-version-du-model-y-a-lhorizon-pour-tesla\/#breadcrumb"},"inLanguage":"fr-CA","potentialAction":[{"@type":"ReadAction","target":["https:\/\/news.canadamotorjobs.com\/fr\/pas-de-nouvelle-version-du-model-y-a-lhorizon-pour-tesla\/"]}]},{"@type":"ImageObject","inLanguage":"fr-CA","@id":"https:\/\/news.canadamotorjobs.com\/fr\/pas-de-nouvelle-version-du-model-y-a-lhorizon-pour-tesla\/#primaryimage","url":"https:\/\/news.canadamotorjobs.com\/wp-content\/uploads\/2024\/06\/tesla_model-y_midnight-cherry-red-2.jpg","contentUrl":"https:\/\/news.canadamotorjobs.com\/wp-content\/uploads\/2024\/06\/tesla_model-y_midnight-cherry-red-2.jpg","width":1200,"height":675},{"@type":"BreadcrumbList","@id":"https:\/\/news.canadamotorjobs.com\/fr\/pas-de-nouvelle-version-du-model-y-a-lhorizon-pour-tesla\/#breadcrumb","itemListElement":[{"@type":"ListItem","position":1,"name":"Home","item":"https:\/\/news.canadamotorjobs.com\/fr\/blog\/"},{"@type":"ListItem","position":2,"name":"Pas de nouvelle version du Model Y \u00e0 l\u2019horizon pour Tesla"}]},{"@type":"WebSite","@id":"https:\/\/news.canadamotorjobs.com\/#website","url":"https:\/\/news.canadamotorjobs.com\/","name":"CanadaMotorJobs.com","description":"Automotive Jobs","publisher":{"@id":"https:\/\/news.canadamotorjobs.com\/#organization"},"potentialAction":[{"@type":"SearchAction","target":{"@type":"EntryPoint","urlTemplate":"https:\/\/news.canadamotorjobs.com\/?s={search_term_string}"},"query-input":"required name=search_term_string"}],"inLanguage":"fr-CA"},{"@type":"Organization","@id":"https:\/\/news.canadamotorjobs.com\/#organization","name":"Canada Motor Jobs","url":"https:\/\/news.canadamotorjobs.com\/","logo":{"@type":"ImageObject","inLanguage":"fr-CA","@id":"https:\/\/news.canadamotorjobs.com\/#\/schema\/logo\/image\/","url":"https:\/\/news.canadamotorjobs.com\/wp-content\/uploads\/2022\/10\/logo-canada-motor-jobs-1.png","contentUrl":"https:\/\/news.canadamotorjobs.com\/wp-content\/uploads\/2022\/10\/logo-canada-motor-jobs-1.png","width":800,"height":400,"caption":"Canada Motor Jobs"},"image":{"@id":"https:\/\/news.canadamotorjobs.com\/#\/schema\/logo\/image\/"},"sameAs":["https:\/\/www.facebook.com\/canadamotorjobs\/","https:\/\/x.com\/canadamotorjobs","https:\/\/www.instagram.com\/canadamotorjobs\/","https:\/\/www.linkedin.com\/company\/canadamotorjobs"]},{"@type":"Person","@id":"https:\/\/news.canadamotorjobs.com\/#\/schema\/person\/51793d1f87d44011d7bcc2ed99269a90","name":"Benoit Charette","image":{"@type":"ImageObject","inLanguage":"fr-CA","@id":"https:\/\/news.canadamotorjobs.com\/#\/schema\/person\/image\/","url":"https:\/\/secure.gravatar.com\/avatar\/45f3d2eebcccd909668d7ce7ea7267b6?s=96&d=mm&r=g","contentUrl":"https:\/\/secure.gravatar.com\/avatar\/45f3d2eebcccd909668d7ce7ea7267b6?s=96&d=mm&r=g","caption":"Benoit Charette"},"description":"Benoit Charette \/ Propri\u00e9taire et r\u00e9dacteur en chef Benoit Charette pratique le journalisme automobile depuis bient\u00f4t 30 ans. Il a fait ses classes au c\u00f4t\u00e9 de Daniel H\u00e9raud et au Carnet de route de 1992 \u00e0 2001. Il est fondateur, copropri\u00e9taire et r\u00e9dacteur en chef de L\u2019Annuel de l\u2019automobile, qu\u2019il publie depuis 2001. Il a anim\u00e9 les \u00e9missions RPM et RPM+ sur V et les L\u00e9gendes de la route sur Historia. \u00c0 la radio depuis 1986, il reprend l\u2019antenne cette ann\u00e9e sur les ondes de Cogeco et participe pour la deuxi\u00e8me ann\u00e9e \u00e0 l\u2019\u00e9mission Passion Auto sur RDS en plus de mettre en ligne le site Web officiel de L\u2019Annuel de l\u2019automobile sur annuelauto.ca.","sameAs":["https:\/\/annuelauto.ca\/"],"url":"https:\/\/news.canadamotorjobs.com\/fr\/author\/benoit-charette\/"}]}},"_links":{"self":[{"href":"https:\/\/news.canadamotorjobs.com\/fr\/wp-json\/wp\/v2\/posts\/166857"}],"collection":[{"href":"https:\/\/news.canadamotorjobs.com\/fr\/wp-json\/wp\/v2\/posts"}],"about":[{"href":"https:\/\/news.canadamotorjobs.com\/fr\/wp-json\/wp\/v2\/types\/post"}],"author":[{"embeddable":true,"href":"https:\/\/news.canadamotorjobs.com\/fr\/wp-json\/wp\/v2\/users\/8"}],"replies":[{"embeddable":true,"href":"https:\/\/news.canadamotorjobs.com\/fr\/wp-json\/wp\/v2\/comments?post=166857"}],"version-history":[{"count":2,"href":"https:\/\/news.canadamotorjobs.com\/fr\/wp-json\/wp\/v2\/posts\/166857\/revisions"}],"predecessor-version":[{"id":166861,"href":"https:\/\/news.canadamotorjobs.com\/fr\/wp-json\/wp\/v2\/posts\/166857\/revisions\/166861"}],"wp:featuredmedia":[{"embeddable":true,"href":"https:\/\/news.canadamotorjobs.com\/fr\/wp-json\/wp\/v2\/media\/166859"}],"wp:attachment":[{"href":"https:\/\/news.canadamotorjobs.com\/fr\/wp-json\/wp\/v2\/media?parent=166857"}],"wp:term":[{"taxonomy":"category","embeddable":true,"href":"https:\/\/news.canadamotorjobs.com\/fr\/wp-json\/wp\/v2\/categories?post=166857"},{"taxonomy":"post_tag","embeddable":true,"href":"https:\/\/news.canadamotorjobs.com\/fr\/wp-json\/wp\/v2\/tags?post=166857"}],"curies":[{"name":"wp","href":"https:\/\/api.w.org\/{rel}","templated":true}]}}