{"id":166803,"date":"2024-06-11T07:29:46","date_gmt":"2024-06-11T11:29:46","guid":{"rendered":"https:\/\/news.canadamotorjobs.com\/?p=166803"},"modified":"2024-06-11T07:44:31","modified_gmt":"2024-06-11T11:44:31","slug":"une-mine-de-graphite-pres-dune-reserve-faunique-suscite-la-controverse","status":"publish","type":"post","link":"https:\/\/news.canadamotorjobs.com\/fr\/une-mine-de-graphite-pres-dune-reserve-faunique-suscite-la-controverse\/","title":{"rendered":"Une mine de graphite pr\u00e8s d\u2019une r\u00e9serve faunique suscite la controverse"},"content":{"rendered":"<\/p>\n<p>Dans les Laurentides, \u00e0 quelques kilom\u00e8tres d\u2019une r\u00e9serve faunique et \u00e0 proximit\u00e9 de la ville de Duhamel, se trouve une ressource essentielle pour la fabrication de batteries de v\u00e9hicules \u00e9lectriques : le graphite. Depuis l\u2019annonce de la compagnie Lomiko Metals Inc., bas\u00e9e en Colombie-Britannique, sur son projet de construction d\u2019une mine de graphite dans la r\u00e9gion, certains r\u00e9sidents locaux se mobilisent contre le projet, craignant des dommages environnementaux. L&#8217;opposition s&#8217;est intensifi\u00e9e apr\u00e8s que les habitants ont appris le mois dernier l&#8217;implication du Pentagone dans ce projet.<\/p>\n<h3><strong>Subventions pour l&#8217;\u00e9tude et la transformation du graphite<\/strong><\/h3>\n<p>\nEn mai, Lomiko a annonc\u00e9 avoir re\u00e7u une subvention de 11,4 millions de dollars du d\u00e9partement de la D\u00e9fense des \u00c9tats-Unis et une autre de 4,9 millions de dollars de Ressources naturelles Canada pour \u00e9tudier la conversion du graphite en mat\u00e9riau de qualit\u00e9 pour batteries destin\u00e9es aux v\u00e9hicules \u00e9lectriques. Dans son annonce, le Pentagone a d\u00e9clar\u00e9 que le graphite de Lomiko renforcerait les cha\u00eenes d&#8217;approvisionnement \u00e9nerg\u00e9tique en Am\u00e9rique du Nord et serait utilis\u00e9 pour des \u00ab applications de d\u00e9fense \u00bb, des termes qui inqui\u00e8tent Louis Saint-Hilaire, r\u00e9sident de Duhamel.<\/p>\n<h3><strong>Craintes environnementales et implications militaires<\/strong><\/h3>\n<p>\n\u00ab Ils nous disaient que c\u2019\u00e9tait un projet \u00e9cologique pour fabriquer des batteries \u00e9lectriques, mais maintenant nous avons de s\u00e9rieux doutes \u00bb, a d\u00e9clar\u00e9 Louis Saint-Hilaire, co-porte-parole du groupe \u00e9cologiste Coalition Qu\u00e9b\u00e9coise des Lacs Incompatibles Avec L&#8217;Activit\u00e9 Mini\u00e8re. Saint-Hilaire craignait que la mine propos\u00e9e pollue les nombreux lacs de la r\u00e9gion. D\u00e9sormais, il est pr\u00e9occup\u00e9 par le fait que le graphite de sa ville puisse se retrouver dans l\u2019\u00e9quipement militaire am\u00e9ricain.<\/p>\n<p>Claude Bouffard, coordinateur d&#8217;un autre groupe environnemental, l&#8217;Association pour la Protection de l&#8217;Environnement du Lac des Plages, affirme ne pas \u00eatre n\u00e9cessairement contre l&#8217;extraction de graphite, mais il souligne que sa communaut\u00e9 n&#8217;a pas donn\u00e9 son consentement pour le projet de Lomiko.<\/p>\n<h3><strong>R\u00e9actions des autorit\u00e9s et perspectives d\u2019avenir<\/strong><\/h3>\n<p>\nFace aux inqui\u00e9tudes, la compagnie a indiqu\u00e9 qu&#8217;elle allait mener des \u00e9tudes de faisabilit\u00e9 et m\u00e9tallurgiques au cours des cinq prochaines ann\u00e9es et serait soumise \u00e0 un examen par le Bureau d&#8217;audiences publiques sur l&#8217;environnement (BAPE) du Qu\u00e9bec. La construction devrait d\u00e9buter en 2027.<\/p>\n<p>La ministre qu\u00e9b\u00e9coise des Ressources naturelles, Ma\u00eft\u00e9 Blanchette V\u00e9zina, n&#8217;a pas pr\u00e9cis\u00e9 si elle approuvait le financement du Pentagone, mais a rappel\u00e9 que les projets miniers doivent \u00eatre accept\u00e9s par la population locale pour aller de l&#8217;avant. \u00ab Les projets miniers doivent aller de pair avec l\u2019acceptabilit\u00e9 sociale \u00bb, a-t-elle \u00e9crit dans une d\u00e9claration.<\/p>\n<p>Ni le d\u00e9partement de la D\u00e9fense ni le consulat g\u00e9n\u00e9ral des \u00c9tats-Unis n&#8217;ont r\u00e9pondu aux demandes de commentaires concernant l&#8217;implication pr\u00e9cise du Pentagone dans le projet ou l&#8217;utilisation du graphite.<\/p>\n<h3><strong>L\u2019importance du graphite et ses utilisations strat\u00e9giques<\/strong><\/h3>\n<p>\nJean-Fran\u00e7ois Boulanger, professeur en ing\u00e9nierie min\u00e9rale \u00e0 l\u2019Universit\u00e9 du Qu\u00e9bec en Abitibi-T\u00e9miscamingue, a expliqu\u00e9 que le graphite purifi\u00e9 que Lomiko pr\u00e9voit de produire est effectivement utilis\u00e9 pour les batteries. Le graphite non purifi\u00e9, quant \u00e0 lui, peut \u00eatre utilis\u00e9 dans diverses applications, notamment la production d&#8217;acier.<\/p>\n<p>Le graphite est un min\u00e9ral cl\u00e9 pour la fabrication d&#8217;\u00e9quipements militaires. Un rapport de 2023 du Centre de La Haye pour les \u00e9tudes strat\u00e9giques, un groupe de r\u00e9flexion en mati\u00e8re de d\u00e9fense bas\u00e9 aux Pays-Bas, classe le graphite parmi les min\u00e9raux critiques dont la cha\u00eene d&#8217;approvisionnement est menac\u00e9e. Le rapport indique que les arm\u00e9es europ\u00e9ennes ont besoin de graphite pour les avions de chasse, les chars de bataille, les sous-marins, l&#8217;artillerie et les munitions.<\/p>\n<h3><strong>Investissements et d\u00e9pendance aux min\u00e9raux critiques<\/strong><\/h3>\n<p>\nTeresa Kramarz, co-directrice du laboratoire de gouvernance environnementale de l&#8217;Universit\u00e9 de Toronto, n&#8217;est pas surprise par le financement du d\u00e9partement de la D\u00e9fense. Elle note que les gouvernements nord-am\u00e9ricains et europ\u00e9ens investissent massivement dans des min\u00e9raux critiques comme le graphite pour r\u00e9duire leur d\u00e9pendance aux exportations chinoises. Cela fait partie d&#8217;une politique visant \u00e0 \u00e9tablir des relations commerciales avec des alli\u00e9s pour s\u00e9curiser les approvisionnements.<\/p>\n<p>La Chine est de loin le leader en production de graphite. En 2022, le Canada \u00e9tait class\u00e9 sixi\u00e8me, avec environ 1 % de la production mondiale ; la Chine en repr\u00e9sentait 66 %, selon Ressources naturelles Canada.<\/p>\n<p>Dans une d\u00e9claration, Ressources naturelles Canada a pr\u00e9cis\u00e9 que ce financement ne signifie pas que Lomiko Metals devra accorder un acc\u00e8s privil\u00e9gi\u00e9 au graphite produit aux gouvernements canadien et am\u00e9ricain.<\/p>\n<h3><strong>Pr\u00e9occupations pour l\u2019avenir des communaut\u00e9s locales<\/strong><\/h3>\n<p>\nQuel que soit l&#8217;usage pr\u00e9vu pour le graphite, Kramarz souligne que les personnes vivant pr\u00e8s des mines craignent que les op\u00e9rations mini\u00e8res d\u00e9placent les \u00e9cosyst\u00e8mes et rendent les communaut\u00e9s environnantes \u00e9conomiquement d\u00e9pendantes d\u2019elles. De plus, les r\u00e9sidents craignent \u00e9galement d&#8217;\u00eatre eux-m\u00eames d\u00e9plac\u00e9s lorsque des terres sont d\u00e9gag\u00e9es pour les mines. \u00ab Les gens doivent avoir un mot \u00e0 dire dans ce qui se passe dans leurs communaut\u00e9s \u00bb, a-t-elle d\u00e9clar\u00e9. \u00ab Ce sont les r\u00e8gles de la d\u00e9mocratie. \u00bb<\/p>\n<p>\u00a0<\/p>\n<p>Avec des renseignements d&#8217;automotive News Canada<\/p>\n<p>\u00a0<\/p>\n<p>Le texte <a rel=\"nofollow\" href=\"https:\/\/annuelauto.ca\/une-mine-de-graphite-pres-dune-reserve-faunique-suscite-la-controverse\/\">Une mine de graphite pr\u00e8s d\u2019une r\u00e9serve faunique suscite la controverse<\/a> provient de <a rel=\"nofollow\" href=\"https:\/\/annuelauto.ca\">L&#8217;annuel de l&#8217;automobile &#8211; Actualit\u00e9 automobile<\/a><\/p>\n<p><\/p>\n","protected":false},"excerpt":{"rendered":"<p>Dans les Laurentides, \u00e0 quelques kilom\u00e8tres d\u2019une r\u00e9serve faunique et \u00e0 proximit\u00e9 de la ville de Duhamel, se trouve une ressource essentielle pour la fabrication de batteries de v\u00e9hicules \u00e9lectriques : le graphite. Depuis l\u2019annonce de la compagnie Lomiko Metals Inc., bas\u00e9e en Colombie-Britannique, sur son projet de construction d\u2019une mine de graphite dans la [&hellip;]<\/p>\n","protected":false},"author":8,"featured_media":166805,"comment_status":"close","ping_status":"closed","sticky":false,"template":"","format":"standard","meta":{"_monsterinsights_skip_tracking":false,"_monsterinsights_sitenote_active":false,"_monsterinsights_sitenote_note":"","_monsterinsights_sitenote_category":0,"footnotes":""},"categories":[101],"tags":[],"yoast_head":"<!-- This site is optimized with the Yoast SEO plugin v23.2 - https:\/\/yoast.com\/wordpress\/plugins\/seo\/ -->\n<title>Une mine de graphite pr\u00e8s d\u2019une r\u00e9serve faunique suscite la controverse - CanadaMotorJobs.com<\/title>\n<meta name=\"description\" content=\"Une mine de graphite pr\u00e8s d\u2019une r\u00e9serve faunique suscite la controverse - Benoit Charette - Annuel automobile - CanadaMotorJobs.com.\" \/>\n<meta name=\"robots\" content=\"index, follow, max-snippet:-1, max-image-preview:large, max-video-preview:-1\" \/>\n<meta property=\"og:locale\" content=\"fr_CA\" \/>\n<meta property=\"og:type\" content=\"article\" \/>\n<meta property=\"og:title\" content=\"Une mine de graphite pr\u00e8s d\u2019une r\u00e9serve faunique suscite la controverse - CanadaMotorJobs.com\" \/>\n<meta property=\"og:description\" content=\"Une mine de graphite pr\u00e8s d\u2019une r\u00e9serve faunique suscite la controverse - Benoit Charette - Annuel automobile - CanadaMotorJobs.com.\" \/>\n<meta property=\"og:url\" content=\"https:\/\/news.canadamotorjobs.com\/fr\/une-mine-de-graphite-pres-dune-reserve-faunique-suscite-la-controverse\/\" \/>\n<meta property=\"og:site_name\" content=\"CanadaMotorJobs.com\" \/>\n<meta property=\"article:publisher\" content=\"https:\/\/www.facebook.com\/canadamotorjobs\/\" \/>\n<meta property=\"article:published_time\" content=\"2024-06-11T11:29:46+00:00\" \/>\n<meta property=\"article:modified_time\" content=\"2024-06-11T11:44:31+00:00\" \/>\n<meta property=\"og:image\" content=\"https:\/\/news.canadamotorjobs.com\/wp-content\/uploads\/2024\/06\/R4C7Y65K4VD47FYOPK5CWRWVFA-scaled-1.jpeg\" \/>\n\t<meta property=\"og:image:width\" content=\"2560\" \/>\n\t<meta property=\"og:image:height\" content=\"1920\" \/>\n\t<meta property=\"og:image:type\" content=\"image\/jpeg\" \/>\n<meta name=\"author\" content=\"Benoit Charette\" \/>\n<meta name=\"twitter:card\" content=\"summary_large_image\" \/>\n<meta name=\"twitter:creator\" content=\"@canadamotorjobs\" \/>\n<meta name=\"twitter:site\" content=\"@canadamotorjobs\" \/>\n<meta name=\"twitter:label1\" content=\"\u00c9crit par\" \/>\n\t<meta name=\"twitter:data1\" content=\"Benoit Charette\" \/>\n\t<meta name=\"twitter:label2\" content=\"Estimation du temps de lecture\" \/>\n\t<meta name=\"twitter:data2\" content=\"5 minutes\" \/>\n<!-- \/ Yoast SEO plugin. -->","yoast_head_json":{"title":"Une mine de graphite pr\u00e8s d\u2019une r\u00e9serve faunique suscite la controverse - CanadaMotorJobs.com","description":"Une mine de graphite pr\u00e8s d\u2019une r\u00e9serve faunique suscite la controverse - Benoit Charette - Annuel automobile - CanadaMotorJobs.com.","robots":{"index":"index","follow":"follow","max-snippet":"max-snippet:-1","max-image-preview":"max-image-preview:large","max-video-preview":"max-video-preview:-1"},"og_locale":"fr_CA","og_type":"article","og_title":"Une mine de graphite pr\u00e8s d\u2019une r\u00e9serve faunique suscite la controverse - CanadaMotorJobs.com","og_description":"Une mine de graphite pr\u00e8s d\u2019une r\u00e9serve faunique suscite la controverse - Benoit Charette - Annuel automobile - CanadaMotorJobs.com.","og_url":"https:\/\/news.canadamotorjobs.com\/fr\/une-mine-de-graphite-pres-dune-reserve-faunique-suscite-la-controverse\/","og_site_name":"CanadaMotorJobs.com","article_publisher":"https:\/\/www.facebook.com\/canadamotorjobs\/","article_published_time":"2024-06-11T11:29:46+00:00","article_modified_time":"2024-06-11T11:44:31+00:00","og_image":[{"width":2560,"height":1920,"url":"https:\/\/news.canadamotorjobs.com\/wp-content\/uploads\/2024\/06\/R4C7Y65K4VD47FYOPK5CWRWVFA-scaled-1.jpeg","type":"image\/jpeg"}],"author":"Benoit Charette","twitter_card":"summary_large_image","twitter_creator":"@canadamotorjobs","twitter_site":"@canadamotorjobs","twitter_misc":{"\u00c9crit par":"Benoit Charette","Estimation du temps de lecture":"5 minutes"},"schema":{"@context":"https:\/\/schema.org","@graph":[{"@type":"Article","@id":"https:\/\/news.canadamotorjobs.com\/fr\/une-mine-de-graphite-pres-dune-reserve-faunique-suscite-la-controverse\/#article","isPartOf":{"@id":"https:\/\/news.canadamotorjobs.com\/fr\/une-mine-de-graphite-pres-dune-reserve-faunique-suscite-la-controverse\/"},"author":{"name":"Benoit Charette","@id":"https:\/\/news.canadamotorjobs.com\/#\/schema\/person\/51793d1f87d44011d7bcc2ed99269a90"},"headline":"Une mine de graphite pr\u00e8s d\u2019une r\u00e9serve faunique suscite la controverse","datePublished":"2024-06-11T11:29:46+00:00","dateModified":"2024-06-11T11:44:31+00:00","mainEntityOfPage":{"@id":"https:\/\/news.canadamotorjobs.com\/fr\/une-mine-de-graphite-pres-dune-reserve-faunique-suscite-la-controverse\/"},"wordCount":950,"publisher":{"@id":"https:\/\/news.canadamotorjobs.com\/#organization"},"image":{"@id":"https:\/\/news.canadamotorjobs.com\/fr\/une-mine-de-graphite-pres-dune-reserve-faunique-suscite-la-controverse\/#primaryimage"},"thumbnailUrl":"https:\/\/news.canadamotorjobs.com\/wp-content\/uploads\/2024\/06\/R4C7Y65K4VD47FYOPK5CWRWVFA-scaled-1.jpeg","articleSection":["Annuel automobile"],"inLanguage":"fr-CA"},{"@type":"WebPage","@id":"https:\/\/news.canadamotorjobs.com\/fr\/une-mine-de-graphite-pres-dune-reserve-faunique-suscite-la-controverse\/","url":"https:\/\/news.canadamotorjobs.com\/fr\/une-mine-de-graphite-pres-dune-reserve-faunique-suscite-la-controverse\/","name":"Une mine de graphite pr\u00e8s d\u2019une r\u00e9serve faunique suscite la controverse - CanadaMotorJobs.com","isPartOf":{"@id":"https:\/\/news.canadamotorjobs.com\/#website"},"primaryImageOfPage":{"@id":"https:\/\/news.canadamotorjobs.com\/fr\/une-mine-de-graphite-pres-dune-reserve-faunique-suscite-la-controverse\/#primaryimage"},"image":{"@id":"https:\/\/news.canadamotorjobs.com\/fr\/une-mine-de-graphite-pres-dune-reserve-faunique-suscite-la-controverse\/#primaryimage"},"thumbnailUrl":"https:\/\/news.canadamotorjobs.com\/wp-content\/uploads\/2024\/06\/R4C7Y65K4VD47FYOPK5CWRWVFA-scaled-1.jpeg","datePublished":"2024-06-11T11:29:46+00:00","dateModified":"2024-06-11T11:44:31+00:00","description":"Une mine de graphite pr\u00e8s d\u2019une r\u00e9serve faunique suscite la controverse - Benoit Charette - Annuel automobile - CanadaMotorJobs.com.","breadcrumb":{"@id":"https:\/\/news.canadamotorjobs.com\/fr\/une-mine-de-graphite-pres-dune-reserve-faunique-suscite-la-controverse\/#breadcrumb"},"inLanguage":"fr-CA","potentialAction":[{"@type":"ReadAction","target":["https:\/\/news.canadamotorjobs.com\/fr\/une-mine-de-graphite-pres-dune-reserve-faunique-suscite-la-controverse\/"]}]},{"@type":"ImageObject","inLanguage":"fr-CA","@id":"https:\/\/news.canadamotorjobs.com\/fr\/une-mine-de-graphite-pres-dune-reserve-faunique-suscite-la-controverse\/#primaryimage","url":"https:\/\/news.canadamotorjobs.com\/wp-content\/uploads\/2024\/06\/R4C7Y65K4VD47FYOPK5CWRWVFA-scaled-1.jpeg","contentUrl":"https:\/\/news.canadamotorjobs.com\/wp-content\/uploads\/2024\/06\/R4C7Y65K4VD47FYOPK5CWRWVFA-scaled-1.jpeg","width":2560,"height":1920},{"@type":"BreadcrumbList","@id":"https:\/\/news.canadamotorjobs.com\/fr\/une-mine-de-graphite-pres-dune-reserve-faunique-suscite-la-controverse\/#breadcrumb","itemListElement":[{"@type":"ListItem","position":1,"name":"Home","item":"https:\/\/news.canadamotorjobs.com\/fr\/blog\/"},{"@type":"ListItem","position":2,"name":"Une mine de graphite pr\u00e8s d\u2019une r\u00e9serve faunique suscite la controverse"}]},{"@type":"WebSite","@id":"https:\/\/news.canadamotorjobs.com\/#website","url":"https:\/\/news.canadamotorjobs.com\/","name":"CanadaMotorJobs.com","description":"Automotive Jobs","publisher":{"@id":"https:\/\/news.canadamotorjobs.com\/#organization"},"potentialAction":[{"@type":"SearchAction","target":{"@type":"EntryPoint","urlTemplate":"https:\/\/news.canadamotorjobs.com\/?s={search_term_string}"},"query-input":"required name=search_term_string"}],"inLanguage":"fr-CA"},{"@type":"Organization","@id":"https:\/\/news.canadamotorjobs.com\/#organization","name":"Canada Motor Jobs","url":"https:\/\/news.canadamotorjobs.com\/","logo":{"@type":"ImageObject","inLanguage":"fr-CA","@id":"https:\/\/news.canadamotorjobs.com\/#\/schema\/logo\/image\/","url":"https:\/\/news.canadamotorjobs.com\/wp-content\/uploads\/2022\/10\/logo-canada-motor-jobs-1.png","contentUrl":"https:\/\/news.canadamotorjobs.com\/wp-content\/uploads\/2022\/10\/logo-canada-motor-jobs-1.png","width":800,"height":400,"caption":"Canada Motor Jobs"},"image":{"@id":"https:\/\/news.canadamotorjobs.com\/#\/schema\/logo\/image\/"},"sameAs":["https:\/\/www.facebook.com\/canadamotorjobs\/","https:\/\/x.com\/canadamotorjobs","https:\/\/www.instagram.com\/canadamotorjobs\/","https:\/\/www.linkedin.com\/company\/canadamotorjobs"]},{"@type":"Person","@id":"https:\/\/news.canadamotorjobs.com\/#\/schema\/person\/51793d1f87d44011d7bcc2ed99269a90","name":"Benoit Charette","image":{"@type":"ImageObject","inLanguage":"fr-CA","@id":"https:\/\/news.canadamotorjobs.com\/#\/schema\/person\/image\/","url":"https:\/\/secure.gravatar.com\/avatar\/45f3d2eebcccd909668d7ce7ea7267b6?s=96&d=mm&r=g","contentUrl":"https:\/\/secure.gravatar.com\/avatar\/45f3d2eebcccd909668d7ce7ea7267b6?s=96&d=mm&r=g","caption":"Benoit Charette"},"description":"Benoit Charette \/ Propri\u00e9taire et r\u00e9dacteur en chef Benoit Charette pratique le journalisme automobile depuis bient\u00f4t 30 ans. Il a fait ses classes au c\u00f4t\u00e9 de Daniel H\u00e9raud et au Carnet de route de 1992 \u00e0 2001. Il est fondateur, copropri\u00e9taire et r\u00e9dacteur en chef de L\u2019Annuel de l\u2019automobile, qu\u2019il publie depuis 2001. Il a anim\u00e9 les \u00e9missions RPM et RPM+ sur V et les L\u00e9gendes de la route sur Historia. \u00c0 la radio depuis 1986, il reprend l\u2019antenne cette ann\u00e9e sur les ondes de Cogeco et participe pour la deuxi\u00e8me ann\u00e9e \u00e0 l\u2019\u00e9mission Passion Auto sur RDS en plus de mettre en ligne le site Web officiel de L\u2019Annuel de l\u2019automobile sur annuelauto.ca.","sameAs":["https:\/\/annuelauto.ca\/"],"url":"https:\/\/news.canadamotorjobs.com\/fr\/author\/benoit-charette\/"}]}},"_links":{"self":[{"href":"https:\/\/news.canadamotorjobs.com\/fr\/wp-json\/wp\/v2\/posts\/166803"}],"collection":[{"href":"https:\/\/news.canadamotorjobs.com\/fr\/wp-json\/wp\/v2\/posts"}],"about":[{"href":"https:\/\/news.canadamotorjobs.com\/fr\/wp-json\/wp\/v2\/types\/post"}],"author":[{"embeddable":true,"href":"https:\/\/news.canadamotorjobs.com\/fr\/wp-json\/wp\/v2\/users\/8"}],"replies":[{"embeddable":true,"href":"https:\/\/news.canadamotorjobs.com\/fr\/wp-json\/wp\/v2\/comments?post=166803"}],"version-history":[{"count":2,"href":"https:\/\/news.canadamotorjobs.com\/fr\/wp-json\/wp\/v2\/posts\/166803\/revisions"}],"predecessor-version":[{"id":166807,"href":"https:\/\/news.canadamotorjobs.com\/fr\/wp-json\/wp\/v2\/posts\/166803\/revisions\/166807"}],"wp:featuredmedia":[{"embeddable":true,"href":"https:\/\/news.canadamotorjobs.com\/fr\/wp-json\/wp\/v2\/media\/166805"}],"wp:attachment":[{"href":"https:\/\/news.canadamotorjobs.com\/fr\/wp-json\/wp\/v2\/media?parent=166803"}],"wp:term":[{"taxonomy":"category","embeddable":true,"href":"https:\/\/news.canadamotorjobs.com\/fr\/wp-json\/wp\/v2\/categories?post=166803"},{"taxonomy":"post_tag","embeddable":true,"href":"https:\/\/news.canadamotorjobs.com\/fr\/wp-json\/wp\/v2\/tags?post=166803"}],"curies":[{"name":"wp","href":"https:\/\/api.w.org\/{rel}","templated":true}]}}