{"id":166784,"date":"2024-06-11T07:10:03","date_gmt":"2024-06-11T11:10:03","guid":{"rendered":"https:\/\/news.canadamotorjobs.com\/?p=166784"},"modified":"2024-06-11T07:13:43","modified_gmt":"2024-06-11T11:13:43","slug":"dodge-rappelle-211-000-durango-et-ram","status":"publish","type":"post","link":"https:\/\/news.canadamotorjobs.com\/fr\/dodge-rappelle-211-000-durango-et-ram\/","title":{"rendered":"Dodge rappelle 211\u00a0000 Durango et Ram"},"content":{"rendered":"<\/p>\n<p>Stellantis a annonc\u00e9 le rappel de plus de 211 000 v\u00e9hicules utilitaires sport (VUS) et camions pour un probl\u00e8me de logiciel qui pourrait d\u00e9sactiver les syst\u00e8mes de contr\u00f4le de la stabilit\u00e9 \u00e9lectronique. Ce rappel concerne certains mod\u00e8les de l&#8217;ann\u00e9e 2022, notamment les Dodge Durango et les camions Ram 2500-3500.<\/p>\n<h3><strong>D\u00e9tails sur le probl\u00e8me de s\u00e9curit\u00e9<\/strong><\/h3>\n<p>\nSelon les documents de la National Highway Traffic Safety Administration (NHTSA), ces v\u00e9hicules pourraient pr\u00e9senter un dysfonctionnement de leur module de contr\u00f4le des freins antiblocage. Ce probl\u00e8me pourrait entra\u00eener une d\u00e9faillance du syst\u00e8me de contr\u00f4le de la stabilit\u00e9, une fonction cl\u00e9 pour la s\u00e9curit\u00e9 des v\u00e9hicules. Une telle d\u00e9faillance pourrait augmenter le risque d&#8217;accident.<\/p>\n<h3><strong>L&#8217;origine du rappel et les chiffres cl\u00e9s<\/strong><\/h3>\n<p>\nUn porte-parole de Stellantis a indiqu\u00e9 que l&#8217;entreprise a men\u00e9 une enqu\u00eate apr\u00e8s avoir \u00e9t\u00e9 alert\u00e9e par une &#8220;revue de routine des retours clients&#8221;. Stellantis n&#8217;a, \u00e0 ce jour, connaissance d&#8217;aucune blessure ou accident li\u00e9 \u00e0 ce d\u00e9faut. Au total, 211 581 v\u00e9hicules, produits entre avril 2021 et d\u00e9cembre 2022, sont concern\u00e9s par ce probl\u00e8me. Les chiffres pr\u00e9cis pour les v\u00e9hicules affect\u00e9s sont les suivants : 524 Ram 3500, 157 890 Ram 2500 et 53 167 Dodge Durango.<\/p>\n<h3><strong>Rappel au Canada, au Mexique et ailleurs<\/strong><\/h3>\n<p>\nEn plus des v\u00e9hicules rappel\u00e9s aux \u00c9tats-Unis, 17 462 v\u00e9hicules sont touch\u00e9s au Canada, 2 313 au Mexique et 5 023 dans d&#8217;autres march\u00e9s hors Am\u00e9rique du Nord sont \u00e9galement concern\u00e9s par ce rappel.<\/p>\n<h3><strong>Proc\u00e9dure de rappel et recommandations pour les propri\u00e9taires<\/strong><\/h3>\n<p>\nLes concessionnaires mettront \u00e0 jour le logiciel du module de contr\u00f4le des freins antiblocage. Comme pour tous les rappels, la r\u00e9paration sera effectu\u00e9e gratuitement. Les concessionnaires et les propri\u00e9taires devraient recevoir des lettres de notification d&#8217;ici la fin juillet. En attendant, les conducteurs peuvent v\u00e9rifier si leur v\u00e9hicule est concern\u00e9 par ce rappel en utilisant le site de rappel de la NHTSA ou le service de recherche de rappel de Chrysler. Il est n\u00e9cessaire d&#8217;entrer le num\u00e9ro d&#8217;identification du v\u00e9hicule (VIN), donc assurez-vous de l&#8217;avoir \u00e0 port\u00e9e de main.<\/p>\n<p>\u00a0<\/p>\n<p>Avec des renseignements d&#8217;Autoblog<\/p>\n<p>\u00a0<\/p>\n<p>Le texte <a rel=\"nofollow\" href=\"https:\/\/annuelauto.ca\/dodge-rappelle-211-000-durango-et-ram\/\">Dodge rappelle 211\u00a0000 Durango et Ram<\/a> provient de <a rel=\"nofollow\" href=\"https:\/\/annuelauto.ca\">L&#8217;annuel de l&#8217;automobile &#8211; Actualit\u00e9 automobile<\/a><\/p>\n<p><\/p>\n","protected":false},"excerpt":{"rendered":"<p>Stellantis a annonc\u00e9 le rappel de plus de 211 000 v\u00e9hicules utilitaires sport (VUS) et camions pour un probl\u00e8me de logiciel qui pourrait d\u00e9sactiver les syst\u00e8mes de contr\u00f4le de la stabilit\u00e9 \u00e9lectronique. Ce rappel concerne certains mod\u00e8les de l&#8217;ann\u00e9e 2022, notamment les Dodge Durango et les camions Ram 2500-3500. D\u00e9tails sur le probl\u00e8me de s\u00e9curit\u00e9 [&hellip;]<\/p>\n","protected":false},"author":8,"featured_media":166786,"comment_status":"close","ping_status":"closed","sticky":false,"template":"","format":"standard","meta":{"_monsterinsights_skip_tracking":false,"_monsterinsights_sitenote_active":false,"_monsterinsights_sitenote_note":"","_monsterinsights_sitenote_category":0,"footnotes":""},"categories":[101],"tags":[],"yoast_head":"<!-- This site is optimized with the Yoast SEO plugin v23.2 - https:\/\/yoast.com\/wordpress\/plugins\/seo\/ -->\n<title>Dodge rappelle 211\u00a0000 Durango et Ram - CanadaMotorJobs.com<\/title>\n<meta name=\"description\" content=\"Dodge rappelle 211\u00a0000 Durango et Ram - Benoit Charette - Annuel automobile - CanadaMotorJobs.com.\" \/>\n<meta name=\"robots\" content=\"index, follow, max-snippet:-1, max-image-preview:large, max-video-preview:-1\" \/>\n<meta property=\"og:locale\" content=\"fr_CA\" \/>\n<meta property=\"og:type\" content=\"article\" \/>\n<meta property=\"og:title\" content=\"Dodge rappelle 211\u00a0000 Durango et Ram - CanadaMotorJobs.com\" \/>\n<meta property=\"og:description\" content=\"Dodge rappelle 211\u00a0000 Durango et Ram - Benoit Charette - Annuel automobile - CanadaMotorJobs.com.\" \/>\n<meta property=\"og:url\" content=\"https:\/\/news.canadamotorjobs.com\/fr\/dodge-rappelle-211-000-durango-et-ram\/\" \/>\n<meta property=\"og:site_name\" content=\"CanadaMotorJobs.com\" \/>\n<meta property=\"article:publisher\" content=\"https:\/\/www.facebook.com\/canadamotorjobs\/\" \/>\n<meta property=\"article:published_time\" content=\"2024-06-11T11:10:03+00:00\" \/>\n<meta property=\"article:modified_time\" content=\"2024-06-11T11:13:43+00:00\" \/>\n<meta property=\"og:image\" content=\"https:\/\/news.canadamotorjobs.com\/wp-content\/uploads\/2024\/06\/Dodge-Durango-2021-5-1024x683-1.jpg\" \/>\n\t<meta property=\"og:image:width\" content=\"1024\" \/>\n\t<meta property=\"og:image:height\" content=\"683\" \/>\n\t<meta property=\"og:image:type\" content=\"image\/jpeg\" \/>\n<meta name=\"author\" content=\"Benoit Charette\" \/>\n<meta name=\"twitter:card\" content=\"summary_large_image\" \/>\n<meta name=\"twitter:creator\" content=\"@canadamotorjobs\" \/>\n<meta name=\"twitter:site\" content=\"@canadamotorjobs\" \/>\n<meta name=\"twitter:label1\" content=\"\u00c9crit par\" \/>\n\t<meta name=\"twitter:data1\" content=\"Benoit Charette\" \/>\n\t<meta name=\"twitter:label2\" content=\"Estimation du temps de lecture\" \/>\n\t<meta name=\"twitter:data2\" content=\"2 minutes\" \/>\n<!-- \/ Yoast SEO plugin. -->","yoast_head_json":{"title":"Dodge rappelle 211\u00a0000 Durango et Ram - CanadaMotorJobs.com","description":"Dodge rappelle 211\u00a0000 Durango et Ram - Benoit Charette - Annuel automobile - CanadaMotorJobs.com.","robots":{"index":"index","follow":"follow","max-snippet":"max-snippet:-1","max-image-preview":"max-image-preview:large","max-video-preview":"max-video-preview:-1"},"og_locale":"fr_CA","og_type":"article","og_title":"Dodge rappelle 211\u00a0000 Durango et Ram - CanadaMotorJobs.com","og_description":"Dodge rappelle 211\u00a0000 Durango et Ram - Benoit Charette - Annuel automobile - CanadaMotorJobs.com.","og_url":"https:\/\/news.canadamotorjobs.com\/fr\/dodge-rappelle-211-000-durango-et-ram\/","og_site_name":"CanadaMotorJobs.com","article_publisher":"https:\/\/www.facebook.com\/canadamotorjobs\/","article_published_time":"2024-06-11T11:10:03+00:00","article_modified_time":"2024-06-11T11:13:43+00:00","og_image":[{"width":1024,"height":683,"url":"https:\/\/news.canadamotorjobs.com\/wp-content\/uploads\/2024\/06\/Dodge-Durango-2021-5-1024x683-1.jpg","type":"image\/jpeg"}],"author":"Benoit Charette","twitter_card":"summary_large_image","twitter_creator":"@canadamotorjobs","twitter_site":"@canadamotorjobs","twitter_misc":{"\u00c9crit par":"Benoit Charette","Estimation du temps de lecture":"2 minutes"},"schema":{"@context":"https:\/\/schema.org","@graph":[{"@type":"Article","@id":"https:\/\/news.canadamotorjobs.com\/fr\/dodge-rappelle-211-000-durango-et-ram\/#article","isPartOf":{"@id":"https:\/\/news.canadamotorjobs.com\/fr\/dodge-rappelle-211-000-durango-et-ram\/"},"author":{"name":"Benoit Charette","@id":"https:\/\/news.canadamotorjobs.com\/#\/schema\/person\/51793d1f87d44011d7bcc2ed99269a90"},"headline":"Dodge rappelle 211\u00a0000 Durango et Ram","datePublished":"2024-06-11T11:10:03+00:00","dateModified":"2024-06-11T11:13:43+00:00","mainEntityOfPage":{"@id":"https:\/\/news.canadamotorjobs.com\/fr\/dodge-rappelle-211-000-durango-et-ram\/"},"wordCount":397,"publisher":{"@id":"https:\/\/news.canadamotorjobs.com\/#organization"},"image":{"@id":"https:\/\/news.canadamotorjobs.com\/fr\/dodge-rappelle-211-000-durango-et-ram\/#primaryimage"},"thumbnailUrl":"https:\/\/news.canadamotorjobs.com\/wp-content\/uploads\/2024\/06\/Dodge-Durango-2021-5-1024x683-1.jpg","articleSection":["Annuel automobile"],"inLanguage":"fr-CA"},{"@type":"WebPage","@id":"https:\/\/news.canadamotorjobs.com\/fr\/dodge-rappelle-211-000-durango-et-ram\/","url":"https:\/\/news.canadamotorjobs.com\/fr\/dodge-rappelle-211-000-durango-et-ram\/","name":"Dodge rappelle 211\u00a0000 Durango et Ram - CanadaMotorJobs.com","isPartOf":{"@id":"https:\/\/news.canadamotorjobs.com\/#website"},"primaryImageOfPage":{"@id":"https:\/\/news.canadamotorjobs.com\/fr\/dodge-rappelle-211-000-durango-et-ram\/#primaryimage"},"image":{"@id":"https:\/\/news.canadamotorjobs.com\/fr\/dodge-rappelle-211-000-durango-et-ram\/#primaryimage"},"thumbnailUrl":"https:\/\/news.canadamotorjobs.com\/wp-content\/uploads\/2024\/06\/Dodge-Durango-2021-5-1024x683-1.jpg","datePublished":"2024-06-11T11:10:03+00:00","dateModified":"2024-06-11T11:13:43+00:00","description":"Dodge rappelle 211\u00a0000 Durango et Ram - Benoit Charette - Annuel automobile - CanadaMotorJobs.com.","breadcrumb":{"@id":"https:\/\/news.canadamotorjobs.com\/fr\/dodge-rappelle-211-000-durango-et-ram\/#breadcrumb"},"inLanguage":"fr-CA","potentialAction":[{"@type":"ReadAction","target":["https:\/\/news.canadamotorjobs.com\/fr\/dodge-rappelle-211-000-durango-et-ram\/"]}]},{"@type":"ImageObject","inLanguage":"fr-CA","@id":"https:\/\/news.canadamotorjobs.com\/fr\/dodge-rappelle-211-000-durango-et-ram\/#primaryimage","url":"https:\/\/news.canadamotorjobs.com\/wp-content\/uploads\/2024\/06\/Dodge-Durango-2021-5-1024x683-1.jpg","contentUrl":"https:\/\/news.canadamotorjobs.com\/wp-content\/uploads\/2024\/06\/Dodge-Durango-2021-5-1024x683-1.jpg","width":1024,"height":683},{"@type":"BreadcrumbList","@id":"https:\/\/news.canadamotorjobs.com\/fr\/dodge-rappelle-211-000-durango-et-ram\/#breadcrumb","itemListElement":[{"@type":"ListItem","position":1,"name":"Home","item":"https:\/\/news.canadamotorjobs.com\/fr\/blog\/"},{"@type":"ListItem","position":2,"name":"Dodge rappelle 211\u00a0000 Durango et Ram"}]},{"@type":"WebSite","@id":"https:\/\/news.canadamotorjobs.com\/#website","url":"https:\/\/news.canadamotorjobs.com\/","name":"CanadaMotorJobs.com","description":"Automotive Jobs","publisher":{"@id":"https:\/\/news.canadamotorjobs.com\/#organization"},"potentialAction":[{"@type":"SearchAction","target":{"@type":"EntryPoint","urlTemplate":"https:\/\/news.canadamotorjobs.com\/?s={search_term_string}"},"query-input":"required name=search_term_string"}],"inLanguage":"fr-CA"},{"@type":"Organization","@id":"https:\/\/news.canadamotorjobs.com\/#organization","name":"Canada Motor Jobs","url":"https:\/\/news.canadamotorjobs.com\/","logo":{"@type":"ImageObject","inLanguage":"fr-CA","@id":"https:\/\/news.canadamotorjobs.com\/#\/schema\/logo\/image\/","url":"https:\/\/news.canadamotorjobs.com\/wp-content\/uploads\/2022\/10\/logo-canada-motor-jobs-1.png","contentUrl":"https:\/\/news.canadamotorjobs.com\/wp-content\/uploads\/2022\/10\/logo-canada-motor-jobs-1.png","width":800,"height":400,"caption":"Canada Motor Jobs"},"image":{"@id":"https:\/\/news.canadamotorjobs.com\/#\/schema\/logo\/image\/"},"sameAs":["https:\/\/www.facebook.com\/canadamotorjobs\/","https:\/\/x.com\/canadamotorjobs","https:\/\/www.instagram.com\/canadamotorjobs\/","https:\/\/www.linkedin.com\/company\/canadamotorjobs"]},{"@type":"Person","@id":"https:\/\/news.canadamotorjobs.com\/#\/schema\/person\/51793d1f87d44011d7bcc2ed99269a90","name":"Benoit Charette","image":{"@type":"ImageObject","inLanguage":"fr-CA","@id":"https:\/\/news.canadamotorjobs.com\/#\/schema\/person\/image\/","url":"https:\/\/secure.gravatar.com\/avatar\/45f3d2eebcccd909668d7ce7ea7267b6?s=96&d=mm&r=g","contentUrl":"https:\/\/secure.gravatar.com\/avatar\/45f3d2eebcccd909668d7ce7ea7267b6?s=96&d=mm&r=g","caption":"Benoit Charette"},"description":"Benoit Charette \/ Propri\u00e9taire et r\u00e9dacteur en chef Benoit Charette pratique le journalisme automobile depuis bient\u00f4t 30 ans. Il a fait ses classes au c\u00f4t\u00e9 de Daniel H\u00e9raud et au Carnet de route de 1992 \u00e0 2001. Il est fondateur, copropri\u00e9taire et r\u00e9dacteur en chef de L\u2019Annuel de l\u2019automobile, qu\u2019il publie depuis 2001. Il a anim\u00e9 les \u00e9missions RPM et RPM+ sur V et les L\u00e9gendes de la route sur Historia. \u00c0 la radio depuis 1986, il reprend l\u2019antenne cette ann\u00e9e sur les ondes de Cogeco et participe pour la deuxi\u00e8me ann\u00e9e \u00e0 l\u2019\u00e9mission Passion Auto sur RDS en plus de mettre en ligne le site Web officiel de L\u2019Annuel de l\u2019automobile sur annuelauto.ca.","sameAs":["https:\/\/annuelauto.ca\/"],"url":"https:\/\/news.canadamotorjobs.com\/fr\/author\/benoit-charette\/"}]}},"_links":{"self":[{"href":"https:\/\/news.canadamotorjobs.com\/fr\/wp-json\/wp\/v2\/posts\/166784"}],"collection":[{"href":"https:\/\/news.canadamotorjobs.com\/fr\/wp-json\/wp\/v2\/posts"}],"about":[{"href":"https:\/\/news.canadamotorjobs.com\/fr\/wp-json\/wp\/v2\/types\/post"}],"author":[{"embeddable":true,"href":"https:\/\/news.canadamotorjobs.com\/fr\/wp-json\/wp\/v2\/users\/8"}],"replies":[{"embeddable":true,"href":"https:\/\/news.canadamotorjobs.com\/fr\/wp-json\/wp\/v2\/comments?post=166784"}],"version-history":[{"count":2,"href":"https:\/\/news.canadamotorjobs.com\/fr\/wp-json\/wp\/v2\/posts\/166784\/revisions"}],"predecessor-version":[{"id":166788,"href":"https:\/\/news.canadamotorjobs.com\/fr\/wp-json\/wp\/v2\/posts\/166784\/revisions\/166788"}],"wp:featuredmedia":[{"embeddable":true,"href":"https:\/\/news.canadamotorjobs.com\/fr\/wp-json\/wp\/v2\/media\/166786"}],"wp:attachment":[{"href":"https:\/\/news.canadamotorjobs.com\/fr\/wp-json\/wp\/v2\/media?parent=166784"}],"wp:term":[{"taxonomy":"category","embeddable":true,"href":"https:\/\/news.canadamotorjobs.com\/fr\/wp-json\/wp\/v2\/categories?post=166784"},{"taxonomy":"post_tag","embeddable":true,"href":"https:\/\/news.canadamotorjobs.com\/fr\/wp-json\/wp\/v2\/tags?post=166784"}],"curies":[{"name":"wp","href":"https:\/\/api.w.org\/{rel}","templated":true}]}}