{"id":166732,"date":"2024-06-10T08:35:09","date_gmt":"2024-06-10T12:35:09","guid":{"rendered":"https:\/\/news.canadamotorjobs.com\/?p=166732"},"modified":"2024-06-10T09:03:40","modified_gmt":"2024-06-10T13:03:40","slug":"les-teslas-invendues-saccumulent-a-un-rythme-alarmant","status":"publish","type":"post","link":"https:\/\/news.canadamotorjobs.com\/fr\/les-teslas-invendues-saccumulent-a-un-rythme-alarmant\/","title":{"rendered":"Les Teslas invendues s\u2019accumulent \u00e0 un rythme alarmant"},"content":{"rendered":"<\/p>\n<p>Tesla, autrefois synonyme de succ\u00e8s fulgurant sur le march\u00e9 des v\u00e9hicules \u00e9lectriques, fait face \u00e0 une situation inattendue : un inventaire de plus de 45 000 voitures invendues, tellement important qu&#8217;il est visible depuis l&#8217;espace. Les images satellites r\u00e9v\u00e8lent des stationnements surcharg\u00e9s o\u00f9 s&#8217;entassent les v\u00e9hicules, signe d&#8217;un changement de dynamique pour le g\u00e9ant de l&#8217;automobile.<\/p>\n<h3>Un inventaire qui S&#8217;accumule<\/h3>\n<p>\nL&#8217;\u00e9poque o\u00f9 chaque Tesla produite trouvait preneur imm\u00e9diatement semble r\u00e9volue. D\u00e9sormais, l&#8217;entreprise doit faire face \u00e0 un surplus consid\u00e9rable de v\u00e9hicules et une concurrence accrue des autres constructeurs automobiles. Malgr\u00e9 des r\u00e9ductions de prix sur des mod\u00e8les populaires comme la Model Y, les acheteurs ne se pr\u00e9cipitent pas. Selon le <strong>Sherwood News<\/strong>, Tesla a produit 433 371 v\u00e9hicules au premier trimestre 2024, mais seulement 386 810 ont \u00e9t\u00e9 vendus, laissant un exc\u00e9dent de 46 561 voitures invendues.<\/p>\n<h3>Un ralentissement des ventes de V\u00c9S<\/h3>\n<p>\nCe surplus peut \u00eatre attribu\u00e9 au ralentissement g\u00e9n\u00e9ral des ventes de v\u00e9hicules \u00e9lectriques (VE), une tendance qui a touch\u00e9 plusieurs constructeurs. Tesla n&#8217;est pas \u00e9pargn\u00e9, et comme l&#8217;explique Vaibhav Taneja, directeur financier de l&#8217;entreprise, une mauvaise correspondance entre les pr\u00e9visions de production et la demande a conduit \u00e0 cette accumulation d&#8217;inventaire. L&#8217;entreprise a \u00e9galement d\u00e9pens\u00e9 de mani\u00e8re significative en ordinateurs pour l&#8217;intelligence artificielle, contribuant \u00e0 une diminution de 2,5 milliards de dollars de son flux de tr\u00e9sorerie libre.<\/p>\n<h3>Des aires de stationnements qui d\u00e9bordent<\/h3>\n<p>\nMais o\u00f9 se trouvent toutes ces Teslas ? Gr\u00e2ce \u00e0 des images satellites fournies par <strong>SkyFi<\/strong>, un march\u00e9 de l&#8217;imagerie satellite, on peut observer des parkings autour de la Gigafactory de Tesla au Texas, qui passent de partiellement remplis \u00e0 compl\u00e8tement satur\u00e9s entre octobre 2023 et mars 2024. D&#8217;autres sites \u00e0 travers les \u00c9tats-Unis, comme un parking \u00e0 c\u00f4t\u00e9 du Chesterfield Mall \u00e0 St. Louis, montrent des centaines de voitures stationn\u00e9es, r\u00e9v\u00e9lant l&#8217;ampleur du probl\u00e8me.<\/p>\n<h3>Une perte de popularit\u00e9 ?<\/h3>\n<p>\nIl est clair que Tesla continue de vendre des centaines de milliers de voitures, mais l&#8217;accumulation de stocks invendus sugg\u00e8re que la marque ne conna\u00eet plus le succ\u00e8s \u00e9clatant des ann\u00e9es pass\u00e9es. Avec des images de centaines de Tesla gar\u00e9es devant le centre commercial Sears \u00e0 Moreno Valley, en Californie, il est difficile d&#8217;ignorer que l&#8217;entreprise a un s\u00e9rieux probl\u00e8me d&#8217;inventaire.<\/p>\n<h3>Conclusion<\/h3>\n<p>\nLa situation actuelle de Tesla soul\u00e8ve des questions sur la gestion de sa production et sur la demande r\u00e9elle pour ses v\u00e9hicules. Tandis que l&#8217;entreprise tente de redresser la barre en esp\u00e9rant un retour \u00e0 un flux de tr\u00e9sorerie positif, il est \u00e9vident que la route vers un avenir enti\u00e8rement \u00e9lectrique comporte encore des obstacles impr\u00e9vus.<\/p>\n<p>\u00a0<\/p>\n<p>Avec des renseignements de Jalopnik<\/p>\n<p>\u00a0<\/p>\n<p>Le texte <a rel=\"nofollow\" href=\"https:\/\/annuelauto.ca\/les-teslas-invendues-saccumulent-a-un-rythme-alarmant\/\">Les Teslas invendues s\u2019accumulent \u00e0 un rythme alarmant<\/a> provient de <a rel=\"nofollow\" href=\"https:\/\/annuelauto.ca\">L&#8217;annuel de l&#8217;automobile &#8211; Actualit\u00e9 automobile<\/a><\/p>\n<p><\/p>\n","protected":false},"excerpt":{"rendered":"<p>Tesla, autrefois synonyme de succ\u00e8s fulgurant sur le march\u00e9 des v\u00e9hicules \u00e9lectriques, fait face \u00e0 une situation inattendue : un inventaire de plus de 45 000 voitures invendues, tellement important qu&#8217;il est visible depuis l&#8217;espace. Les images satellites r\u00e9v\u00e8lent des stationnements surcharg\u00e9s o\u00f9 s&#8217;entassent les v\u00e9hicules, signe d&#8217;un changement de dynamique pour le g\u00e9ant de [&hellip;]<\/p>\n","protected":false},"author":8,"featured_media":166734,"comment_status":"close","ping_status":"closed","sticky":false,"template":"","format":"standard","meta":{"_monsterinsights_skip_tracking":false,"_monsterinsights_sitenote_active":false,"_monsterinsights_sitenote_note":"","_monsterinsights_sitenote_category":0,"footnotes":""},"categories":[101],"tags":[],"yoast_head":"<!-- This site is optimized with the Yoast SEO plugin v23.2 - https:\/\/yoast.com\/wordpress\/plugins\/seo\/ -->\n<title>Les Teslas invendues s\u2019accumulent \u00e0 un rythme alarmant - CanadaMotorJobs.com<\/title>\n<meta name=\"description\" content=\"Les Teslas invendues s\u2019accumulent \u00e0 un rythme alarmant - Benoit Charette - Annuel automobile - CanadaMotorJobs.com.\" \/>\n<meta name=\"robots\" content=\"index, follow, max-snippet:-1, max-image-preview:large, max-video-preview:-1\" \/>\n<meta property=\"og:locale\" content=\"fr_CA\" \/>\n<meta property=\"og:type\" content=\"article\" \/>\n<meta property=\"og:title\" content=\"Les Teslas invendues s\u2019accumulent \u00e0 un rythme alarmant - CanadaMotorJobs.com\" \/>\n<meta property=\"og:description\" content=\"Les Teslas invendues s\u2019accumulent \u00e0 un rythme alarmant - Benoit Charette - Annuel automobile - CanadaMotorJobs.com.\" \/>\n<meta property=\"og:url\" content=\"https:\/\/news.canadamotorjobs.com\/fr\/les-teslas-invendues-saccumulent-a-un-rythme-alarmant\/\" \/>\n<meta property=\"og:site_name\" content=\"CanadaMotorJobs.com\" \/>\n<meta property=\"article:publisher\" content=\"https:\/\/www.facebook.com\/canadamotorjobs\/\" \/>\n<meta property=\"article:published_time\" content=\"2024-06-10T12:35:09+00:00\" \/>\n<meta property=\"article:modified_time\" content=\"2024-06-10T13:03:40+00:00\" \/>\n<meta property=\"og:image\" content=\"https:\/\/news.canadamotorjobs.com\/wp-content\/uploads\/2024\/06\/img_2069-1-1600x915-1.jpg\" \/>\n\t<meta property=\"og:image:width\" content=\"1600\" \/>\n\t<meta property=\"og:image:height\" content=\"915\" \/>\n\t<meta property=\"og:image:type\" content=\"image\/jpeg\" \/>\n<meta name=\"author\" content=\"Benoit Charette\" \/>\n<meta name=\"twitter:card\" content=\"summary_large_image\" \/>\n<meta name=\"twitter:creator\" content=\"@canadamotorjobs\" \/>\n<meta name=\"twitter:site\" content=\"@canadamotorjobs\" \/>\n<meta name=\"twitter:label1\" content=\"\u00c9crit par\" \/>\n\t<meta name=\"twitter:data1\" content=\"Benoit Charette\" \/>\n\t<meta name=\"twitter:label2\" content=\"Estimation du temps de lecture\" \/>\n\t<meta name=\"twitter:data2\" content=\"2 minutes\" \/>\n<!-- \/ Yoast SEO plugin. -->","yoast_head_json":{"title":"Les Teslas invendues s\u2019accumulent \u00e0 un rythme alarmant - CanadaMotorJobs.com","description":"Les Teslas invendues s\u2019accumulent \u00e0 un rythme alarmant - Benoit Charette - Annuel automobile - CanadaMotorJobs.com.","robots":{"index":"index","follow":"follow","max-snippet":"max-snippet:-1","max-image-preview":"max-image-preview:large","max-video-preview":"max-video-preview:-1"},"og_locale":"fr_CA","og_type":"article","og_title":"Les Teslas invendues s\u2019accumulent \u00e0 un rythme alarmant - CanadaMotorJobs.com","og_description":"Les Teslas invendues s\u2019accumulent \u00e0 un rythme alarmant - Benoit Charette - Annuel automobile - CanadaMotorJobs.com.","og_url":"https:\/\/news.canadamotorjobs.com\/fr\/les-teslas-invendues-saccumulent-a-un-rythme-alarmant\/","og_site_name":"CanadaMotorJobs.com","article_publisher":"https:\/\/www.facebook.com\/canadamotorjobs\/","article_published_time":"2024-06-10T12:35:09+00:00","article_modified_time":"2024-06-10T13:03:40+00:00","og_image":[{"width":1600,"height":915,"url":"https:\/\/news.canadamotorjobs.com\/wp-content\/uploads\/2024\/06\/img_2069-1-1600x915-1.jpg","type":"image\/jpeg"}],"author":"Benoit Charette","twitter_card":"summary_large_image","twitter_creator":"@canadamotorjobs","twitter_site":"@canadamotorjobs","twitter_misc":{"\u00c9crit par":"Benoit Charette","Estimation du temps de lecture":"2 minutes"},"schema":{"@context":"https:\/\/schema.org","@graph":[{"@type":"Article","@id":"https:\/\/news.canadamotorjobs.com\/fr\/les-teslas-invendues-saccumulent-a-un-rythme-alarmant\/#article","isPartOf":{"@id":"https:\/\/news.canadamotorjobs.com\/fr\/les-teslas-invendues-saccumulent-a-un-rythme-alarmant\/"},"author":{"name":"Benoit Charette","@id":"https:\/\/news.canadamotorjobs.com\/#\/schema\/person\/51793d1f87d44011d7bcc2ed99269a90"},"headline":"Les Teslas invendues s\u2019accumulent \u00e0 un rythme alarmant","datePublished":"2024-06-10T12:35:09+00:00","dateModified":"2024-06-10T13:03:40+00:00","mainEntityOfPage":{"@id":"https:\/\/news.canadamotorjobs.com\/fr\/les-teslas-invendues-saccumulent-a-un-rythme-alarmant\/"},"wordCount":503,"publisher":{"@id":"https:\/\/news.canadamotorjobs.com\/#organization"},"image":{"@id":"https:\/\/news.canadamotorjobs.com\/fr\/les-teslas-invendues-saccumulent-a-un-rythme-alarmant\/#primaryimage"},"thumbnailUrl":"https:\/\/news.canadamotorjobs.com\/wp-content\/uploads\/2024\/06\/img_2069-1-1600x915-1.jpg","articleSection":["Annuel automobile"],"inLanguage":"fr-CA"},{"@type":"WebPage","@id":"https:\/\/news.canadamotorjobs.com\/fr\/les-teslas-invendues-saccumulent-a-un-rythme-alarmant\/","url":"https:\/\/news.canadamotorjobs.com\/fr\/les-teslas-invendues-saccumulent-a-un-rythme-alarmant\/","name":"Les Teslas invendues s\u2019accumulent \u00e0 un rythme alarmant - CanadaMotorJobs.com","isPartOf":{"@id":"https:\/\/news.canadamotorjobs.com\/#website"},"primaryImageOfPage":{"@id":"https:\/\/news.canadamotorjobs.com\/fr\/les-teslas-invendues-saccumulent-a-un-rythme-alarmant\/#primaryimage"},"image":{"@id":"https:\/\/news.canadamotorjobs.com\/fr\/les-teslas-invendues-saccumulent-a-un-rythme-alarmant\/#primaryimage"},"thumbnailUrl":"https:\/\/news.canadamotorjobs.com\/wp-content\/uploads\/2024\/06\/img_2069-1-1600x915-1.jpg","datePublished":"2024-06-10T12:35:09+00:00","dateModified":"2024-06-10T13:03:40+00:00","description":"Les Teslas invendues s\u2019accumulent \u00e0 un rythme alarmant - Benoit Charette - Annuel automobile - CanadaMotorJobs.com.","breadcrumb":{"@id":"https:\/\/news.canadamotorjobs.com\/fr\/les-teslas-invendues-saccumulent-a-un-rythme-alarmant\/#breadcrumb"},"inLanguage":"fr-CA","potentialAction":[{"@type":"ReadAction","target":["https:\/\/news.canadamotorjobs.com\/fr\/les-teslas-invendues-saccumulent-a-un-rythme-alarmant\/"]}]},{"@type":"ImageObject","inLanguage":"fr-CA","@id":"https:\/\/news.canadamotorjobs.com\/fr\/les-teslas-invendues-saccumulent-a-un-rythme-alarmant\/#primaryimage","url":"https:\/\/news.canadamotorjobs.com\/wp-content\/uploads\/2024\/06\/img_2069-1-1600x915-1.jpg","contentUrl":"https:\/\/news.canadamotorjobs.com\/wp-content\/uploads\/2024\/06\/img_2069-1-1600x915-1.jpg","width":1600,"height":915},{"@type":"BreadcrumbList","@id":"https:\/\/news.canadamotorjobs.com\/fr\/les-teslas-invendues-saccumulent-a-un-rythme-alarmant\/#breadcrumb","itemListElement":[{"@type":"ListItem","position":1,"name":"Home","item":"https:\/\/news.canadamotorjobs.com\/fr\/blog\/"},{"@type":"ListItem","position":2,"name":"Les Teslas invendues s\u2019accumulent \u00e0 un rythme alarmant"}]},{"@type":"WebSite","@id":"https:\/\/news.canadamotorjobs.com\/#website","url":"https:\/\/news.canadamotorjobs.com\/","name":"CanadaMotorJobs.com","description":"Automotive Jobs","publisher":{"@id":"https:\/\/news.canadamotorjobs.com\/#organization"},"potentialAction":[{"@type":"SearchAction","target":{"@type":"EntryPoint","urlTemplate":"https:\/\/news.canadamotorjobs.com\/?s={search_term_string}"},"query-input":"required name=search_term_string"}],"inLanguage":"fr-CA"},{"@type":"Organization","@id":"https:\/\/news.canadamotorjobs.com\/#organization","name":"Canada Motor Jobs","url":"https:\/\/news.canadamotorjobs.com\/","logo":{"@type":"ImageObject","inLanguage":"fr-CA","@id":"https:\/\/news.canadamotorjobs.com\/#\/schema\/logo\/image\/","url":"https:\/\/news.canadamotorjobs.com\/wp-content\/uploads\/2022\/10\/logo-canada-motor-jobs-1.png","contentUrl":"https:\/\/news.canadamotorjobs.com\/wp-content\/uploads\/2022\/10\/logo-canada-motor-jobs-1.png","width":800,"height":400,"caption":"Canada Motor Jobs"},"image":{"@id":"https:\/\/news.canadamotorjobs.com\/#\/schema\/logo\/image\/"},"sameAs":["https:\/\/www.facebook.com\/canadamotorjobs\/","https:\/\/x.com\/canadamotorjobs","https:\/\/www.instagram.com\/canadamotorjobs\/","https:\/\/www.linkedin.com\/company\/canadamotorjobs"]},{"@type":"Person","@id":"https:\/\/news.canadamotorjobs.com\/#\/schema\/person\/51793d1f87d44011d7bcc2ed99269a90","name":"Benoit Charette","image":{"@type":"ImageObject","inLanguage":"fr-CA","@id":"https:\/\/news.canadamotorjobs.com\/#\/schema\/person\/image\/","url":"https:\/\/secure.gravatar.com\/avatar\/45f3d2eebcccd909668d7ce7ea7267b6?s=96&d=mm&r=g","contentUrl":"https:\/\/secure.gravatar.com\/avatar\/45f3d2eebcccd909668d7ce7ea7267b6?s=96&d=mm&r=g","caption":"Benoit Charette"},"description":"Benoit Charette \/ Propri\u00e9taire et r\u00e9dacteur en chef Benoit Charette pratique le journalisme automobile depuis bient\u00f4t 30 ans. Il a fait ses classes au c\u00f4t\u00e9 de Daniel H\u00e9raud et au Carnet de route de 1992 \u00e0 2001. Il est fondateur, copropri\u00e9taire et r\u00e9dacteur en chef de L\u2019Annuel de l\u2019automobile, qu\u2019il publie depuis 2001. Il a anim\u00e9 les \u00e9missions RPM et RPM+ sur V et les L\u00e9gendes de la route sur Historia. \u00c0 la radio depuis 1986, il reprend l\u2019antenne cette ann\u00e9e sur les ondes de Cogeco et participe pour la deuxi\u00e8me ann\u00e9e \u00e0 l\u2019\u00e9mission Passion Auto sur RDS en plus de mettre en ligne le site Web officiel de L\u2019Annuel de l\u2019automobile sur annuelauto.ca.","sameAs":["https:\/\/annuelauto.ca\/"],"url":"https:\/\/news.canadamotorjobs.com\/fr\/author\/benoit-charette\/"}]}},"_links":{"self":[{"href":"https:\/\/news.canadamotorjobs.com\/fr\/wp-json\/wp\/v2\/posts\/166732"}],"collection":[{"href":"https:\/\/news.canadamotorjobs.com\/fr\/wp-json\/wp\/v2\/posts"}],"about":[{"href":"https:\/\/news.canadamotorjobs.com\/fr\/wp-json\/wp\/v2\/types\/post"}],"author":[{"embeddable":true,"href":"https:\/\/news.canadamotorjobs.com\/fr\/wp-json\/wp\/v2\/users\/8"}],"replies":[{"embeddable":true,"href":"https:\/\/news.canadamotorjobs.com\/fr\/wp-json\/wp\/v2\/comments?post=166732"}],"version-history":[{"count":2,"href":"https:\/\/news.canadamotorjobs.com\/fr\/wp-json\/wp\/v2\/posts\/166732\/revisions"}],"predecessor-version":[{"id":166736,"href":"https:\/\/news.canadamotorjobs.com\/fr\/wp-json\/wp\/v2\/posts\/166732\/revisions\/166736"}],"wp:featuredmedia":[{"embeddable":true,"href":"https:\/\/news.canadamotorjobs.com\/fr\/wp-json\/wp\/v2\/media\/166734"}],"wp:attachment":[{"href":"https:\/\/news.canadamotorjobs.com\/fr\/wp-json\/wp\/v2\/media?parent=166732"}],"wp:term":[{"taxonomy":"category","embeddable":true,"href":"https:\/\/news.canadamotorjobs.com\/fr\/wp-json\/wp\/v2\/categories?post=166732"},{"taxonomy":"post_tag","embeddable":true,"href":"https:\/\/news.canadamotorjobs.com\/fr\/wp-json\/wp\/v2\/tags?post=166732"}],"curies":[{"name":"wp","href":"https:\/\/api.w.org\/{rel}","templated":true}]}}