{"id":166663,"date":"2024-06-09T14:10:41","date_gmt":"2024-06-09T18:10:41","guid":{"rendered":"https:\/\/news.canadamotorjobs.com\/?p=166663"},"modified":"2024-06-09T15:07:56","modified_gmt":"2024-06-09T19:07:56","slug":"ford-songe-a-ramener-une-capri-electrique","status":"publish","type":"post","link":"https:\/\/news.canadamotorjobs.com\/fr\/ford-songe-a-ramener-une-capri-electrique\/","title":{"rendered":"Ford songe \u00e0 ramener une Capri \u00e9lectrique"},"content":{"rendered":"<\/p>\n<p>Ford s&#8217;appr\u00eate \u00e0 d\u00e9voiler un nouveau mod\u00e8le \u00e9lectrique \u00e0 son usine de Cologne, potentiellement sous le nom Capri. Le constructeur am\u00e9ricain Ford a annonc\u00e9 la pr\u00e9sentation de son nouveau mod\u00e8le \u00e9lectrique le 10 juillet prochain \u00e0 l&#8217;usine de Cologne, en Allemagne. Ce mod\u00e8le devrait arborer une silhouette de coup\u00e9 et pourrait marquer le retour de la c\u00e9l\u00e8bre Capri, tant aim\u00e9e des Europ\u00e9ens. L\u2019usine de Cologne, r\u00e9cemment modernis\u00e9e pour produire des v\u00e9hicules \u00e9lectriques, fabrique d\u00e9j\u00e0 l\u2019Explorer EV, tr\u00e8s diff\u00e9rent de son homonyme am\u00e9ricain. La suppos\u00e9e nouvelle Capri sera construite sur la m\u00eame plateforme que l\u2019Explorer \u00e9lectrique et repr\u00e9sentera un tiers de la production de l\u2019usine.<\/p>\n<h3>Une Collaboration Avec Volkswagen<\/h3>\n<p>\nFord n&#8217;a pas encore confirm\u00e9 le nom de Capri pour ce nouveau mod\u00e8le, mais l&#8217;a d\u00e9crit comme un multisegment sport. Ce projet fait suite \u00e0 la transformation du mod\u00e8le Puma en VUS en 2019. Le nouveau mod\u00e8le, tout comme l\u2019Explorer \u00e9lectrique, sera bas\u00e9 sur la plateforme MEB de Volkswagen, issue de la collaboration entre les deux g\u00e9ants de l\u2019automobile. Cette alliance a d\u00e9but\u00e9 avec le d\u00e9veloppement des nouveaux Ranger et Amarok, et il reste \u00e0 voir si elle continuera avec la plateforme SSP de prochaine g\u00e9n\u00e9ration de Volkswagen.<\/p>\n<h3>Un mod\u00e8le r\u00e9serv\u00e9 \u00e0 l\u2019Europe ?<\/h3>\n<p>\nContrairement \u00e0 l\u2019ancienne Capri, vendue aux \u00c9tats-Unis sous le nom de Mercury Capri, cette nouvelle version \u00e9lectrique ne devrait pas franchir l\u2019Atlantique. Bien que tr\u00e8s populaire en Europe, avec 1,8 million d\u2019unit\u00e9s vendues entre 1968 et 1986, le nom Capri ne r\u00e9sonne pas de la m\u00eame mani\u00e8re chez les Am\u00e9ricains. D&#8217;ailleurs, pour ceux qui recherchent un crossover sur la m\u00eame plateforme MEB, Volkswagen propose d\u00e9j\u00e0 l\u2019ID.4 aux \u00c9tats-Unis. Ford travaille \u00e9galement sur un crossover \u00e9lectrique de la taille de l\u2019Escape, avec un habitacle comparable \u00e0 celui de l\u2019Explorer am\u00e9ricain. Une \u00e9quipe dirig\u00e9e par Alan Clark, ancien ing\u00e9nieur de Tesla, et form\u00e9e par le PDG de Ford, Jim Farley, se consacre \u00e0 ce projet.<\/p>\n<h3>Le Renouveau de la Capri<\/h3>\n<p><\/p>\n<ul><\/p>\n<li><strong>Quand ?<\/strong> Le 10 juillet prochain \u00e0 l&#8217;usine de Cologne en Allemagne.<\/li>\n<p><\/p>\n<li><strong>Quoi ?<\/strong> Un crossover sportif \u00e9lectrique, potentiellement nomm\u00e9 Capri.<\/li>\n<p><\/p>\n<li><strong>Avec qui ?<\/strong> Une collaboration entre Ford et Volkswagen.<\/li>\n<p><\/p>\n<li><strong>Pour qui ?<\/strong> Uniquement pour le march\u00e9 europ\u00e9en.<\/li>\n<p>\n<\/ul>\n<p><\/p>\n<h3>Ford Revient Aux Sources Avec La Nouvelle Capri<\/h3>\n<p>\nFord est pr\u00eat \u00e0 faire rena\u00eetre la l\u00e9gendaire Capri sous une forme modernis\u00e9e et \u00e9lectrifi\u00e9e. Pr\u00e9vue pour \u00eatre d\u00e9voil\u00e9e \u00e0 l\u2019usine de Cologne le mois prochain, cette nouvelle Capri marque une \u00e9tape importante pour Ford dans sa transition vers l&#8217;\u00e9lectrique. Mais pour les nostalgiques am\u00e9ricains, il faudra peut-\u00eatre attendre encore un peu pour voir cette ic\u00f4ne revenir sur les routes des \u00c9tats-Unis.<\/p>\n<p>Cette transformation de la Capri en VUS \u00e9lectrique t\u00e9moigne de la volont\u00e9 de Ford de combiner tradition et innovation, tout en r\u00e9pondant aux exigences croissantes du march\u00e9 europ\u00e9en pour des v\u00e9hicules plus \u00e9cologiques et polyvalents.<\/p>\n<h3>Conclusion<\/h3>\n<p>\nAvec ce retour annonc\u00e9, la Ford Capri s&#8217;appr\u00eate \u00e0 reprendre la route, cette fois sous la forme d\u2019un VUS \u00e9lectrique moderne. Un clin d&#8217;\u0153il au pass\u00e9 tout en regardant vers l&#8217;avenir, Ford continue de surprendre et d&#8217;innover.<\/p>\n<p>\u00a0<\/p>\n<p>Avec des renseignements de Carbuzz<\/p>\n<p>\u00a0<\/p>\n<p>Le texte <a rel=\"nofollow\" href=\"https:\/\/annuelauto.ca\/ford-songe-a-ramener-une-capri-electrique\/\">Ford songe \u00e0 ramener une Capri \u00e9lectrique<\/a> provient de <a rel=\"nofollow\" href=\"https:\/\/annuelauto.ca\">L&#8217;annuel de l&#8217;automobile &#8211; Actualit\u00e9 automobile<\/a><\/p>\n<p><\/p>\n","protected":false},"excerpt":{"rendered":"<p>Ford s&#8217;appr\u00eate \u00e0 d\u00e9voiler un nouveau mod\u00e8le \u00e9lectrique \u00e0 son usine de Cologne, potentiellement sous le nom Capri. Le constructeur am\u00e9ricain Ford a annonc\u00e9 la pr\u00e9sentation de son nouveau mod\u00e8le \u00e9lectrique le 10 juillet prochain \u00e0 l&#8217;usine de Cologne, en Allemagne. Ce mod\u00e8le devrait arborer une silhouette de coup\u00e9 et pourrait marquer le retour de [&hellip;]<\/p>\n","protected":false},"author":8,"featured_media":166665,"comment_status":"close","ping_status":"closed","sticky":false,"template":"","format":"standard","meta":{"_monsterinsights_skip_tracking":false,"_monsterinsights_sitenote_active":false,"_monsterinsights_sitenote_note":"","_monsterinsights_sitenote_category":0,"footnotes":""},"categories":[101],"tags":[],"yoast_head":"<!-- This site is optimized with the Yoast SEO plugin v23.2 - https:\/\/yoast.com\/wordpress\/plugins\/seo\/ -->\n<title>Ford songe \u00e0 ramener une Capri \u00e9lectrique - CanadaMotorJobs.com<\/title>\n<meta name=\"description\" content=\"Ford songe \u00e0 ramener une Capri \u00e9lectrique - Benoit Charette - Annuel automobile - CanadaMotorJobs.com.\" \/>\n<meta name=\"robots\" content=\"index, follow, max-snippet:-1, max-image-preview:large, max-video-preview:-1\" \/>\n<meta property=\"og:locale\" content=\"fr_CA\" \/>\n<meta property=\"og:type\" content=\"article\" \/>\n<meta property=\"og:title\" content=\"Ford songe \u00e0 ramener une Capri \u00e9lectrique - CanadaMotorJobs.com\" \/>\n<meta property=\"og:description\" content=\"Ford songe \u00e0 ramener une Capri \u00e9lectrique - Benoit Charette - Annuel automobile - CanadaMotorJobs.com.\" \/>\n<meta property=\"og:url\" content=\"https:\/\/news.canadamotorjobs.com\/fr\/ford-songe-a-ramener-une-capri-electrique\/\" \/>\n<meta property=\"og:site_name\" content=\"CanadaMotorJobs.com\" \/>\n<meta property=\"article:publisher\" content=\"https:\/\/www.facebook.com\/canadamotorjobs\/\" \/>\n<meta property=\"article:published_time\" content=\"2024-06-09T18:10:41+00:00\" \/>\n<meta property=\"article:modified_time\" content=\"2024-06-09T19:07:56+00:00\" \/>\n<meta property=\"og:image\" content=\"https:\/\/news.canadamotorjobs.com\/wp-content\/uploads\/2024\/06\/ford-capri-2024-il-render-di-motor1.com_.jpg\" \/>\n\t<meta property=\"og:image:width\" content=\"1280\" \/>\n\t<meta property=\"og:image:height\" content=\"720\" \/>\n\t<meta property=\"og:image:type\" content=\"image\/jpeg\" \/>\n<meta name=\"author\" content=\"Benoit Charette\" \/>\n<meta name=\"twitter:card\" content=\"summary_large_image\" \/>\n<meta name=\"twitter:creator\" content=\"@canadamotorjobs\" \/>\n<meta name=\"twitter:site\" content=\"@canadamotorjobs\" \/>\n<meta name=\"twitter:label1\" content=\"\u00c9crit par\" \/>\n\t<meta name=\"twitter:data1\" content=\"Benoit Charette\" \/>\n\t<meta name=\"twitter:label2\" content=\"Estimation du temps de lecture\" \/>\n\t<meta name=\"twitter:data2\" content=\"3 minutes\" \/>\n<!-- \/ Yoast SEO plugin. -->","yoast_head_json":{"title":"Ford songe \u00e0 ramener une Capri \u00e9lectrique - CanadaMotorJobs.com","description":"Ford songe \u00e0 ramener une Capri \u00e9lectrique - Benoit Charette - Annuel automobile - CanadaMotorJobs.com.","robots":{"index":"index","follow":"follow","max-snippet":"max-snippet:-1","max-image-preview":"max-image-preview:large","max-video-preview":"max-video-preview:-1"},"og_locale":"fr_CA","og_type":"article","og_title":"Ford songe \u00e0 ramener une Capri \u00e9lectrique - CanadaMotorJobs.com","og_description":"Ford songe \u00e0 ramener une Capri \u00e9lectrique - Benoit Charette - Annuel automobile - CanadaMotorJobs.com.","og_url":"https:\/\/news.canadamotorjobs.com\/fr\/ford-songe-a-ramener-une-capri-electrique\/","og_site_name":"CanadaMotorJobs.com","article_publisher":"https:\/\/www.facebook.com\/canadamotorjobs\/","article_published_time":"2024-06-09T18:10:41+00:00","article_modified_time":"2024-06-09T19:07:56+00:00","og_image":[{"width":1280,"height":720,"url":"https:\/\/news.canadamotorjobs.com\/wp-content\/uploads\/2024\/06\/ford-capri-2024-il-render-di-motor1.com_.jpg","type":"image\/jpeg"}],"author":"Benoit Charette","twitter_card":"summary_large_image","twitter_creator":"@canadamotorjobs","twitter_site":"@canadamotorjobs","twitter_misc":{"\u00c9crit par":"Benoit Charette","Estimation du temps de lecture":"3 minutes"},"schema":{"@context":"https:\/\/schema.org","@graph":[{"@type":"Article","@id":"https:\/\/news.canadamotorjobs.com\/fr\/ford-songe-a-ramener-une-capri-electrique\/#article","isPartOf":{"@id":"https:\/\/news.canadamotorjobs.com\/fr\/ford-songe-a-ramener-une-capri-electrique\/"},"author":{"name":"Benoit Charette","@id":"https:\/\/news.canadamotorjobs.com\/#\/schema\/person\/51793d1f87d44011d7bcc2ed99269a90"},"headline":"Ford songe \u00e0 ramener une Capri \u00e9lectrique","datePublished":"2024-06-09T18:10:41+00:00","dateModified":"2024-06-09T19:07:56+00:00","mainEntityOfPage":{"@id":"https:\/\/news.canadamotorjobs.com\/fr\/ford-songe-a-ramener-une-capri-electrique\/"},"wordCount":593,"publisher":{"@id":"https:\/\/news.canadamotorjobs.com\/#organization"},"image":{"@id":"https:\/\/news.canadamotorjobs.com\/fr\/ford-songe-a-ramener-une-capri-electrique\/#primaryimage"},"thumbnailUrl":"https:\/\/news.canadamotorjobs.com\/wp-content\/uploads\/2024\/06\/ford-capri-2024-il-render-di-motor1.com_.jpg","articleSection":["Annuel automobile"],"inLanguage":"fr-CA"},{"@type":"WebPage","@id":"https:\/\/news.canadamotorjobs.com\/fr\/ford-songe-a-ramener-une-capri-electrique\/","url":"https:\/\/news.canadamotorjobs.com\/fr\/ford-songe-a-ramener-une-capri-electrique\/","name":"Ford songe \u00e0 ramener une Capri \u00e9lectrique - CanadaMotorJobs.com","isPartOf":{"@id":"https:\/\/news.canadamotorjobs.com\/#website"},"primaryImageOfPage":{"@id":"https:\/\/news.canadamotorjobs.com\/fr\/ford-songe-a-ramener-une-capri-electrique\/#primaryimage"},"image":{"@id":"https:\/\/news.canadamotorjobs.com\/fr\/ford-songe-a-ramener-une-capri-electrique\/#primaryimage"},"thumbnailUrl":"https:\/\/news.canadamotorjobs.com\/wp-content\/uploads\/2024\/06\/ford-capri-2024-il-render-di-motor1.com_.jpg","datePublished":"2024-06-09T18:10:41+00:00","dateModified":"2024-06-09T19:07:56+00:00","description":"Ford songe \u00e0 ramener une Capri \u00e9lectrique - Benoit Charette - Annuel automobile - CanadaMotorJobs.com.","breadcrumb":{"@id":"https:\/\/news.canadamotorjobs.com\/fr\/ford-songe-a-ramener-une-capri-electrique\/#breadcrumb"},"inLanguage":"fr-CA","potentialAction":[{"@type":"ReadAction","target":["https:\/\/news.canadamotorjobs.com\/fr\/ford-songe-a-ramener-une-capri-electrique\/"]}]},{"@type":"ImageObject","inLanguage":"fr-CA","@id":"https:\/\/news.canadamotorjobs.com\/fr\/ford-songe-a-ramener-une-capri-electrique\/#primaryimage","url":"https:\/\/news.canadamotorjobs.com\/wp-content\/uploads\/2024\/06\/ford-capri-2024-il-render-di-motor1.com_.jpg","contentUrl":"https:\/\/news.canadamotorjobs.com\/wp-content\/uploads\/2024\/06\/ford-capri-2024-il-render-di-motor1.com_.jpg","width":1280,"height":720},{"@type":"BreadcrumbList","@id":"https:\/\/news.canadamotorjobs.com\/fr\/ford-songe-a-ramener-une-capri-electrique\/#breadcrumb","itemListElement":[{"@type":"ListItem","position":1,"name":"Home","item":"https:\/\/news.canadamotorjobs.com\/fr\/blog\/"},{"@type":"ListItem","position":2,"name":"Ford songe \u00e0 ramener une Capri \u00e9lectrique"}]},{"@type":"WebSite","@id":"https:\/\/news.canadamotorjobs.com\/#website","url":"https:\/\/news.canadamotorjobs.com\/","name":"CanadaMotorJobs.com","description":"Automotive Jobs","publisher":{"@id":"https:\/\/news.canadamotorjobs.com\/#organization"},"potentialAction":[{"@type":"SearchAction","target":{"@type":"EntryPoint","urlTemplate":"https:\/\/news.canadamotorjobs.com\/?s={search_term_string}"},"query-input":"required name=search_term_string"}],"inLanguage":"fr-CA"},{"@type":"Organization","@id":"https:\/\/news.canadamotorjobs.com\/#organization","name":"Canada Motor Jobs","url":"https:\/\/news.canadamotorjobs.com\/","logo":{"@type":"ImageObject","inLanguage":"fr-CA","@id":"https:\/\/news.canadamotorjobs.com\/#\/schema\/logo\/image\/","url":"https:\/\/news.canadamotorjobs.com\/wp-content\/uploads\/2022\/10\/logo-canada-motor-jobs-1.png","contentUrl":"https:\/\/news.canadamotorjobs.com\/wp-content\/uploads\/2022\/10\/logo-canada-motor-jobs-1.png","width":800,"height":400,"caption":"Canada Motor Jobs"},"image":{"@id":"https:\/\/news.canadamotorjobs.com\/#\/schema\/logo\/image\/"},"sameAs":["https:\/\/www.facebook.com\/canadamotorjobs\/","https:\/\/x.com\/canadamotorjobs","https:\/\/www.instagram.com\/canadamotorjobs\/","https:\/\/www.linkedin.com\/company\/canadamotorjobs"]},{"@type":"Person","@id":"https:\/\/news.canadamotorjobs.com\/#\/schema\/person\/51793d1f87d44011d7bcc2ed99269a90","name":"Benoit Charette","image":{"@type":"ImageObject","inLanguage":"fr-CA","@id":"https:\/\/news.canadamotorjobs.com\/#\/schema\/person\/image\/","url":"https:\/\/secure.gravatar.com\/avatar\/45f3d2eebcccd909668d7ce7ea7267b6?s=96&d=mm&r=g","contentUrl":"https:\/\/secure.gravatar.com\/avatar\/45f3d2eebcccd909668d7ce7ea7267b6?s=96&d=mm&r=g","caption":"Benoit Charette"},"description":"Benoit Charette \/ Propri\u00e9taire et r\u00e9dacteur en chef Benoit Charette pratique le journalisme automobile depuis bient\u00f4t 30 ans. Il a fait ses classes au c\u00f4t\u00e9 de Daniel H\u00e9raud et au Carnet de route de 1992 \u00e0 2001. Il est fondateur, copropri\u00e9taire et r\u00e9dacteur en chef de L\u2019Annuel de l\u2019automobile, qu\u2019il publie depuis 2001. Il a anim\u00e9 les \u00e9missions RPM et RPM+ sur V et les L\u00e9gendes de la route sur Historia. \u00c0 la radio depuis 1986, il reprend l\u2019antenne cette ann\u00e9e sur les ondes de Cogeco et participe pour la deuxi\u00e8me ann\u00e9e \u00e0 l\u2019\u00e9mission Passion Auto sur RDS en plus de mettre en ligne le site Web officiel de L\u2019Annuel de l\u2019automobile sur annuelauto.ca.","sameAs":["https:\/\/annuelauto.ca\/"],"url":"https:\/\/news.canadamotorjobs.com\/fr\/author\/benoit-charette\/"}]}},"_links":{"self":[{"href":"https:\/\/news.canadamotorjobs.com\/fr\/wp-json\/wp\/v2\/posts\/166663"}],"collection":[{"href":"https:\/\/news.canadamotorjobs.com\/fr\/wp-json\/wp\/v2\/posts"}],"about":[{"href":"https:\/\/news.canadamotorjobs.com\/fr\/wp-json\/wp\/v2\/types\/post"}],"author":[{"embeddable":true,"href":"https:\/\/news.canadamotorjobs.com\/fr\/wp-json\/wp\/v2\/users\/8"}],"replies":[{"embeddable":true,"href":"https:\/\/news.canadamotorjobs.com\/fr\/wp-json\/wp\/v2\/comments?post=166663"}],"version-history":[{"count":2,"href":"https:\/\/news.canadamotorjobs.com\/fr\/wp-json\/wp\/v2\/posts\/166663\/revisions"}],"predecessor-version":[{"id":166667,"href":"https:\/\/news.canadamotorjobs.com\/fr\/wp-json\/wp\/v2\/posts\/166663\/revisions\/166667"}],"wp:featuredmedia":[{"embeddable":true,"href":"https:\/\/news.canadamotorjobs.com\/fr\/wp-json\/wp\/v2\/media\/166665"}],"wp:attachment":[{"href":"https:\/\/news.canadamotorjobs.com\/fr\/wp-json\/wp\/v2\/media?parent=166663"}],"wp:term":[{"taxonomy":"category","embeddable":true,"href":"https:\/\/news.canadamotorjobs.com\/fr\/wp-json\/wp\/v2\/categories?post=166663"},{"taxonomy":"post_tag","embeddable":true,"href":"https:\/\/news.canadamotorjobs.com\/fr\/wp-json\/wp\/v2\/tags?post=166663"}],"curies":[{"name":"wp","href":"https:\/\/api.w.org\/{rel}","templated":true}]}}