{"id":166625,"date":"2024-06-08T10:30:05","date_gmt":"2024-06-08T14:30:05","guid":{"rendered":"https:\/\/news.canadamotorjobs.com\/?p=166625"},"modified":"2024-06-08T11:04:13","modified_gmt":"2024-06-08T15:04:13","slug":"kia-rappelle-462869-telluride","status":"publish","type":"post","link":"https:\/\/news.canadamotorjobs.com\/fr\/kia-rappelle-462869-telluride\/","title":{"rendered":"Kia Rappelle 462,869 Telluride"},"content":{"rendered":"<\/p>\n<h2>Un avertissement pour les propri\u00e9taires de Kia Telluride<\/h2>\n<p>\nKia a lanc\u00e9 un rappel massif pour son populaire Telluride, totalisant 462,869 v\u00e9hicules des ann\u00e9es mod\u00e8les 2020 \u00e0 2024. La raison est inqui\u00e9tante : il existe un risque d&#8217;incendie provenant des moteurs \u00e9lectriques des si\u00e8ges avant, que ce soit celui du conducteur ou du passager. Ce risque peut se produire que le VUS soit en marche ou gar\u00e9 avec le contact coup\u00e9, ce qui a conduit Kia \u00e0 \u00e9mettre un avertissement pour stationner le v\u00e9hicule \u00e0 l\u2019ext\u00e9rieur au cas o\u00f9 les si\u00e8ges prendraient feu.<\/p>\n<h2>L&#8217;origine du probl\u00e8me<\/h2>\n<p>\nLe probl\u00e8me ne vient pas directement du moteur des si\u00e8ges, mais du bouton de r\u00e9glage qui le contr\u00f4le. L&#8217;avis de rappel (num\u00e9ro de rappel NHTSA 24V-407) pr\u00e9cise qu&#8217;un choc externe pourrait d\u00e9loger le couvercle arri\u00e8re de l&#8217;interrupteur de commande des si\u00e8ges. Cela pourrait provoquer un mauvais alignement de l&#8217;interrupteur contr\u00f4lant le moteur des si\u00e8ges et, avec l&#8217;interrupteur bloqu\u00e9, alimenter en continu le moteur. Si les occupants ne s&#8217;en rendent pas compte, le moteur pourrait devenir suffisamment chaud pour provoquer un incendie.<\/p>\n<h2>Les incidents signal\u00e9s<\/h2>\n<p>\nSelon les documents d\u00e9pos\u00e9s avec le rappel, Kia est au courant d\u2019un petit incendie du si\u00e8ge conducteur survenu sur un Telluride 2023 alors que le v\u00e9hicule \u00e9tait en marche. En outre, il y a eu six incidents confirm\u00e9s de composants fondus sous les si\u00e8ges. De la fum\u00e9e dans l\u2019habitacle a \u00e9galement \u00e9t\u00e9 signal\u00e9e lors de certains de ces incidents.<\/p>\n<h2>Comment reconna\u00eetre le probl\u00e8me ?<\/h2>\n<p>\nLa notice de rappel n&#8217;aborde pas la question de savoir s&#8217;il est \u00e9vident qu&#8217;un moteur de si\u00e8ge \u00e9lectrique est bloqu\u00e9. Le rapport chronologique de Kia sur le probl\u00e8me, remontant \u00e0 d\u00e9cembre 2022, ne mentionne pas de sympt\u00f4mes avant les incidents susmentionn\u00e9s. Cependant, Kia conseille que des si\u00e8ges qui continueraient \u00e0 se d\u00e9placer &#8220;m\u00eame apr\u00e8s avoir rel\u00e2ch\u00e9 le bouton de r\u00e9glage&#8221; ainsi que des odeurs de br\u00fbl\u00e9, de la fum\u00e9e ou des si\u00e8ges inop\u00e9rants pourraient indiquer un probl\u00e8me.<\/p>\n<h2>La solution propos\u00e9e<\/h2>\n<p>\nLa solution est simple. Les concessionnaires Kia installeront un nouveau support pour le couvercle arri\u00e8re de l&#8217;interrupteur de commande des si\u00e8ges, et les boutons de commande des si\u00e8ges seront remplac\u00e9s. L\u2019avis de rappel sera envoy\u00e9 par courrier aux propri\u00e9taires \u00e0 partir du 30 juillet.<\/p>\n<p>Avec des renseignements de la NHTSA<\/p>\n<p>Le texte <a rel=\"nofollow\" href=\"https:\/\/annuelauto.ca\/kia-rappelle-462869-telluride\/\">Kia Rappelle 462,869 Telluride<\/a> provient de <a rel=\"nofollow\" href=\"https:\/\/annuelauto.ca\">L&#8217;annuel de l&#8217;automobile &#8211; Actualit\u00e9 automobile<\/a><\/p>\n<p><\/p>\n","protected":false},"excerpt":{"rendered":"<p>Un avertissement pour les propri\u00e9taires de Kia Telluride Kia a lanc\u00e9 un rappel massif pour son populaire Telluride, totalisant 462,869 v\u00e9hicules des ann\u00e9es mod\u00e8les 2020 \u00e0 2024. La raison est inqui\u00e9tante : il existe un risque d&#8217;incendie provenant des moteurs \u00e9lectriques des si\u00e8ges avant, que ce soit celui du conducteur ou du passager. Ce risque [&hellip;]<\/p>\n","protected":false},"author":8,"featured_media":166627,"comment_status":"close","ping_status":"closed","sticky":false,"template":"","format":"standard","meta":{"_monsterinsights_skip_tracking":false,"_monsterinsights_sitenote_active":false,"_monsterinsights_sitenote_note":"","_monsterinsights_sitenote_category":0,"footnotes":""},"categories":[101],"tags":[],"yoast_head":"<!-- This site is optimized with the Yoast SEO plugin v23.2 - https:\/\/yoast.com\/wordpress\/plugins\/seo\/ -->\n<title>Kia Rappelle 462,869 Telluride - CanadaMotorJobs.com<\/title>\n<meta name=\"description\" content=\"Kia Rappelle 462,869 Telluride - Benoit Charette - Annuel automobile - CanadaMotorJobs.com.\" \/>\n<meta name=\"robots\" content=\"index, follow, max-snippet:-1, max-image-preview:large, max-video-preview:-1\" \/>\n<meta property=\"og:locale\" content=\"fr_CA\" \/>\n<meta property=\"og:type\" content=\"article\" \/>\n<meta property=\"og:title\" content=\"Kia Rappelle 462,869 Telluride - CanadaMotorJobs.com\" \/>\n<meta property=\"og:description\" content=\"Kia Rappelle 462,869 Telluride - Benoit Charette - Annuel automobile - CanadaMotorJobs.com.\" \/>\n<meta property=\"og:url\" content=\"https:\/\/news.canadamotorjobs.com\/fr\/kia-rappelle-462869-telluride\/\" \/>\n<meta property=\"og:site_name\" content=\"CanadaMotorJobs.com\" \/>\n<meta property=\"article:publisher\" content=\"https:\/\/www.facebook.com\/canadamotorjobs\/\" \/>\n<meta property=\"article:published_time\" content=\"2024-06-08T14:30:05+00:00\" \/>\n<meta property=\"article:modified_time\" content=\"2024-06-08T15:04:13+00:00\" \/>\n<meta property=\"og:image\" content=\"https:\/\/news.canadamotorjobs.com\/wp-content\/uploads\/2024\/06\/402920-2022-kia-telluride.jpg\" \/>\n\t<meta property=\"og:image:width\" content=\"1024\" \/>\n\t<meta property=\"og:image:height\" content=\"640\" \/>\n\t<meta property=\"og:image:type\" content=\"image\/jpeg\" \/>\n<meta name=\"author\" content=\"Benoit Charette\" \/>\n<meta name=\"twitter:card\" content=\"summary_large_image\" \/>\n<meta name=\"twitter:creator\" content=\"@canadamotorjobs\" \/>\n<meta name=\"twitter:site\" content=\"@canadamotorjobs\" \/>\n<meta name=\"twitter:label1\" content=\"\u00c9crit par\" \/>\n\t<meta name=\"twitter:data1\" content=\"Benoit Charette\" \/>\n\t<meta name=\"twitter:label2\" content=\"Estimation du temps de lecture\" \/>\n\t<meta name=\"twitter:data2\" content=\"2 minutes\" \/>\n<!-- \/ Yoast SEO plugin. -->","yoast_head_json":{"title":"Kia Rappelle 462,869 Telluride - CanadaMotorJobs.com","description":"Kia Rappelle 462,869 Telluride - Benoit Charette - Annuel automobile - CanadaMotorJobs.com.","robots":{"index":"index","follow":"follow","max-snippet":"max-snippet:-1","max-image-preview":"max-image-preview:large","max-video-preview":"max-video-preview:-1"},"og_locale":"fr_CA","og_type":"article","og_title":"Kia Rappelle 462,869 Telluride - CanadaMotorJobs.com","og_description":"Kia Rappelle 462,869 Telluride - Benoit Charette - Annuel automobile - CanadaMotorJobs.com.","og_url":"https:\/\/news.canadamotorjobs.com\/fr\/kia-rappelle-462869-telluride\/","og_site_name":"CanadaMotorJobs.com","article_publisher":"https:\/\/www.facebook.com\/canadamotorjobs\/","article_published_time":"2024-06-08T14:30:05+00:00","article_modified_time":"2024-06-08T15:04:13+00:00","og_image":[{"width":1024,"height":640,"url":"https:\/\/news.canadamotorjobs.com\/wp-content\/uploads\/2024\/06\/402920-2022-kia-telluride.jpg","type":"image\/jpeg"}],"author":"Benoit Charette","twitter_card":"summary_large_image","twitter_creator":"@canadamotorjobs","twitter_site":"@canadamotorjobs","twitter_misc":{"\u00c9crit par":"Benoit Charette","Estimation du temps de lecture":"2 minutes"},"schema":{"@context":"https:\/\/schema.org","@graph":[{"@type":"Article","@id":"https:\/\/news.canadamotorjobs.com\/fr\/kia-rappelle-462869-telluride\/#article","isPartOf":{"@id":"https:\/\/news.canadamotorjobs.com\/fr\/kia-rappelle-462869-telluride\/"},"author":{"name":"Benoit Charette","@id":"https:\/\/news.canadamotorjobs.com\/#\/schema\/person\/51793d1f87d44011d7bcc2ed99269a90"},"headline":"Kia Rappelle 462,869 Telluride","datePublished":"2024-06-08T14:30:05+00:00","dateModified":"2024-06-08T15:04:13+00:00","mainEntityOfPage":{"@id":"https:\/\/news.canadamotorjobs.com\/fr\/kia-rappelle-462869-telluride\/"},"wordCount":446,"publisher":{"@id":"https:\/\/news.canadamotorjobs.com\/#organization"},"image":{"@id":"https:\/\/news.canadamotorjobs.com\/fr\/kia-rappelle-462869-telluride\/#primaryimage"},"thumbnailUrl":"https:\/\/news.canadamotorjobs.com\/wp-content\/uploads\/2024\/06\/402920-2022-kia-telluride.jpg","articleSection":["Annuel automobile"],"inLanguage":"fr-CA"},{"@type":"WebPage","@id":"https:\/\/news.canadamotorjobs.com\/fr\/kia-rappelle-462869-telluride\/","url":"https:\/\/news.canadamotorjobs.com\/fr\/kia-rappelle-462869-telluride\/","name":"Kia Rappelle 462,869 Telluride - CanadaMotorJobs.com","isPartOf":{"@id":"https:\/\/news.canadamotorjobs.com\/#website"},"primaryImageOfPage":{"@id":"https:\/\/news.canadamotorjobs.com\/fr\/kia-rappelle-462869-telluride\/#primaryimage"},"image":{"@id":"https:\/\/news.canadamotorjobs.com\/fr\/kia-rappelle-462869-telluride\/#primaryimage"},"thumbnailUrl":"https:\/\/news.canadamotorjobs.com\/wp-content\/uploads\/2024\/06\/402920-2022-kia-telluride.jpg","datePublished":"2024-06-08T14:30:05+00:00","dateModified":"2024-06-08T15:04:13+00:00","description":"Kia Rappelle 462,869 Telluride - Benoit Charette - Annuel automobile - CanadaMotorJobs.com.","breadcrumb":{"@id":"https:\/\/news.canadamotorjobs.com\/fr\/kia-rappelle-462869-telluride\/#breadcrumb"},"inLanguage":"fr-CA","potentialAction":[{"@type":"ReadAction","target":["https:\/\/news.canadamotorjobs.com\/fr\/kia-rappelle-462869-telluride\/"]}]},{"@type":"ImageObject","inLanguage":"fr-CA","@id":"https:\/\/news.canadamotorjobs.com\/fr\/kia-rappelle-462869-telluride\/#primaryimage","url":"https:\/\/news.canadamotorjobs.com\/wp-content\/uploads\/2024\/06\/402920-2022-kia-telluride.jpg","contentUrl":"https:\/\/news.canadamotorjobs.com\/wp-content\/uploads\/2024\/06\/402920-2022-kia-telluride.jpg","width":1024,"height":640},{"@type":"BreadcrumbList","@id":"https:\/\/news.canadamotorjobs.com\/fr\/kia-rappelle-462869-telluride\/#breadcrumb","itemListElement":[{"@type":"ListItem","position":1,"name":"Home","item":"https:\/\/news.canadamotorjobs.com\/fr\/blog\/"},{"@type":"ListItem","position":2,"name":"Kia Rappelle 462,869 Telluride"}]},{"@type":"WebSite","@id":"https:\/\/news.canadamotorjobs.com\/#website","url":"https:\/\/news.canadamotorjobs.com\/","name":"CanadaMotorJobs.com","description":"Automotive Jobs","publisher":{"@id":"https:\/\/news.canadamotorjobs.com\/#organization"},"potentialAction":[{"@type":"SearchAction","target":{"@type":"EntryPoint","urlTemplate":"https:\/\/news.canadamotorjobs.com\/?s={search_term_string}"},"query-input":"required name=search_term_string"}],"inLanguage":"fr-CA"},{"@type":"Organization","@id":"https:\/\/news.canadamotorjobs.com\/#organization","name":"Canada Motor Jobs","url":"https:\/\/news.canadamotorjobs.com\/","logo":{"@type":"ImageObject","inLanguage":"fr-CA","@id":"https:\/\/news.canadamotorjobs.com\/#\/schema\/logo\/image\/","url":"https:\/\/news.canadamotorjobs.com\/wp-content\/uploads\/2022\/10\/logo-canada-motor-jobs-1.png","contentUrl":"https:\/\/news.canadamotorjobs.com\/wp-content\/uploads\/2022\/10\/logo-canada-motor-jobs-1.png","width":800,"height":400,"caption":"Canada Motor Jobs"},"image":{"@id":"https:\/\/news.canadamotorjobs.com\/#\/schema\/logo\/image\/"},"sameAs":["https:\/\/www.facebook.com\/canadamotorjobs\/","https:\/\/x.com\/canadamotorjobs","https:\/\/www.instagram.com\/canadamotorjobs\/","https:\/\/www.linkedin.com\/company\/canadamotorjobs"]},{"@type":"Person","@id":"https:\/\/news.canadamotorjobs.com\/#\/schema\/person\/51793d1f87d44011d7bcc2ed99269a90","name":"Benoit Charette","image":{"@type":"ImageObject","inLanguage":"fr-CA","@id":"https:\/\/news.canadamotorjobs.com\/#\/schema\/person\/image\/","url":"https:\/\/secure.gravatar.com\/avatar\/45f3d2eebcccd909668d7ce7ea7267b6?s=96&d=mm&r=g","contentUrl":"https:\/\/secure.gravatar.com\/avatar\/45f3d2eebcccd909668d7ce7ea7267b6?s=96&d=mm&r=g","caption":"Benoit Charette"},"description":"Benoit Charette \/ Propri\u00e9taire et r\u00e9dacteur en chef Benoit Charette pratique le journalisme automobile depuis bient\u00f4t 30 ans. Il a fait ses classes au c\u00f4t\u00e9 de Daniel H\u00e9raud et au Carnet de route de 1992 \u00e0 2001. Il est fondateur, copropri\u00e9taire et r\u00e9dacteur en chef de L\u2019Annuel de l\u2019automobile, qu\u2019il publie depuis 2001. Il a anim\u00e9 les \u00e9missions RPM et RPM+ sur V et les L\u00e9gendes de la route sur Historia. \u00c0 la radio depuis 1986, il reprend l\u2019antenne cette ann\u00e9e sur les ondes de Cogeco et participe pour la deuxi\u00e8me ann\u00e9e \u00e0 l\u2019\u00e9mission Passion Auto sur RDS en plus de mettre en ligne le site Web officiel de L\u2019Annuel de l\u2019automobile sur annuelauto.ca.","sameAs":["https:\/\/annuelauto.ca\/"],"url":"https:\/\/news.canadamotorjobs.com\/fr\/author\/benoit-charette\/"}]}},"_links":{"self":[{"href":"https:\/\/news.canadamotorjobs.com\/fr\/wp-json\/wp\/v2\/posts\/166625"}],"collection":[{"href":"https:\/\/news.canadamotorjobs.com\/fr\/wp-json\/wp\/v2\/posts"}],"about":[{"href":"https:\/\/news.canadamotorjobs.com\/fr\/wp-json\/wp\/v2\/types\/post"}],"author":[{"embeddable":true,"href":"https:\/\/news.canadamotorjobs.com\/fr\/wp-json\/wp\/v2\/users\/8"}],"replies":[{"embeddable":true,"href":"https:\/\/news.canadamotorjobs.com\/fr\/wp-json\/wp\/v2\/comments?post=166625"}],"version-history":[{"count":2,"href":"https:\/\/news.canadamotorjobs.com\/fr\/wp-json\/wp\/v2\/posts\/166625\/revisions"}],"predecessor-version":[{"id":166629,"href":"https:\/\/news.canadamotorjobs.com\/fr\/wp-json\/wp\/v2\/posts\/166625\/revisions\/166629"}],"wp:featuredmedia":[{"embeddable":true,"href":"https:\/\/news.canadamotorjobs.com\/fr\/wp-json\/wp\/v2\/media\/166627"}],"wp:attachment":[{"href":"https:\/\/news.canadamotorjobs.com\/fr\/wp-json\/wp\/v2\/media?parent=166625"}],"wp:term":[{"taxonomy":"category","embeddable":true,"href":"https:\/\/news.canadamotorjobs.com\/fr\/wp-json\/wp\/v2\/categories?post=166625"},{"taxonomy":"post_tag","embeddable":true,"href":"https:\/\/news.canadamotorjobs.com\/fr\/wp-json\/wp\/v2\/tags?post=166625"}],"curies":[{"name":"wp","href":"https:\/\/api.w.org\/{rel}","templated":true}]}}