{"id":166575,"date":"2024-06-07T12:22:53","date_gmt":"2024-06-07T16:22:53","guid":{"rendered":"https:\/\/news.canadamotorjobs.com\/?p=166575"},"modified":"2024-06-07T13:07:51","modified_gmt":"2024-06-07T17:07:51","slug":"genesis-gv80-coupe-2025","status":"publish","type":"post","link":"https:\/\/news.canadamotorjobs.com\/fr\/genesis-gv80-coupe-2025\/","title":{"rendered":"Genesis GV80 Coupe 2025"},"content":{"rendered":"<\/p>\n<p>La division de luxe de Hyundai a beau s\u2019int\u00e9resser \u00e0 l\u2019\u00e9lectrification, elle ne n\u00e9glige pas pour autant les amateurs de look rac\u00e9 et de performances piquantes. Preuve : la mise en march\u00e9 en juillet du Genesis GV80 Coupe 2025.<\/p>\n<h3>Prix : 104 000$<\/h3>\n<p>\n\u00c0 ce prix, il comprend tout, sauf les taxes et \u00e9ventuellement un extra pour une peinture vraiment sp\u00e9ciale si \u00e7a vous chante. Sa silhouette taill\u00e9e pour taquiner le vent, son habitacle con\u00e7u pour combler les plus exigeants et ses prouesses sur l\u2019asphalte devraient combler les ardeurs d\u2019une client\u00e8le que Genesis pr\u00e9dit plus jeune et plus dynamique que celle qui s\u2019int\u00e9resse \u00e0 la marque depuis ses d\u00e9buts au Canada en 2016.<\/p>\n<h3>Fid\u00e8le au concept<\/h3>\n<p>\nEntre le prototype montr\u00e9 \u00e0 New York en avril dernier et le produit qui sera commercialis\u00e9, bien malin celui qui pointerait d\u2019\u00e9normes diff\u00e9rences. Les roues de 22 po, la palette de 10 couleurs dont la teinte \u00ab Bering Blue \u00bb (imaginez l\u2019acier bleut\u00e9 d\u2019un iceberg) exclusive au mod\u00e8le, la grille maill\u00e9e G-Matrix un brin mena\u00e7ante, de m\u00eame que l\u2019aileron arri\u00e8re parfaitement int\u00e9gr\u00e9 \u00e0 la croupe tombante, tous ces d\u00e9tails craquants annoncent la vraie fibre de carbone dans l\u2019habitacle, le volant de course \u00e0 boudin plat, l\u2019\u00e9cran de 27 po qui regroupe les cadrans et l\u2019infodivertissement, le cuir Nappa losang\u00e9, les surpiq\u00fbres et l\u2019un des quatre coloris d\u2019int\u00e9rieur qui c\u00e9l\u00e8brent un savoir-faire cousu main.<\/p>\n<p>Pour animer cette machine sp\u00e9ciale, un V6 3,5L bi-turbo avec suralimentation \u00e9lectrique 48V bon pour 409 chevaux et un couple de 405 lb-pi quasiment instantan\u00e9, une transmission automatique \u00e0 8 rapports et le rouage int\u00e9gral. Parmi les modes de conduite, bien entendu, un Sport + o\u00f9 la suspension et la direction ont go\u00fbt\u00e9 \u00e0 la m\u00e9decine des ing\u00e9nieurs, mais aussi un programme baptis\u00e9 Sport Brake o\u00f9 le freinage envoie des ondes de plaisir au conducteur d\u00e8s que les \u00e9triers mordent les disques sans retenue.<\/p>\n<p>Par ailleurs, \u00e0 une \u00e9poque o\u00f9 les v\u00e9hicules mettent l\u2019emphase sur le silence \u00e0 bord, Genesis s\u2019est dit que le proprio du GV80 Coupe ne d\u00e9testerait pas synchroniser sa conduite avec le pouls du moteur. On a donc mis \u00e0 sa disposition un syst\u00e8me qui traite le chant du V6 turbocompress\u00e9 dans le cockpit comme un invit\u00e9 VIP.<\/p>\n<h3>Encore moins de soucis<\/h3>\n<p>\nPour Aquiles Moura, directeur du marketing des produits chez Genesis Canada, puisque sa compagnie veut r\u00e9volutionner l\u2019exp\u00e9rience d\u2019achat et de propri\u00e9t\u00e9 en facilitant en tout temps la vie du client, il allait de soi que l\u2019acquisition d\u2019un GV80 Coupe aille dans le m\u00eame sens, et plus encore.<\/p>\n<p>Quand vous achetez votre Genesis en ligne ou chez l\u2019un des six concessionnaires du Qu\u00e9bec, vous b\u00e9n\u00e9ficiez d\u00e9j\u00e0 du prix unique sans tracas de n\u00e9gociation et des 5 ann\u00e9es sans souci qui incluent la garantie compl\u00e8te, le service de valet pour l\u2019entretien, l\u2019assistance routi\u00e8re, la mise \u00e0 jour de la navigation et les services connect\u00e9s.<\/p>\n<p>Maintenant, si vous succombez aux charmes du GV80 Coupe, vous obtiendrez en plus des pneus d\u2019hiver Michelin X-Ice Snow de 20 po et des jantes en alliage noir, leur installation et l\u2019entreposage de vos semelles estivales pour cinq ans et tout \u00e7a sans jamais vous d\u00e9placer puisque Genesis se chargera de r\u00e9cup\u00e9rer votre v\u00e9hicule et de vous le ramener.<\/p>\n<p>Z\u00e9ro souci, vraiment, \u00e0 la condition que se d\u00e9partir d\u2019une bonne poign\u00e9e de dollars ne soit pas un souci non plus.<\/p>\n<p>Le texte <a rel=\"nofollow\" href=\"https:\/\/annuelauto.ca\/genesis-gv80-coupe-2025\/\">Genesis GV80 Coupe 2025<\/a> provient de <a rel=\"nofollow\" href=\"https:\/\/annuelauto.ca\">L&#8217;annuel de l&#8217;automobile &#8211; Actualit\u00e9 automobile<\/a><\/p>\n<p><\/p>\n","protected":false},"excerpt":{"rendered":"<p>La division de luxe de Hyundai a beau s\u2019int\u00e9resser \u00e0 l\u2019\u00e9lectrification, elle ne n\u00e9glige pas pour autant les amateurs de look rac\u00e9 et de performances piquantes. Preuve : la mise en march\u00e9 en juillet du Genesis GV80 Coupe 2025. Prix : 104 000$ \u00c0 ce prix, il comprend tout, sauf les taxes et \u00e9ventuellement un [&hellip;]<\/p>\n","protected":false},"author":8,"featured_media":166577,"comment_status":"close","ping_status":"closed","sticky":false,"template":"","format":"standard","meta":{"_monsterinsights_skip_tracking":false,"_monsterinsights_sitenote_active":false,"_monsterinsights_sitenote_note":"","_monsterinsights_sitenote_category":0,"footnotes":""},"categories":[101],"tags":[],"yoast_head":"<!-- This site is optimized with the Yoast SEO plugin v23.2 - https:\/\/yoast.com\/wordpress\/plugins\/seo\/ -->\n<title>Genesis GV80 Coupe 2025 - CanadaMotorJobs.com<\/title>\n<meta name=\"description\" content=\"Genesis GV80 Coupe 2025 - Benoit Charette - Annuel automobile - CanadaMotorJobs.com.\" \/>\n<meta name=\"robots\" content=\"index, follow, max-snippet:-1, max-image-preview:large, max-video-preview:-1\" \/>\n<meta property=\"og:locale\" content=\"fr_CA\" \/>\n<meta property=\"og:type\" content=\"article\" \/>\n<meta property=\"og:title\" content=\"Genesis GV80 Coupe 2025 - CanadaMotorJobs.com\" \/>\n<meta property=\"og:description\" content=\"Genesis GV80 Coupe 2025 - Benoit Charette - Annuel automobile - CanadaMotorJobs.com.\" \/>\n<meta property=\"og:url\" content=\"https:\/\/news.canadamotorjobs.com\/fr\/genesis-gv80-coupe-2025\/\" \/>\n<meta property=\"og:site_name\" content=\"CanadaMotorJobs.com\" \/>\n<meta property=\"article:publisher\" content=\"https:\/\/www.facebook.com\/canadamotorjobs\/\" \/>\n<meta property=\"article:published_time\" content=\"2024-06-07T16:22:53+00:00\" \/>\n<meta property=\"article:modified_time\" content=\"2024-06-07T17:07:51+00:00\" \/>\n<meta property=\"og:image\" content=\"https:\/\/news.canadamotorjobs.com\/wp-content\/uploads\/2024\/06\/GV80-Coupe.jpg\" \/>\n\t<meta property=\"og:image:width\" content=\"1067\" \/>\n\t<meta property=\"og:image:height\" content=\"800\" \/>\n\t<meta property=\"og:image:type\" content=\"image\/jpeg\" \/>\n<meta name=\"author\" content=\"Benoit Charette\" \/>\n<meta name=\"twitter:card\" content=\"summary_large_image\" \/>\n<meta name=\"twitter:creator\" content=\"@canadamotorjobs\" \/>\n<meta name=\"twitter:site\" content=\"@canadamotorjobs\" \/>\n<meta name=\"twitter:label1\" content=\"\u00c9crit par\" \/>\n\t<meta name=\"twitter:data1\" content=\"Benoit Charette\" \/>\n\t<meta name=\"twitter:label2\" content=\"Estimation du temps de lecture\" \/>\n\t<meta name=\"twitter:data2\" content=\"3 minutes\" \/>\n<!-- \/ Yoast SEO plugin. -->","yoast_head_json":{"title":"Genesis GV80 Coupe 2025 - CanadaMotorJobs.com","description":"Genesis GV80 Coupe 2025 - Benoit Charette - Annuel automobile - CanadaMotorJobs.com.","robots":{"index":"index","follow":"follow","max-snippet":"max-snippet:-1","max-image-preview":"max-image-preview:large","max-video-preview":"max-video-preview:-1"},"og_locale":"fr_CA","og_type":"article","og_title":"Genesis GV80 Coupe 2025 - CanadaMotorJobs.com","og_description":"Genesis GV80 Coupe 2025 - Benoit Charette - Annuel automobile - CanadaMotorJobs.com.","og_url":"https:\/\/news.canadamotorjobs.com\/fr\/genesis-gv80-coupe-2025\/","og_site_name":"CanadaMotorJobs.com","article_publisher":"https:\/\/www.facebook.com\/canadamotorjobs\/","article_published_time":"2024-06-07T16:22:53+00:00","article_modified_time":"2024-06-07T17:07:51+00:00","og_image":[{"width":1067,"height":800,"url":"https:\/\/news.canadamotorjobs.com\/wp-content\/uploads\/2024\/06\/GV80-Coupe.jpg","type":"image\/jpeg"}],"author":"Benoit Charette","twitter_card":"summary_large_image","twitter_creator":"@canadamotorjobs","twitter_site":"@canadamotorjobs","twitter_misc":{"\u00c9crit par":"Benoit Charette","Estimation du temps de lecture":"3 minutes"},"schema":{"@context":"https:\/\/schema.org","@graph":[{"@type":"Article","@id":"https:\/\/news.canadamotorjobs.com\/fr\/genesis-gv80-coupe-2025\/#article","isPartOf":{"@id":"https:\/\/news.canadamotorjobs.com\/fr\/genesis-gv80-coupe-2025\/"},"author":{"name":"Benoit Charette","@id":"https:\/\/news.canadamotorjobs.com\/#\/schema\/person\/51793d1f87d44011d7bcc2ed99269a90"},"headline":"Genesis GV80 Coupe 2025","datePublished":"2024-06-07T16:22:53+00:00","dateModified":"2024-06-07T17:07:51+00:00","mainEntityOfPage":{"@id":"https:\/\/news.canadamotorjobs.com\/fr\/genesis-gv80-coupe-2025\/"},"wordCount":622,"publisher":{"@id":"https:\/\/news.canadamotorjobs.com\/#organization"},"image":{"@id":"https:\/\/news.canadamotorjobs.com\/fr\/genesis-gv80-coupe-2025\/#primaryimage"},"thumbnailUrl":"https:\/\/news.canadamotorjobs.com\/wp-content\/uploads\/2024\/06\/GV80-Coupe.jpg","articleSection":["Annuel automobile"],"inLanguage":"fr-CA"},{"@type":"WebPage","@id":"https:\/\/news.canadamotorjobs.com\/fr\/genesis-gv80-coupe-2025\/","url":"https:\/\/news.canadamotorjobs.com\/fr\/genesis-gv80-coupe-2025\/","name":"Genesis GV80 Coupe 2025 - CanadaMotorJobs.com","isPartOf":{"@id":"https:\/\/news.canadamotorjobs.com\/#website"},"primaryImageOfPage":{"@id":"https:\/\/news.canadamotorjobs.com\/fr\/genesis-gv80-coupe-2025\/#primaryimage"},"image":{"@id":"https:\/\/news.canadamotorjobs.com\/fr\/genesis-gv80-coupe-2025\/#primaryimage"},"thumbnailUrl":"https:\/\/news.canadamotorjobs.com\/wp-content\/uploads\/2024\/06\/GV80-Coupe.jpg","datePublished":"2024-06-07T16:22:53+00:00","dateModified":"2024-06-07T17:07:51+00:00","description":"Genesis GV80 Coupe 2025 - Benoit Charette - Annuel automobile - CanadaMotorJobs.com.","breadcrumb":{"@id":"https:\/\/news.canadamotorjobs.com\/fr\/genesis-gv80-coupe-2025\/#breadcrumb"},"inLanguage":"fr-CA","potentialAction":[{"@type":"ReadAction","target":["https:\/\/news.canadamotorjobs.com\/fr\/genesis-gv80-coupe-2025\/"]}]},{"@type":"ImageObject","inLanguage":"fr-CA","@id":"https:\/\/news.canadamotorjobs.com\/fr\/genesis-gv80-coupe-2025\/#primaryimage","url":"https:\/\/news.canadamotorjobs.com\/wp-content\/uploads\/2024\/06\/GV80-Coupe.jpg","contentUrl":"https:\/\/news.canadamotorjobs.com\/wp-content\/uploads\/2024\/06\/GV80-Coupe.jpg","width":1067,"height":800},{"@type":"BreadcrumbList","@id":"https:\/\/news.canadamotorjobs.com\/fr\/genesis-gv80-coupe-2025\/#breadcrumb","itemListElement":[{"@type":"ListItem","position":1,"name":"Home","item":"https:\/\/news.canadamotorjobs.com\/fr\/blog\/"},{"@type":"ListItem","position":2,"name":"Genesis GV80 Coupe 2025"}]},{"@type":"WebSite","@id":"https:\/\/news.canadamotorjobs.com\/#website","url":"https:\/\/news.canadamotorjobs.com\/","name":"CanadaMotorJobs.com","description":"Automotive Jobs","publisher":{"@id":"https:\/\/news.canadamotorjobs.com\/#organization"},"potentialAction":[{"@type":"SearchAction","target":{"@type":"EntryPoint","urlTemplate":"https:\/\/news.canadamotorjobs.com\/?s={search_term_string}"},"query-input":"required name=search_term_string"}],"inLanguage":"fr-CA"},{"@type":"Organization","@id":"https:\/\/news.canadamotorjobs.com\/#organization","name":"Canada Motor Jobs","url":"https:\/\/news.canadamotorjobs.com\/","logo":{"@type":"ImageObject","inLanguage":"fr-CA","@id":"https:\/\/news.canadamotorjobs.com\/#\/schema\/logo\/image\/","url":"https:\/\/news.canadamotorjobs.com\/wp-content\/uploads\/2022\/10\/logo-canada-motor-jobs-1.png","contentUrl":"https:\/\/news.canadamotorjobs.com\/wp-content\/uploads\/2022\/10\/logo-canada-motor-jobs-1.png","width":800,"height":400,"caption":"Canada Motor Jobs"},"image":{"@id":"https:\/\/news.canadamotorjobs.com\/#\/schema\/logo\/image\/"},"sameAs":["https:\/\/www.facebook.com\/canadamotorjobs\/","https:\/\/x.com\/canadamotorjobs","https:\/\/www.instagram.com\/canadamotorjobs\/","https:\/\/www.linkedin.com\/company\/canadamotorjobs"]},{"@type":"Person","@id":"https:\/\/news.canadamotorjobs.com\/#\/schema\/person\/51793d1f87d44011d7bcc2ed99269a90","name":"Benoit Charette","image":{"@type":"ImageObject","inLanguage":"fr-CA","@id":"https:\/\/news.canadamotorjobs.com\/#\/schema\/person\/image\/","url":"https:\/\/secure.gravatar.com\/avatar\/45f3d2eebcccd909668d7ce7ea7267b6?s=96&d=mm&r=g","contentUrl":"https:\/\/secure.gravatar.com\/avatar\/45f3d2eebcccd909668d7ce7ea7267b6?s=96&d=mm&r=g","caption":"Benoit Charette"},"description":"Benoit Charette \/ Propri\u00e9taire et r\u00e9dacteur en chef Benoit Charette pratique le journalisme automobile depuis bient\u00f4t 30 ans. Il a fait ses classes au c\u00f4t\u00e9 de Daniel H\u00e9raud et au Carnet de route de 1992 \u00e0 2001. Il est fondateur, copropri\u00e9taire et r\u00e9dacteur en chef de L\u2019Annuel de l\u2019automobile, qu\u2019il publie depuis 2001. Il a anim\u00e9 les \u00e9missions RPM et RPM+ sur V et les L\u00e9gendes de la route sur Historia. \u00c0 la radio depuis 1986, il reprend l\u2019antenne cette ann\u00e9e sur les ondes de Cogeco et participe pour la deuxi\u00e8me ann\u00e9e \u00e0 l\u2019\u00e9mission Passion Auto sur RDS en plus de mettre en ligne le site Web officiel de L\u2019Annuel de l\u2019automobile sur annuelauto.ca.","sameAs":["https:\/\/annuelauto.ca\/"],"url":"https:\/\/news.canadamotorjobs.com\/fr\/author\/benoit-charette\/"}]}},"_links":{"self":[{"href":"https:\/\/news.canadamotorjobs.com\/fr\/wp-json\/wp\/v2\/posts\/166575"}],"collection":[{"href":"https:\/\/news.canadamotorjobs.com\/fr\/wp-json\/wp\/v2\/posts"}],"about":[{"href":"https:\/\/news.canadamotorjobs.com\/fr\/wp-json\/wp\/v2\/types\/post"}],"author":[{"embeddable":true,"href":"https:\/\/news.canadamotorjobs.com\/fr\/wp-json\/wp\/v2\/users\/8"}],"replies":[{"embeddable":true,"href":"https:\/\/news.canadamotorjobs.com\/fr\/wp-json\/wp\/v2\/comments?post=166575"}],"version-history":[{"count":2,"href":"https:\/\/news.canadamotorjobs.com\/fr\/wp-json\/wp\/v2\/posts\/166575\/revisions"}],"predecessor-version":[{"id":166579,"href":"https:\/\/news.canadamotorjobs.com\/fr\/wp-json\/wp\/v2\/posts\/166575\/revisions\/166579"}],"wp:featuredmedia":[{"embeddable":true,"href":"https:\/\/news.canadamotorjobs.com\/fr\/wp-json\/wp\/v2\/media\/166577"}],"wp:attachment":[{"href":"https:\/\/news.canadamotorjobs.com\/fr\/wp-json\/wp\/v2\/media?parent=166575"}],"wp:term":[{"taxonomy":"category","embeddable":true,"href":"https:\/\/news.canadamotorjobs.com\/fr\/wp-json\/wp\/v2\/categories?post=166575"},{"taxonomy":"post_tag","embeddable":true,"href":"https:\/\/news.canadamotorjobs.com\/fr\/wp-json\/wp\/v2\/tags?post=166575"}],"curies":[{"name":"wp","href":"https:\/\/api.w.org\/{rel}","templated":true}]}}