{"id":166552,"date":"2024-06-07T06:53:38","date_gmt":"2024-06-07T10:53:38","guid":{"rendered":"https:\/\/news.canadamotorjobs.com\/?p=166552"},"modified":"2024-06-07T07:46:40","modified_gmt":"2024-06-07T11:46:40","slug":"ford-rappelle-les-mustang-2024","status":"publish","type":"post","link":"https:\/\/news.canadamotorjobs.com\/fr\/ford-rappelle-les-mustang-2024\/","title":{"rendered":"Ford rappelle les Mustang 2024 :"},"content":{"rendered":"<\/p>\n<h3>Un rappel concerne plus de 8 000 v\u00e9hicules \u00e9quip\u00e9s de transmissions manuelles<\/h3>\n<p>\nFord a annonc\u00e9 le rappel de la Mustang 2024 apr\u00e8s avoir d\u00e9couvert que la ligne de pression d&#8217;embrayage pourrait fondre, entra\u00eenant une fuite de liquide qui emp\u00eacherait les mod\u00e8les \u00e9quip\u00e9s d&#8217;une transmission manuelle de changer de vitesse. Au total, 8 161 v\u00e9hicules pourraient \u00eatre affect\u00e9s par un \u00e9crou \u00e0 barillet manquant ou mal install\u00e9, qui fixe la ligne au goujon du tablier.<\/p>\n<h3>Risque d&#8217;incendie sous le capot<\/h3>\n<p>\nSi la ligne entre en contact avec des composants d&#8217;\u00e9chappement chauds, elle pourrait fondre et laisser \u00e9chapper le liquide de frein utilis\u00e9 dans le syst\u00e8me d&#8217;embrayage. Selon le rapport de rappel, si ce liquide s&#8217;accumule sous le capot pr\u00e8s d&#8217;une source de chaleur, il pourrait fumer ou provoquer un incendie. Les conducteurs pourraient rencontrer des difficult\u00e9s \u00e0 changer de vitesse et le moteur pourrait caler lors de la d\u00e9c\u00e9l\u00e9ration, augmentant ainsi le risque d&#8217;accident.<\/p>\n<h3>D\u00e9couverte du probl\u00e8me et enqu\u00eate<\/h3>\n<p>\nFord a \u00e9t\u00e9 alert\u00e9 d&#8217;un probl\u00e8me potentiel le 30 avril 2024, apr\u00e8s avoir examin\u00e9 deux rapports d&#8217;incendies sous le capot sur des Mustangs 2024 \u00e9quip\u00e9es d&#8217;une transmission manuelle. Le Groupe d&#8217;Examen des Pr\u00e9occupations Critiques de Ford a inspect\u00e9 les deux v\u00e9hicules et d\u00e9couvert la cause. Ford indique \u00eatre au courant de deux rapports potentiellement li\u00e9s \u00e0 des incendies et d&#8217;un autre concernant de la fum\u00e9e. Cependant, aucune blessure ou accident li\u00e9 \u00e0 ce probl\u00e8me n\u2019a \u00e9t\u00e9 signal\u00e9.<\/p>\n<h3>Notification des propri\u00e9taires<\/h3>\n<p>\nFord commencera \u00e0 informer les propri\u00e9taires par courrier \u00e0 partir du 17 juin. Ils seront invit\u00e9s \u00e0 amener leur Mustang chez leur concessionnaire local, o\u00f9 un technicien effectuera une inspection de la ligne et proc\u00e9dera aux r\u00e9parations n\u00e9cessaires.<\/p>\n<p>Avec des renseignements de Motor 1<\/p>\n<p>Le texte <a rel=\"nofollow\" href=\"https:\/\/annuelauto.ca\/ford-rappelle-les-mustang-2024\/\">Ford rappelle les Mustang 2024 :<\/a> provient de <a rel=\"nofollow\" href=\"https:\/\/annuelauto.ca\">L&#8217;annuel de l&#8217;automobile &#8211; Actualit\u00e9 automobile<\/a><\/p>\n<p><\/p>\n","protected":false},"excerpt":{"rendered":"<p>Un rappel concerne plus de 8 000 v\u00e9hicules \u00e9quip\u00e9s de transmissions manuelles Ford a annonc\u00e9 le rappel de la Mustang 2024 apr\u00e8s avoir d\u00e9couvert que la ligne de pression d&#8217;embrayage pourrait fondre, entra\u00eenant une fuite de liquide qui emp\u00eacherait les mod\u00e8les \u00e9quip\u00e9s d&#8217;une transmission manuelle de changer de vitesse. Au total, 8 161 v\u00e9hicules pourraient [&hellip;]<\/p>\n","protected":false},"author":8,"featured_media":166554,"comment_status":"close","ping_status":"closed","sticky":false,"template":"","format":"standard","meta":{"_monsterinsights_skip_tracking":false,"_monsterinsights_sitenote_active":false,"_monsterinsights_sitenote_note":"","_monsterinsights_sitenote_category":0,"footnotes":""},"categories":[101],"tags":[],"yoast_head":"<!-- This site is optimized with the Yoast SEO plugin v23.2 - https:\/\/yoast.com\/wordpress\/plugins\/seo\/ -->\n<title>Ford rappelle les Mustang 2024 : - CanadaMotorJobs.com<\/title>\n<meta name=\"description\" content=\"Ford rappelle les Mustang 2024 : - Benoit Charette - Annuel automobile - CanadaMotorJobs.com.\" \/>\n<meta name=\"robots\" content=\"index, follow, max-snippet:-1, max-image-preview:large, max-video-preview:-1\" \/>\n<meta property=\"og:locale\" content=\"fr_CA\" \/>\n<meta property=\"og:type\" content=\"article\" \/>\n<meta property=\"og:title\" content=\"Ford rappelle les Mustang 2024 : - CanadaMotorJobs.com\" \/>\n<meta property=\"og:description\" content=\"Ford rappelle les Mustang 2024 : - Benoit Charette - Annuel automobile - CanadaMotorJobs.com.\" \/>\n<meta property=\"og:url\" content=\"https:\/\/news.canadamotorjobs.com\/fr\/ford-rappelle-les-mustang-2024\/\" \/>\n<meta property=\"og:site_name\" content=\"CanadaMotorJobs.com\" \/>\n<meta property=\"article:publisher\" content=\"https:\/\/www.facebook.com\/canadamotorjobs\/\" \/>\n<meta property=\"article:published_time\" content=\"2024-06-07T10:53:38+00:00\" \/>\n<meta property=\"article:modified_time\" content=\"2024-06-07T11:46:40+00:00\" \/>\n<meta property=\"og:image\" content=\"https:\/\/news.canadamotorjobs.com\/wp-content\/uploads\/2024\/06\/2024-Mustang-06.jpg\" \/>\n\t<meta property=\"og:image:width\" content=\"1499\" \/>\n\t<meta property=\"og:image:height\" content=\"1000\" \/>\n\t<meta property=\"og:image:type\" content=\"image\/jpeg\" \/>\n<meta name=\"author\" content=\"Benoit Charette\" \/>\n<meta name=\"twitter:card\" content=\"summary_large_image\" \/>\n<meta name=\"twitter:creator\" content=\"@canadamotorjobs\" \/>\n<meta name=\"twitter:site\" content=\"@canadamotorjobs\" \/>\n<meta name=\"twitter:label1\" content=\"\u00c9crit par\" \/>\n\t<meta name=\"twitter:data1\" content=\"Benoit Charette\" \/>\n\t<meta name=\"twitter:label2\" content=\"Estimation du temps de lecture\" \/>\n\t<meta name=\"twitter:data2\" content=\"2 minutes\" \/>\n<!-- \/ Yoast SEO plugin. -->","yoast_head_json":{"title":"Ford rappelle les Mustang 2024 : - CanadaMotorJobs.com","description":"Ford rappelle les Mustang 2024 : - Benoit Charette - Annuel automobile - CanadaMotorJobs.com.","robots":{"index":"index","follow":"follow","max-snippet":"max-snippet:-1","max-image-preview":"max-image-preview:large","max-video-preview":"max-video-preview:-1"},"og_locale":"fr_CA","og_type":"article","og_title":"Ford rappelle les Mustang 2024 : - CanadaMotorJobs.com","og_description":"Ford rappelle les Mustang 2024 : - Benoit Charette - Annuel automobile - CanadaMotorJobs.com.","og_url":"https:\/\/news.canadamotorjobs.com\/fr\/ford-rappelle-les-mustang-2024\/","og_site_name":"CanadaMotorJobs.com","article_publisher":"https:\/\/www.facebook.com\/canadamotorjobs\/","article_published_time":"2024-06-07T10:53:38+00:00","article_modified_time":"2024-06-07T11:46:40+00:00","og_image":[{"width":1499,"height":1000,"url":"https:\/\/news.canadamotorjobs.com\/wp-content\/uploads\/2024\/06\/2024-Mustang-06.jpg","type":"image\/jpeg"}],"author":"Benoit Charette","twitter_card":"summary_large_image","twitter_creator":"@canadamotorjobs","twitter_site":"@canadamotorjobs","twitter_misc":{"\u00c9crit par":"Benoit Charette","Estimation du temps de lecture":"2 minutes"},"schema":{"@context":"https:\/\/schema.org","@graph":[{"@type":"Article","@id":"https:\/\/news.canadamotorjobs.com\/fr\/ford-rappelle-les-mustang-2024\/#article","isPartOf":{"@id":"https:\/\/news.canadamotorjobs.com\/fr\/ford-rappelle-les-mustang-2024\/"},"author":{"name":"Benoit Charette","@id":"https:\/\/news.canadamotorjobs.com\/#\/schema\/person\/51793d1f87d44011d7bcc2ed99269a90"},"headline":"Ford rappelle les Mustang 2024 :","datePublished":"2024-06-07T10:53:38+00:00","dateModified":"2024-06-07T11:46:40+00:00","mainEntityOfPage":{"@id":"https:\/\/news.canadamotorjobs.com\/fr\/ford-rappelle-les-mustang-2024\/"},"wordCount":333,"publisher":{"@id":"https:\/\/news.canadamotorjobs.com\/#organization"},"image":{"@id":"https:\/\/news.canadamotorjobs.com\/fr\/ford-rappelle-les-mustang-2024\/#primaryimage"},"thumbnailUrl":"https:\/\/news.canadamotorjobs.com\/wp-content\/uploads\/2024\/06\/2024-Mustang-06.jpg","articleSection":["Annuel automobile"],"inLanguage":"fr-CA"},{"@type":"WebPage","@id":"https:\/\/news.canadamotorjobs.com\/fr\/ford-rappelle-les-mustang-2024\/","url":"https:\/\/news.canadamotorjobs.com\/fr\/ford-rappelle-les-mustang-2024\/","name":"Ford rappelle les Mustang 2024 : - CanadaMotorJobs.com","isPartOf":{"@id":"https:\/\/news.canadamotorjobs.com\/#website"},"primaryImageOfPage":{"@id":"https:\/\/news.canadamotorjobs.com\/fr\/ford-rappelle-les-mustang-2024\/#primaryimage"},"image":{"@id":"https:\/\/news.canadamotorjobs.com\/fr\/ford-rappelle-les-mustang-2024\/#primaryimage"},"thumbnailUrl":"https:\/\/news.canadamotorjobs.com\/wp-content\/uploads\/2024\/06\/2024-Mustang-06.jpg","datePublished":"2024-06-07T10:53:38+00:00","dateModified":"2024-06-07T11:46:40+00:00","description":"Ford rappelle les Mustang 2024 : - Benoit Charette - Annuel automobile - CanadaMotorJobs.com.","breadcrumb":{"@id":"https:\/\/news.canadamotorjobs.com\/fr\/ford-rappelle-les-mustang-2024\/#breadcrumb"},"inLanguage":"fr-CA","potentialAction":[{"@type":"ReadAction","target":["https:\/\/news.canadamotorjobs.com\/fr\/ford-rappelle-les-mustang-2024\/"]}]},{"@type":"ImageObject","inLanguage":"fr-CA","@id":"https:\/\/news.canadamotorjobs.com\/fr\/ford-rappelle-les-mustang-2024\/#primaryimage","url":"https:\/\/news.canadamotorjobs.com\/wp-content\/uploads\/2024\/06\/2024-Mustang-06.jpg","contentUrl":"https:\/\/news.canadamotorjobs.com\/wp-content\/uploads\/2024\/06\/2024-Mustang-06.jpg","width":1499,"height":1000},{"@type":"BreadcrumbList","@id":"https:\/\/news.canadamotorjobs.com\/fr\/ford-rappelle-les-mustang-2024\/#breadcrumb","itemListElement":[{"@type":"ListItem","position":1,"name":"Home","item":"https:\/\/news.canadamotorjobs.com\/fr\/blog\/"},{"@type":"ListItem","position":2,"name":"Ford rappelle les Mustang 2024 :"}]},{"@type":"WebSite","@id":"https:\/\/news.canadamotorjobs.com\/#website","url":"https:\/\/news.canadamotorjobs.com\/","name":"CanadaMotorJobs.com","description":"Automotive Jobs","publisher":{"@id":"https:\/\/news.canadamotorjobs.com\/#organization"},"potentialAction":[{"@type":"SearchAction","target":{"@type":"EntryPoint","urlTemplate":"https:\/\/news.canadamotorjobs.com\/?s={search_term_string}"},"query-input":"required name=search_term_string"}],"inLanguage":"fr-CA"},{"@type":"Organization","@id":"https:\/\/news.canadamotorjobs.com\/#organization","name":"Canada Motor Jobs","url":"https:\/\/news.canadamotorjobs.com\/","logo":{"@type":"ImageObject","inLanguage":"fr-CA","@id":"https:\/\/news.canadamotorjobs.com\/#\/schema\/logo\/image\/","url":"https:\/\/news.canadamotorjobs.com\/wp-content\/uploads\/2022\/10\/logo-canada-motor-jobs-1.png","contentUrl":"https:\/\/news.canadamotorjobs.com\/wp-content\/uploads\/2022\/10\/logo-canada-motor-jobs-1.png","width":800,"height":400,"caption":"Canada Motor Jobs"},"image":{"@id":"https:\/\/news.canadamotorjobs.com\/#\/schema\/logo\/image\/"},"sameAs":["https:\/\/www.facebook.com\/canadamotorjobs\/","https:\/\/x.com\/canadamotorjobs","https:\/\/www.instagram.com\/canadamotorjobs\/","https:\/\/www.linkedin.com\/company\/canadamotorjobs"]},{"@type":"Person","@id":"https:\/\/news.canadamotorjobs.com\/#\/schema\/person\/51793d1f87d44011d7bcc2ed99269a90","name":"Benoit Charette","image":{"@type":"ImageObject","inLanguage":"fr-CA","@id":"https:\/\/news.canadamotorjobs.com\/#\/schema\/person\/image\/","url":"https:\/\/secure.gravatar.com\/avatar\/45f3d2eebcccd909668d7ce7ea7267b6?s=96&d=mm&r=g","contentUrl":"https:\/\/secure.gravatar.com\/avatar\/45f3d2eebcccd909668d7ce7ea7267b6?s=96&d=mm&r=g","caption":"Benoit Charette"},"description":"Benoit Charette \/ Propri\u00e9taire et r\u00e9dacteur en chef Benoit Charette pratique le journalisme automobile depuis bient\u00f4t 30 ans. Il a fait ses classes au c\u00f4t\u00e9 de Daniel H\u00e9raud et au Carnet de route de 1992 \u00e0 2001. Il est fondateur, copropri\u00e9taire et r\u00e9dacteur en chef de L\u2019Annuel de l\u2019automobile, qu\u2019il publie depuis 2001. Il a anim\u00e9 les \u00e9missions RPM et RPM+ sur V et les L\u00e9gendes de la route sur Historia. \u00c0 la radio depuis 1986, il reprend l\u2019antenne cette ann\u00e9e sur les ondes de Cogeco et participe pour la deuxi\u00e8me ann\u00e9e \u00e0 l\u2019\u00e9mission Passion Auto sur RDS en plus de mettre en ligne le site Web officiel de L\u2019Annuel de l\u2019automobile sur annuelauto.ca.","sameAs":["https:\/\/annuelauto.ca\/"],"url":"https:\/\/news.canadamotorjobs.com\/fr\/author\/benoit-charette\/"}]}},"_links":{"self":[{"href":"https:\/\/news.canadamotorjobs.com\/fr\/wp-json\/wp\/v2\/posts\/166552"}],"collection":[{"href":"https:\/\/news.canadamotorjobs.com\/fr\/wp-json\/wp\/v2\/posts"}],"about":[{"href":"https:\/\/news.canadamotorjobs.com\/fr\/wp-json\/wp\/v2\/types\/post"}],"author":[{"embeddable":true,"href":"https:\/\/news.canadamotorjobs.com\/fr\/wp-json\/wp\/v2\/users\/8"}],"replies":[{"embeddable":true,"href":"https:\/\/news.canadamotorjobs.com\/fr\/wp-json\/wp\/v2\/comments?post=166552"}],"version-history":[{"count":2,"href":"https:\/\/news.canadamotorjobs.com\/fr\/wp-json\/wp\/v2\/posts\/166552\/revisions"}],"predecessor-version":[{"id":166556,"href":"https:\/\/news.canadamotorjobs.com\/fr\/wp-json\/wp\/v2\/posts\/166552\/revisions\/166556"}],"wp:featuredmedia":[{"embeddable":true,"href":"https:\/\/news.canadamotorjobs.com\/fr\/wp-json\/wp\/v2\/media\/166554"}],"wp:attachment":[{"href":"https:\/\/news.canadamotorjobs.com\/fr\/wp-json\/wp\/v2\/media?parent=166552"}],"wp:term":[{"taxonomy":"category","embeddable":true,"href":"https:\/\/news.canadamotorjobs.com\/fr\/wp-json\/wp\/v2\/categories?post=166552"},{"taxonomy":"post_tag","embeddable":true,"href":"https:\/\/news.canadamotorjobs.com\/fr\/wp-json\/wp\/v2\/tags?post=166552"}],"curies":[{"name":"wp","href":"https:\/\/api.w.org\/{rel}","templated":true}]}}