{"id":166529,"date":"2024-06-06T11:02:41","date_gmt":"2024-06-06T15:02:41","guid":{"rendered":"https:\/\/news.canadamotorjobs.com\/?p=166529"},"modified":"2024-06-06T11:14:33","modified_gmt":"2024-06-06T15:14:33","slug":"bmw-preparerait-une-m3-electrique-familiale","status":"publish","type":"post","link":"https:\/\/news.canadamotorjobs.com\/fr\/bmw-preparerait-une-m3-electrique-familiale\/","title":{"rendered":"BMW pr\u00e9parerait une M3 \u00e9lectrique familiale"},"content":{"rendered":"<\/p>\n<p>Le site d\u2019enthousiastes de BMW\u00a0: Bimmerpost laisse entendre que la compagnie bavaroise pr\u00e9pare une version M3 \u00e9lectrique en version familiale. Un mod\u00e8le qui devrait suivre la M3 \u00e9lectrique berline.<\/p>\n<h3>D\u00e9but de production en 2027<\/h3>\n<p>\nLa premi\u00e8re M3 \u00e9lectrique entrera en production au second semestre de 2027.<\/p>\n<h3>Motorisation encore inconnue<\/h3>\n<p>\nBMW n&#8217;a pas encore confirm\u00e9 les d\u00e9tails de la motorisation, mais des options \u00e0 deux et quatre moteurs sont probables.<\/p>\n<h2>Une M3 \u00e9lectrique \u00e0 l&#8217;horizon<\/h2>\n<p>\nNous savons depuis longtemps que la possibilit\u00e9 d&#8217;une BMW M3 enti\u00e8rement \u00e9lectrique est tr\u00e8s r\u00e9elle, renforc\u00e9e par un d\u00e9p\u00f4t de marque pour le nom iM3. Le forum Bimmerpost r\u00e9v\u00e8le la date de production pr\u00e9vue pour ce nouveau v\u00e9hicule \u00e9lectrique et ajoute qu&#8217;il sera accompagn\u00e9 d&#8217;une version familale M3 Touring \u00e9lectrique. Baptis\u00e9e ZA0, la M3 \u00e9lectrique pourrait \u00eatre d\u00e9voil\u00e9e d\u00e8s 2026, avec un d\u00e9but de production probable au second semestre de 2027, soit un an apr\u00e8s l&#8217;entr\u00e9e en production de la berline i3 (s\u00e9rie 3 \u00e9lectrique). Pour information, le break i3 porte le nom de code NA1 et le break M3 \u00e9lectrique (pr\u00e9vu un an apr\u00e8s la berline) est connu en interne sous le nom de ZA1.<\/p>\n<h3>Aucune confirmation officielle<\/h3>\n<p>\nBMW n&#8217;a encore rien d\u00e9voil\u00e9 officiellement sur sa M3 \u00e9lectrique, mais les dirigeants ont donn\u00e9 des indices sur ce \u00e0 quoi s&#8217;attendre. Bien que jusqu&#8217;\u00e0 1 340 chevaux seront possibles gr\u00e2ce \u00e0 la nouvelle unit\u00e9 de contr\u00f4le &#8220;Heart of Joy&#8221; pour l&#8217;architecture Neue Klasse (combinant le logiciel de la motorisation et les syst\u00e8mes de dynamique de conduite en un seul syst\u00e8me), la caract\u00e9ristique la plus importante sera la maniabilit\u00e9 et les sensations au volant. La voiture doit rester reconnaissable comme une M.<\/p>\n<h3>Un int\u00e9r\u00eat croissant pour les familiales<\/h3>\n<p>\nQuasiment disparus du march\u00e9 actuel, les familiales sportives connaissent un retour en force, et BMW m\u00e8ne la charge. La premi\u00e8re M3 Touring de s\u00e9rie enthousiasme les fans de BMW sur d&#8217;autres march\u00e9s, et plus tard cette ann\u00e9e, la BMW M5 sera disponible en version break, \u00e0 la fois \u00e0 l&#8217;\u00e9tranger et en Am\u00e9rique. Avec la volont\u00e9 apparente de BMW de proposer sa premi\u00e8re voiture M \u00e9lectrique en version Touring, il est clair que les acheteurs recherchent un m\u00e9lange de praticit\u00e9 et de sportivit\u00e9 qui ne prend pas la forme d&#8217;un SUV. Un break rapide est la solution id\u00e9ale. Esp\u00e9rons que d&#8217;autres constructeurs reviendront bient\u00f4t sur ce march\u00e9.<\/p>\n<p>\u00a0<\/p>\n<p>Avec des renseignements de Carbuzz<\/p>\n<p>\u00a0<\/p>\n<p>Le texte <a rel=\"nofollow\" href=\"https:\/\/annuelauto.ca\/bmw-preparerait-une-m3-electrique-familiale\/\">BMW pr\u00e9parerait une M3 \u00e9lectrique familiale<\/a> provient de <a rel=\"nofollow\" href=\"https:\/\/annuelauto.ca\">L&#8217;annuel de l&#8217;automobile &#8211; Actualit\u00e9 automobile<\/a><\/p>\n<p><\/p>\n","protected":false},"excerpt":{"rendered":"<p>Le site d\u2019enthousiastes de BMW\u00a0: Bimmerpost laisse entendre que la compagnie bavaroise pr\u00e9pare une version M3 \u00e9lectrique en version familiale. Un mod\u00e8le qui devrait suivre la M3 \u00e9lectrique berline. D\u00e9but de production en 2027 La premi\u00e8re M3 \u00e9lectrique entrera en production au second semestre de 2027. Motorisation encore inconnue BMW n&#8217;a pas encore confirm\u00e9 les [&hellip;]<\/p>\n","protected":false},"author":8,"featured_media":166531,"comment_status":"close","ping_status":"closed","sticky":false,"template":"","format":"standard","meta":{"_monsterinsights_skip_tracking":false,"_monsterinsights_sitenote_active":false,"_monsterinsights_sitenote_note":"","_monsterinsights_sitenote_category":0,"footnotes":""},"categories":[101],"tags":[],"yoast_head":"<!-- This site is optimized with the Yoast SEO plugin v23.2 - https:\/\/yoast.com\/wordpress\/plugins\/seo\/ -->\n<title>BMW pr\u00e9parerait une M3 \u00e9lectrique familiale - CanadaMotorJobs.com<\/title>\n<meta name=\"description\" content=\"BMW pr\u00e9parerait une M3 \u00e9lectrique familiale - Benoit Charette - Annuel automobile - CanadaMotorJobs.com.\" \/>\n<meta name=\"robots\" content=\"index, follow, max-snippet:-1, max-image-preview:large, max-video-preview:-1\" \/>\n<meta property=\"og:locale\" content=\"fr_CA\" \/>\n<meta property=\"og:type\" content=\"article\" \/>\n<meta property=\"og:title\" content=\"BMW pr\u00e9parerait une M3 \u00e9lectrique familiale - CanadaMotorJobs.com\" \/>\n<meta property=\"og:description\" content=\"BMW pr\u00e9parerait une M3 \u00e9lectrique familiale - Benoit Charette - Annuel automobile - CanadaMotorJobs.com.\" \/>\n<meta property=\"og:url\" content=\"https:\/\/news.canadamotorjobs.com\/fr\/bmw-preparerait-une-m3-electrique-familiale\/\" \/>\n<meta property=\"og:site_name\" content=\"CanadaMotorJobs.com\" \/>\n<meta property=\"article:publisher\" content=\"https:\/\/www.facebook.com\/canadamotorjobs\/\" \/>\n<meta property=\"article:published_time\" content=\"2024-06-06T15:02:41+00:00\" \/>\n<meta property=\"article:modified_time\" content=\"2024-06-06T15:14:33+00:00\" \/>\n<meta property=\"og:image\" content=\"https:\/\/news.canadamotorjobs.com\/wp-content\/uploads\/2024\/06\/bmw-m3-touring-2024.jpg\" \/>\n\t<meta property=\"og:image:width\" content=\"1280\" \/>\n\t<meta property=\"og:image:height\" content=\"720\" \/>\n\t<meta property=\"og:image:type\" content=\"image\/jpeg\" \/>\n<meta name=\"author\" content=\"Benoit Charette\" \/>\n<meta name=\"twitter:card\" content=\"summary_large_image\" \/>\n<meta name=\"twitter:creator\" content=\"@canadamotorjobs\" \/>\n<meta name=\"twitter:site\" content=\"@canadamotorjobs\" \/>\n<meta name=\"twitter:label1\" content=\"\u00c9crit par\" \/>\n\t<meta name=\"twitter:data1\" content=\"Benoit Charette\" \/>\n\t<meta name=\"twitter:label2\" content=\"Estimation du temps de lecture\" \/>\n\t<meta name=\"twitter:data2\" content=\"2 minutes\" \/>\n<!-- \/ Yoast SEO plugin. -->","yoast_head_json":{"title":"BMW pr\u00e9parerait une M3 \u00e9lectrique familiale - CanadaMotorJobs.com","description":"BMW pr\u00e9parerait une M3 \u00e9lectrique familiale - Benoit Charette - Annuel automobile - CanadaMotorJobs.com.","robots":{"index":"index","follow":"follow","max-snippet":"max-snippet:-1","max-image-preview":"max-image-preview:large","max-video-preview":"max-video-preview:-1"},"og_locale":"fr_CA","og_type":"article","og_title":"BMW pr\u00e9parerait une M3 \u00e9lectrique familiale - CanadaMotorJobs.com","og_description":"BMW pr\u00e9parerait une M3 \u00e9lectrique familiale - Benoit Charette - Annuel automobile - CanadaMotorJobs.com.","og_url":"https:\/\/news.canadamotorjobs.com\/fr\/bmw-preparerait-une-m3-electrique-familiale\/","og_site_name":"CanadaMotorJobs.com","article_publisher":"https:\/\/www.facebook.com\/canadamotorjobs\/","article_published_time":"2024-06-06T15:02:41+00:00","article_modified_time":"2024-06-06T15:14:33+00:00","og_image":[{"width":1280,"height":720,"url":"https:\/\/news.canadamotorjobs.com\/wp-content\/uploads\/2024\/06\/bmw-m3-touring-2024.jpg","type":"image\/jpeg"}],"author":"Benoit Charette","twitter_card":"summary_large_image","twitter_creator":"@canadamotorjobs","twitter_site":"@canadamotorjobs","twitter_misc":{"\u00c9crit par":"Benoit Charette","Estimation du temps de lecture":"2 minutes"},"schema":{"@context":"https:\/\/schema.org","@graph":[{"@type":"Article","@id":"https:\/\/news.canadamotorjobs.com\/fr\/bmw-preparerait-une-m3-electrique-familiale\/#article","isPartOf":{"@id":"https:\/\/news.canadamotorjobs.com\/fr\/bmw-preparerait-une-m3-electrique-familiale\/"},"author":{"name":"Benoit Charette","@id":"https:\/\/news.canadamotorjobs.com\/#\/schema\/person\/51793d1f87d44011d7bcc2ed99269a90"},"headline":"BMW pr\u00e9parerait une M3 \u00e9lectrique familiale","datePublished":"2024-06-06T15:02:41+00:00","dateModified":"2024-06-06T15:14:33+00:00","mainEntityOfPage":{"@id":"https:\/\/news.canadamotorjobs.com\/fr\/bmw-preparerait-une-m3-electrique-familiale\/"},"wordCount":464,"publisher":{"@id":"https:\/\/news.canadamotorjobs.com\/#organization"},"image":{"@id":"https:\/\/news.canadamotorjobs.com\/fr\/bmw-preparerait-une-m3-electrique-familiale\/#primaryimage"},"thumbnailUrl":"https:\/\/news.canadamotorjobs.com\/wp-content\/uploads\/2024\/06\/bmw-m3-touring-2024.jpg","articleSection":["Annuel automobile"],"inLanguage":"fr-CA"},{"@type":"WebPage","@id":"https:\/\/news.canadamotorjobs.com\/fr\/bmw-preparerait-une-m3-electrique-familiale\/","url":"https:\/\/news.canadamotorjobs.com\/fr\/bmw-preparerait-une-m3-electrique-familiale\/","name":"BMW pr\u00e9parerait une M3 \u00e9lectrique familiale - CanadaMotorJobs.com","isPartOf":{"@id":"https:\/\/news.canadamotorjobs.com\/#website"},"primaryImageOfPage":{"@id":"https:\/\/news.canadamotorjobs.com\/fr\/bmw-preparerait-une-m3-electrique-familiale\/#primaryimage"},"image":{"@id":"https:\/\/news.canadamotorjobs.com\/fr\/bmw-preparerait-une-m3-electrique-familiale\/#primaryimage"},"thumbnailUrl":"https:\/\/news.canadamotorjobs.com\/wp-content\/uploads\/2024\/06\/bmw-m3-touring-2024.jpg","datePublished":"2024-06-06T15:02:41+00:00","dateModified":"2024-06-06T15:14:33+00:00","description":"BMW pr\u00e9parerait une M3 \u00e9lectrique familiale - Benoit Charette - Annuel automobile - CanadaMotorJobs.com.","breadcrumb":{"@id":"https:\/\/news.canadamotorjobs.com\/fr\/bmw-preparerait-une-m3-electrique-familiale\/#breadcrumb"},"inLanguage":"fr-CA","potentialAction":[{"@type":"ReadAction","target":["https:\/\/news.canadamotorjobs.com\/fr\/bmw-preparerait-une-m3-electrique-familiale\/"]}]},{"@type":"ImageObject","inLanguage":"fr-CA","@id":"https:\/\/news.canadamotorjobs.com\/fr\/bmw-preparerait-une-m3-electrique-familiale\/#primaryimage","url":"https:\/\/news.canadamotorjobs.com\/wp-content\/uploads\/2024\/06\/bmw-m3-touring-2024.jpg","contentUrl":"https:\/\/news.canadamotorjobs.com\/wp-content\/uploads\/2024\/06\/bmw-m3-touring-2024.jpg","width":1280,"height":720},{"@type":"BreadcrumbList","@id":"https:\/\/news.canadamotorjobs.com\/fr\/bmw-preparerait-une-m3-electrique-familiale\/#breadcrumb","itemListElement":[{"@type":"ListItem","position":1,"name":"Home","item":"https:\/\/news.canadamotorjobs.com\/fr\/blog\/"},{"@type":"ListItem","position":2,"name":"BMW pr\u00e9parerait une M3 \u00e9lectrique familiale"}]},{"@type":"WebSite","@id":"https:\/\/news.canadamotorjobs.com\/#website","url":"https:\/\/news.canadamotorjobs.com\/","name":"CanadaMotorJobs.com","description":"Automotive Jobs","publisher":{"@id":"https:\/\/news.canadamotorjobs.com\/#organization"},"potentialAction":[{"@type":"SearchAction","target":{"@type":"EntryPoint","urlTemplate":"https:\/\/news.canadamotorjobs.com\/?s={search_term_string}"},"query-input":"required name=search_term_string"}],"inLanguage":"fr-CA"},{"@type":"Organization","@id":"https:\/\/news.canadamotorjobs.com\/#organization","name":"Canada Motor Jobs","url":"https:\/\/news.canadamotorjobs.com\/","logo":{"@type":"ImageObject","inLanguage":"fr-CA","@id":"https:\/\/news.canadamotorjobs.com\/#\/schema\/logo\/image\/","url":"https:\/\/news.canadamotorjobs.com\/wp-content\/uploads\/2022\/10\/logo-canada-motor-jobs-1.png","contentUrl":"https:\/\/news.canadamotorjobs.com\/wp-content\/uploads\/2022\/10\/logo-canada-motor-jobs-1.png","width":800,"height":400,"caption":"Canada Motor Jobs"},"image":{"@id":"https:\/\/news.canadamotorjobs.com\/#\/schema\/logo\/image\/"},"sameAs":["https:\/\/www.facebook.com\/canadamotorjobs\/","https:\/\/x.com\/canadamotorjobs","https:\/\/www.instagram.com\/canadamotorjobs\/","https:\/\/www.linkedin.com\/company\/canadamotorjobs"]},{"@type":"Person","@id":"https:\/\/news.canadamotorjobs.com\/#\/schema\/person\/51793d1f87d44011d7bcc2ed99269a90","name":"Benoit Charette","image":{"@type":"ImageObject","inLanguage":"fr-CA","@id":"https:\/\/news.canadamotorjobs.com\/#\/schema\/person\/image\/","url":"https:\/\/secure.gravatar.com\/avatar\/45f3d2eebcccd909668d7ce7ea7267b6?s=96&d=mm&r=g","contentUrl":"https:\/\/secure.gravatar.com\/avatar\/45f3d2eebcccd909668d7ce7ea7267b6?s=96&d=mm&r=g","caption":"Benoit Charette"},"description":"Benoit Charette \/ Propri\u00e9taire et r\u00e9dacteur en chef Benoit Charette pratique le journalisme automobile depuis bient\u00f4t 30 ans. Il a fait ses classes au c\u00f4t\u00e9 de Daniel H\u00e9raud et au Carnet de route de 1992 \u00e0 2001. Il est fondateur, copropri\u00e9taire et r\u00e9dacteur en chef de L\u2019Annuel de l\u2019automobile, qu\u2019il publie depuis 2001. Il a anim\u00e9 les \u00e9missions RPM et RPM+ sur V et les L\u00e9gendes de la route sur Historia. \u00c0 la radio depuis 1986, il reprend l\u2019antenne cette ann\u00e9e sur les ondes de Cogeco et participe pour la deuxi\u00e8me ann\u00e9e \u00e0 l\u2019\u00e9mission Passion Auto sur RDS en plus de mettre en ligne le site Web officiel de L\u2019Annuel de l\u2019automobile sur annuelauto.ca.","sameAs":["https:\/\/annuelauto.ca\/"],"url":"https:\/\/news.canadamotorjobs.com\/fr\/author\/benoit-charette\/"}]}},"_links":{"self":[{"href":"https:\/\/news.canadamotorjobs.com\/fr\/wp-json\/wp\/v2\/posts\/166529"}],"collection":[{"href":"https:\/\/news.canadamotorjobs.com\/fr\/wp-json\/wp\/v2\/posts"}],"about":[{"href":"https:\/\/news.canadamotorjobs.com\/fr\/wp-json\/wp\/v2\/types\/post"}],"author":[{"embeddable":true,"href":"https:\/\/news.canadamotorjobs.com\/fr\/wp-json\/wp\/v2\/users\/8"}],"replies":[{"embeddable":true,"href":"https:\/\/news.canadamotorjobs.com\/fr\/wp-json\/wp\/v2\/comments?post=166529"}],"version-history":[{"count":2,"href":"https:\/\/news.canadamotorjobs.com\/fr\/wp-json\/wp\/v2\/posts\/166529\/revisions"}],"predecessor-version":[{"id":166533,"href":"https:\/\/news.canadamotorjobs.com\/fr\/wp-json\/wp\/v2\/posts\/166529\/revisions\/166533"}],"wp:featuredmedia":[{"embeddable":true,"href":"https:\/\/news.canadamotorjobs.com\/fr\/wp-json\/wp\/v2\/media\/166531"}],"wp:attachment":[{"href":"https:\/\/news.canadamotorjobs.com\/fr\/wp-json\/wp\/v2\/media?parent=166529"}],"wp:term":[{"taxonomy":"category","embeddable":true,"href":"https:\/\/news.canadamotorjobs.com\/fr\/wp-json\/wp\/v2\/categories?post=166529"},{"taxonomy":"post_tag","embeddable":true,"href":"https:\/\/news.canadamotorjobs.com\/fr\/wp-json\/wp\/v2\/tags?post=166529"}],"curies":[{"name":"wp","href":"https:\/\/api.w.org\/{rel}","templated":true}]}}