{"id":166483,"date":"2024-06-06T09:16:09","date_gmt":"2024-06-06T13:16:09","guid":{"rendered":"https:\/\/news.canadamotorjobs.com\/?p=166483"},"modified":"2024-06-06T09:17:52","modified_gmt":"2024-06-06T13:17:52","slug":"volvo-introduit-le-premier-passeport-batterie","status":"publish","type":"post","link":"https:\/\/news.canadamotorjobs.com\/fr\/volvo-introduit-le-premier-passeport-batterie\/","title":{"rendered":"Volvo introduit le premier passeport batterie"},"content":{"rendered":"<\/p>\n<p>Volvo a d\u00e9velopp\u00e9 le premier passeport batterie, un outil permettant de tracer les mat\u00e9riaux, la composition, le contenu recycl\u00e9, les \u00e9missions de carbone et l&#8217;origine de ses batteries. Cette technologie de tra\u00e7abilit\u00e9 r\u00e9volutionnaire bas\u00e9e sur la blockchain a \u00e9t\u00e9 d\u00e9velopp\u00e9e en partenariat avec l&#8217;entreprise britannique Circulor pendant plus de cinq ans.<\/p>\n<h4>Un pas en avant pour Volvo<\/h4>\n<p>\nCette innovation est cruciale car elle place Volvo devant d&#8217;autres fabricants tels que Tesla, BYD et Ford, qui devront tous fournir des passeports batterie pour vendre des voitures \u00e9lectriques en Europe \u00e0 partir de f\u00e9vrier 2027. Le grand VUS \u00e9lectrique EX90 de Volvo sera le premier \u00e0 utiliser cette technologie, qui sera progressivement d\u00e9ploy\u00e9e sur tous les mod\u00e8les \u00e9lectriques de Volvo, y compris les EX30, EX40 et les futurs produits. Polestar utilise d\u00e9j\u00e0 la technologie blockchain pour tracer ses mat\u00e9riaux.<\/p>\n<h4>Vers un avenir enti\u00e8rement \u00e9lectrique<\/h4>\n<p>\nVolvo s&#8217;est fix\u00e9 l&#8217;objectif mondial de passer enti\u00e8rement \u00e0 l&#8217;\u00e9lectrique d&#8217;ici 2030, tandis que l&#8217;Australie sera en avance en vendant exclusivement des v\u00e9hicules \u00e9lectriques d\u00e8s 2026. Les propri\u00e9taires pourront scanner un code QR pour acc\u00e9der \u00e0 une version simplifi\u00e9e du passeport. Ce dernier inclut \u00e9galement une fonction d&#8217;\u00e9valuation de l&#8217;\u00e9tat de la batterie, essentielle pour la valeur r\u00e9siduelle des v\u00e9hicules.<\/p>\n<h4>Une transparence accrue pour les r\u00e9gulateurs et les consommateurs<\/h4>\n<p>\nLes r\u00e9gulateurs auront acc\u00e8s \u00e0 des informations plus d\u00e9taill\u00e9es via le passeport. Cela inclut tous les aspects que Circulor trace, des mat\u00e9riaux des batteries provenant des mines, aux processus de raffinage, en passant par les mix \u00e9nerg\u00e9tiques utilis\u00e9s par les fournisseurs, jusqu&#8217;\u00e0 l&#8217;aboutissement dans une voiture pour un calcul total des \u00e9missions.<\/p>\n<p>En plus de suivre les \u00e9missions tout au long de la production, la technologie blockchain mettra \u00e9galement en lumi\u00e8re les fournisseurs utilis\u00e9s et v\u00e9rifiera s&#8217;ils ont commis des violations des droits de l&#8217;homme. &#8220;La fabrication automobile n&#8217;a jamais \u00e9t\u00e9 une question de savoir quel minerai a \u00e9t\u00e9 utilis\u00e9 dans quel composant et lequel a \u00e9t\u00e9 connect\u00e9 \u00e0 quelle voiture&#8221;, a d\u00e9clar\u00e9 Douglas Johnson-Poensgen, PDG de Circulor, \u00e0 Reuters. &#8220;Il a fallu du temps pour comprendre cela&#8221;, a-t-elle ajout\u00e9.<\/p>\n<h3>Une avanc\u00e9e vers une industrie automobile plus transparente et \u00e9thique<\/h3>\n<p>\nVolvo \u00e9tablit une nouvelle norme dans l&#8217;industrie automobile avec cette initiative. Le passeport batterie non seulement assure une tra\u00e7abilit\u00e9 compl\u00e8te, mais il garantit \u00e9galement une transparence totale sur les impacts environnementaux et sociaux de la production des v\u00e9hicules \u00e9lectriques. Cette avanc\u00e9e technologique montre la voie vers une industrie plus responsable et durable, align\u00e9e sur les attentes des consommateurs et les exigences r\u00e9glementaires futures.<\/p>\n<p>\u00a0<\/p>\n<p>Avec des renseignements de Carsguide<\/p>\n<p>\u00a0<\/p>\n<p>Le texte <a rel=\"nofollow\" href=\"https:\/\/annuelauto.ca\/volvo-inroduit-le-premier-passeport-batterie\/\">Volvo introduit le premier passeport batterie<\/a> provient de <a rel=\"nofollow\" href=\"https:\/\/annuelauto.ca\">L&#8217;annuel de l&#8217;automobile &#8211; Actualit\u00e9 automobile<\/a><\/p>\n<p><\/p>\n","protected":false},"excerpt":{"rendered":"<p>Volvo a d\u00e9velopp\u00e9 le premier passeport batterie, un outil permettant de tracer les mat\u00e9riaux, la composition, le contenu recycl\u00e9, les \u00e9missions de carbone et l&#8217;origine de ses batteries. Cette technologie de tra\u00e7abilit\u00e9 r\u00e9volutionnaire bas\u00e9e sur la blockchain a \u00e9t\u00e9 d\u00e9velopp\u00e9e en partenariat avec l&#8217;entreprise britannique Circulor pendant plus de cinq ans. Un pas en avant [&hellip;]<\/p>\n","protected":false},"author":8,"featured_media":166485,"comment_status":"close","ping_status":"closed","sticky":false,"template":"","format":"standard","meta":{"_monsterinsights_skip_tracking":false,"_monsterinsights_sitenote_active":false,"_monsterinsights_sitenote_note":"","_monsterinsights_sitenote_category":0,"footnotes":""},"categories":[101],"tags":[],"yoast_head":"<!-- This site is optimized with the Yoast SEO plugin v23.2 - https:\/\/yoast.com\/wordpress\/plugins\/seo\/ -->\n<title>Volvo introduit le premier passeport batterie - CanadaMotorJobs.com<\/title>\n<meta name=\"description\" content=\"Volvo introduit le premier passeport batterie - Benoit Charette - Annuel automobile - CanadaMotorJobs.com.\" \/>\n<meta name=\"robots\" content=\"index, follow, max-snippet:-1, max-image-preview:large, max-video-preview:-1\" \/>\n<meta property=\"og:locale\" content=\"fr_CA\" \/>\n<meta property=\"og:type\" content=\"article\" \/>\n<meta property=\"og:title\" content=\"Volvo introduit le premier passeport batterie - CanadaMotorJobs.com\" \/>\n<meta property=\"og:description\" content=\"Volvo introduit le premier passeport batterie - Benoit Charette - Annuel automobile - CanadaMotorJobs.com.\" \/>\n<meta property=\"og:url\" content=\"https:\/\/news.canadamotorjobs.com\/fr\/volvo-introduit-le-premier-passeport-batterie\/\" \/>\n<meta property=\"og:site_name\" content=\"CanadaMotorJobs.com\" \/>\n<meta property=\"article:publisher\" content=\"https:\/\/www.facebook.com\/canadamotorjobs\/\" \/>\n<meta property=\"article:published_time\" content=\"2024-06-06T13:16:09+00:00\" \/>\n<meta property=\"article:modified_time\" content=\"2024-06-06T13:17:52+00:00\" \/>\n<meta property=\"og:image\" content=\"https:\/\/news.canadamotorjobs.com\/wp-content\/uploads\/2024\/06\/2024-volvo-ex90-102-1667925360.jpg\" \/>\n\t<meta property=\"og:image:width\" content=\"980\" \/>\n\t<meta property=\"og:image:height\" content=\"600\" \/>\n\t<meta property=\"og:image:type\" content=\"image\/jpeg\" \/>\n<meta name=\"author\" content=\"Benoit Charette\" \/>\n<meta name=\"twitter:card\" content=\"summary_large_image\" \/>\n<meta name=\"twitter:creator\" content=\"@canadamotorjobs\" \/>\n<meta name=\"twitter:site\" content=\"@canadamotorjobs\" \/>\n<meta name=\"twitter:label1\" content=\"\u00c9crit par\" \/>\n\t<meta name=\"twitter:data1\" content=\"Benoit Charette\" \/>\n\t<meta name=\"twitter:label2\" content=\"Estimation du temps de lecture\" \/>\n\t<meta name=\"twitter:data2\" content=\"2 minutes\" \/>\n<!-- \/ Yoast SEO plugin. -->","yoast_head_json":{"title":"Volvo introduit le premier passeport batterie - CanadaMotorJobs.com","description":"Volvo introduit le premier passeport batterie - Benoit Charette - Annuel automobile - CanadaMotorJobs.com.","robots":{"index":"index","follow":"follow","max-snippet":"max-snippet:-1","max-image-preview":"max-image-preview:large","max-video-preview":"max-video-preview:-1"},"og_locale":"fr_CA","og_type":"article","og_title":"Volvo introduit le premier passeport batterie - CanadaMotorJobs.com","og_description":"Volvo introduit le premier passeport batterie - Benoit Charette - Annuel automobile - CanadaMotorJobs.com.","og_url":"https:\/\/news.canadamotorjobs.com\/fr\/volvo-introduit-le-premier-passeport-batterie\/","og_site_name":"CanadaMotorJobs.com","article_publisher":"https:\/\/www.facebook.com\/canadamotorjobs\/","article_published_time":"2024-06-06T13:16:09+00:00","article_modified_time":"2024-06-06T13:17:52+00:00","og_image":[{"width":980,"height":600,"url":"https:\/\/news.canadamotorjobs.com\/wp-content\/uploads\/2024\/06\/2024-volvo-ex90-102-1667925360.jpg","type":"image\/jpeg"}],"author":"Benoit Charette","twitter_card":"summary_large_image","twitter_creator":"@canadamotorjobs","twitter_site":"@canadamotorjobs","twitter_misc":{"\u00c9crit par":"Benoit Charette","Estimation du temps de lecture":"2 minutes"},"schema":{"@context":"https:\/\/schema.org","@graph":[{"@type":"Article","@id":"https:\/\/news.canadamotorjobs.com\/fr\/volvo-introduit-le-premier-passeport-batterie\/#article","isPartOf":{"@id":"https:\/\/news.canadamotorjobs.com\/fr\/volvo-introduit-le-premier-passeport-batterie\/"},"author":{"name":"Benoit Charette","@id":"https:\/\/news.canadamotorjobs.com\/#\/schema\/person\/51793d1f87d44011d7bcc2ed99269a90"},"headline":"Volvo introduit le premier passeport batterie","datePublished":"2024-06-06T13:16:09+00:00","dateModified":"2024-06-06T13:17:52+00:00","mainEntityOfPage":{"@id":"https:\/\/news.canadamotorjobs.com\/fr\/volvo-introduit-le-premier-passeport-batterie\/"},"wordCount":489,"publisher":{"@id":"https:\/\/news.canadamotorjobs.com\/#organization"},"image":{"@id":"https:\/\/news.canadamotorjobs.com\/fr\/volvo-introduit-le-premier-passeport-batterie\/#primaryimage"},"thumbnailUrl":"https:\/\/news.canadamotorjobs.com\/wp-content\/uploads\/2024\/06\/2024-volvo-ex90-102-1667925360.jpg","articleSection":["Annuel automobile"],"inLanguage":"fr-CA"},{"@type":"WebPage","@id":"https:\/\/news.canadamotorjobs.com\/fr\/volvo-introduit-le-premier-passeport-batterie\/","url":"https:\/\/news.canadamotorjobs.com\/fr\/volvo-introduit-le-premier-passeport-batterie\/","name":"Volvo introduit le premier passeport batterie - CanadaMotorJobs.com","isPartOf":{"@id":"https:\/\/news.canadamotorjobs.com\/#website"},"primaryImageOfPage":{"@id":"https:\/\/news.canadamotorjobs.com\/fr\/volvo-introduit-le-premier-passeport-batterie\/#primaryimage"},"image":{"@id":"https:\/\/news.canadamotorjobs.com\/fr\/volvo-introduit-le-premier-passeport-batterie\/#primaryimage"},"thumbnailUrl":"https:\/\/news.canadamotorjobs.com\/wp-content\/uploads\/2024\/06\/2024-volvo-ex90-102-1667925360.jpg","datePublished":"2024-06-06T13:16:09+00:00","dateModified":"2024-06-06T13:17:52+00:00","description":"Volvo introduit le premier passeport batterie - Benoit Charette - Annuel automobile - CanadaMotorJobs.com.","breadcrumb":{"@id":"https:\/\/news.canadamotorjobs.com\/fr\/volvo-introduit-le-premier-passeport-batterie\/#breadcrumb"},"inLanguage":"fr-CA","potentialAction":[{"@type":"ReadAction","target":["https:\/\/news.canadamotorjobs.com\/fr\/volvo-introduit-le-premier-passeport-batterie\/"]}]},{"@type":"ImageObject","inLanguage":"fr-CA","@id":"https:\/\/news.canadamotorjobs.com\/fr\/volvo-introduit-le-premier-passeport-batterie\/#primaryimage","url":"https:\/\/news.canadamotorjobs.com\/wp-content\/uploads\/2024\/06\/2024-volvo-ex90-102-1667925360.jpg","contentUrl":"https:\/\/news.canadamotorjobs.com\/wp-content\/uploads\/2024\/06\/2024-volvo-ex90-102-1667925360.jpg","width":980,"height":600},{"@type":"BreadcrumbList","@id":"https:\/\/news.canadamotorjobs.com\/fr\/volvo-introduit-le-premier-passeport-batterie\/#breadcrumb","itemListElement":[{"@type":"ListItem","position":1,"name":"Home","item":"https:\/\/news.canadamotorjobs.com\/fr\/blog\/"},{"@type":"ListItem","position":2,"name":"Volvo introduit le premier passeport batterie"}]},{"@type":"WebSite","@id":"https:\/\/news.canadamotorjobs.com\/#website","url":"https:\/\/news.canadamotorjobs.com\/","name":"CanadaMotorJobs.com","description":"Automotive Jobs","publisher":{"@id":"https:\/\/news.canadamotorjobs.com\/#organization"},"potentialAction":[{"@type":"SearchAction","target":{"@type":"EntryPoint","urlTemplate":"https:\/\/news.canadamotorjobs.com\/?s={search_term_string}"},"query-input":"required name=search_term_string"}],"inLanguage":"fr-CA"},{"@type":"Organization","@id":"https:\/\/news.canadamotorjobs.com\/#organization","name":"Canada Motor Jobs","url":"https:\/\/news.canadamotorjobs.com\/","logo":{"@type":"ImageObject","inLanguage":"fr-CA","@id":"https:\/\/news.canadamotorjobs.com\/#\/schema\/logo\/image\/","url":"https:\/\/news.canadamotorjobs.com\/wp-content\/uploads\/2022\/10\/logo-canada-motor-jobs-1.png","contentUrl":"https:\/\/news.canadamotorjobs.com\/wp-content\/uploads\/2022\/10\/logo-canada-motor-jobs-1.png","width":800,"height":400,"caption":"Canada Motor Jobs"},"image":{"@id":"https:\/\/news.canadamotorjobs.com\/#\/schema\/logo\/image\/"},"sameAs":["https:\/\/www.facebook.com\/canadamotorjobs\/","https:\/\/x.com\/canadamotorjobs","https:\/\/www.instagram.com\/canadamotorjobs\/","https:\/\/www.linkedin.com\/company\/canadamotorjobs"]},{"@type":"Person","@id":"https:\/\/news.canadamotorjobs.com\/#\/schema\/person\/51793d1f87d44011d7bcc2ed99269a90","name":"Benoit Charette","image":{"@type":"ImageObject","inLanguage":"fr-CA","@id":"https:\/\/news.canadamotorjobs.com\/#\/schema\/person\/image\/","url":"https:\/\/secure.gravatar.com\/avatar\/45f3d2eebcccd909668d7ce7ea7267b6?s=96&d=mm&r=g","contentUrl":"https:\/\/secure.gravatar.com\/avatar\/45f3d2eebcccd909668d7ce7ea7267b6?s=96&d=mm&r=g","caption":"Benoit Charette"},"description":"Benoit Charette \/ Propri\u00e9taire et r\u00e9dacteur en chef Benoit Charette pratique le journalisme automobile depuis bient\u00f4t 30 ans. Il a fait ses classes au c\u00f4t\u00e9 de Daniel H\u00e9raud et au Carnet de route de 1992 \u00e0 2001. Il est fondateur, copropri\u00e9taire et r\u00e9dacteur en chef de L\u2019Annuel de l\u2019automobile, qu\u2019il publie depuis 2001. Il a anim\u00e9 les \u00e9missions RPM et RPM+ sur V et les L\u00e9gendes de la route sur Historia. \u00c0 la radio depuis 1986, il reprend l\u2019antenne cette ann\u00e9e sur les ondes de Cogeco et participe pour la deuxi\u00e8me ann\u00e9e \u00e0 l\u2019\u00e9mission Passion Auto sur RDS en plus de mettre en ligne le site Web officiel de L\u2019Annuel de l\u2019automobile sur annuelauto.ca.","sameAs":["https:\/\/annuelauto.ca\/"],"url":"https:\/\/news.canadamotorjobs.com\/fr\/author\/benoit-charette\/"}]}},"_links":{"self":[{"href":"https:\/\/news.canadamotorjobs.com\/fr\/wp-json\/wp\/v2\/posts\/166483"}],"collection":[{"href":"https:\/\/news.canadamotorjobs.com\/fr\/wp-json\/wp\/v2\/posts"}],"about":[{"href":"https:\/\/news.canadamotorjobs.com\/fr\/wp-json\/wp\/v2\/types\/post"}],"author":[{"embeddable":true,"href":"https:\/\/news.canadamotorjobs.com\/fr\/wp-json\/wp\/v2\/users\/8"}],"replies":[{"embeddable":true,"href":"https:\/\/news.canadamotorjobs.com\/fr\/wp-json\/wp\/v2\/comments?post=166483"}],"version-history":[{"count":2,"href":"https:\/\/news.canadamotorjobs.com\/fr\/wp-json\/wp\/v2\/posts\/166483\/revisions"}],"predecessor-version":[{"id":166487,"href":"https:\/\/news.canadamotorjobs.com\/fr\/wp-json\/wp\/v2\/posts\/166483\/revisions\/166487"}],"wp:featuredmedia":[{"embeddable":true,"href":"https:\/\/news.canadamotorjobs.com\/fr\/wp-json\/wp\/v2\/media\/166485"}],"wp:attachment":[{"href":"https:\/\/news.canadamotorjobs.com\/fr\/wp-json\/wp\/v2\/media?parent=166483"}],"wp:term":[{"taxonomy":"category","embeddable":true,"href":"https:\/\/news.canadamotorjobs.com\/fr\/wp-json\/wp\/v2\/categories?post=166483"},{"taxonomy":"post_tag","embeddable":true,"href":"https:\/\/news.canadamotorjobs.com\/fr\/wp-json\/wp\/v2\/tags?post=166483"}],"curies":[{"name":"wp","href":"https:\/\/api.w.org\/{rel}","templated":true}]}}