{"id":166452,"date":"2024-06-06T08:29:17","date_gmt":"2024-06-06T12:29:17","guid":{"rendered":"https:\/\/news.canadamotorjobs.com\/?p=166452"},"modified":"2024-06-06T08:29:39","modified_gmt":"2024-06-06T12:29:39","slug":"nouveau-partenariat-entre-flo-et-metro","status":"publish","type":"post","link":"https:\/\/news.canadamotorjobs.com\/fr\/nouveau-partenariat-entre-flo-et-metro\/","title":{"rendered":"Nouveau partenariat entre FLO et METRO"},"content":{"rendered":"<\/p>\n<p>Les conducteurs de v\u00e9hicules \u00e9lectriques (VE) au Qu\u00e9bec et en Ontario pourront bient\u00f4t recharger leur v\u00e9hicule pendant leurs courses gr\u00e2ce au nouveau partenariat entre FLO et METRO Inc. Ce projet vise \u00e0 soutenir la transition du Canada vers un secteur des transports sans \u00e9missions.<\/p>\n<h3>Objectif : Une transition vers un transport sans \u00e9missions<\/h3>\n<p>\nFLO et METRO Inc. ont annonc\u00e9 leur collaboration pour installer des bornes de recharge rapide publiques pour VE dans tout le Qu\u00e9bec et l&#8217;Ontario. Ce projet permettra aux conducteurs de VE de b\u00e9n\u00e9ficier de solutions de recharge pratiques dans plus de 130 \u00e9piceries, y compris Metro, Super C, Food Basics et March\u00e9 Adonis.<\/p>\n<h3>Accessibilit\u00e9 accrue pour la recharge des VE<\/h3>\n<p>\nD\u00e8s ao\u00fbt, le partenariat pr\u00e9voit l&#8217;installation d&#8217;au moins 500 bornes de recharge rapide. Cette initiative vise \u00e0 int\u00e9grer l&#8217;exp\u00e9rience de la recharge dans la vie quotidienne des conducteurs de VE. Selon Louis Tremblay, pr\u00e9sident et PDG de FLO, ce projet est essentiel pour aider le Canada \u00e0 atteindre ses objectifs environnementaux et \u00e0 passer \u00e0 un secteur des transports sans \u00e9missions.<\/p>\n<p>Michel Avigliano, vice-pr\u00e9sident de l&#8217;immobilier et de l&#8217;ing\u00e9nierie chez METRO Inc., a soulign\u00e9 l&#8217;engagement de l&#8217;entreprise \u00e0 r\u00e9duire les \u00e9missions de gaz \u00e0 effet de serre gr\u00e2ce \u00e0 ce partenariat. En offrant des options de recharge rapide dans les \u00e9piceries, METRO vise \u00e0 r\u00e9duire les \u00e9missions indirectes associ\u00e9es aux d\u00e9placements des clients, contribuant ainsi \u00e0 une \u00e9conomie plus durable et \u00e0 faible \u00e9mission de carbone.<\/p>\n<h3>Soutien du Canada Infrastructure Bank<\/h3>\n<p>\nLe d\u00e9ploiement de ces nouvelles bornes de recharge est soutenu par le partenariat de FLO avec la Banque de l&#8217;infrastructure du Canada (BIC), qui a engag\u00e9 235 millions de dollars dans ce projet. Cet investissement permettra de mettre en ligne plus de 1 900 bornes de recharge rapide publiques \u00e0 travers le Canada d&#8217;ici 2027. Ehren Cory, PDG de la BIC, a soulign\u00e9 l&#8217;importance d&#8217;investir dans des infrastructures critiques pour VE qui r\u00e9pondent aux besoins futurs et att\u00e9nuent l&#8217;anxi\u00e9t\u00e9 li\u00e9e \u00e0 l&#8217;autonomie des propri\u00e9taires de VE.<\/p>\n<h3>Introduction du chargeur ultra-rapide FLO<\/h3>\n<p>\nLes bornes de recharge dans ces \u00e9piceries seront \u00e9quip\u00e9es du nouveau chargeur ultra-rapide \u00e0 double port FLO, offrant jusqu&#8217;\u00e0 320 kW de puissance. Ce chargeur peut amener la plupart des nouveaux VE \u00e0 80 % de charge en seulement 15 minutes. Lorsqu&#8217;il est associ\u00e9 \u00e0 un deuxi\u00e8me chargeur FLO Ultra, le syst\u00e8me peut d\u00e9livrer jusqu&#8217;\u00e0 500 kW. Son design modulaire et la longueur de c\u00e2ble \u00e9tendue offrent flexibilit\u00e9 et facilit\u00e9 d&#8217;utilisation pour diff\u00e9rents mod\u00e8les de VE.<\/p>\n<p>Avec des renseignements de Motor Illustrated<\/p>\n<p>\u00a0<\/p>\n<p>Le texte <a rel=\"nofollow\" href=\"https:\/\/annuelauto.ca\/nouveau-partenariat-entre-flo-et-metro\/\">Nouveau partenariat entre FLO et METRO<\/a> provient de <a rel=\"nofollow\" href=\"https:\/\/annuelauto.ca\">L&#8217;annuel de l&#8217;automobile &#8211; Actualit\u00e9 automobile<\/a><\/p>\n<p><\/p>\n","protected":false},"excerpt":{"rendered":"<p>Les conducteurs de v\u00e9hicules \u00e9lectriques (VE) au Qu\u00e9bec et en Ontario pourront bient\u00f4t recharger leur v\u00e9hicule pendant leurs courses gr\u00e2ce au nouveau partenariat entre FLO et METRO Inc. Ce projet vise \u00e0 soutenir la transition du Canada vers un secteur des transports sans \u00e9missions. Objectif : Une transition vers un transport sans \u00e9missions FLO et [&hellip;]<\/p>\n","protected":false},"author":8,"featured_media":166454,"comment_status":"close","ping_status":"closed","sticky":false,"template":"","format":"standard","meta":{"_monsterinsights_skip_tracking":false,"_monsterinsights_sitenote_active":false,"_monsterinsights_sitenote_note":"","_monsterinsights_sitenote_category":0,"footnotes":""},"categories":[101],"tags":[],"yoast_head":"<!-- This site is optimized with the Yoast SEO plugin v23.2 - https:\/\/yoast.com\/wordpress\/plugins\/seo\/ -->\n<title>Nouveau partenariat entre FLO et METRO - CanadaMotorJobs.com<\/title>\n<meta name=\"description\" content=\"Nouveau partenariat entre FLO et METRO - Benoit Charette - Annuel automobile - CanadaMotorJobs.com.\" \/>\n<meta name=\"robots\" content=\"index, follow, max-snippet:-1, max-image-preview:large, max-video-preview:-1\" \/>\n<meta property=\"og:locale\" content=\"fr_CA\" \/>\n<meta property=\"og:type\" content=\"article\" \/>\n<meta property=\"og:title\" content=\"Nouveau partenariat entre FLO et METRO - CanadaMotorJobs.com\" \/>\n<meta property=\"og:description\" content=\"Nouveau partenariat entre FLO et METRO - Benoit Charette - Annuel automobile - CanadaMotorJobs.com.\" \/>\n<meta property=\"og:url\" content=\"https:\/\/news.canadamotorjobs.com\/fr\/nouveau-partenariat-entre-flo-et-metro\/\" \/>\n<meta property=\"og:site_name\" content=\"CanadaMotorJobs.com\" \/>\n<meta property=\"article:publisher\" content=\"https:\/\/www.facebook.com\/canadamotorjobs\/\" \/>\n<meta property=\"article:published_time\" content=\"2024-06-06T12:29:17+00:00\" \/>\n<meta property=\"article:modified_time\" content=\"2024-06-06T12:29:39+00:00\" \/>\n<meta property=\"og:image\" content=\"https:\/\/news.canadamotorjobs.com\/wp-content\/uploads\/2024\/06\/FLO_Shop_and_Charge__FLO_and_METRO_to_Deploy_Public_EV_Fast_Char-scaled-1.jpg\" \/>\n\t<meta property=\"og:image:width\" content=\"2560\" \/>\n\t<meta property=\"og:image:height\" content=\"1341\" \/>\n\t<meta property=\"og:image:type\" content=\"image\/jpeg\" \/>\n<meta name=\"author\" content=\"Benoit Charette\" \/>\n<meta name=\"twitter:card\" content=\"summary_large_image\" \/>\n<meta name=\"twitter:creator\" content=\"@canadamotorjobs\" \/>\n<meta name=\"twitter:site\" content=\"@canadamotorjobs\" \/>\n<meta name=\"twitter:label1\" content=\"\u00c9crit par\" \/>\n\t<meta name=\"twitter:data1\" content=\"Benoit Charette\" \/>\n\t<meta name=\"twitter:label2\" content=\"Estimation du temps de lecture\" \/>\n\t<meta name=\"twitter:data2\" content=\"2 minutes\" \/>\n<!-- \/ Yoast SEO plugin. -->","yoast_head_json":{"title":"Nouveau partenariat entre FLO et METRO - CanadaMotorJobs.com","description":"Nouveau partenariat entre FLO et METRO - Benoit Charette - Annuel automobile - CanadaMotorJobs.com.","robots":{"index":"index","follow":"follow","max-snippet":"max-snippet:-1","max-image-preview":"max-image-preview:large","max-video-preview":"max-video-preview:-1"},"og_locale":"fr_CA","og_type":"article","og_title":"Nouveau partenariat entre FLO et METRO - CanadaMotorJobs.com","og_description":"Nouveau partenariat entre FLO et METRO - Benoit Charette - Annuel automobile - CanadaMotorJobs.com.","og_url":"https:\/\/news.canadamotorjobs.com\/fr\/nouveau-partenariat-entre-flo-et-metro\/","og_site_name":"CanadaMotorJobs.com","article_publisher":"https:\/\/www.facebook.com\/canadamotorjobs\/","article_published_time":"2024-06-06T12:29:17+00:00","article_modified_time":"2024-06-06T12:29:39+00:00","og_image":[{"width":2560,"height":1341,"url":"https:\/\/news.canadamotorjobs.com\/wp-content\/uploads\/2024\/06\/FLO_Shop_and_Charge__FLO_and_METRO_to_Deploy_Public_EV_Fast_Char-scaled-1.jpg","type":"image\/jpeg"}],"author":"Benoit Charette","twitter_card":"summary_large_image","twitter_creator":"@canadamotorjobs","twitter_site":"@canadamotorjobs","twitter_misc":{"\u00c9crit par":"Benoit Charette","Estimation du temps de lecture":"2 minutes"},"schema":{"@context":"https:\/\/schema.org","@graph":[{"@type":"Article","@id":"https:\/\/news.canadamotorjobs.com\/fr\/nouveau-partenariat-entre-flo-et-metro\/#article","isPartOf":{"@id":"https:\/\/news.canadamotorjobs.com\/fr\/nouveau-partenariat-entre-flo-et-metro\/"},"author":{"name":"Benoit Charette","@id":"https:\/\/news.canadamotorjobs.com\/#\/schema\/person\/51793d1f87d44011d7bcc2ed99269a90"},"headline":"Nouveau partenariat entre FLO et METRO","datePublished":"2024-06-06T12:29:17+00:00","dateModified":"2024-06-06T12:29:39+00:00","mainEntityOfPage":{"@id":"https:\/\/news.canadamotorjobs.com\/fr\/nouveau-partenariat-entre-flo-et-metro\/"},"wordCount":463,"publisher":{"@id":"https:\/\/news.canadamotorjobs.com\/#organization"},"image":{"@id":"https:\/\/news.canadamotorjobs.com\/fr\/nouveau-partenariat-entre-flo-et-metro\/#primaryimage"},"thumbnailUrl":"https:\/\/news.canadamotorjobs.com\/wp-content\/uploads\/2024\/06\/FLO_Shop_and_Charge__FLO_and_METRO_to_Deploy_Public_EV_Fast_Char-scaled-1.jpg","articleSection":["Annuel automobile"],"inLanguage":"fr-CA"},{"@type":"WebPage","@id":"https:\/\/news.canadamotorjobs.com\/fr\/nouveau-partenariat-entre-flo-et-metro\/","url":"https:\/\/news.canadamotorjobs.com\/fr\/nouveau-partenariat-entre-flo-et-metro\/","name":"Nouveau partenariat entre FLO et METRO - CanadaMotorJobs.com","isPartOf":{"@id":"https:\/\/news.canadamotorjobs.com\/#website"},"primaryImageOfPage":{"@id":"https:\/\/news.canadamotorjobs.com\/fr\/nouveau-partenariat-entre-flo-et-metro\/#primaryimage"},"image":{"@id":"https:\/\/news.canadamotorjobs.com\/fr\/nouveau-partenariat-entre-flo-et-metro\/#primaryimage"},"thumbnailUrl":"https:\/\/news.canadamotorjobs.com\/wp-content\/uploads\/2024\/06\/FLO_Shop_and_Charge__FLO_and_METRO_to_Deploy_Public_EV_Fast_Char-scaled-1.jpg","datePublished":"2024-06-06T12:29:17+00:00","dateModified":"2024-06-06T12:29:39+00:00","description":"Nouveau partenariat entre FLO et METRO - Benoit Charette - Annuel automobile - CanadaMotorJobs.com.","breadcrumb":{"@id":"https:\/\/news.canadamotorjobs.com\/fr\/nouveau-partenariat-entre-flo-et-metro\/#breadcrumb"},"inLanguage":"fr-CA","potentialAction":[{"@type":"ReadAction","target":["https:\/\/news.canadamotorjobs.com\/fr\/nouveau-partenariat-entre-flo-et-metro\/"]}]},{"@type":"ImageObject","inLanguage":"fr-CA","@id":"https:\/\/news.canadamotorjobs.com\/fr\/nouveau-partenariat-entre-flo-et-metro\/#primaryimage","url":"https:\/\/news.canadamotorjobs.com\/wp-content\/uploads\/2024\/06\/FLO_Shop_and_Charge__FLO_and_METRO_to_Deploy_Public_EV_Fast_Char-scaled-1.jpg","contentUrl":"https:\/\/news.canadamotorjobs.com\/wp-content\/uploads\/2024\/06\/FLO_Shop_and_Charge__FLO_and_METRO_to_Deploy_Public_EV_Fast_Char-scaled-1.jpg","width":2560,"height":1341},{"@type":"BreadcrumbList","@id":"https:\/\/news.canadamotorjobs.com\/fr\/nouveau-partenariat-entre-flo-et-metro\/#breadcrumb","itemListElement":[{"@type":"ListItem","position":1,"name":"Home","item":"https:\/\/news.canadamotorjobs.com\/fr\/blog\/"},{"@type":"ListItem","position":2,"name":"Nouveau partenariat entre FLO et METRO"}]},{"@type":"WebSite","@id":"https:\/\/news.canadamotorjobs.com\/#website","url":"https:\/\/news.canadamotorjobs.com\/","name":"CanadaMotorJobs.com","description":"Automotive Jobs","publisher":{"@id":"https:\/\/news.canadamotorjobs.com\/#organization"},"potentialAction":[{"@type":"SearchAction","target":{"@type":"EntryPoint","urlTemplate":"https:\/\/news.canadamotorjobs.com\/?s={search_term_string}"},"query-input":"required name=search_term_string"}],"inLanguage":"fr-CA"},{"@type":"Organization","@id":"https:\/\/news.canadamotorjobs.com\/#organization","name":"Canada Motor Jobs","url":"https:\/\/news.canadamotorjobs.com\/","logo":{"@type":"ImageObject","inLanguage":"fr-CA","@id":"https:\/\/news.canadamotorjobs.com\/#\/schema\/logo\/image\/","url":"https:\/\/news.canadamotorjobs.com\/wp-content\/uploads\/2022\/10\/logo-canada-motor-jobs-1.png","contentUrl":"https:\/\/news.canadamotorjobs.com\/wp-content\/uploads\/2022\/10\/logo-canada-motor-jobs-1.png","width":800,"height":400,"caption":"Canada Motor Jobs"},"image":{"@id":"https:\/\/news.canadamotorjobs.com\/#\/schema\/logo\/image\/"},"sameAs":["https:\/\/www.facebook.com\/canadamotorjobs\/","https:\/\/x.com\/canadamotorjobs","https:\/\/www.instagram.com\/canadamotorjobs\/","https:\/\/www.linkedin.com\/company\/canadamotorjobs"]},{"@type":"Person","@id":"https:\/\/news.canadamotorjobs.com\/#\/schema\/person\/51793d1f87d44011d7bcc2ed99269a90","name":"Benoit Charette","image":{"@type":"ImageObject","inLanguage":"fr-CA","@id":"https:\/\/news.canadamotorjobs.com\/#\/schema\/person\/image\/","url":"https:\/\/secure.gravatar.com\/avatar\/45f3d2eebcccd909668d7ce7ea7267b6?s=96&d=mm&r=g","contentUrl":"https:\/\/secure.gravatar.com\/avatar\/45f3d2eebcccd909668d7ce7ea7267b6?s=96&d=mm&r=g","caption":"Benoit Charette"},"description":"Benoit Charette \/ Propri\u00e9taire et r\u00e9dacteur en chef Benoit Charette pratique le journalisme automobile depuis bient\u00f4t 30 ans. Il a fait ses classes au c\u00f4t\u00e9 de Daniel H\u00e9raud et au Carnet de route de 1992 \u00e0 2001. Il est fondateur, copropri\u00e9taire et r\u00e9dacteur en chef de L\u2019Annuel de l\u2019automobile, qu\u2019il publie depuis 2001. Il a anim\u00e9 les \u00e9missions RPM et RPM+ sur V et les L\u00e9gendes de la route sur Historia. \u00c0 la radio depuis 1986, il reprend l\u2019antenne cette ann\u00e9e sur les ondes de Cogeco et participe pour la deuxi\u00e8me ann\u00e9e \u00e0 l\u2019\u00e9mission Passion Auto sur RDS en plus de mettre en ligne le site Web officiel de L\u2019Annuel de l\u2019automobile sur annuelauto.ca.","sameAs":["https:\/\/annuelauto.ca\/"],"url":"https:\/\/news.canadamotorjobs.com\/fr\/author\/benoit-charette\/"}]}},"_links":{"self":[{"href":"https:\/\/news.canadamotorjobs.com\/fr\/wp-json\/wp\/v2\/posts\/166452"}],"collection":[{"href":"https:\/\/news.canadamotorjobs.com\/fr\/wp-json\/wp\/v2\/posts"}],"about":[{"href":"https:\/\/news.canadamotorjobs.com\/fr\/wp-json\/wp\/v2\/types\/post"}],"author":[{"embeddable":true,"href":"https:\/\/news.canadamotorjobs.com\/fr\/wp-json\/wp\/v2\/users\/8"}],"replies":[{"embeddable":true,"href":"https:\/\/news.canadamotorjobs.com\/fr\/wp-json\/wp\/v2\/comments?post=166452"}],"version-history":[{"count":2,"href":"https:\/\/news.canadamotorjobs.com\/fr\/wp-json\/wp\/v2\/posts\/166452\/revisions"}],"predecessor-version":[{"id":166456,"href":"https:\/\/news.canadamotorjobs.com\/fr\/wp-json\/wp\/v2\/posts\/166452\/revisions\/166456"}],"wp:featuredmedia":[{"embeddable":true,"href":"https:\/\/news.canadamotorjobs.com\/fr\/wp-json\/wp\/v2\/media\/166454"}],"wp:attachment":[{"href":"https:\/\/news.canadamotorjobs.com\/fr\/wp-json\/wp\/v2\/media?parent=166452"}],"wp:term":[{"taxonomy":"category","embeddable":true,"href":"https:\/\/news.canadamotorjobs.com\/fr\/wp-json\/wp\/v2\/categories?post=166452"},{"taxonomy":"post_tag","embeddable":true,"href":"https:\/\/news.canadamotorjobs.com\/fr\/wp-json\/wp\/v2\/tags?post=166452"}],"curies":[{"name":"wp","href":"https:\/\/api.w.org\/{rel}","templated":true}]}}