{"id":166433,"date":"2024-06-06T08:04:30","date_gmt":"2024-06-06T12:04:30","guid":{"rendered":"https:\/\/news.canadamotorjobs.com\/?p=166433"},"modified":"2024-06-06T08:15:14","modified_gmt":"2024-06-06T12:15:14","slug":"ladministration-biden-opere-une-transition-plus-lente-vers-les-vehicules-electriques","status":"publish","type":"post","link":"https:\/\/news.canadamotorjobs.com\/fr\/ladministration-biden-opere-une-transition-plus-lente-vers-les-vehicules-electriques\/","title":{"rendered":"L\u2019administration Biden op\u00e8re une transition plus lente vers les v\u00e9hicules \u00e9lectriques"},"content":{"rendered":"<\/p>\n<p>En mars, l&#8217;administration Biden a annonc\u00e9 de nouvelles r\u00e9glementations am\u00e9ricaines sur les \u00e9missions des automobiles, en permettant une transition plus lente vers les v\u00e9hicules \u00e9lectriques (VE) que ce qui avait \u00e9t\u00e9 propos\u00e9 un an plus t\u00f4t. Plut\u00f4t que de viser \u00e0 convertir les deux tiers des nouveaux v\u00e9hicules en VE d&#8217;ici 2032, cet objectif a \u00e9t\u00e9 abaiss\u00e9, et les constructeurs automobiles peuvent se conformer en produisant davantage de v\u00e9hicules hybrides \u00e0 essence-\u00e9lectricit\u00e9.<\/p>\n<h3><strong>Formule d\u00e9su\u00e8te pour les hybrides rechargeables<\/strong><\/h3>\n<p>\nLes changements de r\u00e8gles retarderont l&#8217;application de limites d&#8217;\u00e9missions plus strictes et maintiendront une formule obsol\u00e8te pour les hybrides rechargeables, sous-estimant leur pollution r\u00e9elle. Selon les projections de l&#8217;EPA, ces r\u00e8gles permettront aux \u00e9missions moyennes par mile des v\u00e9hicules l\u00e9gers d&#8217;\u00eatre 14 % plus \u00e9lev\u00e9es entre 2027 et 2032 par rapport \u00e0 la proposition initiale.<\/p>\n<h3><strong>Estimations biais\u00e9es des \u00e9missions<\/strong><\/h3>\n<p>\nLes estimations de la formule pour les hybrides rechargeables situent leurs \u00e9missions entre 25 % et 75 % plus basses que leur r\u00e9alit\u00e9, en fonction de l&#8217;autonomie de la batterie. Cela s&#8217;explique par l&#8217;hypoth\u00e8se de l&#8217;EPA selon laquelle les conducteurs rechargent leurs v\u00e9hicules plus souvent qu&#8217;en r\u00e9alit\u00e9. L&#8217;agence Reuters a compar\u00e9 cette formule avec des donn\u00e9es r\u00e9elles de recharge des v\u00e9hicules du Conseil international sur le transport propre et des r\u00e9gulateurs automobiles californiens.<\/p>\n<h3><strong>Maintien de la formule sous pression des constructeurs<\/strong><\/h3>\n<p>\nDans sa proposition initiale, l&#8217;EPA voulait remplacer la formule vieille de 14 ans par une mesure bas\u00e9e sur des donn\u00e9es r\u00e9elles de recharge, mais a c\u00e9d\u00e9 sous la pression des constructeurs pour la maintenir jusqu&#8217;en 2031. L&#8217;EPA a d\u00e9clar\u00e9 que les nouvelles r\u00e8gles offrent des r\u00e9ductions &#8220;significatives&#8221; et &#8220;abordables&#8221; des \u00e9missions pour les constructeurs et des options vari\u00e9es pour les consommateurs.<\/p>\n<h3><strong>Impact potentiel sur les VUS et camions hybrides<\/strong><\/h3>\n<p>\nL&#8217;impact des r\u00e8gles pourrait \u00eatre amplifi\u00e9 si elles incitent \u00e0 la production de plus d&#8217;hybrides rechargeables. Ces v\u00e9hicules repr\u00e9sentent actuellement 2 % des ventes de d\u00e9tail aux \u00c9tats-Unis, mais les hybrides, toutes cat\u00e9gories confondues, repr\u00e9sentent 11,9 %, avec une tendance \u00e0 la hausse. Les d\u00e9fenseurs de l&#8217;environnement craignent que les constructeurs de Detroit, d\u00e9pendant des ventes de camions et de SUV, r\u00e9pondent aux r\u00e8glements de l&#8217;EPA par des versions hybrides de leurs gros consommateurs de carburant, seulement marginalement plus efficaces.<\/p>\n<h3><strong>R\u00e9actions des constructeurs<\/strong><\/h3>\n<p>\nStellantis, par exemple, pourrait b\u00e9n\u00e9ficier de ces r\u00e8gles favorables aux hybrides, \u00e9tant donn\u00e9 qu&#8217;il est le plus grand pollueur des \u00c9tats-Unis et le principal vendeur d&#8217;hybrides rechargeables. General Motors et Ford, \u00e9galement, ont pr\u00e9vu d&#8217;augmenter leur production d&#8217;hybrides.<\/p>\n<h3><strong>\u00c9missions variables et avenir incertain<\/strong><\/h3>\n<p>\nBien que les VE ne produisent aucune \u00e9mission de tuyau d&#8217;\u00e9chappement, la pollution des hybrides varie consid\u00e9rablement selon les mod\u00e8les. Le maintien des r\u00e8gles actuelles pourrait entra\u00eener une r\u00e9duction des \u00e9missions de 94 % par rapport \u00e0 la proposition initiale d&#8217;ici 2055. Cependant, la durabilit\u00e9 de ces restrictions dans les futures administrations reste incertaine, \u00e9tant donn\u00e9 l&#8217;historique de lobbying des constructeurs pour retarder les r\u00e9glementations strictes.<\/p>\n<p>Avec des renseignements de Reuters<\/p>\n<p>Le texte <a rel=\"nofollow\" href=\"https:\/\/annuelauto.ca\/ladministration-biden-opere-une-transition-plus-lente-vers-les-vehicules-electriques\/\">L\u2019administration Biden op\u00e8re une transition plus lente vers les v\u00e9hicules \u00e9lectriques<\/a> provient de <a rel=\"nofollow\" href=\"https:\/\/annuelauto.ca\">L&#8217;annuel de l&#8217;automobile &#8211; Actualit\u00e9 automobile<\/a><\/p>\n<p><\/p>\n","protected":false},"excerpt":{"rendered":"<p>En mars, l&#8217;administration Biden a annonc\u00e9 de nouvelles r\u00e9glementations am\u00e9ricaines sur les \u00e9missions des automobiles, en permettant une transition plus lente vers les v\u00e9hicules \u00e9lectriques (VE) que ce qui avait \u00e9t\u00e9 propos\u00e9 un an plus t\u00f4t. Plut\u00f4t que de viser \u00e0 convertir les deux tiers des nouveaux v\u00e9hicules en VE d&#8217;ici 2032, cet objectif a [&hellip;]<\/p>\n","protected":false},"author":8,"featured_media":166435,"comment_status":"close","ping_status":"closed","sticky":false,"template":"","format":"standard","meta":{"_monsterinsights_skip_tracking":false,"_monsterinsights_sitenote_active":false,"_monsterinsights_sitenote_note":"","_monsterinsights_sitenote_category":0,"footnotes":""},"categories":[101],"tags":[],"yoast_head":"<!-- This site is optimized with the Yoast SEO plugin v23.2 - https:\/\/yoast.com\/wordpress\/plugins\/seo\/ -->\n<title>L\u2019administration Biden op\u00e8re une transition plus lente vers les v\u00e9hicules \u00e9lectriques - CanadaMotorJobs.com<\/title>\n<meta name=\"description\" content=\"L\u2019administration Biden op\u00e8re une transition plus lente vers les v\u00e9hicules \u00e9lectriques - Benoit Charette - Annuel automobile - CanadaMotorJobs.com.\" \/>\n<meta name=\"robots\" content=\"index, follow, max-snippet:-1, max-image-preview:large, max-video-preview:-1\" \/>\n<meta property=\"og:locale\" content=\"fr_CA\" \/>\n<meta property=\"og:type\" content=\"article\" \/>\n<meta property=\"og:title\" content=\"L\u2019administration Biden op\u00e8re une transition plus lente vers les v\u00e9hicules \u00e9lectriques - CanadaMotorJobs.com\" \/>\n<meta property=\"og:description\" content=\"L\u2019administration Biden op\u00e8re une transition plus lente vers les v\u00e9hicules \u00e9lectriques - Benoit Charette - Annuel automobile - CanadaMotorJobs.com.\" \/>\n<meta property=\"og:url\" content=\"https:\/\/news.canadamotorjobs.com\/fr\/ladministration-biden-opere-une-transition-plus-lente-vers-les-vehicules-electriques\/\" \/>\n<meta property=\"og:site_name\" content=\"CanadaMotorJobs.com\" \/>\n<meta property=\"article:publisher\" content=\"https:\/\/www.facebook.com\/canadamotorjobs\/\" \/>\n<meta property=\"article:published_time\" content=\"2024-06-06T12:04:30+00:00\" \/>\n<meta property=\"article:modified_time\" content=\"2024-06-06T12:15:14+00:00\" \/>\n<meta property=\"og:image\" content=\"https:\/\/news.canadamotorjobs.com\/wp-content\/uploads\/2024\/06\/001.jpg\" \/>\n\t<meta property=\"og:image:width\" content=\"900\" \/>\n\t<meta property=\"og:image:height\" content=\"470\" \/>\n\t<meta property=\"og:image:type\" content=\"image\/jpeg\" \/>\n<meta name=\"author\" content=\"Benoit Charette\" \/>\n<meta name=\"twitter:card\" content=\"summary_large_image\" \/>\n<meta name=\"twitter:creator\" content=\"@canadamotorjobs\" \/>\n<meta name=\"twitter:site\" content=\"@canadamotorjobs\" \/>\n<meta name=\"twitter:label1\" content=\"\u00c9crit par\" \/>\n\t<meta name=\"twitter:data1\" content=\"Benoit Charette\" \/>\n\t<meta name=\"twitter:label2\" content=\"Estimation du temps de lecture\" \/>\n\t<meta name=\"twitter:data2\" content=\"3 minutes\" \/>\n<!-- \/ Yoast SEO plugin. -->","yoast_head_json":{"title":"L\u2019administration Biden op\u00e8re une transition plus lente vers les v\u00e9hicules \u00e9lectriques - CanadaMotorJobs.com","description":"L\u2019administration Biden op\u00e8re une transition plus lente vers les v\u00e9hicules \u00e9lectriques - Benoit Charette - Annuel automobile - CanadaMotorJobs.com.","robots":{"index":"index","follow":"follow","max-snippet":"max-snippet:-1","max-image-preview":"max-image-preview:large","max-video-preview":"max-video-preview:-1"},"og_locale":"fr_CA","og_type":"article","og_title":"L\u2019administration Biden op\u00e8re une transition plus lente vers les v\u00e9hicules \u00e9lectriques - CanadaMotorJobs.com","og_description":"L\u2019administration Biden op\u00e8re une transition plus lente vers les v\u00e9hicules \u00e9lectriques - Benoit Charette - Annuel automobile - CanadaMotorJobs.com.","og_url":"https:\/\/news.canadamotorjobs.com\/fr\/ladministration-biden-opere-une-transition-plus-lente-vers-les-vehicules-electriques\/","og_site_name":"CanadaMotorJobs.com","article_publisher":"https:\/\/www.facebook.com\/canadamotorjobs\/","article_published_time":"2024-06-06T12:04:30+00:00","article_modified_time":"2024-06-06T12:15:14+00:00","og_image":[{"width":900,"height":470,"url":"https:\/\/news.canadamotorjobs.com\/wp-content\/uploads\/2024\/06\/001.jpg","type":"image\/jpeg"}],"author":"Benoit Charette","twitter_card":"summary_large_image","twitter_creator":"@canadamotorjobs","twitter_site":"@canadamotorjobs","twitter_misc":{"\u00c9crit par":"Benoit Charette","Estimation du temps de lecture":"3 minutes"},"schema":{"@context":"https:\/\/schema.org","@graph":[{"@type":"Article","@id":"https:\/\/news.canadamotorjobs.com\/fr\/ladministration-biden-opere-une-transition-plus-lente-vers-les-vehicules-electriques\/#article","isPartOf":{"@id":"https:\/\/news.canadamotorjobs.com\/fr\/ladministration-biden-opere-une-transition-plus-lente-vers-les-vehicules-electriques\/"},"author":{"name":"Benoit Charette","@id":"https:\/\/news.canadamotorjobs.com\/#\/schema\/person\/51793d1f87d44011d7bcc2ed99269a90"},"headline":"L\u2019administration Biden op\u00e8re une transition plus lente vers les v\u00e9hicules \u00e9lectriques","datePublished":"2024-06-06T12:04:30+00:00","dateModified":"2024-06-06T12:15:14+00:00","mainEntityOfPage":{"@id":"https:\/\/news.canadamotorjobs.com\/fr\/ladministration-biden-opere-une-transition-plus-lente-vers-les-vehicules-electriques\/"},"wordCount":580,"publisher":{"@id":"https:\/\/news.canadamotorjobs.com\/#organization"},"image":{"@id":"https:\/\/news.canadamotorjobs.com\/fr\/ladministration-biden-opere-une-transition-plus-lente-vers-les-vehicules-electriques\/#primaryimage"},"thumbnailUrl":"https:\/\/news.canadamotorjobs.com\/wp-content\/uploads\/2024\/06\/001.jpg","articleSection":["Annuel automobile"],"inLanguage":"fr-CA"},{"@type":"WebPage","@id":"https:\/\/news.canadamotorjobs.com\/fr\/ladministration-biden-opere-une-transition-plus-lente-vers-les-vehicules-electriques\/","url":"https:\/\/news.canadamotorjobs.com\/fr\/ladministration-biden-opere-une-transition-plus-lente-vers-les-vehicules-electriques\/","name":"L\u2019administration Biden op\u00e8re une transition plus lente vers les v\u00e9hicules \u00e9lectriques - CanadaMotorJobs.com","isPartOf":{"@id":"https:\/\/news.canadamotorjobs.com\/#website"},"primaryImageOfPage":{"@id":"https:\/\/news.canadamotorjobs.com\/fr\/ladministration-biden-opere-une-transition-plus-lente-vers-les-vehicules-electriques\/#primaryimage"},"image":{"@id":"https:\/\/news.canadamotorjobs.com\/fr\/ladministration-biden-opere-une-transition-plus-lente-vers-les-vehicules-electriques\/#primaryimage"},"thumbnailUrl":"https:\/\/news.canadamotorjobs.com\/wp-content\/uploads\/2024\/06\/001.jpg","datePublished":"2024-06-06T12:04:30+00:00","dateModified":"2024-06-06T12:15:14+00:00","description":"L\u2019administration Biden op\u00e8re une transition plus lente vers les v\u00e9hicules \u00e9lectriques - Benoit Charette - Annuel automobile - CanadaMotorJobs.com.","breadcrumb":{"@id":"https:\/\/news.canadamotorjobs.com\/fr\/ladministration-biden-opere-une-transition-plus-lente-vers-les-vehicules-electriques\/#breadcrumb"},"inLanguage":"fr-CA","potentialAction":[{"@type":"ReadAction","target":["https:\/\/news.canadamotorjobs.com\/fr\/ladministration-biden-opere-une-transition-plus-lente-vers-les-vehicules-electriques\/"]}]},{"@type":"ImageObject","inLanguage":"fr-CA","@id":"https:\/\/news.canadamotorjobs.com\/fr\/ladministration-biden-opere-une-transition-plus-lente-vers-les-vehicules-electriques\/#primaryimage","url":"https:\/\/news.canadamotorjobs.com\/wp-content\/uploads\/2024\/06\/001.jpg","contentUrl":"https:\/\/news.canadamotorjobs.com\/wp-content\/uploads\/2024\/06\/001.jpg","width":900,"height":470},{"@type":"BreadcrumbList","@id":"https:\/\/news.canadamotorjobs.com\/fr\/ladministration-biden-opere-une-transition-plus-lente-vers-les-vehicules-electriques\/#breadcrumb","itemListElement":[{"@type":"ListItem","position":1,"name":"Home","item":"https:\/\/news.canadamotorjobs.com\/fr\/blog\/"},{"@type":"ListItem","position":2,"name":"L\u2019administration Biden op\u00e8re une transition plus lente vers les v\u00e9hicules \u00e9lectriques"}]},{"@type":"WebSite","@id":"https:\/\/news.canadamotorjobs.com\/#website","url":"https:\/\/news.canadamotorjobs.com\/","name":"CanadaMotorJobs.com","description":"Automotive Jobs","publisher":{"@id":"https:\/\/news.canadamotorjobs.com\/#organization"},"potentialAction":[{"@type":"SearchAction","target":{"@type":"EntryPoint","urlTemplate":"https:\/\/news.canadamotorjobs.com\/?s={search_term_string}"},"query-input":"required name=search_term_string"}],"inLanguage":"fr-CA"},{"@type":"Organization","@id":"https:\/\/news.canadamotorjobs.com\/#organization","name":"Canada Motor Jobs","url":"https:\/\/news.canadamotorjobs.com\/","logo":{"@type":"ImageObject","inLanguage":"fr-CA","@id":"https:\/\/news.canadamotorjobs.com\/#\/schema\/logo\/image\/","url":"https:\/\/news.canadamotorjobs.com\/wp-content\/uploads\/2022\/10\/logo-canada-motor-jobs-1.png","contentUrl":"https:\/\/news.canadamotorjobs.com\/wp-content\/uploads\/2022\/10\/logo-canada-motor-jobs-1.png","width":800,"height":400,"caption":"Canada Motor Jobs"},"image":{"@id":"https:\/\/news.canadamotorjobs.com\/#\/schema\/logo\/image\/"},"sameAs":["https:\/\/www.facebook.com\/canadamotorjobs\/","https:\/\/x.com\/canadamotorjobs","https:\/\/www.instagram.com\/canadamotorjobs\/","https:\/\/www.linkedin.com\/company\/canadamotorjobs"]},{"@type":"Person","@id":"https:\/\/news.canadamotorjobs.com\/#\/schema\/person\/51793d1f87d44011d7bcc2ed99269a90","name":"Benoit Charette","image":{"@type":"ImageObject","inLanguage":"fr-CA","@id":"https:\/\/news.canadamotorjobs.com\/#\/schema\/person\/image\/","url":"https:\/\/secure.gravatar.com\/avatar\/45f3d2eebcccd909668d7ce7ea7267b6?s=96&d=mm&r=g","contentUrl":"https:\/\/secure.gravatar.com\/avatar\/45f3d2eebcccd909668d7ce7ea7267b6?s=96&d=mm&r=g","caption":"Benoit Charette"},"description":"Benoit Charette \/ Propri\u00e9taire et r\u00e9dacteur en chef Benoit Charette pratique le journalisme automobile depuis bient\u00f4t 30 ans. Il a fait ses classes au c\u00f4t\u00e9 de Daniel H\u00e9raud et au Carnet de route de 1992 \u00e0 2001. Il est fondateur, copropri\u00e9taire et r\u00e9dacteur en chef de L\u2019Annuel de l\u2019automobile, qu\u2019il publie depuis 2001. Il a anim\u00e9 les \u00e9missions RPM et RPM+ sur V et les L\u00e9gendes de la route sur Historia. \u00c0 la radio depuis 1986, il reprend l\u2019antenne cette ann\u00e9e sur les ondes de Cogeco et participe pour la deuxi\u00e8me ann\u00e9e \u00e0 l\u2019\u00e9mission Passion Auto sur RDS en plus de mettre en ligne le site Web officiel de L\u2019Annuel de l\u2019automobile sur annuelauto.ca.","sameAs":["https:\/\/annuelauto.ca\/"],"url":"https:\/\/news.canadamotorjobs.com\/fr\/author\/benoit-charette\/"}]}},"_links":{"self":[{"href":"https:\/\/news.canadamotorjobs.com\/fr\/wp-json\/wp\/v2\/posts\/166433"}],"collection":[{"href":"https:\/\/news.canadamotorjobs.com\/fr\/wp-json\/wp\/v2\/posts"}],"about":[{"href":"https:\/\/news.canadamotorjobs.com\/fr\/wp-json\/wp\/v2\/types\/post"}],"author":[{"embeddable":true,"href":"https:\/\/news.canadamotorjobs.com\/fr\/wp-json\/wp\/v2\/users\/8"}],"replies":[{"embeddable":true,"href":"https:\/\/news.canadamotorjobs.com\/fr\/wp-json\/wp\/v2\/comments?post=166433"}],"version-history":[{"count":2,"href":"https:\/\/news.canadamotorjobs.com\/fr\/wp-json\/wp\/v2\/posts\/166433\/revisions"}],"predecessor-version":[{"id":166437,"href":"https:\/\/news.canadamotorjobs.com\/fr\/wp-json\/wp\/v2\/posts\/166433\/revisions\/166437"}],"wp:featuredmedia":[{"embeddable":true,"href":"https:\/\/news.canadamotorjobs.com\/fr\/wp-json\/wp\/v2\/media\/166435"}],"wp:attachment":[{"href":"https:\/\/news.canadamotorjobs.com\/fr\/wp-json\/wp\/v2\/media?parent=166433"}],"wp:term":[{"taxonomy":"category","embeddable":true,"href":"https:\/\/news.canadamotorjobs.com\/fr\/wp-json\/wp\/v2\/categories?post=166433"},{"taxonomy":"post_tag","embeddable":true,"href":"https:\/\/news.canadamotorjobs.com\/fr\/wp-json\/wp\/v2\/tags?post=166433"}],"curies":[{"name":"wp","href":"https:\/\/api.w.org\/{rel}","templated":true}]}}