{"id":166387,"date":"2024-06-05T07:01:30","date_gmt":"2024-06-05T11:01:30","guid":{"rendered":"https:\/\/news.canadamotorjobs.com\/?p=166387"},"modified":"2024-06-05T07:15:53","modified_gmt":"2024-06-05T11:15:53","slug":"mercedes-benz-rappelle-pres-de-15-000-vehicules-electriques-aux-etats-unis","status":"publish","type":"post","link":"https:\/\/news.canadamotorjobs.com\/fr\/mercedes-benz-rappelle-pres-de-15-000-vehicules-electriques-aux-etats-unis\/","title":{"rendered":"Mercedes-Benz rappelle pr\u00e8s de 15\u00a0000 v\u00e9hicules \u00e9lectriques aux \u00c9tats-Unis"},"content":{"rendered":"<\/p>\n<h3>Probl\u00e8me de gestion batterie<\/h3>\n<p>\nMercedes-Benz a \u00e9mis un rappel volontaire avec la National Highway Traffic Safety Administration (NHTSA) pour pr\u00e8s de 15 000 v\u00e9hicules \u00e9lectriques vendus aux \u00c9tats-Unis. Le probl\u00e8me r\u00e9side dans le logiciel de gestion de la batterie qui, lorsqu&#8217;il est surcharg\u00e9 par des demandes de diagnostic d&#8217;autres unit\u00e9s de contr\u00f4le, pourrait provoquer l&#8217;ouverture des contacteurs de la batterie haute tension. Cela pourrait entra\u00eener une perte de propulsion sans aucun avertissement sur le tableau de bord, augmentant ainsi le risque d&#8217;accident. Apr\u00e8s un red\u00e9marrage du v\u00e9hicule, le probl\u00e8me dispara\u00eet mais pourrait r\u00e9appara\u00eetre sans pr\u00e9avis.<\/p>\n<h3>Nouveaux probl\u00e8mes de logiciel pour les V\u00c9S de Mercedes-Benz<\/h3>\n<p>\nLe constructeur automobile allemand Mercedes-Benz a \u00e9mis un nouveau rappel pour r\u00e9soudre un probl\u00e8me de logiciel qui pourrait entra\u00eener la coupure de l&#8217;alimentation de la batterie haute tension aux roues pendant la conduite. L&#8217;ann\u00e9e derni\u00e8re, plusieurs VE de Mercedes-Benz avaient d\u00e9j\u00e0 \u00e9t\u00e9 rappel\u00e9s pour divers probl\u00e8mes logiciels, et c&#8217;est encore le cas cette ann\u00e9e.<\/p>\n<h3>Mod\u00e8les affect\u00e9s<\/h3>\n<p>\nLes 14 912 v\u00e9hicules concern\u00e9s par ce rappel incluent certaines versions des Mercedes-AMG EQE, Mercedes-AMG EQE SUV, Mercedes-AMG EQS, Mercedes-Benz EQE, EQE SUV, EQS, EQS SUV et Mercedes-Maybach EQS SUV. Tous les v\u00e9hicules affect\u00e9s sont des mod\u00e8les de l&#8217;ann\u00e9e 2023 ou plus r\u00e9cents, selon le rapport de rappel de la NHTSA.<\/p>\n<h3>Mesures \u00e0 prendre pour les propri\u00e9taires<\/h3>\n<p>\nPour r\u00e9soudre ce probl\u00e8me, les propri\u00e9taires recevront une lettre leur demandant de prendre rendez-vous avec un concessionnaire Mercedes-Benz qui mettra \u00e0 jour gratuitement le logiciel de gestion de la batterie.<\/p>\n<h3>Rappels pr\u00e9c\u00e9dents<\/h3>\n<p>\nCe n&#8217;est pas la premi\u00e8re fois que les VE de Mercedes-Benz sont rappel\u00e9s pour des probl\u00e8mes de logiciel pouvant couper l&#8217;alimentation des roues. L&#8217;ann\u00e9e derni\u00e8re, les mod\u00e8les EQE, EQS et EQS SUV avaient \u00e9t\u00e9 rappel\u00e9s en raison d&#8217;une d\u00e9sactivation possible du groupe motopropulseur \u00e9lectrique due \u00e0 une d\u00e9faillance de la logique de r\u00e9ponse de gestion du logiciel. Un rappel distinct avait \u00e9t\u00e9 effectu\u00e9 pour un autre lot de v\u00e9hicules EQS qui pouvaient rencontrer un d\u00e9faut dans le logiciel de surveillance de l&#8217;ESP. Un rappel similaire concernant le logiciel de gestion de la batterie haute tension avait \u00e9t\u00e9 annonc\u00e9 en Chine l&#8217;ann\u00e9e derni\u00e8re pour des v\u00e9hicules EQS import\u00e9s fabriqu\u00e9s entre 2021 et 2022.<\/p>\n<p>Avec des renseignements de Inside EV&#8217;s<\/p>\n<p>Le texte <a rel=\"nofollow\" href=\"https:\/\/annuelauto.ca\/mercedes-benz-rappelle-pres-de-15-000-vehicules-electriques-aux-etats-unis\/\">Mercedes-Benz rappelle pr\u00e8s de 15\u00a0000 v\u00e9hicules \u00e9lectriques aux \u00c9tats-Unis<\/a> provient de <a rel=\"nofollow\" href=\"https:\/\/annuelauto.ca\">L&#8217;annuel de l&#8217;automobile &#8211; Actualit\u00e9 automobile<\/a><\/p>\n<p><\/p>\n","protected":false},"excerpt":{"rendered":"<p>Probl\u00e8me de gestion batterie Mercedes-Benz a \u00e9mis un rappel volontaire avec la National Highway Traffic Safety Administration (NHTSA) pour pr\u00e8s de 15 000 v\u00e9hicules \u00e9lectriques vendus aux \u00c9tats-Unis. Le probl\u00e8me r\u00e9side dans le logiciel de gestion de la batterie qui, lorsqu&#8217;il est surcharg\u00e9 par des demandes de diagnostic d&#8217;autres unit\u00e9s de contr\u00f4le, pourrait provoquer l&#8217;ouverture [&hellip;]<\/p>\n","protected":false},"author":8,"featured_media":166389,"comment_status":"close","ping_status":"closed","sticky":false,"template":"","format":"standard","meta":{"_monsterinsights_skip_tracking":false,"_monsterinsights_sitenote_active":false,"_monsterinsights_sitenote_note":"","_monsterinsights_sitenote_category":0,"footnotes":""},"categories":[101],"tags":[],"yoast_head":"<!-- This site is optimized with the Yoast SEO plugin v23.2 - https:\/\/yoast.com\/wordpress\/plugins\/seo\/ -->\n<title>Mercedes-Benz rappelle pr\u00e8s de 15\u00a0000 v\u00e9hicules \u00e9lectriques aux \u00c9tats-Unis - CanadaMotorJobs.com<\/title>\n<meta name=\"description\" content=\"Mercedes-Benz rappelle pr\u00e8s de 15\u00a0000 v\u00e9hicules \u00e9lectriques aux \u00c9tats-Unis - Benoit Charette - Annuel automobile - CanadaMotorJobs.com.\" \/>\n<meta name=\"robots\" content=\"index, follow, max-snippet:-1, max-image-preview:large, max-video-preview:-1\" \/>\n<meta property=\"og:locale\" content=\"fr_CA\" \/>\n<meta property=\"og:type\" content=\"article\" \/>\n<meta property=\"og:title\" content=\"Mercedes-Benz rappelle pr\u00e8s de 15\u00a0000 v\u00e9hicules \u00e9lectriques aux \u00c9tats-Unis - CanadaMotorJobs.com\" \/>\n<meta property=\"og:description\" content=\"Mercedes-Benz rappelle pr\u00e8s de 15\u00a0000 v\u00e9hicules \u00e9lectriques aux \u00c9tats-Unis - Benoit Charette - Annuel automobile - CanadaMotorJobs.com.\" \/>\n<meta property=\"og:url\" content=\"https:\/\/news.canadamotorjobs.com\/fr\/mercedes-benz-rappelle-pres-de-15-000-vehicules-electriques-aux-etats-unis\/\" \/>\n<meta property=\"og:site_name\" content=\"CanadaMotorJobs.com\" \/>\n<meta property=\"article:publisher\" content=\"https:\/\/www.facebook.com\/canadamotorjobs\/\" \/>\n<meta property=\"article:published_time\" content=\"2024-06-05T11:01:30+00:00\" \/>\n<meta property=\"article:modified_time\" content=\"2024-06-05T11:15:53+00:00\" \/>\n<meta property=\"og:image\" content=\"https:\/\/news.canadamotorjobs.com\/wp-content\/uploads\/2024\/06\/Mercedes_EQE_AMG_53-01@2x-1024x576-1.jpg\" \/>\n\t<meta property=\"og:image:width\" content=\"1024\" \/>\n\t<meta property=\"og:image:height\" content=\"576\" \/>\n\t<meta property=\"og:image:type\" content=\"image\/jpeg\" \/>\n<meta name=\"author\" content=\"Benoit Charette\" \/>\n<meta name=\"twitter:card\" content=\"summary_large_image\" \/>\n<meta name=\"twitter:creator\" content=\"@canadamotorjobs\" \/>\n<meta name=\"twitter:site\" content=\"@canadamotorjobs\" \/>\n<meta name=\"twitter:label1\" content=\"\u00c9crit par\" \/>\n\t<meta name=\"twitter:data1\" content=\"Benoit Charette\" \/>\n\t<meta name=\"twitter:label2\" content=\"Estimation du temps de lecture\" \/>\n\t<meta name=\"twitter:data2\" content=\"2 minutes\" \/>\n<!-- \/ Yoast SEO plugin. -->","yoast_head_json":{"title":"Mercedes-Benz rappelle pr\u00e8s de 15\u00a0000 v\u00e9hicules \u00e9lectriques aux \u00c9tats-Unis - CanadaMotorJobs.com","description":"Mercedes-Benz rappelle pr\u00e8s de 15\u00a0000 v\u00e9hicules \u00e9lectriques aux \u00c9tats-Unis - Benoit Charette - Annuel automobile - CanadaMotorJobs.com.","robots":{"index":"index","follow":"follow","max-snippet":"max-snippet:-1","max-image-preview":"max-image-preview:large","max-video-preview":"max-video-preview:-1"},"og_locale":"fr_CA","og_type":"article","og_title":"Mercedes-Benz rappelle pr\u00e8s de 15\u00a0000 v\u00e9hicules \u00e9lectriques aux \u00c9tats-Unis - CanadaMotorJobs.com","og_description":"Mercedes-Benz rappelle pr\u00e8s de 15\u00a0000 v\u00e9hicules \u00e9lectriques aux \u00c9tats-Unis - Benoit Charette - Annuel automobile - CanadaMotorJobs.com.","og_url":"https:\/\/news.canadamotorjobs.com\/fr\/mercedes-benz-rappelle-pres-de-15-000-vehicules-electriques-aux-etats-unis\/","og_site_name":"CanadaMotorJobs.com","article_publisher":"https:\/\/www.facebook.com\/canadamotorjobs\/","article_published_time":"2024-06-05T11:01:30+00:00","article_modified_time":"2024-06-05T11:15:53+00:00","og_image":[{"width":1024,"height":576,"url":"https:\/\/news.canadamotorjobs.com\/wp-content\/uploads\/2024\/06\/Mercedes_EQE_AMG_53-01@2x-1024x576-1.jpg","type":"image\/jpeg"}],"author":"Benoit Charette","twitter_card":"summary_large_image","twitter_creator":"@canadamotorjobs","twitter_site":"@canadamotorjobs","twitter_misc":{"\u00c9crit par":"Benoit Charette","Estimation du temps de lecture":"2 minutes"},"schema":{"@context":"https:\/\/schema.org","@graph":[{"@type":"Article","@id":"https:\/\/news.canadamotorjobs.com\/fr\/mercedes-benz-rappelle-pres-de-15-000-vehicules-electriques-aux-etats-unis\/#article","isPartOf":{"@id":"https:\/\/news.canadamotorjobs.com\/fr\/mercedes-benz-rappelle-pres-de-15-000-vehicules-electriques-aux-etats-unis\/"},"author":{"name":"Benoit Charette","@id":"https:\/\/news.canadamotorjobs.com\/#\/schema\/person\/51793d1f87d44011d7bcc2ed99269a90"},"headline":"Mercedes-Benz rappelle pr\u00e8s de 15\u00a0000 v\u00e9hicules \u00e9lectriques aux \u00c9tats-Unis","datePublished":"2024-06-05T11:01:30+00:00","dateModified":"2024-06-05T11:15:53+00:00","mainEntityOfPage":{"@id":"https:\/\/news.canadamotorjobs.com\/fr\/mercedes-benz-rappelle-pres-de-15-000-vehicules-electriques-aux-etats-unis\/"},"wordCount":462,"publisher":{"@id":"https:\/\/news.canadamotorjobs.com\/#organization"},"image":{"@id":"https:\/\/news.canadamotorjobs.com\/fr\/mercedes-benz-rappelle-pres-de-15-000-vehicules-electriques-aux-etats-unis\/#primaryimage"},"thumbnailUrl":"https:\/\/news.canadamotorjobs.com\/wp-content\/uploads\/2024\/06\/Mercedes_EQE_AMG_53-01@2x-1024x576-1.jpg","articleSection":["Annuel automobile"],"inLanguage":"fr-CA"},{"@type":"WebPage","@id":"https:\/\/news.canadamotorjobs.com\/fr\/mercedes-benz-rappelle-pres-de-15-000-vehicules-electriques-aux-etats-unis\/","url":"https:\/\/news.canadamotorjobs.com\/fr\/mercedes-benz-rappelle-pres-de-15-000-vehicules-electriques-aux-etats-unis\/","name":"Mercedes-Benz rappelle pr\u00e8s de 15\u00a0000 v\u00e9hicules \u00e9lectriques aux \u00c9tats-Unis - CanadaMotorJobs.com","isPartOf":{"@id":"https:\/\/news.canadamotorjobs.com\/#website"},"primaryImageOfPage":{"@id":"https:\/\/news.canadamotorjobs.com\/fr\/mercedes-benz-rappelle-pres-de-15-000-vehicules-electriques-aux-etats-unis\/#primaryimage"},"image":{"@id":"https:\/\/news.canadamotorjobs.com\/fr\/mercedes-benz-rappelle-pres-de-15-000-vehicules-electriques-aux-etats-unis\/#primaryimage"},"thumbnailUrl":"https:\/\/news.canadamotorjobs.com\/wp-content\/uploads\/2024\/06\/Mercedes_EQE_AMG_53-01@2x-1024x576-1.jpg","datePublished":"2024-06-05T11:01:30+00:00","dateModified":"2024-06-05T11:15:53+00:00","description":"Mercedes-Benz rappelle pr\u00e8s de 15\u00a0000 v\u00e9hicules \u00e9lectriques aux \u00c9tats-Unis - Benoit Charette - Annuel automobile - CanadaMotorJobs.com.","breadcrumb":{"@id":"https:\/\/news.canadamotorjobs.com\/fr\/mercedes-benz-rappelle-pres-de-15-000-vehicules-electriques-aux-etats-unis\/#breadcrumb"},"inLanguage":"fr-CA","potentialAction":[{"@type":"ReadAction","target":["https:\/\/news.canadamotorjobs.com\/fr\/mercedes-benz-rappelle-pres-de-15-000-vehicules-electriques-aux-etats-unis\/"]}]},{"@type":"ImageObject","inLanguage":"fr-CA","@id":"https:\/\/news.canadamotorjobs.com\/fr\/mercedes-benz-rappelle-pres-de-15-000-vehicules-electriques-aux-etats-unis\/#primaryimage","url":"https:\/\/news.canadamotorjobs.com\/wp-content\/uploads\/2024\/06\/Mercedes_EQE_AMG_53-01@2x-1024x576-1.jpg","contentUrl":"https:\/\/news.canadamotorjobs.com\/wp-content\/uploads\/2024\/06\/Mercedes_EQE_AMG_53-01@2x-1024x576-1.jpg","width":1024,"height":576},{"@type":"BreadcrumbList","@id":"https:\/\/news.canadamotorjobs.com\/fr\/mercedes-benz-rappelle-pres-de-15-000-vehicules-electriques-aux-etats-unis\/#breadcrumb","itemListElement":[{"@type":"ListItem","position":1,"name":"Home","item":"https:\/\/news.canadamotorjobs.com\/fr\/blog\/"},{"@type":"ListItem","position":2,"name":"Mercedes-Benz rappelle pr\u00e8s de 15\u00a0000 v\u00e9hicules \u00e9lectriques aux \u00c9tats-Unis"}]},{"@type":"WebSite","@id":"https:\/\/news.canadamotorjobs.com\/#website","url":"https:\/\/news.canadamotorjobs.com\/","name":"CanadaMotorJobs.com","description":"Automotive Jobs","publisher":{"@id":"https:\/\/news.canadamotorjobs.com\/#organization"},"potentialAction":[{"@type":"SearchAction","target":{"@type":"EntryPoint","urlTemplate":"https:\/\/news.canadamotorjobs.com\/?s={search_term_string}"},"query-input":"required name=search_term_string"}],"inLanguage":"fr-CA"},{"@type":"Organization","@id":"https:\/\/news.canadamotorjobs.com\/#organization","name":"Canada Motor Jobs","url":"https:\/\/news.canadamotorjobs.com\/","logo":{"@type":"ImageObject","inLanguage":"fr-CA","@id":"https:\/\/news.canadamotorjobs.com\/#\/schema\/logo\/image\/","url":"https:\/\/news.canadamotorjobs.com\/wp-content\/uploads\/2022\/10\/logo-canada-motor-jobs-1.png","contentUrl":"https:\/\/news.canadamotorjobs.com\/wp-content\/uploads\/2022\/10\/logo-canada-motor-jobs-1.png","width":800,"height":400,"caption":"Canada Motor Jobs"},"image":{"@id":"https:\/\/news.canadamotorjobs.com\/#\/schema\/logo\/image\/"},"sameAs":["https:\/\/www.facebook.com\/canadamotorjobs\/","https:\/\/x.com\/canadamotorjobs","https:\/\/www.instagram.com\/canadamotorjobs\/","https:\/\/www.linkedin.com\/company\/canadamotorjobs"]},{"@type":"Person","@id":"https:\/\/news.canadamotorjobs.com\/#\/schema\/person\/51793d1f87d44011d7bcc2ed99269a90","name":"Benoit Charette","image":{"@type":"ImageObject","inLanguage":"fr-CA","@id":"https:\/\/news.canadamotorjobs.com\/#\/schema\/person\/image\/","url":"https:\/\/secure.gravatar.com\/avatar\/45f3d2eebcccd909668d7ce7ea7267b6?s=96&d=mm&r=g","contentUrl":"https:\/\/secure.gravatar.com\/avatar\/45f3d2eebcccd909668d7ce7ea7267b6?s=96&d=mm&r=g","caption":"Benoit Charette"},"description":"Benoit Charette \/ Propri\u00e9taire et r\u00e9dacteur en chef Benoit Charette pratique le journalisme automobile depuis bient\u00f4t 30 ans. Il a fait ses classes au c\u00f4t\u00e9 de Daniel H\u00e9raud et au Carnet de route de 1992 \u00e0 2001. Il est fondateur, copropri\u00e9taire et r\u00e9dacteur en chef de L\u2019Annuel de l\u2019automobile, qu\u2019il publie depuis 2001. Il a anim\u00e9 les \u00e9missions RPM et RPM+ sur V et les L\u00e9gendes de la route sur Historia. \u00c0 la radio depuis 1986, il reprend l\u2019antenne cette ann\u00e9e sur les ondes de Cogeco et participe pour la deuxi\u00e8me ann\u00e9e \u00e0 l\u2019\u00e9mission Passion Auto sur RDS en plus de mettre en ligne le site Web officiel de L\u2019Annuel de l\u2019automobile sur annuelauto.ca.","sameAs":["https:\/\/annuelauto.ca\/"],"url":"https:\/\/news.canadamotorjobs.com\/fr\/author\/benoit-charette\/"}]}},"_links":{"self":[{"href":"https:\/\/news.canadamotorjobs.com\/fr\/wp-json\/wp\/v2\/posts\/166387"}],"collection":[{"href":"https:\/\/news.canadamotorjobs.com\/fr\/wp-json\/wp\/v2\/posts"}],"about":[{"href":"https:\/\/news.canadamotorjobs.com\/fr\/wp-json\/wp\/v2\/types\/post"}],"author":[{"embeddable":true,"href":"https:\/\/news.canadamotorjobs.com\/fr\/wp-json\/wp\/v2\/users\/8"}],"replies":[{"embeddable":true,"href":"https:\/\/news.canadamotorjobs.com\/fr\/wp-json\/wp\/v2\/comments?post=166387"}],"version-history":[{"count":2,"href":"https:\/\/news.canadamotorjobs.com\/fr\/wp-json\/wp\/v2\/posts\/166387\/revisions"}],"predecessor-version":[{"id":166391,"href":"https:\/\/news.canadamotorjobs.com\/fr\/wp-json\/wp\/v2\/posts\/166387\/revisions\/166391"}],"wp:featuredmedia":[{"embeddable":true,"href":"https:\/\/news.canadamotorjobs.com\/fr\/wp-json\/wp\/v2\/media\/166389"}],"wp:attachment":[{"href":"https:\/\/news.canadamotorjobs.com\/fr\/wp-json\/wp\/v2\/media?parent=166387"}],"wp:term":[{"taxonomy":"category","embeddable":true,"href":"https:\/\/news.canadamotorjobs.com\/fr\/wp-json\/wp\/v2\/categories?post=166387"},{"taxonomy":"post_tag","embeddable":true,"href":"https:\/\/news.canadamotorjobs.com\/fr\/wp-json\/wp\/v2\/tags?post=166387"}],"curies":[{"name":"wp","href":"https:\/\/api.w.org\/{rel}","templated":true}]}}