{"id":166318,"date":"2024-06-04T08:46:03","date_gmt":"2024-06-04T12:46:03","guid":{"rendered":"https:\/\/news.canadamotorjobs.com\/?p=166318"},"modified":"2024-06-04T08:58:57","modified_gmt":"2024-06-04T12:58:57","slug":"un-vehicule-sur-cinq-est-envoye-au-recyclage","status":"publish","type":"post","link":"https:\/\/news.canadamotorjobs.com\/fr\/un-vehicule-sur-cinq-est-envoye-au-recyclage\/","title":{"rendered":"Un v\u00e9hicule sur cinq est envoy\u00e9 au recyclage"},"content":{"rendered":"<\/p>\n<h3><strong>Une Usure Accrue Due \u00e0 l&#8217;Augmentation des Co\u00fbts de R\u00e9paration<\/strong><\/h3>\n<p>\nLe parc automobile nord-am\u00e9ricain vieillit. Selon S&amp;P Global, l&#8217;\u00e2ge moyen des voitures aux \u00c9tats-Unis a atteint un record de 12,5 ans l&#8217;ann\u00e9e derni\u00e8re. Et le Canada n\u2019est pas tr\u00e8s loin derri\u00e8re (environ 11 ans). Cette tendance s&#8217;explique en grande partie par le fait que les automobilistes conservent leurs v\u00e9hicules plus longtemps en raison de plusieurs facteurs.<\/p>\n<h3><strong>La Complexit\u00e9 Croissante des V\u00e9hicules Modernes<\/strong><\/h3>\n<p>\nLes voitures d&#8217;aujourd&#8217;hui sont de plus en plus sophistiqu\u00e9es. Les technologies embarqu\u00e9es ne se limitent plus \u00e0 quelques airbags pour assurer la s\u00e9curit\u00e9. D\u00e9sormais, les syst\u00e8mes de s\u00e9curit\u00e9 et d&#8217;assistance \u00e0 la conduite sont d\u00e9mocratis\u00e9s. L&#8217;aide au maintien de voie et le r\u00e9gulateur de vitesse intelligent ne sont que deux des nombreuses innovations qui augmentent le niveau de s\u00e9curit\u00e9 \u00e0 bord.<\/p>\n<h3><strong>Les Co\u00fbts de R\u00e9paration Explosent<\/strong><\/h3>\n<p>\nToutefois, cette injection de technologie a un revers : le co\u00fbt des r\u00e9parations apr\u00e8s un accident. Selon Bloomberg, plus d&#8217;une voiture sur cinq est d\u00e9clar\u00e9e perte totale en raison de co\u00fbts de r\u00e9paration exorbitants. Un v\u00e9hicule accident\u00e9 est souvent envoy\u00e9 \u00e0 la casse lorsque les frais de r\u00e9paration d\u00e9passent la valeur de la voiture avant l&#8217;accident, moins les recettes pr\u00e9vues de la r\u00e9cup\u00e9ration.<\/p>\n<h3><strong>La D\u00e9cision des Assureurs et L&#8217;\u00c2ge des Voitures<\/strong><\/h3>\n<p>\nLes mod\u00e8les r\u00e9cents ne sont pas \u00e9pargn\u00e9s par ces d\u00e9cisions des assureurs, notamment \u00e0 cause du niveau \u00e9lev\u00e9 des \u00e9quipements install\u00e9s autour du v\u00e9hicule. Lorsque ces dispositifs sophistiqu\u00e9s doivent \u00eatre remplac\u00e9s, les co\u00fbts grimpent en fl\u00e8che.<\/p>\n<h3><strong>Une D\u00e9pendance aux Dispositifs de S\u00e9curit\u00e9<\/strong><\/h3>\n<p>\nUne th\u00e9orie expliquant pourquoi le nombre d&#8217;accidents ne diminue pas vraiment est que les conducteurs se reposent un peu trop sur ces dispositifs de s\u00e9curit\u00e9.<\/p>\n<h3><strong>Une Augmentation Pr\u00e9vue des V\u00e9hicules D\u00e9clar\u00e9s Perte Totale<\/strong><\/h3>\n<p>\nCopart Inc., interview\u00e9 par Bloomberg, pr\u00e9dit que la proportion de v\u00e9hicules d\u00e9clar\u00e9s perte totale pourrait passer de 21% au premier trimestre 2024 \u00e0 30%. Cette entreprise, sp\u00e9cialis\u00e9e dans le recyclage et la revente de v\u00e9hicules endommag\u00e9s et non endommag\u00e9s, voit cette proportion augmenter.<\/p>\n<h3><strong>Les V\u00e9hicules \u00c9lectriques \u00c9galement Concern\u00e9s<\/strong><\/h3>\n<p>\nQuant aux v\u00e9hicules \u00e9lectriques, leur proportion de mise \u00e0 la casse n&#8217;est pas encore tr\u00e8s \u00e9lev\u00e9e. Cependant, avec tout l&#8217;arsenal technologique install\u00e9 dans ces voitures et leur popularit\u00e9 croissante, les v\u00e9hicules 100% \u00e9lectriques pourraient aussi souvent finir \u00e0 la casse locale.<\/p>\n<p>Avec des renseignements de Motor Illustrated<\/p>\n<p>Le texte <a rel=\"nofollow\" href=\"https:\/\/annuelauto.ca\/un-vehicule-sur-cinq-est-envoye-au-recyclage\/\">Un v\u00e9hicule sur cinq est envoy\u00e9 au recyclage<\/a> provient de <a rel=\"nofollow\" href=\"https:\/\/annuelauto.ca\">L&#8217;annuel de l&#8217;automobile &#8211; Actualit\u00e9 automobile<\/a><\/p>\n<p><\/p>\n","protected":false},"excerpt":{"rendered":"<p>Une Usure Accrue Due \u00e0 l&#8217;Augmentation des Co\u00fbts de R\u00e9paration Le parc automobile nord-am\u00e9ricain vieillit. Selon S&amp;P Global, l&#8217;\u00e2ge moyen des voitures aux \u00c9tats-Unis a atteint un record de 12,5 ans l&#8217;ann\u00e9e derni\u00e8re. Et le Canada n\u2019est pas tr\u00e8s loin derri\u00e8re (environ 11 ans). Cette tendance s&#8217;explique en grande partie par le fait que les [&hellip;]<\/p>\n","protected":false},"author":8,"featured_media":166320,"comment_status":"close","ping_status":"closed","sticky":false,"template":"","format":"standard","meta":{"_monsterinsights_skip_tracking":false,"_monsterinsights_sitenote_active":false,"_monsterinsights_sitenote_note":"","_monsterinsights_sitenote_category":0,"footnotes":""},"categories":[101],"tags":[],"yoast_head":"<!-- This site is optimized with the Yoast SEO plugin v23.2 - https:\/\/yoast.com\/wordpress\/plugins\/seo\/ -->\n<title>Un v\u00e9hicule sur cinq est envoy\u00e9 au recyclage - CanadaMotorJobs.com<\/title>\n<meta name=\"description\" content=\"Un v\u00e9hicule sur cinq est envoy\u00e9 au recyclage - Benoit Charette - Annuel automobile - CanadaMotorJobs.com.\" \/>\n<meta name=\"robots\" content=\"index, follow, max-snippet:-1, max-image-preview:large, max-video-preview:-1\" \/>\n<meta property=\"og:locale\" content=\"fr_CA\" \/>\n<meta property=\"og:type\" content=\"article\" \/>\n<meta property=\"og:title\" content=\"Un v\u00e9hicule sur cinq est envoy\u00e9 au recyclage - CanadaMotorJobs.com\" \/>\n<meta property=\"og:description\" content=\"Un v\u00e9hicule sur cinq est envoy\u00e9 au recyclage - Benoit Charette - Annuel automobile - CanadaMotorJobs.com.\" \/>\n<meta property=\"og:url\" content=\"https:\/\/news.canadamotorjobs.com\/fr\/un-vehicule-sur-cinq-est-envoye-au-recyclage\/\" \/>\n<meta property=\"og:site_name\" content=\"CanadaMotorJobs.com\" \/>\n<meta property=\"article:publisher\" content=\"https:\/\/www.facebook.com\/canadamotorjobs\/\" \/>\n<meta property=\"article:published_time\" content=\"2024-06-04T12:46:03+00:00\" \/>\n<meta property=\"article:modified_time\" content=\"2024-06-04T12:58:57+00:00\" \/>\n<meta property=\"og:image\" content=\"https:\/\/news.canadamotorjobs.com\/wp-content\/uploads\/2024\/06\/1140-car-crash.jpg\" \/>\n\t<meta property=\"og:image:width\" content=\"1140\" \/>\n\t<meta property=\"og:image:height\" content=\"655\" \/>\n\t<meta property=\"og:image:type\" content=\"image\/jpeg\" \/>\n<meta name=\"author\" content=\"Benoit Charette\" \/>\n<meta name=\"twitter:card\" content=\"summary_large_image\" \/>\n<meta name=\"twitter:creator\" content=\"@canadamotorjobs\" \/>\n<meta name=\"twitter:site\" content=\"@canadamotorjobs\" \/>\n<meta name=\"twitter:label1\" content=\"\u00c9crit par\" \/>\n\t<meta name=\"twitter:data1\" content=\"Benoit Charette\" \/>\n\t<meta name=\"twitter:label2\" content=\"Estimation du temps de lecture\" \/>\n\t<meta name=\"twitter:data2\" content=\"2 minutes\" \/>\n<!-- \/ Yoast SEO plugin. -->","yoast_head_json":{"title":"Un v\u00e9hicule sur cinq est envoy\u00e9 au recyclage - CanadaMotorJobs.com","description":"Un v\u00e9hicule sur cinq est envoy\u00e9 au recyclage - Benoit Charette - Annuel automobile - CanadaMotorJobs.com.","robots":{"index":"index","follow":"follow","max-snippet":"max-snippet:-1","max-image-preview":"max-image-preview:large","max-video-preview":"max-video-preview:-1"},"og_locale":"fr_CA","og_type":"article","og_title":"Un v\u00e9hicule sur cinq est envoy\u00e9 au recyclage - CanadaMotorJobs.com","og_description":"Un v\u00e9hicule sur cinq est envoy\u00e9 au recyclage - Benoit Charette - Annuel automobile - CanadaMotorJobs.com.","og_url":"https:\/\/news.canadamotorjobs.com\/fr\/un-vehicule-sur-cinq-est-envoye-au-recyclage\/","og_site_name":"CanadaMotorJobs.com","article_publisher":"https:\/\/www.facebook.com\/canadamotorjobs\/","article_published_time":"2024-06-04T12:46:03+00:00","article_modified_time":"2024-06-04T12:58:57+00:00","og_image":[{"width":1140,"height":655,"url":"https:\/\/news.canadamotorjobs.com\/wp-content\/uploads\/2024\/06\/1140-car-crash.jpg","type":"image\/jpeg"}],"author":"Benoit Charette","twitter_card":"summary_large_image","twitter_creator":"@canadamotorjobs","twitter_site":"@canadamotorjobs","twitter_misc":{"\u00c9crit par":"Benoit Charette","Estimation du temps de lecture":"2 minutes"},"schema":{"@context":"https:\/\/schema.org","@graph":[{"@type":"Article","@id":"https:\/\/news.canadamotorjobs.com\/fr\/un-vehicule-sur-cinq-est-envoye-au-recyclage\/#article","isPartOf":{"@id":"https:\/\/news.canadamotorjobs.com\/fr\/un-vehicule-sur-cinq-est-envoye-au-recyclage\/"},"author":{"name":"Benoit Charette","@id":"https:\/\/news.canadamotorjobs.com\/#\/schema\/person\/51793d1f87d44011d7bcc2ed99269a90"},"headline":"Un v\u00e9hicule sur cinq est envoy\u00e9 au recyclage","datePublished":"2024-06-04T12:46:03+00:00","dateModified":"2024-06-04T12:58:57+00:00","mainEntityOfPage":{"@id":"https:\/\/news.canadamotorjobs.com\/fr\/un-vehicule-sur-cinq-est-envoye-au-recyclage\/"},"wordCount":477,"publisher":{"@id":"https:\/\/news.canadamotorjobs.com\/#organization"},"image":{"@id":"https:\/\/news.canadamotorjobs.com\/fr\/un-vehicule-sur-cinq-est-envoye-au-recyclage\/#primaryimage"},"thumbnailUrl":"https:\/\/news.canadamotorjobs.com\/wp-content\/uploads\/2024\/06\/1140-car-crash.jpg","articleSection":["Annuel automobile"],"inLanguage":"fr-CA"},{"@type":"WebPage","@id":"https:\/\/news.canadamotorjobs.com\/fr\/un-vehicule-sur-cinq-est-envoye-au-recyclage\/","url":"https:\/\/news.canadamotorjobs.com\/fr\/un-vehicule-sur-cinq-est-envoye-au-recyclage\/","name":"Un v\u00e9hicule sur cinq est envoy\u00e9 au recyclage - CanadaMotorJobs.com","isPartOf":{"@id":"https:\/\/news.canadamotorjobs.com\/#website"},"primaryImageOfPage":{"@id":"https:\/\/news.canadamotorjobs.com\/fr\/un-vehicule-sur-cinq-est-envoye-au-recyclage\/#primaryimage"},"image":{"@id":"https:\/\/news.canadamotorjobs.com\/fr\/un-vehicule-sur-cinq-est-envoye-au-recyclage\/#primaryimage"},"thumbnailUrl":"https:\/\/news.canadamotorjobs.com\/wp-content\/uploads\/2024\/06\/1140-car-crash.jpg","datePublished":"2024-06-04T12:46:03+00:00","dateModified":"2024-06-04T12:58:57+00:00","description":"Un v\u00e9hicule sur cinq est envoy\u00e9 au recyclage - Benoit Charette - Annuel automobile - CanadaMotorJobs.com.","breadcrumb":{"@id":"https:\/\/news.canadamotorjobs.com\/fr\/un-vehicule-sur-cinq-est-envoye-au-recyclage\/#breadcrumb"},"inLanguage":"fr-CA","potentialAction":[{"@type":"ReadAction","target":["https:\/\/news.canadamotorjobs.com\/fr\/un-vehicule-sur-cinq-est-envoye-au-recyclage\/"]}]},{"@type":"ImageObject","inLanguage":"fr-CA","@id":"https:\/\/news.canadamotorjobs.com\/fr\/un-vehicule-sur-cinq-est-envoye-au-recyclage\/#primaryimage","url":"https:\/\/news.canadamotorjobs.com\/wp-content\/uploads\/2024\/06\/1140-car-crash.jpg","contentUrl":"https:\/\/news.canadamotorjobs.com\/wp-content\/uploads\/2024\/06\/1140-car-crash.jpg","width":1140,"height":655},{"@type":"BreadcrumbList","@id":"https:\/\/news.canadamotorjobs.com\/fr\/un-vehicule-sur-cinq-est-envoye-au-recyclage\/#breadcrumb","itemListElement":[{"@type":"ListItem","position":1,"name":"Home","item":"https:\/\/news.canadamotorjobs.com\/fr\/blog\/"},{"@type":"ListItem","position":2,"name":"Un v\u00e9hicule sur cinq est envoy\u00e9 au recyclage"}]},{"@type":"WebSite","@id":"https:\/\/news.canadamotorjobs.com\/#website","url":"https:\/\/news.canadamotorjobs.com\/","name":"CanadaMotorJobs.com","description":"Automotive Jobs","publisher":{"@id":"https:\/\/news.canadamotorjobs.com\/#organization"},"potentialAction":[{"@type":"SearchAction","target":{"@type":"EntryPoint","urlTemplate":"https:\/\/news.canadamotorjobs.com\/?s={search_term_string}"},"query-input":"required name=search_term_string"}],"inLanguage":"fr-CA"},{"@type":"Organization","@id":"https:\/\/news.canadamotorjobs.com\/#organization","name":"Canada Motor Jobs","url":"https:\/\/news.canadamotorjobs.com\/","logo":{"@type":"ImageObject","inLanguage":"fr-CA","@id":"https:\/\/news.canadamotorjobs.com\/#\/schema\/logo\/image\/","url":"https:\/\/news.canadamotorjobs.com\/wp-content\/uploads\/2022\/10\/logo-canada-motor-jobs-1.png","contentUrl":"https:\/\/news.canadamotorjobs.com\/wp-content\/uploads\/2022\/10\/logo-canada-motor-jobs-1.png","width":800,"height":400,"caption":"Canada Motor Jobs"},"image":{"@id":"https:\/\/news.canadamotorjobs.com\/#\/schema\/logo\/image\/"},"sameAs":["https:\/\/www.facebook.com\/canadamotorjobs\/","https:\/\/x.com\/canadamotorjobs","https:\/\/www.instagram.com\/canadamotorjobs\/","https:\/\/www.linkedin.com\/company\/canadamotorjobs"]},{"@type":"Person","@id":"https:\/\/news.canadamotorjobs.com\/#\/schema\/person\/51793d1f87d44011d7bcc2ed99269a90","name":"Benoit Charette","image":{"@type":"ImageObject","inLanguage":"fr-CA","@id":"https:\/\/news.canadamotorjobs.com\/#\/schema\/person\/image\/","url":"https:\/\/secure.gravatar.com\/avatar\/45f3d2eebcccd909668d7ce7ea7267b6?s=96&d=mm&r=g","contentUrl":"https:\/\/secure.gravatar.com\/avatar\/45f3d2eebcccd909668d7ce7ea7267b6?s=96&d=mm&r=g","caption":"Benoit Charette"},"description":"Benoit Charette \/ Propri\u00e9taire et r\u00e9dacteur en chef Benoit Charette pratique le journalisme automobile depuis bient\u00f4t 30 ans. Il a fait ses classes au c\u00f4t\u00e9 de Daniel H\u00e9raud et au Carnet de route de 1992 \u00e0 2001. Il est fondateur, copropri\u00e9taire et r\u00e9dacteur en chef de L\u2019Annuel de l\u2019automobile, qu\u2019il publie depuis 2001. Il a anim\u00e9 les \u00e9missions RPM et RPM+ sur V et les L\u00e9gendes de la route sur Historia. \u00c0 la radio depuis 1986, il reprend l\u2019antenne cette ann\u00e9e sur les ondes de Cogeco et participe pour la deuxi\u00e8me ann\u00e9e \u00e0 l\u2019\u00e9mission Passion Auto sur RDS en plus de mettre en ligne le site Web officiel de L\u2019Annuel de l\u2019automobile sur annuelauto.ca.","sameAs":["https:\/\/annuelauto.ca\/"],"url":"https:\/\/news.canadamotorjobs.com\/fr\/author\/benoit-charette\/"}]}},"_links":{"self":[{"href":"https:\/\/news.canadamotorjobs.com\/fr\/wp-json\/wp\/v2\/posts\/166318"}],"collection":[{"href":"https:\/\/news.canadamotorjobs.com\/fr\/wp-json\/wp\/v2\/posts"}],"about":[{"href":"https:\/\/news.canadamotorjobs.com\/fr\/wp-json\/wp\/v2\/types\/post"}],"author":[{"embeddable":true,"href":"https:\/\/news.canadamotorjobs.com\/fr\/wp-json\/wp\/v2\/users\/8"}],"replies":[{"embeddable":true,"href":"https:\/\/news.canadamotorjobs.com\/fr\/wp-json\/wp\/v2\/comments?post=166318"}],"version-history":[{"count":2,"href":"https:\/\/news.canadamotorjobs.com\/fr\/wp-json\/wp\/v2\/posts\/166318\/revisions"}],"predecessor-version":[{"id":166322,"href":"https:\/\/news.canadamotorjobs.com\/fr\/wp-json\/wp\/v2\/posts\/166318\/revisions\/166322"}],"wp:featuredmedia":[{"embeddable":true,"href":"https:\/\/news.canadamotorjobs.com\/fr\/wp-json\/wp\/v2\/media\/166320"}],"wp:attachment":[{"href":"https:\/\/news.canadamotorjobs.com\/fr\/wp-json\/wp\/v2\/media?parent=166318"}],"wp:term":[{"taxonomy":"category","embeddable":true,"href":"https:\/\/news.canadamotorjobs.com\/fr\/wp-json\/wp\/v2\/categories?post=166318"},{"taxonomy":"post_tag","embeddable":true,"href":"https:\/\/news.canadamotorjobs.com\/fr\/wp-json\/wp\/v2\/tags?post=166318"}],"curies":[{"name":"wp","href":"https:\/\/api.w.org\/{rel}","templated":true}]}}