{"id":166244,"date":"2024-06-03T08:01:54","date_gmt":"2024-06-03T12:01:54","guid":{"rendered":"https:\/\/news.canadamotorjobs.com\/?p=166244"},"modified":"2024-06-03T08:16:12","modified_gmt":"2024-06-03T12:16:12","slug":"porsche-confronte-a-un-recours-collectif-aux-etats-unis","status":"publish","type":"post","link":"https:\/\/news.canadamotorjobs.com\/fr\/porsche-confronte-a-un-recours-collectif-aux-etats-unis\/","title":{"rendered":"Porsche confront\u00e9 \u00e0 un recours collectif aux \u00c9tats-Unis"},"content":{"rendered":"<\/p>\n<h3>Probl\u00e8mes R\u00e9p\u00e9t\u00e9s de Bo\u00eetier de Transfert<\/h3>\n<p>\nLes propri\u00e9taires de Porsche Cayenne et Macan se plaignent depuis un certain temps de la d\u00e9faillance fr\u00e9quente des bo\u00eetiers de transfert sur ces mod\u00e8les. Bien que Porsche ait offert une garantie prolong\u00e9e de sept ans sur le Cayenne, certains propri\u00e9taires affirment ne pas avoir \u00e9t\u00e9 inform\u00e9s de cette offre et que le constructeur n&#8217;a pas ad\u00e9quatement r\u00e9solu le probl\u00e8me.<\/p>\n<h3>Lancement d\u2019un recours collectif<\/h3>\n<p>\nUn propri\u00e9taire de Cayenne 2016 \u00e0 Los Angeles, Saman Kohanof, a lanc\u00e9 recours collectif contre le constructeur. Kohanof, qui a achet\u00e9 son Cayenne en juin 2015, a constat\u00e9 en fin 2023 que son v\u00e9hicule, avec seulement 60 000 miles (96 560 km) au compteur, pr\u00e9sentait des probl\u00e8mes de &#8220;secousses, \u00e0-coups, rebonds, clics&#8221; li\u00e9s au bo\u00eetier de transfert.<\/p>\n<h3>Co\u00fbts de R\u00e9paration \u00c9lev\u00e9s<\/h3>\n<p>\nLorsqu&#8217;il a emmen\u00e9 son Cayenne chez un m\u00e9canicien ind\u00e9pendant, on lui a propos\u00e9 une r\u00e9paration \u00e0 environ 5 000 $. En 2024, Kohanof a d\u00e9couvert que de nombreux propri\u00e9taires de VUS Porsche se plaignaient des probl\u00e8mes de bo\u00eetier de transfert et qu&#8217;une garantie prolong\u00e9e de sept ans avait \u00e9t\u00e9 \u00e9mise pour son Cayenne.<\/p>\n<h3>R\u00e9action de Porsche<\/h3>\n<p>\nPorsche d\u00e9crit le probl\u00e8me sur son site web comme concernant les Cayenne 2015-2018, d\u00fb \u00e0 de l&#8217;huile de transmission sale qui peut &#8220;provoquer des probl\u00e8mes de disques internes dans le m\u00e9canisme de transfert au cours de la dur\u00e9e de vie du v\u00e9hicule.&#8221; Cependant, Kohanof affirme que Porsche a refus\u00e9 de couvrir les r\u00e9parations de son v\u00e9hicule. Malgr\u00e9 ses demandes pour parler \u00e0 un responsable, il n&#8217;a pas encore obtenu de r\u00e9ponse. Porsche n&#8217;a pas r\u00e9pondu imm\u00e9diatement \u00e0 une demande de commentaire.<\/p>\n<h3>Arr\u00eat de Conduite et Poursuite<\/h3>\n<p>\nKohanof a cess\u00e9 de conduire son Cayenne \u00e0 cause des secousses et all\u00e8gue que de l&#8217;huile a fui sur les pneus. Il pense \u00e9galement que Porsche n&#8217;a pas suffisamment inform\u00e9 les propri\u00e9taires de l&#8217;existence de la garantie prolong\u00e9e, que les mesures prises \u00e9taient insuffisantes et que le constructeur n&#8217;a pas r\u00e9solu les probl\u00e8mes sous-jacents du bo\u00eetier de transfert malgr\u00e9 les plaintes re\u00e7ues d\u00e8s 2011.<\/p>\n<h3>Accusations et Demandes<\/h3>\n<p>\nLe plaignant demande un proc\u00e8s avec jury et accuse Porsche de dissimulation frauduleuse, de violation de la California Consumer Legal Remedies Act, de la California Unfair Competition Law, de rupture de garantie implicite, de rupture de garantie expresse, de violation du Magnuson-Moss Act et de la Song-Beverly Consumer Warranty Act. Kohanof cherche \u00e0 obtenir le statut de recours collectif pour tous les propri\u00e9taires de Cayenne et Macan concern\u00e9s \u00e0 travers le pays, la restitution des sommes obtenues par Porsche gr\u00e2ce \u00e0 ses actes r\u00e9pr\u00e9hensibles, une indemnisation et des dommages pour les pr\u00e9judices subis en raison de ce d\u00e9faut all\u00e9gu\u00e9.<\/p>\n<p>\u00a0<\/p>\n<p>Avec des renseignements de Carscoops<\/p>\n<p>\u00a0<\/p>\n<p>Le texte <a rel=\"nofollow\" href=\"https:\/\/annuelauto.ca\/porsche-confronte-a-un-recours-collectif-aux-etats-unis\/\">Porsche confront\u00e9 \u00e0 un recours collectif aux \u00c9tats-Unis<\/a> provient de <a rel=\"nofollow\" href=\"https:\/\/annuelauto.ca\">L&#8217;annuel de l&#8217;automobile &#8211; Actualit\u00e9 automobile<\/a><\/p>\n<p><\/p>\n","protected":false},"excerpt":{"rendered":"<p>Probl\u00e8mes R\u00e9p\u00e9t\u00e9s de Bo\u00eetier de Transfert Les propri\u00e9taires de Porsche Cayenne et Macan se plaignent depuis un certain temps de la d\u00e9faillance fr\u00e9quente des bo\u00eetiers de transfert sur ces mod\u00e8les. Bien que Porsche ait offert une garantie prolong\u00e9e de sept ans sur le Cayenne, certains propri\u00e9taires affirment ne pas avoir \u00e9t\u00e9 inform\u00e9s de cette offre [&hellip;]<\/p>\n","protected":false},"author":8,"featured_media":166246,"comment_status":"close","ping_status":"closed","sticky":false,"template":"","format":"standard","meta":{"_monsterinsights_skip_tracking":false,"_monsterinsights_sitenote_active":false,"_monsterinsights_sitenote_note":"","_monsterinsights_sitenote_category":0,"footnotes":""},"categories":[101],"tags":[],"yoast_head":"<!-- This site is optimized with the Yoast SEO plugin v23.2 - https:\/\/yoast.com\/wordpress\/plugins\/seo\/ -->\n<title>Porsche confront\u00e9 \u00e0 un recours collectif aux \u00c9tats-Unis - CanadaMotorJobs.com<\/title>\n<meta name=\"description\" content=\"Porsche confront\u00e9 \u00e0 un recours collectif aux \u00c9tats-Unis - Benoit Charette - Annuel automobile - CanadaMotorJobs.com.\" \/>\n<meta name=\"robots\" content=\"index, follow, max-snippet:-1, max-image-preview:large, max-video-preview:-1\" \/>\n<meta property=\"og:locale\" content=\"fr_CA\" \/>\n<meta property=\"og:type\" content=\"article\" \/>\n<meta property=\"og:title\" content=\"Porsche confront\u00e9 \u00e0 un recours collectif aux \u00c9tats-Unis - CanadaMotorJobs.com\" \/>\n<meta property=\"og:description\" content=\"Porsche confront\u00e9 \u00e0 un recours collectif aux \u00c9tats-Unis - Benoit Charette - Annuel automobile - CanadaMotorJobs.com.\" \/>\n<meta property=\"og:url\" content=\"https:\/\/news.canadamotorjobs.com\/fr\/porsche-confronte-a-un-recours-collectif-aux-etats-unis\/\" \/>\n<meta property=\"og:site_name\" content=\"CanadaMotorJobs.com\" \/>\n<meta property=\"article:publisher\" content=\"https:\/\/www.facebook.com\/canadamotorjobs\/\" \/>\n<meta property=\"article:published_time\" content=\"2024-06-03T12:01:54+00:00\" \/>\n<meta property=\"article:modified_time\" content=\"2024-06-03T12:16:12+00:00\" \/>\n<meta property=\"og:image\" content=\"https:\/\/news.canadamotorjobs.com\/wp-content\/uploads\/2024\/06\/por-cay-01.jpg\" \/>\n\t<meta property=\"og:image:width\" content=\"1024\" \/>\n\t<meta property=\"og:image:height\" content=\"683\" \/>\n\t<meta property=\"og:image:type\" content=\"image\/jpeg\" \/>\n<meta name=\"author\" content=\"Benoit Charette\" \/>\n<meta name=\"twitter:card\" content=\"summary_large_image\" \/>\n<meta name=\"twitter:creator\" content=\"@canadamotorjobs\" \/>\n<meta name=\"twitter:site\" content=\"@canadamotorjobs\" \/>\n<meta name=\"twitter:label1\" content=\"\u00c9crit par\" \/>\n\t<meta name=\"twitter:data1\" content=\"Benoit Charette\" \/>\n\t<meta name=\"twitter:label2\" content=\"Estimation du temps de lecture\" \/>\n\t<meta name=\"twitter:data2\" content=\"3 minutes\" \/>\n<!-- \/ Yoast SEO plugin. -->","yoast_head_json":{"title":"Porsche confront\u00e9 \u00e0 un recours collectif aux \u00c9tats-Unis - CanadaMotorJobs.com","description":"Porsche confront\u00e9 \u00e0 un recours collectif aux \u00c9tats-Unis - Benoit Charette - Annuel automobile - CanadaMotorJobs.com.","robots":{"index":"index","follow":"follow","max-snippet":"max-snippet:-1","max-image-preview":"max-image-preview:large","max-video-preview":"max-video-preview:-1"},"og_locale":"fr_CA","og_type":"article","og_title":"Porsche confront\u00e9 \u00e0 un recours collectif aux \u00c9tats-Unis - CanadaMotorJobs.com","og_description":"Porsche confront\u00e9 \u00e0 un recours collectif aux \u00c9tats-Unis - Benoit Charette - Annuel automobile - CanadaMotorJobs.com.","og_url":"https:\/\/news.canadamotorjobs.com\/fr\/porsche-confronte-a-un-recours-collectif-aux-etats-unis\/","og_site_name":"CanadaMotorJobs.com","article_publisher":"https:\/\/www.facebook.com\/canadamotorjobs\/","article_published_time":"2024-06-03T12:01:54+00:00","article_modified_time":"2024-06-03T12:16:12+00:00","og_image":[{"width":1024,"height":683,"url":"https:\/\/news.canadamotorjobs.com\/wp-content\/uploads\/2024\/06\/por-cay-01.jpg","type":"image\/jpeg"}],"author":"Benoit Charette","twitter_card":"summary_large_image","twitter_creator":"@canadamotorjobs","twitter_site":"@canadamotorjobs","twitter_misc":{"\u00c9crit par":"Benoit Charette","Estimation du temps de lecture":"3 minutes"},"schema":{"@context":"https:\/\/schema.org","@graph":[{"@type":"Article","@id":"https:\/\/news.canadamotorjobs.com\/fr\/porsche-confronte-a-un-recours-collectif-aux-etats-unis\/#article","isPartOf":{"@id":"https:\/\/news.canadamotorjobs.com\/fr\/porsche-confronte-a-un-recours-collectif-aux-etats-unis\/"},"author":{"name":"Benoit Charette","@id":"https:\/\/news.canadamotorjobs.com\/#\/schema\/person\/51793d1f87d44011d7bcc2ed99269a90"},"headline":"Porsche confront\u00e9 \u00e0 un recours collectif aux \u00c9tats-Unis","datePublished":"2024-06-03T12:01:54+00:00","dateModified":"2024-06-03T12:16:12+00:00","mainEntityOfPage":{"@id":"https:\/\/news.canadamotorjobs.com\/fr\/porsche-confronte-a-un-recours-collectif-aux-etats-unis\/"},"wordCount":522,"publisher":{"@id":"https:\/\/news.canadamotorjobs.com\/#organization"},"image":{"@id":"https:\/\/news.canadamotorjobs.com\/fr\/porsche-confronte-a-un-recours-collectif-aux-etats-unis\/#primaryimage"},"thumbnailUrl":"https:\/\/news.canadamotorjobs.com\/wp-content\/uploads\/2024\/06\/por-cay-01.jpg","articleSection":["Annuel automobile"],"inLanguage":"fr-CA"},{"@type":"WebPage","@id":"https:\/\/news.canadamotorjobs.com\/fr\/porsche-confronte-a-un-recours-collectif-aux-etats-unis\/","url":"https:\/\/news.canadamotorjobs.com\/fr\/porsche-confronte-a-un-recours-collectif-aux-etats-unis\/","name":"Porsche confront\u00e9 \u00e0 un recours collectif aux \u00c9tats-Unis - CanadaMotorJobs.com","isPartOf":{"@id":"https:\/\/news.canadamotorjobs.com\/#website"},"primaryImageOfPage":{"@id":"https:\/\/news.canadamotorjobs.com\/fr\/porsche-confronte-a-un-recours-collectif-aux-etats-unis\/#primaryimage"},"image":{"@id":"https:\/\/news.canadamotorjobs.com\/fr\/porsche-confronte-a-un-recours-collectif-aux-etats-unis\/#primaryimage"},"thumbnailUrl":"https:\/\/news.canadamotorjobs.com\/wp-content\/uploads\/2024\/06\/por-cay-01.jpg","datePublished":"2024-06-03T12:01:54+00:00","dateModified":"2024-06-03T12:16:12+00:00","description":"Porsche confront\u00e9 \u00e0 un recours collectif aux \u00c9tats-Unis - Benoit Charette - Annuel automobile - CanadaMotorJobs.com.","breadcrumb":{"@id":"https:\/\/news.canadamotorjobs.com\/fr\/porsche-confronte-a-un-recours-collectif-aux-etats-unis\/#breadcrumb"},"inLanguage":"fr-CA","potentialAction":[{"@type":"ReadAction","target":["https:\/\/news.canadamotorjobs.com\/fr\/porsche-confronte-a-un-recours-collectif-aux-etats-unis\/"]}]},{"@type":"ImageObject","inLanguage":"fr-CA","@id":"https:\/\/news.canadamotorjobs.com\/fr\/porsche-confronte-a-un-recours-collectif-aux-etats-unis\/#primaryimage","url":"https:\/\/news.canadamotorjobs.com\/wp-content\/uploads\/2024\/06\/por-cay-01.jpg","contentUrl":"https:\/\/news.canadamotorjobs.com\/wp-content\/uploads\/2024\/06\/por-cay-01.jpg","width":1024,"height":683},{"@type":"BreadcrumbList","@id":"https:\/\/news.canadamotorjobs.com\/fr\/porsche-confronte-a-un-recours-collectif-aux-etats-unis\/#breadcrumb","itemListElement":[{"@type":"ListItem","position":1,"name":"Home","item":"https:\/\/news.canadamotorjobs.com\/fr\/blog\/"},{"@type":"ListItem","position":2,"name":"Porsche confront\u00e9 \u00e0 un recours collectif aux \u00c9tats-Unis"}]},{"@type":"WebSite","@id":"https:\/\/news.canadamotorjobs.com\/#website","url":"https:\/\/news.canadamotorjobs.com\/","name":"CanadaMotorJobs.com","description":"Automotive Jobs","publisher":{"@id":"https:\/\/news.canadamotorjobs.com\/#organization"},"potentialAction":[{"@type":"SearchAction","target":{"@type":"EntryPoint","urlTemplate":"https:\/\/news.canadamotorjobs.com\/?s={search_term_string}"},"query-input":"required name=search_term_string"}],"inLanguage":"fr-CA"},{"@type":"Organization","@id":"https:\/\/news.canadamotorjobs.com\/#organization","name":"Canada Motor Jobs","url":"https:\/\/news.canadamotorjobs.com\/","logo":{"@type":"ImageObject","inLanguage":"fr-CA","@id":"https:\/\/news.canadamotorjobs.com\/#\/schema\/logo\/image\/","url":"https:\/\/news.canadamotorjobs.com\/wp-content\/uploads\/2022\/10\/logo-canada-motor-jobs-1.png","contentUrl":"https:\/\/news.canadamotorjobs.com\/wp-content\/uploads\/2022\/10\/logo-canada-motor-jobs-1.png","width":800,"height":400,"caption":"Canada Motor Jobs"},"image":{"@id":"https:\/\/news.canadamotorjobs.com\/#\/schema\/logo\/image\/"},"sameAs":["https:\/\/www.facebook.com\/canadamotorjobs\/","https:\/\/x.com\/canadamotorjobs","https:\/\/www.instagram.com\/canadamotorjobs\/","https:\/\/www.linkedin.com\/company\/canadamotorjobs"]},{"@type":"Person","@id":"https:\/\/news.canadamotorjobs.com\/#\/schema\/person\/51793d1f87d44011d7bcc2ed99269a90","name":"Benoit Charette","image":{"@type":"ImageObject","inLanguage":"fr-CA","@id":"https:\/\/news.canadamotorjobs.com\/#\/schema\/person\/image\/","url":"https:\/\/secure.gravatar.com\/avatar\/45f3d2eebcccd909668d7ce7ea7267b6?s=96&d=mm&r=g","contentUrl":"https:\/\/secure.gravatar.com\/avatar\/45f3d2eebcccd909668d7ce7ea7267b6?s=96&d=mm&r=g","caption":"Benoit Charette"},"description":"Benoit Charette \/ Propri\u00e9taire et r\u00e9dacteur en chef Benoit Charette pratique le journalisme automobile depuis bient\u00f4t 30 ans. Il a fait ses classes au c\u00f4t\u00e9 de Daniel H\u00e9raud et au Carnet de route de 1992 \u00e0 2001. Il est fondateur, copropri\u00e9taire et r\u00e9dacteur en chef de L\u2019Annuel de l\u2019automobile, qu\u2019il publie depuis 2001. Il a anim\u00e9 les \u00e9missions RPM et RPM+ sur V et les L\u00e9gendes de la route sur Historia. \u00c0 la radio depuis 1986, il reprend l\u2019antenne cette ann\u00e9e sur les ondes de Cogeco et participe pour la deuxi\u00e8me ann\u00e9e \u00e0 l\u2019\u00e9mission Passion Auto sur RDS en plus de mettre en ligne le site Web officiel de L\u2019Annuel de l\u2019automobile sur annuelauto.ca.","sameAs":["https:\/\/annuelauto.ca\/"],"url":"https:\/\/news.canadamotorjobs.com\/fr\/author\/benoit-charette\/"}]}},"_links":{"self":[{"href":"https:\/\/news.canadamotorjobs.com\/fr\/wp-json\/wp\/v2\/posts\/166244"}],"collection":[{"href":"https:\/\/news.canadamotorjobs.com\/fr\/wp-json\/wp\/v2\/posts"}],"about":[{"href":"https:\/\/news.canadamotorjobs.com\/fr\/wp-json\/wp\/v2\/types\/post"}],"author":[{"embeddable":true,"href":"https:\/\/news.canadamotorjobs.com\/fr\/wp-json\/wp\/v2\/users\/8"}],"replies":[{"embeddable":true,"href":"https:\/\/news.canadamotorjobs.com\/fr\/wp-json\/wp\/v2\/comments?post=166244"}],"version-history":[{"count":2,"href":"https:\/\/news.canadamotorjobs.com\/fr\/wp-json\/wp\/v2\/posts\/166244\/revisions"}],"predecessor-version":[{"id":166248,"href":"https:\/\/news.canadamotorjobs.com\/fr\/wp-json\/wp\/v2\/posts\/166244\/revisions\/166248"}],"wp:featuredmedia":[{"embeddable":true,"href":"https:\/\/news.canadamotorjobs.com\/fr\/wp-json\/wp\/v2\/media\/166246"}],"wp:attachment":[{"href":"https:\/\/news.canadamotorjobs.com\/fr\/wp-json\/wp\/v2\/media?parent=166244"}],"wp:term":[{"taxonomy":"category","embeddable":true,"href":"https:\/\/news.canadamotorjobs.com\/fr\/wp-json\/wp\/v2\/categories?post=166244"},{"taxonomy":"post_tag","embeddable":true,"href":"https:\/\/news.canadamotorjobs.com\/fr\/wp-json\/wp\/v2\/tags?post=166244"}],"curies":[{"name":"wp","href":"https:\/\/api.w.org\/{rel}","templated":true}]}}