{"id":166171,"date":"2024-06-02T07:44:37","date_gmt":"2024-06-02T11:44:37","guid":{"rendered":"https:\/\/news.canadamotorjobs.com\/?p=166171"},"modified":"2024-06-02T08:03:56","modified_gmt":"2024-06-02T12:03:56","slug":"recours-collectif-contre-genesis-aux-etats-unis","status":"publish","type":"post","link":"https:\/\/news.canadamotorjobs.com\/fr\/recours-collectif-contre-genesis-aux-etats-unis\/","title":{"rendered":"Recours collectif contre Genesis aux \u00c9tats-Unis"},"content":{"rendered":"<\/p>\n<p>Les propri\u00e9taires de Hyundai Genesis se plaignent de l&#8217;oxydation pr\u00e9matur\u00e9e du vernis et de la peinture, entra\u00eenant un affaiblissement et un \u00e9caillage de la surface. Une action collective en justice a \u00e9t\u00e9 d\u00e9pos\u00e9e \u00e0 New York, all\u00e9guant que Hyundai a ignor\u00e9 les rapports sur ce probl\u00e8me et cherche d\u00e9sormais une compensation financi\u00e8re. Des cas similaires de peinture blanche \u00e9caill\u00e9e sur des v\u00e9hicules Hyundai ont \u00e9t\u00e9 signal\u00e9s en ligne.<\/p>\n<h3><strong>Recours collectif contre Hyundai<\/strong><\/h3>\n<p>\nHyundai fait face \u00e0 une poursuite collective \u00e0 New York concernant des dommages pr\u00e9sum\u00e9s de peinture sur les mod\u00e8les Genesis. Les propri\u00e9taires rapportent que le vernis et la peinture de leurs Hyundai Genesis s&#8217;oxydent, s&#8217;affaiblissent et s&#8217;\u00e9caillent pr\u00e9matur\u00e9ment, malgr\u00e9 la position premium du v\u00e9hicule. Les probl\u00e8mes de peinture apparaissent g\u00e9n\u00e9ralement deux ou trois ans apr\u00e8s la date de production du mod\u00e8le. L&#8217;oxydation pr\u00e9coce entra\u00eene la d\u00e9coloration, le changement de couleur et l&#8217;\u00e9caillage de la peinture. Sur les mod\u00e8les Hyundai Genesis de couleur cr\u00e8me et blanche, la peinture ext\u00e9rieure prendrait une teinte jaune ou orange.<\/p>\n<h3><strong>R\u00e9parations co\u00fbteuses ignor\u00e9es par Hyundai<\/strong><\/h3>\n<p>\nLes estimations des r\u00e9parations pour ces dommages varient de 200 $ \u00e0 1 800 $, selon la gravit\u00e9, certains propri\u00e9taires pr\u00e9f\u00e9rant vivre avec les d\u00e9g\u00e2ts pour \u00e9viter les co\u00fbts. La poursuite affirme que ceux qui ont signal\u00e9 le probl\u00e8me \u00e0 Hyundai ont \u00e9t\u00e9 &#8220;ignor\u00e9s&#8221;, les obligeant \u00e0 r\u00e9parer les dommages eux-m\u00eames, Hyundai prenant &#8220;peu ou pas de responsabilit\u00e9&#8221;.<\/p>\n<h3><strong>Mod\u00e8les affect\u00e9s et comparaisons<\/strong><\/h3>\n<p>\nConcernant les v\u00e9hicules affect\u00e9s, la poursuite cite comme exemple la premi\u00e8re g\u00e9n\u00e9ration de la Hyundai Genesis 3.8 Sedan de 2013, vendue aux \u00c9tats-Unis de 2008 \u00e0 2016, avant que la deuxi\u00e8me g\u00e9n\u00e9ration ne soit renomm\u00e9e Genesis G80. Hyundai a \u00e9galement vendu un coup\u00e9 Genesis pour les ann\u00e9es mod\u00e8les 2010-2016, bien qu&#8217;il soit incertain si ce mod\u00e8le pr\u00e9sente des d\u00e9fauts similaires dans le vernis\/la peinture. Les propri\u00e9taires croient que le probl\u00e8me \u00e9tait &#8220;clairement \u00e9vitable&#8221;, car les mod\u00e8les d&#8217;autres constructeurs n&#8217;ont pas rencontr\u00e9 de probl\u00e8mes similaires. Selon Top Class Actions, ils cherchent d\u00e9sormais des dommages-int\u00e9r\u00eats, des co\u00fbts et des frais, ainsi que les honoraires d&#8217;avocats et les frais de justice.<\/p>\n<h3><strong>Historique des probl\u00e8mes de peinture<br \/>\n<\/strong><\/h3>\n<p>\nFait int\u00e9ressant, ce n&#8217;est pas la premi\u00e8re fois que des probl\u00e8mes de peinture \u00e9caill\u00e9e sont signal\u00e9s sur des v\u00e9hicules Hyundai. Des propri\u00e9taires d&#8217;Inde, d&#8217;Australie, des \u00c9tats-Unis et d&#8217;autres pays ont cr\u00e9\u00e9 des groupes sur Facebook pour se plaindre des probl\u00e8mes de peinture qui semblent affecter les v\u00e9hicules blancs quelques ann\u00e9es apr\u00e8s l&#8217;achat. Le groupe Hyundai Paint Peel \/ Peeling compte actuellement 2 300 membres, tandis que le groupe australien Hyundai Peeling Paint compte plus de 2 mille membres. Certains utilisateurs publient des photos de peinture pr\u00e9tendument d\u00e9fectueuse sur leurs v\u00e9hicules de marque Hyundai, y compris des exemples de i20, i30, Tucson, Santa Fe, Elantra, Sonata et Genesis. Il est incertain si le probl\u00e8me provient de l&#8217;exposition des v\u00e9hicules \u00e0 des climats chauds ou s&#8217;il s&#8217;agit d&#8217;un d\u00e9faut d&#8217;usine.<\/p>\n<h3><strong>Conclusion<\/strong><\/h3>\n<p>\nLa poursuite, d\u00e9pos\u00e9e par le plaignant Gaetano Russo contre Hyundai Motor America, est qualifi\u00e9e de &#8220;fraude sur la propri\u00e9t\u00e9 personnelle&#8221;. D\u00e9pos\u00e9e le 15 mars 2024, l&#8217;affaire est en instance devant les tribunaux de district des \u00c9tats-Unis et le tribunal du district est de New York. Les propri\u00e9taires de Hyundai Genesis esp\u00e8rent obtenir une compensation pour les dommages subis en raison de la d\u00e9gradation pr\u00e9matur\u00e9e de la peinture de leurs v\u00e9hicules.<\/p>\n<p>\u00a0<\/p>\n<p>Avec des renseignements de Carscoops<\/p>\n<p>\u00a0<\/p>\n<p>Le texte <a rel=\"nofollow\" href=\"https:\/\/annuelauto.ca\/recours-collectif-contre-genesis-aux-etats-unis\/\">Recours collectif contre Genesis aux \u00c9tats-Unis<\/a> provient de <a rel=\"nofollow\" href=\"https:\/\/annuelauto.ca\">L&#8217;annuel de l&#8217;automobile &#8211; Actualit\u00e9 automobile<\/a><\/p>\n<p><\/p>\n","protected":false},"excerpt":{"rendered":"<p>Les propri\u00e9taires de Hyundai Genesis se plaignent de l&#8217;oxydation pr\u00e9matur\u00e9e du vernis et de la peinture, entra\u00eenant un affaiblissement et un \u00e9caillage de la surface. Une action collective en justice a \u00e9t\u00e9 d\u00e9pos\u00e9e \u00e0 New York, all\u00e9guant que Hyundai a ignor\u00e9 les rapports sur ce probl\u00e8me et cherche d\u00e9sormais une compensation financi\u00e8re. Des cas similaires [&hellip;]<\/p>\n","protected":false},"author":8,"featured_media":166173,"comment_status":"close","ping_status":"closed","sticky":false,"template":"","format":"standard","meta":{"_monsterinsights_skip_tracking":false,"_monsterinsights_sitenote_active":false,"_monsterinsights_sitenote_note":"","_monsterinsights_sitenote_category":0,"footnotes":""},"categories":[101],"tags":[],"yoast_head":"<!-- This site is optimized with the Yoast SEO plugin v23.2 - https:\/\/yoast.com\/wordpress\/plugins\/seo\/ -->\n<title>Recours collectif contre Genesis aux \u00c9tats-Unis - CanadaMotorJobs.com<\/title>\n<meta name=\"description\" content=\"Recours collectif contre Genesis aux \u00c9tats-Unis - Benoit Charette - Annuel automobile - CanadaMotorJobs.com.\" \/>\n<meta name=\"robots\" content=\"index, follow, max-snippet:-1, max-image-preview:large, max-video-preview:-1\" \/>\n<meta property=\"og:locale\" content=\"fr_CA\" \/>\n<meta property=\"og:type\" content=\"article\" \/>\n<meta property=\"og:title\" content=\"Recours collectif contre Genesis aux \u00c9tats-Unis - CanadaMotorJobs.com\" \/>\n<meta property=\"og:description\" content=\"Recours collectif contre Genesis aux \u00c9tats-Unis - Benoit Charette - Annuel automobile - CanadaMotorJobs.com.\" \/>\n<meta property=\"og:url\" content=\"https:\/\/news.canadamotorjobs.com\/fr\/recours-collectif-contre-genesis-aux-etats-unis\/\" \/>\n<meta property=\"og:site_name\" content=\"CanadaMotorJobs.com\" \/>\n<meta property=\"article:publisher\" content=\"https:\/\/www.facebook.com\/canadamotorjobs\/\" \/>\n<meta property=\"article:published_time\" content=\"2024-06-02T11:44:37+00:00\" \/>\n<meta property=\"article:modified_time\" content=\"2024-06-02T12:03:56+00:00\" \/>\n<meta property=\"og:image\" content=\"https:\/\/news.canadamotorjobs.com\/wp-content\/uploads\/2024\/06\/IMG_5508-1024x683-1.jpg\" \/>\n\t<meta property=\"og:image:width\" content=\"1024\" \/>\n\t<meta property=\"og:image:height\" content=\"683\" \/>\n\t<meta property=\"og:image:type\" content=\"image\/jpeg\" \/>\n<meta name=\"author\" content=\"Benoit Charette\" \/>\n<meta name=\"twitter:card\" content=\"summary_large_image\" \/>\n<meta name=\"twitter:creator\" content=\"@canadamotorjobs\" \/>\n<meta name=\"twitter:site\" content=\"@canadamotorjobs\" \/>\n<meta name=\"twitter:label1\" content=\"\u00c9crit par\" \/>\n\t<meta name=\"twitter:data1\" content=\"Benoit Charette\" \/>\n\t<meta name=\"twitter:label2\" content=\"Estimation du temps de lecture\" \/>\n\t<meta name=\"twitter:data2\" content=\"3 minutes\" \/>\n<!-- \/ Yoast SEO plugin. -->","yoast_head_json":{"title":"Recours collectif contre Genesis aux \u00c9tats-Unis - CanadaMotorJobs.com","description":"Recours collectif contre Genesis aux \u00c9tats-Unis - Benoit Charette - Annuel automobile - CanadaMotorJobs.com.","robots":{"index":"index","follow":"follow","max-snippet":"max-snippet:-1","max-image-preview":"max-image-preview:large","max-video-preview":"max-video-preview:-1"},"og_locale":"fr_CA","og_type":"article","og_title":"Recours collectif contre Genesis aux \u00c9tats-Unis - CanadaMotorJobs.com","og_description":"Recours collectif contre Genesis aux \u00c9tats-Unis - Benoit Charette - Annuel automobile - CanadaMotorJobs.com.","og_url":"https:\/\/news.canadamotorjobs.com\/fr\/recours-collectif-contre-genesis-aux-etats-unis\/","og_site_name":"CanadaMotorJobs.com","article_publisher":"https:\/\/www.facebook.com\/canadamotorjobs\/","article_published_time":"2024-06-02T11:44:37+00:00","article_modified_time":"2024-06-02T12:03:56+00:00","og_image":[{"width":1024,"height":683,"url":"https:\/\/news.canadamotorjobs.com\/wp-content\/uploads\/2024\/06\/IMG_5508-1024x683-1.jpg","type":"image\/jpeg"}],"author":"Benoit Charette","twitter_card":"summary_large_image","twitter_creator":"@canadamotorjobs","twitter_site":"@canadamotorjobs","twitter_misc":{"\u00c9crit par":"Benoit Charette","Estimation du temps de lecture":"3 minutes"},"schema":{"@context":"https:\/\/schema.org","@graph":[{"@type":"Article","@id":"https:\/\/news.canadamotorjobs.com\/fr\/recours-collectif-contre-genesis-aux-etats-unis\/#article","isPartOf":{"@id":"https:\/\/news.canadamotorjobs.com\/fr\/recours-collectif-contre-genesis-aux-etats-unis\/"},"author":{"name":"Benoit Charette","@id":"https:\/\/news.canadamotorjobs.com\/#\/schema\/person\/51793d1f87d44011d7bcc2ed99269a90"},"headline":"Recours collectif contre Genesis aux \u00c9tats-Unis","datePublished":"2024-06-02T11:44:37+00:00","dateModified":"2024-06-02T12:03:56+00:00","mainEntityOfPage":{"@id":"https:\/\/news.canadamotorjobs.com\/fr\/recours-collectif-contre-genesis-aux-etats-unis\/"},"wordCount":672,"publisher":{"@id":"https:\/\/news.canadamotorjobs.com\/#organization"},"image":{"@id":"https:\/\/news.canadamotorjobs.com\/fr\/recours-collectif-contre-genesis-aux-etats-unis\/#primaryimage"},"thumbnailUrl":"https:\/\/news.canadamotorjobs.com\/wp-content\/uploads\/2024\/06\/IMG_5508-1024x683-1.jpg","articleSection":["Annuel automobile"],"inLanguage":"fr-CA"},{"@type":"WebPage","@id":"https:\/\/news.canadamotorjobs.com\/fr\/recours-collectif-contre-genesis-aux-etats-unis\/","url":"https:\/\/news.canadamotorjobs.com\/fr\/recours-collectif-contre-genesis-aux-etats-unis\/","name":"Recours collectif contre Genesis aux \u00c9tats-Unis - CanadaMotorJobs.com","isPartOf":{"@id":"https:\/\/news.canadamotorjobs.com\/#website"},"primaryImageOfPage":{"@id":"https:\/\/news.canadamotorjobs.com\/fr\/recours-collectif-contre-genesis-aux-etats-unis\/#primaryimage"},"image":{"@id":"https:\/\/news.canadamotorjobs.com\/fr\/recours-collectif-contre-genesis-aux-etats-unis\/#primaryimage"},"thumbnailUrl":"https:\/\/news.canadamotorjobs.com\/wp-content\/uploads\/2024\/06\/IMG_5508-1024x683-1.jpg","datePublished":"2024-06-02T11:44:37+00:00","dateModified":"2024-06-02T12:03:56+00:00","description":"Recours collectif contre Genesis aux \u00c9tats-Unis - Benoit Charette - Annuel automobile - CanadaMotorJobs.com.","breadcrumb":{"@id":"https:\/\/news.canadamotorjobs.com\/fr\/recours-collectif-contre-genesis-aux-etats-unis\/#breadcrumb"},"inLanguage":"fr-CA","potentialAction":[{"@type":"ReadAction","target":["https:\/\/news.canadamotorjobs.com\/fr\/recours-collectif-contre-genesis-aux-etats-unis\/"]}]},{"@type":"ImageObject","inLanguage":"fr-CA","@id":"https:\/\/news.canadamotorjobs.com\/fr\/recours-collectif-contre-genesis-aux-etats-unis\/#primaryimage","url":"https:\/\/news.canadamotorjobs.com\/wp-content\/uploads\/2024\/06\/IMG_5508-1024x683-1.jpg","contentUrl":"https:\/\/news.canadamotorjobs.com\/wp-content\/uploads\/2024\/06\/IMG_5508-1024x683-1.jpg","width":1024,"height":683},{"@type":"BreadcrumbList","@id":"https:\/\/news.canadamotorjobs.com\/fr\/recours-collectif-contre-genesis-aux-etats-unis\/#breadcrumb","itemListElement":[{"@type":"ListItem","position":1,"name":"Home","item":"https:\/\/news.canadamotorjobs.com\/fr\/blog\/"},{"@type":"ListItem","position":2,"name":"Recours collectif contre Genesis aux \u00c9tats-Unis"}]},{"@type":"WebSite","@id":"https:\/\/news.canadamotorjobs.com\/#website","url":"https:\/\/news.canadamotorjobs.com\/","name":"CanadaMotorJobs.com","description":"Automotive Jobs","publisher":{"@id":"https:\/\/news.canadamotorjobs.com\/#organization"},"potentialAction":[{"@type":"SearchAction","target":{"@type":"EntryPoint","urlTemplate":"https:\/\/news.canadamotorjobs.com\/?s={search_term_string}"},"query-input":"required name=search_term_string"}],"inLanguage":"fr-CA"},{"@type":"Organization","@id":"https:\/\/news.canadamotorjobs.com\/#organization","name":"Canada Motor Jobs","url":"https:\/\/news.canadamotorjobs.com\/","logo":{"@type":"ImageObject","inLanguage":"fr-CA","@id":"https:\/\/news.canadamotorjobs.com\/#\/schema\/logo\/image\/","url":"https:\/\/news.canadamotorjobs.com\/wp-content\/uploads\/2022\/10\/logo-canada-motor-jobs-1.png","contentUrl":"https:\/\/news.canadamotorjobs.com\/wp-content\/uploads\/2022\/10\/logo-canada-motor-jobs-1.png","width":800,"height":400,"caption":"Canada Motor Jobs"},"image":{"@id":"https:\/\/news.canadamotorjobs.com\/#\/schema\/logo\/image\/"},"sameAs":["https:\/\/www.facebook.com\/canadamotorjobs\/","https:\/\/x.com\/canadamotorjobs","https:\/\/www.instagram.com\/canadamotorjobs\/","https:\/\/www.linkedin.com\/company\/canadamotorjobs"]},{"@type":"Person","@id":"https:\/\/news.canadamotorjobs.com\/#\/schema\/person\/51793d1f87d44011d7bcc2ed99269a90","name":"Benoit Charette","image":{"@type":"ImageObject","inLanguage":"fr-CA","@id":"https:\/\/news.canadamotorjobs.com\/#\/schema\/person\/image\/","url":"https:\/\/secure.gravatar.com\/avatar\/45f3d2eebcccd909668d7ce7ea7267b6?s=96&d=mm&r=g","contentUrl":"https:\/\/secure.gravatar.com\/avatar\/45f3d2eebcccd909668d7ce7ea7267b6?s=96&d=mm&r=g","caption":"Benoit Charette"},"description":"Benoit Charette \/ Propri\u00e9taire et r\u00e9dacteur en chef Benoit Charette pratique le journalisme automobile depuis bient\u00f4t 30 ans. Il a fait ses classes au c\u00f4t\u00e9 de Daniel H\u00e9raud et au Carnet de route de 1992 \u00e0 2001. Il est fondateur, copropri\u00e9taire et r\u00e9dacteur en chef de L\u2019Annuel de l\u2019automobile, qu\u2019il publie depuis 2001. Il a anim\u00e9 les \u00e9missions RPM et RPM+ sur V et les L\u00e9gendes de la route sur Historia. \u00c0 la radio depuis 1986, il reprend l\u2019antenne cette ann\u00e9e sur les ondes de Cogeco et participe pour la deuxi\u00e8me ann\u00e9e \u00e0 l\u2019\u00e9mission Passion Auto sur RDS en plus de mettre en ligne le site Web officiel de L\u2019Annuel de l\u2019automobile sur annuelauto.ca.","sameAs":["https:\/\/annuelauto.ca\/"],"url":"https:\/\/news.canadamotorjobs.com\/fr\/author\/benoit-charette\/"}]}},"_links":{"self":[{"href":"https:\/\/news.canadamotorjobs.com\/fr\/wp-json\/wp\/v2\/posts\/166171"}],"collection":[{"href":"https:\/\/news.canadamotorjobs.com\/fr\/wp-json\/wp\/v2\/posts"}],"about":[{"href":"https:\/\/news.canadamotorjobs.com\/fr\/wp-json\/wp\/v2\/types\/post"}],"author":[{"embeddable":true,"href":"https:\/\/news.canadamotorjobs.com\/fr\/wp-json\/wp\/v2\/users\/8"}],"replies":[{"embeddable":true,"href":"https:\/\/news.canadamotorjobs.com\/fr\/wp-json\/wp\/v2\/comments?post=166171"}],"version-history":[{"count":2,"href":"https:\/\/news.canadamotorjobs.com\/fr\/wp-json\/wp\/v2\/posts\/166171\/revisions"}],"predecessor-version":[{"id":166175,"href":"https:\/\/news.canadamotorjobs.com\/fr\/wp-json\/wp\/v2\/posts\/166171\/revisions\/166175"}],"wp:featuredmedia":[{"embeddable":true,"href":"https:\/\/news.canadamotorjobs.com\/fr\/wp-json\/wp\/v2\/media\/166173"}],"wp:attachment":[{"href":"https:\/\/news.canadamotorjobs.com\/fr\/wp-json\/wp\/v2\/media?parent=166171"}],"wp:term":[{"taxonomy":"category","embeddable":true,"href":"https:\/\/news.canadamotorjobs.com\/fr\/wp-json\/wp\/v2\/categories?post=166171"},{"taxonomy":"post_tag","embeddable":true,"href":"https:\/\/news.canadamotorjobs.com\/fr\/wp-json\/wp\/v2\/tags?post=166171"}],"curies":[{"name":"wp","href":"https:\/\/api.w.org\/{rel}","templated":true}]}}