{"id":166152,"date":"2024-06-02T06:59:38","date_gmt":"2024-06-02T10:59:38","guid":{"rendered":"https:\/\/news.canadamotorjobs.com\/?p=166152"},"modified":"2024-06-02T07:05:05","modified_gmt":"2024-06-02T11:05:05","slug":"toyota-va-rappeler-plus-de-100-000-tundra","status":"publish","type":"post","link":"https:\/\/news.canadamotorjobs.com\/fr\/toyota-va-rappeler-plus-de-100-000-tundra\/","title":{"rendered":"Toyota va rappeler plus de 100 000 Tundra"},"content":{"rendered":"<\/p>\n<p>Certains mod\u00e8les de Toyota Tundra et de Lexus LX font l&#8217;objet d&#8217;un rappel concernant leurs moteurs V6. Les propri\u00e9taires des mod\u00e8les concern\u00e9s seront contact\u00e9s d&#8217;ici juillet 2024. Les mod\u00e8les Tundra impliqu\u00e9s ont \u00e9galement fait l&#8217;objet d&#8217;un rappel massif l&#8217;ann\u00e9e derni\u00e8re.<\/p>\n<h3>Un probl\u00e8me de fiabilit\u00e9 pour la Tundra<\/h3>\n<p>\nLes v\u00e9hicules Toyota sont r\u00e9put\u00e9s pour leur fiabilit\u00e9, mais la Tundra se distingue malheureusement pour des raisons oppos\u00e9es. Le camion pleine grandeur fait face \u00e0 un nouveau rappel concernant le moteur V6 de la troisi\u00e8me g\u00e9n\u00e9ration relativement r\u00e9cente de la Toyota Tundra et de la quatri\u00e8me g\u00e9n\u00e9ration de la Lexus LX.<\/p>\n<p>Toyota a annonc\u00e9 que le rappel affecte environ 102 000 unit\u00e9s, couvrant les ann\u00e9es mod\u00e8les 2022-2023 vendues en Am\u00e9rique du Nord. Seuls les mod\u00e8les Lexus LX600 et Tundra \u00e0 essence conventionnelle sont touch\u00e9s, car le probl\u00e8me r\u00e9side dans les moteurs V6 susceptibles de s&#8217;arr\u00eater soudainement.<\/p>\n<h3>Quel est le probl\u00e8me avec le V6 ?<\/h3>\n<p>\nSelon Toyota, les moteurs V6 3,4 litres V35A-FTS \u00e0 double turbo trouv\u00e9s dans la Tundra et la LX pourraient contenir des d\u00e9bris de fabrication. Bien s\u00fbr, les moteurs ne devraient pas contenir de petits d\u00e9bris \u00e0 l&#8217;int\u00e9rieur, car ils pourraient entra\u00eener de multiples probl\u00e8mes.<\/p>\n<p>Dans ce cas, Toyota a d\u00e9clar\u00e9 que les d\u00e9bris pourraient provoquer des cognements du moteur, un fonctionnement irr\u00e9gulier, une perte de puissance ou m\u00eame une incapacit\u00e9 \u00e0 d\u00e9marrer. En cas de perte de puissance motrice \u00e0 haute vitesse, le pire sc\u00e9nario pourrait \u00eatre un accident, bien que Toyota n&#8217;ait pas mentionn\u00e9 si des accidents avaient \u00e9t\u00e9 signal\u00e9s en lien avec ce probl\u00e8me.<\/p>\n<h3>Ann\u00e9es mod\u00e8les probl\u00e9matiques<\/h3>\n<p>\nToyota a indiqu\u00e9 qu&#8217;elle est en train de d\u00e9velopper une solution pour ce probl\u00e8me, mais n&#8217;a pas pr\u00e9cis\u00e9 la marche \u00e0 suivre. Les propri\u00e9taires seront contact\u00e9s d&#8217;ici juillet 2024. Ils peuvent \u00e9galement visiter le portail de rappel de Toyota ou le site web de la National Highway Traffic Safety Administration (NHTSA) pour v\u00e9rifier si leur num\u00e9ro VIN fait partie du rappel. Il est \u00e0 noter que les documents relatifs \u00e0 ce rappel volontaire ne sont pas disponibles sur le site de la NHTSA \u00e0 la date de publication.<\/p>\n<p>Les ann\u00e9es mod\u00e8les 2022 et 2023 de la Toyota Tundra n&#8217;ont pas \u00e9t\u00e9 les plus pris\u00e9es r\u00e9cemment. Cette version du camion pleine grandeur a fait l&#8217;objet d&#8217;un recours collectif, all\u00e9guant que Toyota avait vendu des Tundra 2022-2023 avec des conduites de carburant d\u00e9fectueuses repr\u00e9sentant un risque majeur d&#8217;incendie. Cela a conduit le constructeur automobile \u00e0 rappeler 168 000 unit\u00e9s de Tundra l&#8217;ann\u00e9e derni\u00e8re, couvrant \u00e0 la fois les mod\u00e8les \u00e0 essence conventionnelle et hybrides.<\/p>\n<p>\u00a0<\/p>\n<p>Avec des renseignements de Carbuzz<\/p>\n<p>\u00a0<\/p>\n<p>Le texte <a rel=\"nofollow\" href=\"https:\/\/annuelauto.ca\/toyota-va-rappeler-plus-de-100-000-tundra\/\">Toyota va rappeler plus de 100 000 Tundra<\/a> provient de <a rel=\"nofollow\" href=\"https:\/\/annuelauto.ca\">L&#8217;annuel de l&#8217;automobile &#8211; Actualit\u00e9 automobile<\/a><\/p>\n<p><\/p>\n","protected":false},"excerpt":{"rendered":"<p>Certains mod\u00e8les de Toyota Tundra et de Lexus LX font l&#8217;objet d&#8217;un rappel concernant leurs moteurs V6. Les propri\u00e9taires des mod\u00e8les concern\u00e9s seront contact\u00e9s d&#8217;ici juillet 2024. Les mod\u00e8les Tundra impliqu\u00e9s ont \u00e9galement fait l&#8217;objet d&#8217;un rappel massif l&#8217;ann\u00e9e derni\u00e8re. Un probl\u00e8me de fiabilit\u00e9 pour la Tundra Les v\u00e9hicules Toyota sont r\u00e9put\u00e9s pour leur fiabilit\u00e9, [&hellip;]<\/p>\n","protected":false},"author":8,"featured_media":166154,"comment_status":"close","ping_status":"closed","sticky":false,"template":"","format":"standard","meta":{"_monsterinsights_skip_tracking":false,"_monsterinsights_sitenote_active":false,"_monsterinsights_sitenote_note":"","_monsterinsights_sitenote_category":0,"footnotes":""},"categories":[101],"tags":[],"yoast_head":"<!-- This site is optimized with the Yoast SEO plugin v23.2 - https:\/\/yoast.com\/wordpress\/plugins\/seo\/ -->\n<title>Toyota va rappeler plus de 100 000 Tundra - CanadaMotorJobs.com<\/title>\n<meta name=\"description\" content=\"Toyota va rappeler plus de 100 000 Tundra - Benoit Charette - Annuel automobile - CanadaMotorJobs.com.\" \/>\n<meta name=\"robots\" content=\"index, follow, max-snippet:-1, max-image-preview:large, max-video-preview:-1\" \/>\n<meta property=\"og:locale\" content=\"fr_CA\" \/>\n<meta property=\"og:type\" content=\"article\" \/>\n<meta property=\"og:title\" content=\"Toyota va rappeler plus de 100 000 Tundra - CanadaMotorJobs.com\" \/>\n<meta property=\"og:description\" content=\"Toyota va rappeler plus de 100 000 Tundra - Benoit Charette - Annuel automobile - CanadaMotorJobs.com.\" \/>\n<meta property=\"og:url\" content=\"https:\/\/news.canadamotorjobs.com\/fr\/toyota-va-rappeler-plus-de-100-000-tundra\/\" \/>\n<meta property=\"og:site_name\" content=\"CanadaMotorJobs.com\" \/>\n<meta property=\"article:publisher\" content=\"https:\/\/www.facebook.com\/canadamotorjobs\/\" \/>\n<meta property=\"article:published_time\" content=\"2024-06-02T10:59:38+00:00\" \/>\n<meta property=\"article:modified_time\" content=\"2024-06-02T11:05:05+00:00\" \/>\n<meta property=\"og:image\" content=\"https:\/\/news.canadamotorjobs.com\/wp-content\/uploads\/2024\/06\/2022_Tundra_TRDPro_SuperWhite_043-1024x683-1.jpg\" \/>\n\t<meta property=\"og:image:width\" content=\"1024\" \/>\n\t<meta property=\"og:image:height\" content=\"683\" \/>\n\t<meta property=\"og:image:type\" content=\"image\/jpeg\" \/>\n<meta name=\"author\" content=\"Benoit Charette\" \/>\n<meta name=\"twitter:card\" content=\"summary_large_image\" \/>\n<meta name=\"twitter:creator\" content=\"@canadamotorjobs\" \/>\n<meta name=\"twitter:site\" content=\"@canadamotorjobs\" \/>\n<meta name=\"twitter:label1\" content=\"\u00c9crit par\" \/>\n\t<meta name=\"twitter:data1\" content=\"Benoit Charette\" \/>\n\t<meta name=\"twitter:label2\" content=\"Estimation du temps de lecture\" \/>\n\t<meta name=\"twitter:data2\" content=\"2 minutes\" \/>\n<!-- \/ Yoast SEO plugin. -->","yoast_head_json":{"title":"Toyota va rappeler plus de 100 000 Tundra - CanadaMotorJobs.com","description":"Toyota va rappeler plus de 100 000 Tundra - Benoit Charette - Annuel automobile - CanadaMotorJobs.com.","robots":{"index":"index","follow":"follow","max-snippet":"max-snippet:-1","max-image-preview":"max-image-preview:large","max-video-preview":"max-video-preview:-1"},"og_locale":"fr_CA","og_type":"article","og_title":"Toyota va rappeler plus de 100 000 Tundra - CanadaMotorJobs.com","og_description":"Toyota va rappeler plus de 100 000 Tundra - Benoit Charette - Annuel automobile - CanadaMotorJobs.com.","og_url":"https:\/\/news.canadamotorjobs.com\/fr\/toyota-va-rappeler-plus-de-100-000-tundra\/","og_site_name":"CanadaMotorJobs.com","article_publisher":"https:\/\/www.facebook.com\/canadamotorjobs\/","article_published_time":"2024-06-02T10:59:38+00:00","article_modified_time":"2024-06-02T11:05:05+00:00","og_image":[{"width":1024,"height":683,"url":"https:\/\/news.canadamotorjobs.com\/wp-content\/uploads\/2024\/06\/2022_Tundra_TRDPro_SuperWhite_043-1024x683-1.jpg","type":"image\/jpeg"}],"author":"Benoit Charette","twitter_card":"summary_large_image","twitter_creator":"@canadamotorjobs","twitter_site":"@canadamotorjobs","twitter_misc":{"\u00c9crit par":"Benoit Charette","Estimation du temps de lecture":"2 minutes"},"schema":{"@context":"https:\/\/schema.org","@graph":[{"@type":"Article","@id":"https:\/\/news.canadamotorjobs.com\/fr\/toyota-va-rappeler-plus-de-100-000-tundra\/#article","isPartOf":{"@id":"https:\/\/news.canadamotorjobs.com\/fr\/toyota-va-rappeler-plus-de-100-000-tundra\/"},"author":{"name":"Benoit Charette","@id":"https:\/\/news.canadamotorjobs.com\/#\/schema\/person\/51793d1f87d44011d7bcc2ed99269a90"},"headline":"Toyota va rappeler plus de 100 000 Tundra","datePublished":"2024-06-02T10:59:38+00:00","dateModified":"2024-06-02T11:05:05+00:00","mainEntityOfPage":{"@id":"https:\/\/news.canadamotorjobs.com\/fr\/toyota-va-rappeler-plus-de-100-000-tundra\/"},"wordCount":513,"publisher":{"@id":"https:\/\/news.canadamotorjobs.com\/#organization"},"image":{"@id":"https:\/\/news.canadamotorjobs.com\/fr\/toyota-va-rappeler-plus-de-100-000-tundra\/#primaryimage"},"thumbnailUrl":"https:\/\/news.canadamotorjobs.com\/wp-content\/uploads\/2024\/06\/2022_Tundra_TRDPro_SuperWhite_043-1024x683-1.jpg","articleSection":["Annuel automobile"],"inLanguage":"fr-CA"},{"@type":"WebPage","@id":"https:\/\/news.canadamotorjobs.com\/fr\/toyota-va-rappeler-plus-de-100-000-tundra\/","url":"https:\/\/news.canadamotorjobs.com\/fr\/toyota-va-rappeler-plus-de-100-000-tundra\/","name":"Toyota va rappeler plus de 100 000 Tundra - CanadaMotorJobs.com","isPartOf":{"@id":"https:\/\/news.canadamotorjobs.com\/#website"},"primaryImageOfPage":{"@id":"https:\/\/news.canadamotorjobs.com\/fr\/toyota-va-rappeler-plus-de-100-000-tundra\/#primaryimage"},"image":{"@id":"https:\/\/news.canadamotorjobs.com\/fr\/toyota-va-rappeler-plus-de-100-000-tundra\/#primaryimage"},"thumbnailUrl":"https:\/\/news.canadamotorjobs.com\/wp-content\/uploads\/2024\/06\/2022_Tundra_TRDPro_SuperWhite_043-1024x683-1.jpg","datePublished":"2024-06-02T10:59:38+00:00","dateModified":"2024-06-02T11:05:05+00:00","description":"Toyota va rappeler plus de 100 000 Tundra - Benoit Charette - Annuel automobile - CanadaMotorJobs.com.","breadcrumb":{"@id":"https:\/\/news.canadamotorjobs.com\/fr\/toyota-va-rappeler-plus-de-100-000-tundra\/#breadcrumb"},"inLanguage":"fr-CA","potentialAction":[{"@type":"ReadAction","target":["https:\/\/news.canadamotorjobs.com\/fr\/toyota-va-rappeler-plus-de-100-000-tundra\/"]}]},{"@type":"ImageObject","inLanguage":"fr-CA","@id":"https:\/\/news.canadamotorjobs.com\/fr\/toyota-va-rappeler-plus-de-100-000-tundra\/#primaryimage","url":"https:\/\/news.canadamotorjobs.com\/wp-content\/uploads\/2024\/06\/2022_Tundra_TRDPro_SuperWhite_043-1024x683-1.jpg","contentUrl":"https:\/\/news.canadamotorjobs.com\/wp-content\/uploads\/2024\/06\/2022_Tundra_TRDPro_SuperWhite_043-1024x683-1.jpg","width":1024,"height":683},{"@type":"BreadcrumbList","@id":"https:\/\/news.canadamotorjobs.com\/fr\/toyota-va-rappeler-plus-de-100-000-tundra\/#breadcrumb","itemListElement":[{"@type":"ListItem","position":1,"name":"Home","item":"https:\/\/news.canadamotorjobs.com\/fr\/blog\/"},{"@type":"ListItem","position":2,"name":"Toyota va rappeler plus de 100 000 Tundra"}]},{"@type":"WebSite","@id":"https:\/\/news.canadamotorjobs.com\/#website","url":"https:\/\/news.canadamotorjobs.com\/","name":"CanadaMotorJobs.com","description":"Automotive Jobs","publisher":{"@id":"https:\/\/news.canadamotorjobs.com\/#organization"},"potentialAction":[{"@type":"SearchAction","target":{"@type":"EntryPoint","urlTemplate":"https:\/\/news.canadamotorjobs.com\/?s={search_term_string}"},"query-input":"required name=search_term_string"}],"inLanguage":"fr-CA"},{"@type":"Organization","@id":"https:\/\/news.canadamotorjobs.com\/#organization","name":"Canada Motor Jobs","url":"https:\/\/news.canadamotorjobs.com\/","logo":{"@type":"ImageObject","inLanguage":"fr-CA","@id":"https:\/\/news.canadamotorjobs.com\/#\/schema\/logo\/image\/","url":"https:\/\/news.canadamotorjobs.com\/wp-content\/uploads\/2022\/10\/logo-canada-motor-jobs-1.png","contentUrl":"https:\/\/news.canadamotorjobs.com\/wp-content\/uploads\/2022\/10\/logo-canada-motor-jobs-1.png","width":800,"height":400,"caption":"Canada Motor Jobs"},"image":{"@id":"https:\/\/news.canadamotorjobs.com\/#\/schema\/logo\/image\/"},"sameAs":["https:\/\/www.facebook.com\/canadamotorjobs\/","https:\/\/x.com\/canadamotorjobs","https:\/\/www.instagram.com\/canadamotorjobs\/","https:\/\/www.linkedin.com\/company\/canadamotorjobs"]},{"@type":"Person","@id":"https:\/\/news.canadamotorjobs.com\/#\/schema\/person\/51793d1f87d44011d7bcc2ed99269a90","name":"Benoit Charette","image":{"@type":"ImageObject","inLanguage":"fr-CA","@id":"https:\/\/news.canadamotorjobs.com\/#\/schema\/person\/image\/","url":"https:\/\/secure.gravatar.com\/avatar\/45f3d2eebcccd909668d7ce7ea7267b6?s=96&d=mm&r=g","contentUrl":"https:\/\/secure.gravatar.com\/avatar\/45f3d2eebcccd909668d7ce7ea7267b6?s=96&d=mm&r=g","caption":"Benoit Charette"},"description":"Benoit Charette \/ Propri\u00e9taire et r\u00e9dacteur en chef Benoit Charette pratique le journalisme automobile depuis bient\u00f4t 30 ans. Il a fait ses classes au c\u00f4t\u00e9 de Daniel H\u00e9raud et au Carnet de route de 1992 \u00e0 2001. Il est fondateur, copropri\u00e9taire et r\u00e9dacteur en chef de L\u2019Annuel de l\u2019automobile, qu\u2019il publie depuis 2001. Il a anim\u00e9 les \u00e9missions RPM et RPM+ sur V et les L\u00e9gendes de la route sur Historia. \u00c0 la radio depuis 1986, il reprend l\u2019antenne cette ann\u00e9e sur les ondes de Cogeco et participe pour la deuxi\u00e8me ann\u00e9e \u00e0 l\u2019\u00e9mission Passion Auto sur RDS en plus de mettre en ligne le site Web officiel de L\u2019Annuel de l\u2019automobile sur annuelauto.ca.","sameAs":["https:\/\/annuelauto.ca\/"],"url":"https:\/\/news.canadamotorjobs.com\/fr\/author\/benoit-charette\/"}]}},"_links":{"self":[{"href":"https:\/\/news.canadamotorjobs.com\/fr\/wp-json\/wp\/v2\/posts\/166152"}],"collection":[{"href":"https:\/\/news.canadamotorjobs.com\/fr\/wp-json\/wp\/v2\/posts"}],"about":[{"href":"https:\/\/news.canadamotorjobs.com\/fr\/wp-json\/wp\/v2\/types\/post"}],"author":[{"embeddable":true,"href":"https:\/\/news.canadamotorjobs.com\/fr\/wp-json\/wp\/v2\/users\/8"}],"replies":[{"embeddable":true,"href":"https:\/\/news.canadamotorjobs.com\/fr\/wp-json\/wp\/v2\/comments?post=166152"}],"version-history":[{"count":2,"href":"https:\/\/news.canadamotorjobs.com\/fr\/wp-json\/wp\/v2\/posts\/166152\/revisions"}],"predecessor-version":[{"id":166156,"href":"https:\/\/news.canadamotorjobs.com\/fr\/wp-json\/wp\/v2\/posts\/166152\/revisions\/166156"}],"wp:featuredmedia":[{"embeddable":true,"href":"https:\/\/news.canadamotorjobs.com\/fr\/wp-json\/wp\/v2\/media\/166154"}],"wp:attachment":[{"href":"https:\/\/news.canadamotorjobs.com\/fr\/wp-json\/wp\/v2\/media?parent=166152"}],"wp:term":[{"taxonomy":"category","embeddable":true,"href":"https:\/\/news.canadamotorjobs.com\/fr\/wp-json\/wp\/v2\/categories?post=166152"},{"taxonomy":"post_tag","embeddable":true,"href":"https:\/\/news.canadamotorjobs.com\/fr\/wp-json\/wp\/v2\/tags?post=166152"}],"curies":[{"name":"wp","href":"https:\/\/api.w.org\/{rel}","templated":true}]}}