{"id":166110,"date":"2024-06-01T07:09:24","date_gmt":"2024-06-01T11:09:24","guid":{"rendered":"https:\/\/news.canadamotorjobs.com\/?p=166110"},"modified":"2024-06-01T07:14:02","modified_gmt":"2024-06-01T11:14:02","slug":"polestar-a-perdu-95-de-sa-valeur-boursiere","status":"publish","type":"post","link":"https:\/\/news.canadamotorjobs.com\/fr\/polestar-a-perdu-95-de-sa-valeur-boursiere\/","title":{"rendered":"Polestar a perdu 95 % de sa valeur boursi\u00e8re"},"content":{"rendered":"<\/p>\n<p>Autrefois valoris\u00e9e \u00e0 21 milliards de dollars, Polestar, le constructeur de voitures \u00e9lectriques, n&#8217;a aujourd&#8217;hui une capitalisation boursi\u00e8re que de 1,65 milliard de dollars. Cette chute vertigineuse de pr\u00e8s de 95 % de sa valeur boursi\u00e8re inqui\u00e8te les investisseurs.<\/p>\n<h3><strong>Des D\u00e9penses Publicitaires en Hausse<\/strong><\/h3>\n<p>\nMalgr\u00e9 ces difficult\u00e9s financi\u00e8res, Polestar a augment\u00e9 ses d\u00e9penses publicitaires au deuxi\u00e8me trimestre. La soci\u00e9t\u00e9 esp\u00e8re ainsi redresser sa situation financi\u00e8re et attirer de nouveaux clients.<\/p>\n<h3><strong>Une Cotation Menac\u00e9e<\/strong><\/h3>\n<p>\nL&#8217;action de Polestar a r\u00e9cemment chut\u00e9 \u00e0 un niveau historiquement bas de 0,73 $, mettant en p\u00e9ril sa cotation au Nasdaq. En effet, si la tendance ne s&#8217;inverse pas, Polestar pourrait \u00eatre radi\u00e9e de la bourse.<\/p>\n<h3><strong>Des Retards de Publication<\/strong><\/h3>\n<p>\nPolestar a annonc\u00e9 qu&#8217;elle reportait la publication de son rapport annuel 2023 et de son rapport du quatri\u00e8me trimestre 2023. La soci\u00e9t\u00e9 explique ce retard par la n\u00e9cessit\u00e9 de finaliser des ajustements comptables relatifs \u00e0 des erreurs de 2021 et 2022. Ces ajustements devraient r\u00e9duire la perte nette de 2021 de moins de 5 % et augmenter celle de 2022 de moins de 5 %.<\/p>\n<h3><strong>Avis de Non-Conformit\u00e9 du Nasdaq<\/strong><\/h3>\n<p>\nEn raison de ce retard, Polestar a re\u00e7u un avis de non-conformit\u00e9 du Nasdaq. La soci\u00e9t\u00e9 dispose de 60 jours pour soumettre un plan de mise en conformit\u00e9. Si ce plan est accept\u00e9, Polestar pourrait b\u00e9n\u00e9ficier d&#8217;un d\u00e9lai suppl\u00e9mentaire de 180 jours pour se conformer aux r\u00e8glements boursiers.<\/p>\n<h3><strong>Baisse des Livraisons et des Enregistrements<\/strong><\/h3>\n<p>\nLes livraisons de Polestar au premier trimestre ont chut\u00e9 de 53 % par rapport \u00e0 l&#8217;ann\u00e9e pr\u00e9c\u00e9dente, et les nouvelles immatriculations ont diminu\u00e9 de 70 %. Gregor Hembrough, responsable de Polestar Am\u00e9rique du Nord, attribue cette baisse aux taux d&#8217;int\u00e9r\u00eat \u00e9lev\u00e9s et \u00e0 un retrait des ventes de flotte.<\/p>\n<h3><strong>Tentatives de Redressement<\/strong><\/h3>\n<p>\nPour tenter de redresser la barre, Polestar a lanc\u00e9 une campagne publicitaire co\u00fbteuse au deuxi\u00e8me trimestre, atteignant des niveaux comparables \u00e0 sa publicit\u00e9 de 6,5 millions de dollars diffus\u00e9e lors du Super Bowl 2022. La soci\u00e9t\u00e9 propose \u00e9galement des offres de location attractives, dont un bail de 299 $ par mois pour la Polestar 2 Long Range, prolong\u00e9 jusqu&#8217;en juin.<\/p>\n<h3><strong>Conclusion<\/strong><\/h3>\n<p>\nPolestar traverse une p\u00e9riode difficile avec des d\u00e9fis financiers majeurs. Ses efforts pour attirer les clients et se conformer aux exigences du Nasdaq seront cruciaux pour son avenir sur le march\u00e9.<\/p>\n<p>Avec des renseignements de Carscoops<\/p>\n<p>\u00a0<\/p>\n<p>Le texte <a rel=\"nofollow\" href=\"https:\/\/annuelauto.ca\/polestar-a-perdu-95-de-sa-valeur-boursiere\/\">Polestar a perdu 95 % de sa valeur boursi\u00e8re<\/a> provient de <a rel=\"nofollow\" href=\"https:\/\/annuelauto.ca\">L&#8217;annuel de l&#8217;automobile &#8211; Actualit\u00e9 automobile<\/a><\/p>\n<p><\/p>\n","protected":false},"excerpt":{"rendered":"<p>Autrefois valoris\u00e9e \u00e0 21 milliards de dollars, Polestar, le constructeur de voitures \u00e9lectriques, n&#8217;a aujourd&#8217;hui une capitalisation boursi\u00e8re que de 1,65 milliard de dollars. Cette chute vertigineuse de pr\u00e8s de 95 % de sa valeur boursi\u00e8re inqui\u00e8te les investisseurs. Des D\u00e9penses Publicitaires en Hausse Malgr\u00e9 ces difficult\u00e9s financi\u00e8res, Polestar a augment\u00e9 ses d\u00e9penses publicitaires au [&hellip;]<\/p>\n","protected":false},"author":8,"featured_media":166112,"comment_status":"close","ping_status":"closed","sticky":false,"template":"","format":"standard","meta":{"_monsterinsights_skip_tracking":false,"_monsterinsights_sitenote_active":false,"_monsterinsights_sitenote_note":"","_monsterinsights_sitenote_category":0,"footnotes":""},"categories":[101],"tags":[],"yoast_head":"<!-- This site is optimized with the Yoast SEO plugin v23.2 - https:\/\/yoast.com\/wordpress\/plugins\/seo\/ -->\n<title>Polestar a perdu 95 % de sa valeur boursi\u00e8re - CanadaMotorJobs.com<\/title>\n<meta name=\"description\" content=\"Polestar a perdu 95 % de sa valeur boursi\u00e8re - Benoit Charette - Annuel automobile - CanadaMotorJobs.com.\" \/>\n<meta name=\"robots\" content=\"index, follow, max-snippet:-1, max-image-preview:large, max-video-preview:-1\" \/>\n<meta property=\"og:locale\" content=\"fr_CA\" \/>\n<meta property=\"og:type\" content=\"article\" \/>\n<meta property=\"og:title\" content=\"Polestar a perdu 95 % de sa valeur boursi\u00e8re - CanadaMotorJobs.com\" \/>\n<meta property=\"og:description\" content=\"Polestar a perdu 95 % de sa valeur boursi\u00e8re - Benoit Charette - Annuel automobile - CanadaMotorJobs.com.\" \/>\n<meta property=\"og:url\" content=\"https:\/\/news.canadamotorjobs.com\/fr\/polestar-a-perdu-95-de-sa-valeur-boursiere\/\" \/>\n<meta property=\"og:site_name\" content=\"CanadaMotorJobs.com\" \/>\n<meta property=\"article:publisher\" content=\"https:\/\/www.facebook.com\/canadamotorjobs\/\" \/>\n<meta property=\"article:published_time\" content=\"2024-06-01T11:09:24+00:00\" \/>\n<meta property=\"article:modified_time\" content=\"2024-06-01T11:14:02+00:00\" \/>\n<meta property=\"og:image\" content=\"https:\/\/news.canadamotorjobs.com\/wp-content\/uploads\/2024\/06\/651079_20220427_Polestar_2-1024x768-1.jpg\" \/>\n\t<meta property=\"og:image:width\" content=\"1024\" \/>\n\t<meta property=\"og:image:height\" content=\"768\" \/>\n\t<meta property=\"og:image:type\" content=\"image\/jpeg\" \/>\n<meta name=\"author\" content=\"Benoit Charette\" \/>\n<meta name=\"twitter:card\" content=\"summary_large_image\" \/>\n<meta name=\"twitter:creator\" content=\"@canadamotorjobs\" \/>\n<meta name=\"twitter:site\" content=\"@canadamotorjobs\" \/>\n<meta name=\"twitter:label1\" content=\"\u00c9crit par\" \/>\n\t<meta name=\"twitter:data1\" content=\"Benoit Charette\" \/>\n\t<meta name=\"twitter:label2\" content=\"Estimation du temps de lecture\" \/>\n\t<meta name=\"twitter:data2\" content=\"2 minutes\" \/>\n<!-- \/ Yoast SEO plugin. -->","yoast_head_json":{"title":"Polestar a perdu 95 % de sa valeur boursi\u00e8re - CanadaMotorJobs.com","description":"Polestar a perdu 95 % de sa valeur boursi\u00e8re - Benoit Charette - Annuel automobile - CanadaMotorJobs.com.","robots":{"index":"index","follow":"follow","max-snippet":"max-snippet:-1","max-image-preview":"max-image-preview:large","max-video-preview":"max-video-preview:-1"},"og_locale":"fr_CA","og_type":"article","og_title":"Polestar a perdu 95 % de sa valeur boursi\u00e8re - CanadaMotorJobs.com","og_description":"Polestar a perdu 95 % de sa valeur boursi\u00e8re - Benoit Charette - Annuel automobile - CanadaMotorJobs.com.","og_url":"https:\/\/news.canadamotorjobs.com\/fr\/polestar-a-perdu-95-de-sa-valeur-boursiere\/","og_site_name":"CanadaMotorJobs.com","article_publisher":"https:\/\/www.facebook.com\/canadamotorjobs\/","article_published_time":"2024-06-01T11:09:24+00:00","article_modified_time":"2024-06-01T11:14:02+00:00","og_image":[{"width":1024,"height":768,"url":"https:\/\/news.canadamotorjobs.com\/wp-content\/uploads\/2024\/06\/651079_20220427_Polestar_2-1024x768-1.jpg","type":"image\/jpeg"}],"author":"Benoit Charette","twitter_card":"summary_large_image","twitter_creator":"@canadamotorjobs","twitter_site":"@canadamotorjobs","twitter_misc":{"\u00c9crit par":"Benoit Charette","Estimation du temps de lecture":"2 minutes"},"schema":{"@context":"https:\/\/schema.org","@graph":[{"@type":"Article","@id":"https:\/\/news.canadamotorjobs.com\/fr\/polestar-a-perdu-95-de-sa-valeur-boursiere\/#article","isPartOf":{"@id":"https:\/\/news.canadamotorjobs.com\/fr\/polestar-a-perdu-95-de-sa-valeur-boursiere\/"},"author":{"name":"Benoit Charette","@id":"https:\/\/news.canadamotorjobs.com\/#\/schema\/person\/51793d1f87d44011d7bcc2ed99269a90"},"headline":"Polestar a perdu 95 % de sa valeur boursi\u00e8re","datePublished":"2024-06-01T11:09:24+00:00","dateModified":"2024-06-01T11:14:02+00:00","mainEntityOfPage":{"@id":"https:\/\/news.canadamotorjobs.com\/fr\/polestar-a-perdu-95-de-sa-valeur-boursiere\/"},"wordCount":431,"publisher":{"@id":"https:\/\/news.canadamotorjobs.com\/#organization"},"image":{"@id":"https:\/\/news.canadamotorjobs.com\/fr\/polestar-a-perdu-95-de-sa-valeur-boursiere\/#primaryimage"},"thumbnailUrl":"https:\/\/news.canadamotorjobs.com\/wp-content\/uploads\/2024\/06\/651079_20220427_Polestar_2-1024x768-1.jpg","articleSection":["Annuel automobile"],"inLanguage":"fr-CA"},{"@type":"WebPage","@id":"https:\/\/news.canadamotorjobs.com\/fr\/polestar-a-perdu-95-de-sa-valeur-boursiere\/","url":"https:\/\/news.canadamotorjobs.com\/fr\/polestar-a-perdu-95-de-sa-valeur-boursiere\/","name":"Polestar a perdu 95 % de sa valeur boursi\u00e8re - CanadaMotorJobs.com","isPartOf":{"@id":"https:\/\/news.canadamotorjobs.com\/#website"},"primaryImageOfPage":{"@id":"https:\/\/news.canadamotorjobs.com\/fr\/polestar-a-perdu-95-de-sa-valeur-boursiere\/#primaryimage"},"image":{"@id":"https:\/\/news.canadamotorjobs.com\/fr\/polestar-a-perdu-95-de-sa-valeur-boursiere\/#primaryimage"},"thumbnailUrl":"https:\/\/news.canadamotorjobs.com\/wp-content\/uploads\/2024\/06\/651079_20220427_Polestar_2-1024x768-1.jpg","datePublished":"2024-06-01T11:09:24+00:00","dateModified":"2024-06-01T11:14:02+00:00","description":"Polestar a perdu 95 % de sa valeur boursi\u00e8re - Benoit Charette - Annuel automobile - CanadaMotorJobs.com.","breadcrumb":{"@id":"https:\/\/news.canadamotorjobs.com\/fr\/polestar-a-perdu-95-de-sa-valeur-boursiere\/#breadcrumb"},"inLanguage":"fr-CA","potentialAction":[{"@type":"ReadAction","target":["https:\/\/news.canadamotorjobs.com\/fr\/polestar-a-perdu-95-de-sa-valeur-boursiere\/"]}]},{"@type":"ImageObject","inLanguage":"fr-CA","@id":"https:\/\/news.canadamotorjobs.com\/fr\/polestar-a-perdu-95-de-sa-valeur-boursiere\/#primaryimage","url":"https:\/\/news.canadamotorjobs.com\/wp-content\/uploads\/2024\/06\/651079_20220427_Polestar_2-1024x768-1.jpg","contentUrl":"https:\/\/news.canadamotorjobs.com\/wp-content\/uploads\/2024\/06\/651079_20220427_Polestar_2-1024x768-1.jpg","width":1024,"height":768},{"@type":"BreadcrumbList","@id":"https:\/\/news.canadamotorjobs.com\/fr\/polestar-a-perdu-95-de-sa-valeur-boursiere\/#breadcrumb","itemListElement":[{"@type":"ListItem","position":1,"name":"Home","item":"https:\/\/news.canadamotorjobs.com\/fr\/blog\/"},{"@type":"ListItem","position":2,"name":"Polestar a perdu 95 % de sa valeur boursi\u00e8re"}]},{"@type":"WebSite","@id":"https:\/\/news.canadamotorjobs.com\/#website","url":"https:\/\/news.canadamotorjobs.com\/","name":"CanadaMotorJobs.com","description":"Automotive Jobs","publisher":{"@id":"https:\/\/news.canadamotorjobs.com\/#organization"},"potentialAction":[{"@type":"SearchAction","target":{"@type":"EntryPoint","urlTemplate":"https:\/\/news.canadamotorjobs.com\/?s={search_term_string}"},"query-input":"required name=search_term_string"}],"inLanguage":"fr-CA"},{"@type":"Organization","@id":"https:\/\/news.canadamotorjobs.com\/#organization","name":"Canada Motor Jobs","url":"https:\/\/news.canadamotorjobs.com\/","logo":{"@type":"ImageObject","inLanguage":"fr-CA","@id":"https:\/\/news.canadamotorjobs.com\/#\/schema\/logo\/image\/","url":"https:\/\/news.canadamotorjobs.com\/wp-content\/uploads\/2022\/10\/logo-canada-motor-jobs-1.png","contentUrl":"https:\/\/news.canadamotorjobs.com\/wp-content\/uploads\/2022\/10\/logo-canada-motor-jobs-1.png","width":800,"height":400,"caption":"Canada Motor Jobs"},"image":{"@id":"https:\/\/news.canadamotorjobs.com\/#\/schema\/logo\/image\/"},"sameAs":["https:\/\/www.facebook.com\/canadamotorjobs\/","https:\/\/x.com\/canadamotorjobs","https:\/\/www.instagram.com\/canadamotorjobs\/","https:\/\/www.linkedin.com\/company\/canadamotorjobs"]},{"@type":"Person","@id":"https:\/\/news.canadamotorjobs.com\/#\/schema\/person\/51793d1f87d44011d7bcc2ed99269a90","name":"Benoit Charette","image":{"@type":"ImageObject","inLanguage":"fr-CA","@id":"https:\/\/news.canadamotorjobs.com\/#\/schema\/person\/image\/","url":"https:\/\/secure.gravatar.com\/avatar\/45f3d2eebcccd909668d7ce7ea7267b6?s=96&d=mm&r=g","contentUrl":"https:\/\/secure.gravatar.com\/avatar\/45f3d2eebcccd909668d7ce7ea7267b6?s=96&d=mm&r=g","caption":"Benoit Charette"},"description":"Benoit Charette \/ Propri\u00e9taire et r\u00e9dacteur en chef Benoit Charette pratique le journalisme automobile depuis bient\u00f4t 30 ans. Il a fait ses classes au c\u00f4t\u00e9 de Daniel H\u00e9raud et au Carnet de route de 1992 \u00e0 2001. Il est fondateur, copropri\u00e9taire et r\u00e9dacteur en chef de L\u2019Annuel de l\u2019automobile, qu\u2019il publie depuis 2001. Il a anim\u00e9 les \u00e9missions RPM et RPM+ sur V et les L\u00e9gendes de la route sur Historia. \u00c0 la radio depuis 1986, il reprend l\u2019antenne cette ann\u00e9e sur les ondes de Cogeco et participe pour la deuxi\u00e8me ann\u00e9e \u00e0 l\u2019\u00e9mission Passion Auto sur RDS en plus de mettre en ligne le site Web officiel de L\u2019Annuel de l\u2019automobile sur annuelauto.ca.","sameAs":["https:\/\/annuelauto.ca\/"],"url":"https:\/\/news.canadamotorjobs.com\/fr\/author\/benoit-charette\/"}]}},"_links":{"self":[{"href":"https:\/\/news.canadamotorjobs.com\/fr\/wp-json\/wp\/v2\/posts\/166110"}],"collection":[{"href":"https:\/\/news.canadamotorjobs.com\/fr\/wp-json\/wp\/v2\/posts"}],"about":[{"href":"https:\/\/news.canadamotorjobs.com\/fr\/wp-json\/wp\/v2\/types\/post"}],"author":[{"embeddable":true,"href":"https:\/\/news.canadamotorjobs.com\/fr\/wp-json\/wp\/v2\/users\/8"}],"replies":[{"embeddable":true,"href":"https:\/\/news.canadamotorjobs.com\/fr\/wp-json\/wp\/v2\/comments?post=166110"}],"version-history":[{"count":2,"href":"https:\/\/news.canadamotorjobs.com\/fr\/wp-json\/wp\/v2\/posts\/166110\/revisions"}],"predecessor-version":[{"id":166114,"href":"https:\/\/news.canadamotorjobs.com\/fr\/wp-json\/wp\/v2\/posts\/166110\/revisions\/166114"}],"wp:featuredmedia":[{"embeddable":true,"href":"https:\/\/news.canadamotorjobs.com\/fr\/wp-json\/wp\/v2\/media\/166112"}],"wp:attachment":[{"href":"https:\/\/news.canadamotorjobs.com\/fr\/wp-json\/wp\/v2\/media?parent=166110"}],"wp:term":[{"taxonomy":"category","embeddable":true,"href":"https:\/\/news.canadamotorjobs.com\/fr\/wp-json\/wp\/v2\/categories?post=166110"},{"taxonomy":"post_tag","embeddable":true,"href":"https:\/\/news.canadamotorjobs.com\/fr\/wp-json\/wp\/v2\/tags?post=166110"}],"curies":[{"name":"wp","href":"https:\/\/api.w.org\/{rel}","templated":true}]}}