{"id":166060,"date":"2024-05-31T17:27:53","date_gmt":"2024-05-31T21:27:53","guid":{"rendered":"https:\/\/news.canadamotorjobs.com\/?p=166060"},"modified":"2024-05-31T17:30:22","modified_gmt":"2024-05-31T21:30:22","slug":"subaru-forester-2025","status":"publish","type":"post","link":"https:\/\/news.canadamotorjobs.com\/fr\/subaru-forester-2025\/","title":{"rendered":"Subaru Forester 2025"},"content":{"rendered":"<\/p>\n<p>Victoria, Colombie-Britannique- Le premier Forester est arriv\u00e9 avec l\u2019ann\u00e9e mod\u00e8le 1998. Sa forme carr\u00e9e peu subtile avait des airs de familiale haute sur patte mal d\u00e9grossie. Pour 2024, Subaru emprunte les lieux communs de plusieurs mod\u00e8les comme le RAV4 et l\u2019Escape en accouchant d\u2019une sixi\u00e8me g\u00e9n\u00e9ration. Sur papier, le mod\u00e8le est nouveau, mais, dans les faits, Subaru ne part pas d\u2019une ardoise vierge. La plateforme et tout ce qui a trait \u00e0 la m\u00e9canique n\u2019a pas chang\u00e9. Le design ext\u00e9rieur est suffisamment diff\u00e9rent pour parler d\u2019un nouveau mod\u00e8le. La seule exception est le mod\u00e8le Wilderness qui garde l\u2019ancien ch\u00e2ssis, mais sera vendu comme mod\u00e8le\u00a02025. Un mod\u00e8le hybride viendra s\u2019ajouter \u00e0 l\u2019offre l\u2019an prochain.<\/p>\n<h3>Parlons du vieux<\/h3>\n<p>\nSubaru a gard\u00e9 la m\u00eame recette pour le g\u00e2teau en changeant le cr\u00e9mage. Le ch\u00e2ssis, la plateforme et l\u2019empattement ne changent pas. Sous le capot, le moteur 2,5 litres en H offre deux chevaux de plus pour un total de 180 et 178\u00a0lb-pi de couple. La capacit\u00e9 de chargement augmente de 20 litres derri\u00e8re la banquette arri\u00e8re. En coulisse, il y a cependant du travail qui a \u00e9t\u00e9 fait. La fabrication du ch\u00e2ssis utilise plus d&#8217;adh\u00e9sifs structurels, le rendant plus solide et rigide. La maniabilit\u00e9, la conduite et les niveaux de bruit int\u00e9rieur en b\u00e9n\u00e9ficient. La direction a \u00e9galement \u00e9t\u00e9 am\u00e9lior\u00e9e, int\u00e9grant maintenant une version de la cr\u00e9maill\u00e8re \u00e9lectronique \u00e0 double pignon de la WRX. Nous aurions toutefois appr\u00e9ci\u00e9 plus d\u2019insonorisation sous le capot. En acc\u00e9l\u00e9ration, les lamentations de la m\u00e9canique font mal aux tympans. Nous sommes en mesure de dire qu\u2019il y a des am\u00e9liorations, mais pas au point de changer notre impression globale.<\/p>\n<h3>Comportement<\/h3>\n<p>\nL\u2019\u00eele de Vancouver regorge de petites routes assombries par de grands cypr\u00e8s et des pins. Entre courbes serr\u00e9es et chemins en piteux \u00e9tat, notre parcours d&#8217;essai comprenait des routes de terre et un sentier forestier. On note au volant un comportement plus stable et mieux compos\u00e9 gr\u00e2ce aux mises \u00e0 jour au ch\u00e2ssis et la suspension. M\u00eame les nouveaux pneus de 19 pouces ne portent pas trop ombrage au confort. C\u2019est aussi une bonne chose que Subaru a import\u00e9 la cr\u00e9maill\u00e8re de direction \u00e0 double pignon de la WRX, on ressent une meilleure communication entre la route et le conducteur. Cela est \u00e9galement utile \u00e9tant donn\u00e9 la rapidit\u00e9 de la nouvelle direction, surtout dans le mod\u00e8le Forester Sport. Les mises \u00e0 jour de Subaru la direction un peu lente de l&#8217;ancien mod\u00e8le. En mode sport, ont parvient m\u00eame \u00e0 se sentir r\u00e9ellement engag\u00e9 pour quelque chose qui ne sera jamais conduit de mani\u00e8re agressive. Le point faible dans l\u2019exp\u00e9rience au volant r\u00e9side avec le moteur. La puissance est \u00e0 peine suffisante pour avoir du plaisir et la bo\u00eete CVT qui elle aussi n\u2019a pas chang\u00e9 n\u2019aide pas \u00e0 la cause. Le mod\u00e8le souffre d\u2019inertie lors de la mise en marche. Une fois lanc\u00e9e, on sent un meilleur entrain. Bien des propri\u00e9taires ne verront pas la diff\u00e9rence, mais si vous recherchez une certaine symbiose avec le v\u00e9hicule, vous faites fausse route. Le Forester va pr\u00e9f\u00e9rer les acc\u00e9l\u00e9rations douces. Pour plus de puissance, nous devrons attendre un an pour le nouvel hybride. Subaru ne semble pas souhaiter le retour du moteur turbo qui avait ses adeptes.<\/p>\n<h3>Infodivertissement d\u00e9cevant<\/h3>\n<p>\nDans les mod\u00e8les plus haut de gamme, le double \u00e9cran de s\u00e9rie de 7 pouces est remplac\u00e9 par un \u00e9cran tactile vertical de 11,6 pouces. Si le format est bon, son utilisation demeure inutilement complexe. Il y r\u00e8gne une esp\u00e8ce de fouillis. Certaines actions simples n\u00e9cessitent des \u00e9tapes suppl\u00e9mentaires. Activer la recirculation du contr\u00f4le climatique n\u00e9cessite de naviguer jusqu&#8217;\u00e0 la page du contr\u00f4le climatique, par exemple. Tout y est, mais il faut souvent naviguer dans plus d\u2019un menu pour y arriver et chemin faisant, la voiture vous signale que vous quittez les yeux de la route. Cette g\u00e9n\u00e9ration est \u00e9galement \u00e9quip\u00e9e d&#8217;un chargeur de t\u00e9l\u00e9phone sans fil, de si\u00e8ges ventil\u00e9s et d&#8217;un hayon \u00e9lectrique mains libres. Les si\u00e8ges redessin\u00e9s offrent un meilleur soutien. De petits crochets ont \u00e9t\u00e9 ajout\u00e9s dans tout l&#8217;espace de chargement.<\/p>\n<h3>Conclusion<\/h3>\n<p>\nLe Subaru Forester 2025 ne r\u00e9invente pas la roue,\u00a0 mais demeure comp\u00e9titif et un solide mod\u00e8le dans son segment. Pour ceux qui aiment d\u00e9j\u00e0 le Forester, vous serez heureux d\u2019apprendre que tout ce que vous aimez va encore mieux. Pour les autres, Subaru a simplement am\u00e9lior\u00e9 un produit qui fait d\u00e9j\u00e0 bien. Le Canada a droit \u00e0 cinq versions qui d\u00e9butent \u00e0 36 333\u00a0$ (incluant les frais de transport et de pr\u00e9paration) pour le mod\u00e8le commodit\u00e9. Le mod\u00e8le Touring se transige pour 41 333\u00a0$. Viennet ensuite les mod\u00e8les Sport (43 847\u00a0$), Limited (45 847\u00a0$) et Premier (47,847). Nous croyons que le mod\u00e8le Sport est le plus pertinent et offre le meilleur rapport qualit\u00e9\/prix\/\u00e9quipement.<\/p>\n<p>\u00a0<\/p>\n<h3>Forces<\/h3>\n<p>\nConduite sup\u00e9rieure \u00e0 la moyenne<\/p>\n<p>Design int\u00e9rieur soign\u00e9<\/p>\n<p>Visibilit\u00e9 exceptionnelle<\/p>\n<p>\u00a0<\/p>\n<h3>Faiblesses<\/h3>\n<p>\nSyst\u00e8me d&#8217;infodivertissement nouveau pour la Forester mais d\u00e9pass\u00e9 par rapport aux concurrents<\/p>\n<p>Moteur bruyant en acc\u00e9l\u00e9ration<\/p>\n<p>Bo\u00eete CVT paresseuse \u00e0 bas r\u00e9gime<\/p>\n<p>\u00a0<\/p>\n<p>\u00a0<\/p>\n<p>Le texte <a rel=\"nofollow\" href=\"https:\/\/annuelauto.ca\/subaru-forester-2025\/\">Subaru Forester 2025<\/a> provient de <a rel=\"nofollow\" href=\"https:\/\/annuelauto.ca\">L&#8217;annuel de l&#8217;automobile &#8211; Actualit\u00e9 automobile<\/a><\/p>\n<p><\/p>\n","protected":false},"excerpt":{"rendered":"<p>Victoria, Colombie-Britannique- Le premier Forester est arriv\u00e9 avec l\u2019ann\u00e9e mod\u00e8le 1998. Sa forme carr\u00e9e peu subtile avait des airs de familiale haute sur patte mal d\u00e9grossie. Pour 2024, Subaru emprunte les lieux communs de plusieurs mod\u00e8les comme le RAV4 et l\u2019Escape en accouchant d\u2019une sixi\u00e8me g\u00e9n\u00e9ration. Sur papier, le mod\u00e8le est nouveau, mais, dans les [&hellip;]<\/p>\n","protected":false},"author":8,"featured_media":166062,"comment_status":"close","ping_status":"closed","sticky":false,"template":"","format":"standard","meta":{"_monsterinsights_skip_tracking":false,"_monsterinsights_sitenote_active":false,"_monsterinsights_sitenote_note":"","_monsterinsights_sitenote_category":0,"footnotes":""},"categories":[101],"tags":[],"yoast_head":"<!-- This site is optimized with the Yoast SEO plugin v23.2 - https:\/\/yoast.com\/wordpress\/plugins\/seo\/ -->\n<title>Subaru Forester 2025 - CanadaMotorJobs.com<\/title>\n<meta name=\"description\" content=\"Subaru Forester 2025 - Benoit Charette - Annuel automobile - CanadaMotorJobs.com.\" \/>\n<meta name=\"robots\" content=\"index, follow, max-snippet:-1, max-image-preview:large, max-video-preview:-1\" \/>\n<meta property=\"og:locale\" content=\"fr_CA\" \/>\n<meta property=\"og:type\" content=\"article\" \/>\n<meta property=\"og:title\" content=\"Subaru Forester 2025 - CanadaMotorJobs.com\" \/>\n<meta property=\"og:description\" content=\"Subaru Forester 2025 - Benoit Charette - Annuel automobile - CanadaMotorJobs.com.\" \/>\n<meta property=\"og:url\" content=\"https:\/\/news.canadamotorjobs.com\/fr\/subaru-forester-2025\/\" \/>\n<meta property=\"og:site_name\" content=\"CanadaMotorJobs.com\" \/>\n<meta property=\"article:publisher\" content=\"https:\/\/www.facebook.com\/canadamotorjobs\/\" \/>\n<meta property=\"article:published_time\" content=\"2024-05-31T21:27:53+00:00\" \/>\n<meta property=\"article:modified_time\" content=\"2024-05-31T21:30:22+00:00\" \/>\n<meta property=\"og:image\" content=\"https:\/\/news.canadamotorjobs.com\/wp-content\/uploads\/2024\/05\/IMG_5959.jpg\" \/>\n\t<meta property=\"og:image:width\" content=\"1200\" \/>\n\t<meta property=\"og:image:height\" content=\"800\" \/>\n\t<meta property=\"og:image:type\" content=\"image\/jpeg\" \/>\n<meta name=\"author\" content=\"Benoit Charette\" \/>\n<meta name=\"twitter:card\" content=\"summary_large_image\" \/>\n<meta name=\"twitter:creator\" content=\"@canadamotorjobs\" \/>\n<meta name=\"twitter:site\" content=\"@canadamotorjobs\" \/>\n<meta name=\"twitter:label1\" content=\"\u00c9crit par\" \/>\n\t<meta name=\"twitter:data1\" content=\"Benoit Charette\" \/>\n\t<meta name=\"twitter:label2\" content=\"Estimation du temps de lecture\" \/>\n\t<meta name=\"twitter:data2\" content=\"5 minutes\" \/>\n<!-- \/ Yoast SEO plugin. -->","yoast_head_json":{"title":"Subaru Forester 2025 - CanadaMotorJobs.com","description":"Subaru Forester 2025 - Benoit Charette - Annuel automobile - CanadaMotorJobs.com.","robots":{"index":"index","follow":"follow","max-snippet":"max-snippet:-1","max-image-preview":"max-image-preview:large","max-video-preview":"max-video-preview:-1"},"og_locale":"fr_CA","og_type":"article","og_title":"Subaru Forester 2025 - CanadaMotorJobs.com","og_description":"Subaru Forester 2025 - Benoit Charette - Annuel automobile - CanadaMotorJobs.com.","og_url":"https:\/\/news.canadamotorjobs.com\/fr\/subaru-forester-2025\/","og_site_name":"CanadaMotorJobs.com","article_publisher":"https:\/\/www.facebook.com\/canadamotorjobs\/","article_published_time":"2024-05-31T21:27:53+00:00","article_modified_time":"2024-05-31T21:30:22+00:00","og_image":[{"width":1200,"height":800,"url":"https:\/\/news.canadamotorjobs.com\/wp-content\/uploads\/2024\/05\/IMG_5959.jpg","type":"image\/jpeg"}],"author":"Benoit Charette","twitter_card":"summary_large_image","twitter_creator":"@canadamotorjobs","twitter_site":"@canadamotorjobs","twitter_misc":{"\u00c9crit par":"Benoit Charette","Estimation du temps de lecture":"5 minutes"},"schema":{"@context":"https:\/\/schema.org","@graph":[{"@type":"Article","@id":"https:\/\/news.canadamotorjobs.com\/fr\/subaru-forester-2025\/#article","isPartOf":{"@id":"https:\/\/news.canadamotorjobs.com\/fr\/subaru-forester-2025\/"},"author":{"name":"Benoit Charette","@id":"https:\/\/news.canadamotorjobs.com\/#\/schema\/person\/51793d1f87d44011d7bcc2ed99269a90"},"headline":"Subaru Forester 2025","datePublished":"2024-05-31T21:27:53+00:00","dateModified":"2024-05-31T21:30:22+00:00","mainEntityOfPage":{"@id":"https:\/\/news.canadamotorjobs.com\/fr\/subaru-forester-2025\/"},"wordCount":937,"publisher":{"@id":"https:\/\/news.canadamotorjobs.com\/#organization"},"image":{"@id":"https:\/\/news.canadamotorjobs.com\/fr\/subaru-forester-2025\/#primaryimage"},"thumbnailUrl":"https:\/\/news.canadamotorjobs.com\/wp-content\/uploads\/2024\/05\/IMG_5959.jpg","articleSection":["Annuel automobile"],"inLanguage":"fr-CA"},{"@type":"WebPage","@id":"https:\/\/news.canadamotorjobs.com\/fr\/subaru-forester-2025\/","url":"https:\/\/news.canadamotorjobs.com\/fr\/subaru-forester-2025\/","name":"Subaru Forester 2025 - CanadaMotorJobs.com","isPartOf":{"@id":"https:\/\/news.canadamotorjobs.com\/#website"},"primaryImageOfPage":{"@id":"https:\/\/news.canadamotorjobs.com\/fr\/subaru-forester-2025\/#primaryimage"},"image":{"@id":"https:\/\/news.canadamotorjobs.com\/fr\/subaru-forester-2025\/#primaryimage"},"thumbnailUrl":"https:\/\/news.canadamotorjobs.com\/wp-content\/uploads\/2024\/05\/IMG_5959.jpg","datePublished":"2024-05-31T21:27:53+00:00","dateModified":"2024-05-31T21:30:22+00:00","description":"Subaru Forester 2025 - Benoit Charette - Annuel automobile - CanadaMotorJobs.com.","breadcrumb":{"@id":"https:\/\/news.canadamotorjobs.com\/fr\/subaru-forester-2025\/#breadcrumb"},"inLanguage":"fr-CA","potentialAction":[{"@type":"ReadAction","target":["https:\/\/news.canadamotorjobs.com\/fr\/subaru-forester-2025\/"]}]},{"@type":"ImageObject","inLanguage":"fr-CA","@id":"https:\/\/news.canadamotorjobs.com\/fr\/subaru-forester-2025\/#primaryimage","url":"https:\/\/news.canadamotorjobs.com\/wp-content\/uploads\/2024\/05\/IMG_5959.jpg","contentUrl":"https:\/\/news.canadamotorjobs.com\/wp-content\/uploads\/2024\/05\/IMG_5959.jpg","width":1200,"height":800},{"@type":"BreadcrumbList","@id":"https:\/\/news.canadamotorjobs.com\/fr\/subaru-forester-2025\/#breadcrumb","itemListElement":[{"@type":"ListItem","position":1,"name":"Home","item":"https:\/\/news.canadamotorjobs.com\/fr\/blog\/"},{"@type":"ListItem","position":2,"name":"Subaru Forester 2025"}]},{"@type":"WebSite","@id":"https:\/\/news.canadamotorjobs.com\/#website","url":"https:\/\/news.canadamotorjobs.com\/","name":"CanadaMotorJobs.com","description":"Automotive Jobs","publisher":{"@id":"https:\/\/news.canadamotorjobs.com\/#organization"},"potentialAction":[{"@type":"SearchAction","target":{"@type":"EntryPoint","urlTemplate":"https:\/\/news.canadamotorjobs.com\/?s={search_term_string}"},"query-input":"required name=search_term_string"}],"inLanguage":"fr-CA"},{"@type":"Organization","@id":"https:\/\/news.canadamotorjobs.com\/#organization","name":"Canada Motor Jobs","url":"https:\/\/news.canadamotorjobs.com\/","logo":{"@type":"ImageObject","inLanguage":"fr-CA","@id":"https:\/\/news.canadamotorjobs.com\/#\/schema\/logo\/image\/","url":"https:\/\/news.canadamotorjobs.com\/wp-content\/uploads\/2022\/10\/logo-canada-motor-jobs-1.png","contentUrl":"https:\/\/news.canadamotorjobs.com\/wp-content\/uploads\/2022\/10\/logo-canada-motor-jobs-1.png","width":800,"height":400,"caption":"Canada Motor Jobs"},"image":{"@id":"https:\/\/news.canadamotorjobs.com\/#\/schema\/logo\/image\/"},"sameAs":["https:\/\/www.facebook.com\/canadamotorjobs\/","https:\/\/x.com\/canadamotorjobs","https:\/\/www.instagram.com\/canadamotorjobs\/","https:\/\/www.linkedin.com\/company\/canadamotorjobs"]},{"@type":"Person","@id":"https:\/\/news.canadamotorjobs.com\/#\/schema\/person\/51793d1f87d44011d7bcc2ed99269a90","name":"Benoit Charette","image":{"@type":"ImageObject","inLanguage":"fr-CA","@id":"https:\/\/news.canadamotorjobs.com\/#\/schema\/person\/image\/","url":"https:\/\/secure.gravatar.com\/avatar\/45f3d2eebcccd909668d7ce7ea7267b6?s=96&d=mm&r=g","contentUrl":"https:\/\/secure.gravatar.com\/avatar\/45f3d2eebcccd909668d7ce7ea7267b6?s=96&d=mm&r=g","caption":"Benoit Charette"},"description":"Benoit Charette \/ Propri\u00e9taire et r\u00e9dacteur en chef Benoit Charette pratique le journalisme automobile depuis bient\u00f4t 30 ans. Il a fait ses classes au c\u00f4t\u00e9 de Daniel H\u00e9raud et au Carnet de route de 1992 \u00e0 2001. Il est fondateur, copropri\u00e9taire et r\u00e9dacteur en chef de L\u2019Annuel de l\u2019automobile, qu\u2019il publie depuis 2001. Il a anim\u00e9 les \u00e9missions RPM et RPM+ sur V et les L\u00e9gendes de la route sur Historia. \u00c0 la radio depuis 1986, il reprend l\u2019antenne cette ann\u00e9e sur les ondes de Cogeco et participe pour la deuxi\u00e8me ann\u00e9e \u00e0 l\u2019\u00e9mission Passion Auto sur RDS en plus de mettre en ligne le site Web officiel de L\u2019Annuel de l\u2019automobile sur annuelauto.ca.","sameAs":["https:\/\/annuelauto.ca\/"],"url":"https:\/\/news.canadamotorjobs.com\/fr\/author\/benoit-charette\/"}]}},"_links":{"self":[{"href":"https:\/\/news.canadamotorjobs.com\/fr\/wp-json\/wp\/v2\/posts\/166060"}],"collection":[{"href":"https:\/\/news.canadamotorjobs.com\/fr\/wp-json\/wp\/v2\/posts"}],"about":[{"href":"https:\/\/news.canadamotorjobs.com\/fr\/wp-json\/wp\/v2\/types\/post"}],"author":[{"embeddable":true,"href":"https:\/\/news.canadamotorjobs.com\/fr\/wp-json\/wp\/v2\/users\/8"}],"replies":[{"embeddable":true,"href":"https:\/\/news.canadamotorjobs.com\/fr\/wp-json\/wp\/v2\/comments?post=166060"}],"version-history":[{"count":2,"href":"https:\/\/news.canadamotorjobs.com\/fr\/wp-json\/wp\/v2\/posts\/166060\/revisions"}],"predecessor-version":[{"id":166064,"href":"https:\/\/news.canadamotorjobs.com\/fr\/wp-json\/wp\/v2\/posts\/166060\/revisions\/166064"}],"wp:featuredmedia":[{"embeddable":true,"href":"https:\/\/news.canadamotorjobs.com\/fr\/wp-json\/wp\/v2\/media\/166062"}],"wp:attachment":[{"href":"https:\/\/news.canadamotorjobs.com\/fr\/wp-json\/wp\/v2\/media?parent=166060"}],"wp:term":[{"taxonomy":"category","embeddable":true,"href":"https:\/\/news.canadamotorjobs.com\/fr\/wp-json\/wp\/v2\/categories?post=166060"},{"taxonomy":"post_tag","embeddable":true,"href":"https:\/\/news.canadamotorjobs.com\/fr\/wp-json\/wp\/v2\/tags?post=166060"}],"curies":[{"name":"wp","href":"https:\/\/api.w.org\/{rel}","templated":true}]}}