{"id":166033,"date":"2024-05-31T09:33:54","date_gmt":"2024-05-31T13:33:54","guid":{"rendered":"https:\/\/news.canadamotorjobs.com\/?p=166033"},"modified":"2024-05-31T09:44:05","modified_gmt":"2024-05-31T13:44:05","slug":"geneve-renonce-a-son-salon-de-lauto","status":"publish","type":"post","link":"https:\/\/news.canadamotorjobs.com\/fr\/geneve-renonce-a-son-salon-de-lauto\/","title":{"rendered":"Gen\u00e8ve renonce \u00e0 son Salon de l\u2019auto"},"content":{"rendered":"<\/p>\n<p>Alors que l\u2019\u00e9dition de relance de f\u00e9vrier 2024 devait permettre de repositionner et de p\u00e9renniser le Salon international de l\u2019automobile de Gen\u00e8ve (GIMS) apr\u00e8s quatre ann\u00e9es d\u2019absence li\u00e9es au COVID-19, le Conseil de la Fondation du Salon international de l\u2019automobile de Gen\u00e8ve fait le constat qu\u2019il existe des incertitudes trop nombreuses li\u00e9es \u00e0 l\u2019industrie automobile et \u00e0 la perte d\u2019attrait des grands salons europ\u00e9ens pour prendre le risque de se projeter plus en avant dans l\u2019avenir. \u00ab <em>Cette d\u00e9cision extr\u00eamement regrettable ne doit pas \u00e9luder tous les efforts et la conviction avec lesquels nous avons tent\u00e9 de renouer avec le succ\u00e8s. Mais force est de constater que le faible int\u00e9r\u00eat des constructeurs pour le Salon de Gen\u00e8ve dans un contexte sectoriel difficile, la comp\u00e9tition des salons de Paris et Munich qui ont la faveur des groupes endog\u00e8nes et les investissements n\u00e9cessaires pour maintenir un salon sonnent le glas d\u2019une prochaine \u00e9dition<\/em>\u00a0\u00bb rel\u00e8ve Alexandre de Senarclens, pr\u00e9sident de la Fondation du Salon international de l\u2019automobile de Gen\u00e8ve.<\/p>\n<h3>Un constat responsable<\/h3>\n<p>\nNe pouvant plus r\u00e9aliser son but statutaire, le Conseil de la Fondation du Salon international de l\u2019automobile de Gen\u00e8ve assume ses responsabilit\u00e9s et demandera formellement \u00e0 l\u2019autorit\u00e9 de surveillance des fondations (ASFIP) l\u2019autorisation de dissoudre la Fondation. Une d\u00e9cision qui fait suite au constat que les conditions de march\u00e9 en Europe ne sont pas r\u00e9unies pour la r\u00e9ussite des prochaines \u00e9ditions. \u00ab\u00a0<em>Sans l\u2019engagement et la conviction des \u00e9quipes op\u00e9rationnelles du GIMS sous la direction de Sandro Mesquita, il n\u2019y aurait eu ni salon \u00e0 Gen\u00e8ve, ni salon \u00e0 Doha. Les \u00e9quipes ont mis toute leur d\u00e9termination pour faire revivre ce Salon apr\u00e8s le COVID,\u00a0<\/em>\u00bb poursuit Alexandre de Senarclens.<\/p>\n<h3>Le GIMS Qatar poursuit sa route<\/h3>\n<p>\n\u00ab\u00a0<em>Pour son prochain Festival consacr\u00e9 \u00e0 l\u2019excellence automobile, et fort d\u2019une premi\u00e8re \u00e9dition r\u00e9ussie, le GIMS Qatar pourra continuer \u00e0 s\u2019appuyer sur le savoir-faire et les comp\u00e9tences reconnues des \u00e9quipes qui ont initi\u00e9s et d\u00e9velopp\u00e9s le concept ainsi que sa mise en \u0153uvre\u00a0<\/em>\u00bb rel\u00e8ve Sandro Mesquita, directeur g\u00e9n\u00e9ral du GIMS. \u00ab\u00a0<em>Une certaine satisfaction de r\u00e9aliser que les salons automobiles gardent leur attrait aupr\u00e8s des marques selon les r\u00e9gions du monde, et que le Salon de Gen\u00e8ve a renforc\u00e9 au Moyen-Orient<\/em>\u00a0\u00bb conclut-il. La prochaine \u00e9dition est pr\u00e9vue \u00e0 Doha en novembre 2025.<\/p>\n<p>\u00a0<\/p>\n<p>Le texte <a rel=\"nofollow\" href=\"https:\/\/annuelauto.ca\/geneve-renonce-a-son-salon-de-lauto\/\">Gen\u00e8ve renonce \u00e0 son Salon de l\u2019auto<\/a> provient de <a rel=\"nofollow\" href=\"https:\/\/annuelauto.ca\">L&#8217;annuel de l&#8217;automobile &#8211; Actualit\u00e9 automobile<\/a><\/p>\n<p><\/p>\n","protected":false},"excerpt":{"rendered":"<p>Alors que l\u2019\u00e9dition de relance de f\u00e9vrier 2024 devait permettre de repositionner et de p\u00e9renniser le Salon international de l\u2019automobile de Gen\u00e8ve (GIMS) apr\u00e8s quatre ann\u00e9es d\u2019absence li\u00e9es au COVID-19, le Conseil de la Fondation du Salon international de l\u2019automobile de Gen\u00e8ve fait le constat qu\u2019il existe des incertitudes trop nombreuses li\u00e9es \u00e0 l\u2019industrie automobile [&hellip;]<\/p>\n","protected":false},"author":8,"featured_media":166035,"comment_status":"close","ping_status":"closed","sticky":false,"template":"","format":"standard","meta":{"_monsterinsights_skip_tracking":false,"_monsterinsights_sitenote_active":false,"_monsterinsights_sitenote_note":"","_monsterinsights_sitenote_category":0,"footnotes":""},"categories":[101],"tags":[],"yoast_head":"<!-- This site is optimized with the Yoast SEO plugin v23.2 - https:\/\/yoast.com\/wordpress\/plugins\/seo\/ -->\n<title>Gen\u00e8ve renonce \u00e0 son Salon de l\u2019auto - CanadaMotorJobs.com<\/title>\n<meta name=\"description\" content=\"Gen\u00e8ve renonce \u00e0 son Salon de l\u2019auto - Benoit Charette - Annuel automobile - CanadaMotorJobs.com.\" \/>\n<meta name=\"robots\" content=\"index, follow, max-snippet:-1, max-image-preview:large, max-video-preview:-1\" \/>\n<meta property=\"og:locale\" content=\"fr_CA\" \/>\n<meta property=\"og:type\" content=\"article\" \/>\n<meta property=\"og:title\" content=\"Gen\u00e8ve renonce \u00e0 son Salon de l\u2019auto - CanadaMotorJobs.com\" \/>\n<meta property=\"og:description\" content=\"Gen\u00e8ve renonce \u00e0 son Salon de l\u2019auto - Benoit Charette - Annuel automobile - CanadaMotorJobs.com.\" \/>\n<meta property=\"og:url\" content=\"https:\/\/news.canadamotorjobs.com\/fr\/geneve-renonce-a-son-salon-de-lauto\/\" \/>\n<meta property=\"og:site_name\" content=\"CanadaMotorJobs.com\" \/>\n<meta property=\"article:publisher\" content=\"https:\/\/www.facebook.com\/canadamotorjobs\/\" \/>\n<meta property=\"article:published_time\" content=\"2024-05-31T13:33:54+00:00\" \/>\n<meta property=\"article:modified_time\" content=\"2024-05-31T13:44:05+00:00\" \/>\n<meta property=\"og:image\" content=\"https:\/\/news.canadamotorjobs.com\/wp-content\/uploads\/2024\/05\/puid_c419a93c-f7d5-40f1-8f5a-7b775261f7a8_389338.jpg\" \/>\n\t<meta property=\"og:image:width\" content=\"1653\" \/>\n\t<meta property=\"og:image:height\" content=\"893\" \/>\n\t<meta property=\"og:image:type\" content=\"image\/jpeg\" \/>\n<meta name=\"author\" content=\"Benoit Charette\" \/>\n<meta name=\"twitter:card\" content=\"summary_large_image\" \/>\n<meta name=\"twitter:creator\" content=\"@canadamotorjobs\" \/>\n<meta name=\"twitter:site\" content=\"@canadamotorjobs\" \/>\n<meta name=\"twitter:label1\" content=\"\u00c9crit par\" \/>\n\t<meta name=\"twitter:data1\" content=\"Benoit Charette\" \/>\n\t<meta name=\"twitter:label2\" content=\"Estimation du temps de lecture\" \/>\n\t<meta name=\"twitter:data2\" content=\"2 minutes\" \/>\n<!-- \/ Yoast SEO plugin. -->","yoast_head_json":{"title":"Gen\u00e8ve renonce \u00e0 son Salon de l\u2019auto - CanadaMotorJobs.com","description":"Gen\u00e8ve renonce \u00e0 son Salon de l\u2019auto - Benoit Charette - Annuel automobile - CanadaMotorJobs.com.","robots":{"index":"index","follow":"follow","max-snippet":"max-snippet:-1","max-image-preview":"max-image-preview:large","max-video-preview":"max-video-preview:-1"},"og_locale":"fr_CA","og_type":"article","og_title":"Gen\u00e8ve renonce \u00e0 son Salon de l\u2019auto - CanadaMotorJobs.com","og_description":"Gen\u00e8ve renonce \u00e0 son Salon de l\u2019auto - Benoit Charette - Annuel automobile - CanadaMotorJobs.com.","og_url":"https:\/\/news.canadamotorjobs.com\/fr\/geneve-renonce-a-son-salon-de-lauto\/","og_site_name":"CanadaMotorJobs.com","article_publisher":"https:\/\/www.facebook.com\/canadamotorjobs\/","article_published_time":"2024-05-31T13:33:54+00:00","article_modified_time":"2024-05-31T13:44:05+00:00","og_image":[{"width":1653,"height":893,"url":"https:\/\/news.canadamotorjobs.com\/wp-content\/uploads\/2024\/05\/puid_c419a93c-f7d5-40f1-8f5a-7b775261f7a8_389338.jpg","type":"image\/jpeg"}],"author":"Benoit Charette","twitter_card":"summary_large_image","twitter_creator":"@canadamotorjobs","twitter_site":"@canadamotorjobs","twitter_misc":{"\u00c9crit par":"Benoit Charette","Estimation du temps de lecture":"2 minutes"},"schema":{"@context":"https:\/\/schema.org","@graph":[{"@type":"Article","@id":"https:\/\/news.canadamotorjobs.com\/fr\/geneve-renonce-a-son-salon-de-lauto\/#article","isPartOf":{"@id":"https:\/\/news.canadamotorjobs.com\/fr\/geneve-renonce-a-son-salon-de-lauto\/"},"author":{"name":"Benoit Charette","@id":"https:\/\/news.canadamotorjobs.com\/#\/schema\/person\/51793d1f87d44011d7bcc2ed99269a90"},"headline":"Gen\u00e8ve renonce \u00e0 son Salon de l\u2019auto","datePublished":"2024-05-31T13:33:54+00:00","dateModified":"2024-05-31T13:44:05+00:00","mainEntityOfPage":{"@id":"https:\/\/news.canadamotorjobs.com\/fr\/geneve-renonce-a-son-salon-de-lauto\/"},"wordCount":454,"publisher":{"@id":"https:\/\/news.canadamotorjobs.com\/#organization"},"image":{"@id":"https:\/\/news.canadamotorjobs.com\/fr\/geneve-renonce-a-son-salon-de-lauto\/#primaryimage"},"thumbnailUrl":"https:\/\/news.canadamotorjobs.com\/wp-content\/uploads\/2024\/05\/puid_c419a93c-f7d5-40f1-8f5a-7b775261f7a8_389338.jpg","articleSection":["Annuel automobile"],"inLanguage":"fr-CA"},{"@type":"WebPage","@id":"https:\/\/news.canadamotorjobs.com\/fr\/geneve-renonce-a-son-salon-de-lauto\/","url":"https:\/\/news.canadamotorjobs.com\/fr\/geneve-renonce-a-son-salon-de-lauto\/","name":"Gen\u00e8ve renonce \u00e0 son Salon de l\u2019auto - CanadaMotorJobs.com","isPartOf":{"@id":"https:\/\/news.canadamotorjobs.com\/#website"},"primaryImageOfPage":{"@id":"https:\/\/news.canadamotorjobs.com\/fr\/geneve-renonce-a-son-salon-de-lauto\/#primaryimage"},"image":{"@id":"https:\/\/news.canadamotorjobs.com\/fr\/geneve-renonce-a-son-salon-de-lauto\/#primaryimage"},"thumbnailUrl":"https:\/\/news.canadamotorjobs.com\/wp-content\/uploads\/2024\/05\/puid_c419a93c-f7d5-40f1-8f5a-7b775261f7a8_389338.jpg","datePublished":"2024-05-31T13:33:54+00:00","dateModified":"2024-05-31T13:44:05+00:00","description":"Gen\u00e8ve renonce \u00e0 son Salon de l\u2019auto - Benoit Charette - Annuel automobile - CanadaMotorJobs.com.","breadcrumb":{"@id":"https:\/\/news.canadamotorjobs.com\/fr\/geneve-renonce-a-son-salon-de-lauto\/#breadcrumb"},"inLanguage":"fr-CA","potentialAction":[{"@type":"ReadAction","target":["https:\/\/news.canadamotorjobs.com\/fr\/geneve-renonce-a-son-salon-de-lauto\/"]}]},{"@type":"ImageObject","inLanguage":"fr-CA","@id":"https:\/\/news.canadamotorjobs.com\/fr\/geneve-renonce-a-son-salon-de-lauto\/#primaryimage","url":"https:\/\/news.canadamotorjobs.com\/wp-content\/uploads\/2024\/05\/puid_c419a93c-f7d5-40f1-8f5a-7b775261f7a8_389338.jpg","contentUrl":"https:\/\/news.canadamotorjobs.com\/wp-content\/uploads\/2024\/05\/puid_c419a93c-f7d5-40f1-8f5a-7b775261f7a8_389338.jpg","width":1653,"height":893},{"@type":"BreadcrumbList","@id":"https:\/\/news.canadamotorjobs.com\/fr\/geneve-renonce-a-son-salon-de-lauto\/#breadcrumb","itemListElement":[{"@type":"ListItem","position":1,"name":"Home","item":"https:\/\/news.canadamotorjobs.com\/fr\/blog\/"},{"@type":"ListItem","position":2,"name":"Gen\u00e8ve renonce \u00e0 son Salon de l\u2019auto"}]},{"@type":"WebSite","@id":"https:\/\/news.canadamotorjobs.com\/#website","url":"https:\/\/news.canadamotorjobs.com\/","name":"CanadaMotorJobs.com","description":"Automotive Jobs","publisher":{"@id":"https:\/\/news.canadamotorjobs.com\/#organization"},"potentialAction":[{"@type":"SearchAction","target":{"@type":"EntryPoint","urlTemplate":"https:\/\/news.canadamotorjobs.com\/?s={search_term_string}"},"query-input":"required name=search_term_string"}],"inLanguage":"fr-CA"},{"@type":"Organization","@id":"https:\/\/news.canadamotorjobs.com\/#organization","name":"Canada Motor Jobs","url":"https:\/\/news.canadamotorjobs.com\/","logo":{"@type":"ImageObject","inLanguage":"fr-CA","@id":"https:\/\/news.canadamotorjobs.com\/#\/schema\/logo\/image\/","url":"https:\/\/news.canadamotorjobs.com\/wp-content\/uploads\/2022\/10\/logo-canada-motor-jobs-1.png","contentUrl":"https:\/\/news.canadamotorjobs.com\/wp-content\/uploads\/2022\/10\/logo-canada-motor-jobs-1.png","width":800,"height":400,"caption":"Canada Motor Jobs"},"image":{"@id":"https:\/\/news.canadamotorjobs.com\/#\/schema\/logo\/image\/"},"sameAs":["https:\/\/www.facebook.com\/canadamotorjobs\/","https:\/\/x.com\/canadamotorjobs","https:\/\/www.instagram.com\/canadamotorjobs\/","https:\/\/www.linkedin.com\/company\/canadamotorjobs"]},{"@type":"Person","@id":"https:\/\/news.canadamotorjobs.com\/#\/schema\/person\/51793d1f87d44011d7bcc2ed99269a90","name":"Benoit Charette","image":{"@type":"ImageObject","inLanguage":"fr-CA","@id":"https:\/\/news.canadamotorjobs.com\/#\/schema\/person\/image\/","url":"https:\/\/secure.gravatar.com\/avatar\/45f3d2eebcccd909668d7ce7ea7267b6?s=96&d=mm&r=g","contentUrl":"https:\/\/secure.gravatar.com\/avatar\/45f3d2eebcccd909668d7ce7ea7267b6?s=96&d=mm&r=g","caption":"Benoit Charette"},"description":"Benoit Charette \/ Propri\u00e9taire et r\u00e9dacteur en chef Benoit Charette pratique le journalisme automobile depuis bient\u00f4t 30 ans. Il a fait ses classes au c\u00f4t\u00e9 de Daniel H\u00e9raud et au Carnet de route de 1992 \u00e0 2001. Il est fondateur, copropri\u00e9taire et r\u00e9dacteur en chef de L\u2019Annuel de l\u2019automobile, qu\u2019il publie depuis 2001. Il a anim\u00e9 les \u00e9missions RPM et RPM+ sur V et les L\u00e9gendes de la route sur Historia. \u00c0 la radio depuis 1986, il reprend l\u2019antenne cette ann\u00e9e sur les ondes de Cogeco et participe pour la deuxi\u00e8me ann\u00e9e \u00e0 l\u2019\u00e9mission Passion Auto sur RDS en plus de mettre en ligne le site Web officiel de L\u2019Annuel de l\u2019automobile sur annuelauto.ca.","sameAs":["https:\/\/annuelauto.ca\/"],"url":"https:\/\/news.canadamotorjobs.com\/fr\/author\/benoit-charette\/"}]}},"_links":{"self":[{"href":"https:\/\/news.canadamotorjobs.com\/fr\/wp-json\/wp\/v2\/posts\/166033"}],"collection":[{"href":"https:\/\/news.canadamotorjobs.com\/fr\/wp-json\/wp\/v2\/posts"}],"about":[{"href":"https:\/\/news.canadamotorjobs.com\/fr\/wp-json\/wp\/v2\/types\/post"}],"author":[{"embeddable":true,"href":"https:\/\/news.canadamotorjobs.com\/fr\/wp-json\/wp\/v2\/users\/8"}],"replies":[{"embeddable":true,"href":"https:\/\/news.canadamotorjobs.com\/fr\/wp-json\/wp\/v2\/comments?post=166033"}],"version-history":[{"count":2,"href":"https:\/\/news.canadamotorjobs.com\/fr\/wp-json\/wp\/v2\/posts\/166033\/revisions"}],"predecessor-version":[{"id":166037,"href":"https:\/\/news.canadamotorjobs.com\/fr\/wp-json\/wp\/v2\/posts\/166033\/revisions\/166037"}],"wp:featuredmedia":[{"embeddable":true,"href":"https:\/\/news.canadamotorjobs.com\/fr\/wp-json\/wp\/v2\/media\/166035"}],"wp:attachment":[{"href":"https:\/\/news.canadamotorjobs.com\/fr\/wp-json\/wp\/v2\/media?parent=166033"}],"wp:term":[{"taxonomy":"category","embeddable":true,"href":"https:\/\/news.canadamotorjobs.com\/fr\/wp-json\/wp\/v2\/categories?post=166033"},{"taxonomy":"post_tag","embeddable":true,"href":"https:\/\/news.canadamotorjobs.com\/fr\/wp-json\/wp\/v2\/tags?post=166033"}],"curies":[{"name":"wp","href":"https:\/\/api.w.org\/{rel}","templated":true}]}}